{"id":72,"count":11,"description":"Les articles de presse et vid\u00e9os abordant la th\u00e9matique du commerce de d\u00e9tail et mentionnant la SWISS RETAIL FEDERATION.","link":"https:\/\/www.swiss-retail.ch\/fr\/category\/swiss-retail-dans-les-medias\/","name":"SWISS RETAIL FEDERATION dans les m\u00e9dias","slug":"swiss-retail-dans-les-medias","taxonomy":"category","parent":0,"meta":[],"yoast_head":"<!-- This site is optimized with the Yoast SEO plugin v18.5.1 - https:\/\/yoast.com\/wordpress\/plugins\/seo\/ -->\n<title>SWISS RETAIL FEDERATION dans les m\u00e9dias Archive -<\/title>\n<meta name=\"robots\" content=\"index, follow, max-snippet:-1, max-image-preview:large, max-video-preview:-1\" \/>\n<link rel=\"canonical\" href=\"https:\/\/www.swiss-retail.ch\/fr\/category\/swiss-retail-dans-les-medias\/\" \/>\n<meta property=\"og:locale\" content=\"fr_FR\" \/>\n<meta property=\"og:type\" content=\"article\" \/>\n<meta property=\"og:title\" content=\"SWISS RETAIL FEDERATION dans les m\u00e9dias Archive -\" \/>\n<meta property=\"og:description\" content=\"Les articles de presse et vid\u00e9os abordant la th\u00e9matique du commerce de d\u00e9tail et mentionnant la SWISS RETAIL FEDERATION.\" \/>\n<meta property=\"og:url\" content=\"https:\/\/www.swiss-retail.ch\/fr\/category\/swiss-retail-dans-les-medias\/\" \/>\n<meta name=\"twitter:card\" content=\"summary_large_image\" \/>\n<script type=\"application\/ld+json\" class=\"yoast-schema-graph\">{\"@context\":\"https:\/\/schema.org\",\"@graph\":[{\"@type\":\"WebSite\",\"@id\":\"https:\/\/www.swiss-retail.ch\/#website\",\"url\":\"https:\/\/www.swiss-retail.ch\/\",\"name\":\"\",\"description\":\"Verband der Mittel- und Grossbetriebe des schweizerischen Detailhandels\",\"potentialAction\":[{\"@type\":\"SearchAction\",\"target\":{\"@type\":\"EntryPoint\",\"urlTemplate\":\"https:\/\/www.swiss-retail.ch\/?s={search_term_string}\"},\"query-input\":\"required name=search_term_string\"}],\"inLanguage\":\"fr-FR\"},{\"@type\":\"CollectionPage\",\"@id\":\"https:\/\/www.swiss-retail.ch\/fr\/category\/swiss-retail-dans-les-medias\/#webpage\",\"url\":\"https:\/\/www.swiss-retail.ch\/fr\/category\/swiss-retail-dans-les-medias\/\",\"name\":\"SWISS RETAIL FEDERATION dans les m\u00e9dias Archive -\",\"isPartOf\":{\"@id\":\"https:\/\/www.swiss-retail.ch\/#website\"},\"breadcrumb\":{\"@id\":\"https:\/\/www.swiss-retail.ch\/fr\/category\/swiss-retail-dans-les-medias\/#breadcrumb\"},\"inLanguage\":\"fr-FR\",\"potentialAction\":[{\"@type\":\"ReadAction\",\"target\":[\"https:\/\/www.swiss-retail.ch\/fr\/category\/swiss-retail-dans-les-medias\/\"]}]},{\"@type\":\"BreadcrumbList\",\"@id\":\"https:\/\/www.swiss-retail.ch\/fr\/category\/swiss-retail-dans-les-medias\/#breadcrumb\",\"itemListElement\":[{\"@type\":\"ListItem\",\"position\":1,\"name\":\"Startseite\",\"item\":\"https:\/\/www.swiss-retail.ch\/fr\/homepage\/\"},{\"@type\":\"ListItem\",\"position\":2,\"name\":\"SWISS RETAIL FEDERATION dans les m\u00e9dias\"}]}]}<\/script>\n<!-- \/ Yoast SEO plugin. -->","yoast_head_json":{"title":"SWISS RETAIL FEDERATION dans les m\u00e9dias Archive -","robots":{"index":"index","follow":"follow","max-snippet":"max-snippet:-1","max-image-preview":"max-image-preview:large","max-video-preview":"max-video-preview:-1"},"canonical":"https:\/\/www.swiss-retail.ch\/fr\/category\/swiss-retail-dans-les-medias\/","og_locale":"fr_FR","og_type":"article","og_title":"SWISS RETAIL FEDERATION dans les m\u00e9dias Archive -","og_description":"Les articles de presse et vid\u00e9os abordant la th\u00e9matique du commerce de d\u00e9tail et mentionnant la SWISS RETAIL FEDERATION.","og_url":"https:\/\/www.swiss-retail.ch\/fr\/category\/swiss-retail-dans-les-medias\/","twitter_card":"summary_large_image","schema":{"@context":"https:\/\/schema.org","@graph":[{"@type":"WebSite","@id":"https:\/\/www.swiss-retail.ch\/#website","url":"https:\/\/www.swiss-retail.ch\/","name":"","description":"Verband der Mittel- und Grossbetriebe des schweizerischen Detailhandels","potentialAction":[{"@type":"SearchAction","target":{"@type":"EntryPoint","urlTemplate":"https:\/\/www.swiss-retail.ch\/?s={search_term_string}"},"query-input":"required name=search_term_string"}],"inLanguage":"fr-FR"},{"@type":"CollectionPage","@id":"https:\/\/www.swiss-retail.ch\/fr\/category\/swiss-retail-dans-les-medias\/#webpage","url":"https:\/\/www.swiss-retail.ch\/fr\/category\/swiss-retail-dans-les-medias\/","name":"SWISS RETAIL FEDERATION dans les m\u00e9dias Archive -","isPartOf":{"@id":"https:\/\/www.swiss-retail.ch\/#website"},"breadcrumb":{"@id":"https:\/\/www.swiss-retail.ch\/fr\/category\/swiss-retail-dans-les-medias\/#breadcrumb"},"inLanguage":"fr-FR","potentialAction":[{"@type":"ReadAction","target":["https:\/\/www.swiss-retail.ch\/fr\/category\/swiss-retail-dans-les-medias\/"]}]},{"@type":"BreadcrumbList","@id":"https:\/\/www.swiss-retail.ch\/fr\/category\/swiss-retail-dans-les-medias\/#breadcrumb","itemListElement":[{"@type":"ListItem","position":1,"name":"Startseite","item":"https:\/\/www.swiss-retail.ch\/fr\/homepage\/"},{"@type":"ListItem","position":2,"name":"SWISS RETAIL FEDERATION dans les m\u00e9dias"}]}]}},"_links":{"self":[{"href":"https:\/\/www.swiss-retail.ch\/fr\/wp-json\/wp\/v2\/categories\/72"}],"collection":[{"href":"https:\/\/www.swiss-retail.ch\/fr\/wp-json\/wp\/v2\/categories"}],"about":[{"href":"https:\/\/www.swiss-retail.ch\/fr\/wp-json\/wp\/v2\/taxonomies\/category"}],"wp:post_type":[{"href":"https:\/\/www.swiss-retail.ch\/fr\/wp-json\/wp\/v2\/posts?categories=72"}],"curies":[{"name":"wp","href":"https:\/\/api.w.org\/{rel}","templated":true}]}}