{"id":10211,"date":"2020-08-25T18:47:04","date_gmt":"2020-08-25T16:47:04","guid":{"rendered":"https:\/\/www.swiss-retail.ch\/?p=10211"},"modified":"2020-08-25T18:47:29","modified_gmt":"2020-08-25T16:47:29","slug":"une-obligation-generalisee-du-masque-aura-des-effets-negatifs-supplementaires-pour-le-commerce-de-detail","status":"publish","type":"post","link":"https:\/\/www.swiss-retail.ch\/fr\/news-fr\/une-obligation-generalisee-du-masque-aura-des-effets-negatifs-supplementaires-pour-le-commerce-de-detail\/","title":{"rendered":"Une obligation g\u00e9n\u00e9ralis\u00e9e du masque aura des effets n\u00e9gatifs suppl\u00e9mentaires pour le commerce de d\u00e9tail"},"content":{"rendered":"<div   class='hr hr-default   avia-builder-el-0  el_before_av_textblock  avia-builder-el-first '><span class='hr-inner ' ><span class='hr-inner-style'><\/span><\/span><\/div>\n<section class=\"av_textblock_section \"  itemscope=\"itemscope\" itemtype=\"https:\/\/schema.org\/BlogPosting\" itemprop=\"blogPost\" ><div class='avia_textblock  '   itemprop=\"text\" ><h2 style=\"text-align: center;\"><strong>Une obligation g\u00e9n\u00e9ralis\u00e9e du masque aura des effets n\u00e9gatifs suppl\u00e9mentaires pour le commerce de d\u00e9tail<\/strong><\/h2>\n<\/div><\/section>\n<div   class='hr hr-default   avia-builder-el-2  el_after_av_textblock  el_before_av_textblock '><span class='hr-inner ' ><span class='hr-inner-style'><\/span><\/span><\/div>\n<section class=\"av_textblock_section \"  itemscope=\"itemscope\" itemtype=\"https:\/\/schema.org\/BlogPosting\" itemprop=\"blogPost\" ><div class='avia_textblock  '   itemprop=\"text\" ><p><strong>Une enqu\u00eate men\u00e9e aupr\u00e8s des membres Swiss Retail Federation sur les chiffres d\u2019affaires, la fr\u00e9quentation et le comportement des clients montre les r\u00e9percussions que la crise du Covid-19 a eues pour le commerce de d\u00e9tail en juin et juillet par rapport \u00e0 l&rsquo;ann\u00e9e pr\u00e9c\u00e9dente. Le secteur de la mode a \u00e9t\u00e9 gravement touch\u00e9, subissant \u00e0 la fois une baisse de fr\u00e9quentation et une forte chute des ventes. Dans tous les segments du commerce de d\u00e9tail, les entreprises attendent des cons\u00e9quences n\u00e9gatives suppl\u00e9mentaire de l&rsquo;introduction d&rsquo;une obligation g\u00e9n\u00e9rale de porter le masque.<\/strong><\/p>\n<p><strong>La phase de rattrapage de la demande diff\u00e9r\u00e9e est termin\u00e9e <\/strong><\/p>\n<p>En mati\u00e8re de chiffre d&rsquo;affaires et de fr\u00e9quentation, les divers segments du commerce de d\u00e9tail brossent un tableau tr\u00e8s contrast\u00e9 de la situation: alors que les entreprises du secteur alimentaire et para-alimentaire ont toutes pu maintenir, voire accro\u00eetre leurs ventes par rapport \u00e0 l&rsquo;ann\u00e9e pr\u00e9c\u00e9dente &#8211; 85 % des personnes interrog\u00e9es dans ce secteur font \u00e9tat, en effet, d\u2019une progression des ventes allant jusqu&rsquo;\u00e0 20 % -, un tiers des entreprises de mode ont subi jusqu\u2019\u00e0 20 % de baisse et environ 17 % jusqu\u2019\u00e0 50 % de baisse par rapport aux m\u00eames mois de l&rsquo;ann\u00e9e pr\u00e9c\u00e9dente. Seul une entreprise sur trois annonce une l\u00e9g\u00e8re augmentation de ses ventes.<\/p>\n<p>On obtient une image similaire en mati\u00e8re de fr\u00e9quentation. Un peu plus de la moiti\u00e9 des entreprises de commerce de d\u00e9tail interrog\u00e9es signalent une stagnation ou un recul du nombre de clients. Les diff\u00e9rences sont importantes selon le segment consid\u00e9r\u00e9. L\u00e0 aussi, le domaine alimentaire et para-alimentaire n&rsquo;est gu\u00e8re touch\u00e9, mais il en va tout autrement du secteur de la mode, o\u00f9 80 % des entreprises enregistrent une baisse de fr\u00e9quentation, plus de 50 % d\u2019entre elles jusqu\u2019\u00e0 50% de baisse par rapport \u00e0 l&rsquo;ann\u00e9e pr\u00e9c\u00e9dente. Seuls 17% gardent le m\u00eame nombre de visiteurs que l&rsquo;an dernier. L&rsquo;espoir que la fin du confinement serait suivie d\u2019un redressement du volume d&rsquo;achat dans le secteur de la mode ne s&rsquo;est pas concr\u00e9tis\u00e9.<\/p>\n<p><strong>Le commerce de d\u00e9tail n&rsquo;est pas un foyer d\u2019infection <\/strong><\/p>\n<p>Depuis mars 2020 d\u00e9j\u00e0, le commerce de d\u00e9tail dispose de plans de protection qui ont fait leurs preuves. Malgr\u00e9 une augmentation du nombre de cas, rien n&rsquo;indique que le commerce de d\u00e9tail en particulier soit une source de contamination pour les clients et le personnel de vente ou un vecteur de propagation du coronavirus. Dans les magasins de d\u00e9tail, les clients bougent. La probabilit\u00e9 que la distance minimale n\u2019y soit pas respect\u00e9e pendant 15 minutes est tr\u00e8s faible. En outre, la plupart des magasins ont laiss\u00e9 au sol les marquages de 2 m\u00e8tres l\u00e0 o\u00f9 il peut y avoir affluence, par exemple aux caisses. Aujourd\u2019hui, les mesures de protection ont des effets n\u00e9gatifs dans le secteur de la mode, soumis d\u00e9j\u00e0 \u00e0 si forte pression. Les clients sollicitent moins souvent des conseils directs, essaient moins souvent les produits, sont tr\u00e8s sensibles aux prix et ont perdu quelque peu le plaisir du shopping.<\/p>\n<p>Swiss Retail s&rsquo;attend \u00e0 ce que l&rsquo;introduction d&rsquo;une obligation g\u00e9n\u00e9rale de porter le masque r\u00e9duise encore le nombre de visiteurs dans tous les segments, incite les clients \u00e0 rester moins longtemps dans les magasins et \u00e0 se tourner de plus en plus vers les achats en ligne. Il est particuli\u00e8rement pr\u00e9occupant de voir ainsi le pouvoir d&rsquo;achat se disperser dans des boutiques en ligne \u00e9trang\u00e8res. Swiss Retail pr\u00e9voit \u00ab\u00a0un effet masque\u00a0\u00bb moins prononc\u00e9 dans le secteur <em>food<\/em>\/<em>near<\/em> <em>food,<\/em> mais une baisse des chiffres d\u2019affaires et de la fr\u00e9quentation de 10 \u00e0 30% dans le secteur non alimentaire. C&rsquo;est aussi ce qu\u2019annoncent les premi\u00e8res r\u00e9actions des entreprises dans les cantons o\u00f9 les masques sont obligatoires. Dans nos pays voisins, ces pertes ont atteint jusqu&rsquo;\u00e0 50 %. Notre association encourage les cantons \u00e0 se demander tr\u00e8s s\u00e9rieusement si l&rsquo;introduction d&rsquo;une obligation g\u00e9n\u00e9rale de porter un masque est l&rsquo;instrument ad\u00e9quat pour r\u00e9duire le nombre de contaminations.<\/p>\n<p>Elle se fera un plaisir de r\u00e9pondre \u00e0 vos questions et de vous fournir toute information de fond \u00e0 l&rsquo;adresse <a href=\"mailto:medien@swiss-retail.ch\">medien@swiss-retail.ch<\/a>.<\/p>\n<\/div><\/section>\n<div class=\"flex_column av_one_third  flex_column_div av-zero-column-padding first  avia-builder-el-4  el_after_av_textblock  el_before_av_one_third  column-top-margin\" style='border-radius:0px; '><\/div>\n<div class=\"flex_column av_one_third  flex_column_div av-zero-column-padding   avia-builder-el-5  el_after_av_one_third  el_before_av_one_third  column-top-margin\" style='border-radius:0px; '><div  class='av-social-sharing-box  avia-builder-el-6  avia-builder-el-no-sibling  '><div class='av-share-box'><h5 class='av-share-link-description av-no-toc '>Eintrag teilen<\/h5><ul class='av-share-box-list noLightbox'><li class='av-share-link av-social-link-facebook' ><a target=\"_blank\" aria-label=\"Partager sur Facebook\" href='https:\/\/www.facebook.com\/sharer.php?u=https:\/\/www.swiss-retail.ch\/fr\/news-fr\/une-obligation-generalisee-du-masque-aura-des-effets-negatifs-supplementaires-pour-le-commerce-de-detail\/&#038;t=Une%20obligation%20g%C3%A9n%C3%A9ralis%C3%A9e%20du%20masque%20aura%20des%20effets%20n%C3%A9gatifs%20suppl%C3%A9mentaires%20pour%20le%20commerce%20de%20d%C3%A9tail' aria-hidden='false' data-av_icon='\ue8f3' data-av_iconfont='entypo-fontello' title='' data-avia-related-tooltip='Partager sur Facebook' rel=\"noopener\"><span class='avia_hidden_link_text'>Partager sur Facebook<\/span><\/a><\/li><li class='av-share-link av-social-link-twitter' ><a target=\"_blank\" aria-label=\"Partager sur Twitter\" href='https:\/\/twitter.com\/share?text=Une%20obligation%20g%C3%A9n%C3%A9ralis%C3%A9e%20du%20masque%20aura%20des%20effets%20n%C3%A9gatifs%20suppl%C3%A9mentaires%20pour%20le%20commerce%20de%20d%C3%A9tail&#038;url=https:\/\/www.swiss-retail.ch\/fr\/?p=10211' aria-hidden='false' data-av_icon='\ue8f1' data-av_iconfont='entypo-fontello' title='' data-avia-related-tooltip='Partager sur Twitter' rel=\"noopener\"><span class='avia_hidden_link_text'>Partager sur Twitter<\/span><\/a><\/li><li class='av-share-link av-social-link-whatsapp' ><a target=\"_blank\" aria-label=\"Share on WhatsApp\" href='https:\/\/api.whatsapp.com\/send?text=https:\/\/www.swiss-retail.ch\/fr\/news-fr\/une-obligation-generalisee-du-masque-aura-des-effets-negatifs-supplementaires-pour-le-commerce-de-detail\/' aria-hidden='false' data-av_icon='\uf232' data-av_iconfont='entypo-fontello' title='' data-avia-related-tooltip='Share on WhatsApp' rel=\"noopener\"><span class='avia_hidden_link_text'>Share on WhatsApp<\/span><\/a><\/li><li class='av-share-link av-social-link-linkedin' ><a target=\"_blank\" aria-label=\"Partager sur LinkedIn\" href='https:\/\/linkedin.com\/shareArticle?mini=true&#038;title=Une%20obligation%20g%C3%A9n%C3%A9ralis%C3%A9e%20du%20masque%20aura%20des%20effets%20n%C3%A9gatifs%20suppl%C3%A9mentaires%20pour%20le%20commerce%20de%20d%C3%A9tail&#038;url=https:\/\/www.swiss-retail.ch\/fr\/news-fr\/une-obligation-generalisee-du-masque-aura-des-effets-negatifs-supplementaires-pour-le-commerce-de-detail\/' aria-hidden='false' data-av_icon='\ue8fc' data-av_iconfont='entypo-fontello' title='' data-avia-related-tooltip='Partager sur LinkedIn' rel=\"noopener\"><span class='avia_hidden_link_text'>Partager sur LinkedIn<\/span><\/a><\/li><li class='av-share-link av-social-link-mail' ><a  aria-label=\"Partager par Mail\" href='mailto:?subject=Une%20obligation%20g%C3%A9n%C3%A9ralis%C3%A9e%20du%20masque%20aura%20des%20effets%20n%C3%A9gatifs%20suppl%C3%A9mentaires%20pour%20le%20commerce%20de%20d%C3%A9tail&#038;body=https:\/\/www.swiss-retail.ch\/fr\/news-fr\/une-obligation-generalisee-du-masque-aura-des-effets-negatifs-supplementaires-pour-le-commerce-de-detail\/' aria-hidden='false' data-av_icon='\ue805' data-av_iconfont='entypo-fontello' title='' data-avia-related-tooltip='Partager par Mail'><span class='avia_hidden_link_text'>Partager par Mail<\/span><\/a><\/li><\/ul><\/div><\/div><\/div><div class=\"flex_column av_one_third  flex_column_div av-zero-column-padding   avia-builder-el-7  el_after_av_one_third  avia-builder-el-last  column-top-margin\" style='border-radius:0px; '><\/div><\/p>\n","protected":false},"excerpt":{"rendered":"","protected":false},"author":19,"featured_media":9977,"comment_status":"closed","ping_status":"closed","sticky":false,"template":"","format":"standard","meta":[],"categories":[64],"tags":[],"yoast_head":"<!-- This site is optimized with the Yoast SEO plugin v18.5.1 - https:\/\/yoast.com\/wordpress\/plugins\/seo\/ -->\n<title>Une obligation g\u00e9n\u00e9ralis\u00e9e du masque aura des effets n\u00e9gatifs suppl\u00e9mentaires pour le commerce de d\u00e9tail -<\/title>\n<meta name=\"robots\" content=\"index, follow, max-snippet:-1, max-image-preview:large, max-video-preview:-1\" \/>\n<link rel=\"canonical\" href=\"https:\/\/www.swiss-retail.ch\/fr\/news-fr\/une-obligation-generalisee-du-masque-aura-des-effets-negatifs-supplementaires-pour-le-commerce-de-detail\/\" \/>\n<meta property=\"og:locale\" content=\"fr_FR\" \/>\n<meta property=\"og:type\" content=\"article\" \/>\n<meta property=\"og:title\" content=\"Une obligation g\u00e9n\u00e9ralis\u00e9e du masque aura des effets n\u00e9gatifs suppl\u00e9mentaires pour le commerce de d\u00e9tail -\" \/>\n<meta property=\"og:url\" content=\"https:\/\/www.swiss-retail.ch\/fr\/news-fr\/une-obligation-generalisee-du-masque-aura-des-effets-negatifs-supplementaires-pour-le-commerce-de-detail\/\" \/>\n<meta property=\"article:published_time\" content=\"2020-08-25T16:47:04+00:00\" \/>\n<meta property=\"article:modified_time\" content=\"2020-08-25T16:47:29+00:00\" \/>\n<meta property=\"og:image\" content=\"https:\/\/www.swiss-retail.ch\/wp-content\/uploads\/2020\/03\/SwissRetail_Logo_Claim_cmyk_website-1.jpg\" \/>\n\t<meta property=\"og:image:width\" content=\"260\" \/>\n\t<meta property=\"og:image:height\" content=\"185\" \/>\n\t<meta property=\"og:image:type\" content=\"image\/jpeg\" \/>\n<meta name=\"twitter:card\" content=\"summary_large_image\" \/>\n<meta name=\"twitter:label1\" content=\"\u00c9crit par\" \/>\n\t<meta name=\"twitter:data1\" content=\"Administrator\" \/>\n\t<meta name=\"twitter:label2\" content=\"Dur\u00e9e de lecture estim\u00e9e\" \/>\n\t<meta name=\"twitter:data2\" content=\"7 minutes\" \/>\n<script type=\"application\/ld+json\" class=\"yoast-schema-graph\">{\"@context\":\"https:\/\/schema.org\",\"@graph\":[{\"@type\":\"WebSite\",\"@id\":\"https:\/\/www.swiss-retail.ch\/#website\",\"url\":\"https:\/\/www.swiss-retail.ch\/\",\"name\":\"\",\"description\":\"Verband der Mittel- und Grossbetriebe des schweizerischen Detailhandels\",\"potentialAction\":[{\"@type\":\"SearchAction\",\"target\":{\"@type\":\"EntryPoint\",\"urlTemplate\":\"https:\/\/www.swiss-retail.ch\/?s={search_term_string}\"},\"query-input\":\"required name=search_term_string\"}],\"inLanguage\":\"fr-FR\"},{\"@type\":\"ImageObject\",\"@id\":\"https:\/\/www.swiss-retail.ch\/fr\/news-fr\/une-obligation-generalisee-du-masque-aura-des-effets-negatifs-supplementaires-pour-le-commerce-de-detail\/#primaryimage\",\"inLanguage\":\"fr-FR\",\"url\":\"https:\/\/www.swiss-retail.ch\/wp-content\/uploads\/2020\/03\/SwissRetail_Logo_Claim_cmyk_website-1.jpg\",\"contentUrl\":\"https:\/\/www.swiss-retail.ch\/wp-content\/uploads\/2020\/03\/SwissRetail_Logo_Claim_cmyk_website-1.jpg\",\"width\":260,\"height\":185},{\"@type\":\"WebPage\",\"@id\":\"https:\/\/www.swiss-retail.ch\/fr\/news-fr\/une-obligation-generalisee-du-masque-aura-des-effets-negatifs-supplementaires-pour-le-commerce-de-detail\/#webpage\",\"url\":\"https:\/\/www.swiss-retail.ch\/fr\/news-fr\/une-obligation-generalisee-du-masque-aura-des-effets-negatifs-supplementaires-pour-le-commerce-de-detail\/\",\"name\":\"Une obligation g\u00e9n\u00e9ralis\u00e9e du masque aura des effets n\u00e9gatifs suppl\u00e9mentaires pour le commerce de d\u00e9tail -\",\"isPartOf\":{\"@id\":\"https:\/\/www.swiss-retail.ch\/#website\"},\"primaryImageOfPage\":{\"@id\":\"https:\/\/www.swiss-retail.ch\/fr\/news-fr\/une-obligation-generalisee-du-masque-aura-des-effets-negatifs-supplementaires-pour-le-commerce-de-detail\/#primaryimage\"},\"datePublished\":\"2020-08-25T16:47:04+00:00\",\"dateModified\":\"2020-08-25T16:47:29+00:00\",\"author\":{\"@id\":\"https:\/\/www.swiss-retail.ch\/#\/schema\/person\/29989425494ba3fa666290a573afb7a1\"},\"breadcrumb\":{\"@id\":\"https:\/\/www.swiss-retail.ch\/fr\/news-fr\/une-obligation-generalisee-du-masque-aura-des-effets-negatifs-supplementaires-pour-le-commerce-de-detail\/#breadcrumb\"},\"inLanguage\":\"fr-FR\",\"potentialAction\":[{\"@type\":\"ReadAction\",\"target\":[\"https:\/\/www.swiss-retail.ch\/fr\/news-fr\/une-obligation-generalisee-du-masque-aura-des-effets-negatifs-supplementaires-pour-le-commerce-de-detail\/\"]}]},{\"@type\":\"BreadcrumbList\",\"@id\":\"https:\/\/www.swiss-retail.ch\/fr\/news-fr\/une-obligation-generalisee-du-masque-aura-des-effets-negatifs-supplementaires-pour-le-commerce-de-detail\/#breadcrumb\",\"itemListElement\":[{\"@type\":\"ListItem\",\"position\":1,\"name\":\"Startseite\",\"item\":\"https:\/\/www.swiss-retail.ch\/fr\/homepage\/\"},{\"@type\":\"ListItem\",\"position\":2,\"name\":\"Une obligation g\u00e9n\u00e9ralis\u00e9e du masque aura des effets n\u00e9gatifs suppl\u00e9mentaires pour le commerce de d\u00e9tail\"}]},{\"@type\":\"Person\",\"@id\":\"https:\/\/www.swiss-retail.ch\/#\/schema\/person\/29989425494ba3fa666290a573afb7a1\",\"name\":\"Administrator\",\"url\":\"https:\/\/www.swiss-retail.ch\/fr\/author\/administrator\/\"}]}<\/script>\n<!-- \/ Yoast SEO plugin. -->","yoast_head_json":{"title":"Une obligation g\u00e9n\u00e9ralis\u00e9e du masque aura des effets n\u00e9gatifs suppl\u00e9mentaires pour le commerce de d\u00e9tail -","robots":{"index":"index","follow":"follow","max-snippet":"max-snippet:-1","max-image-preview":"max-image-preview:large","max-video-preview":"max-video-preview:-1"},"canonical":"https:\/\/www.swiss-retail.ch\/fr\/news-fr\/une-obligation-generalisee-du-masque-aura-des-effets-negatifs-supplementaires-pour-le-commerce-de-detail\/","og_locale":"fr_FR","og_type":"article","og_title":"Une obligation g\u00e9n\u00e9ralis\u00e9e du masque aura des effets n\u00e9gatifs suppl\u00e9mentaires pour le commerce de d\u00e9tail -","og_url":"https:\/\/www.swiss-retail.ch\/fr\/news-fr\/une-obligation-generalisee-du-masque-aura-des-effets-negatifs-supplementaires-pour-le-commerce-de-detail\/","article_published_time":"2020-08-25T16:47:04+00:00","article_modified_time":"2020-08-25T16:47:29+00:00","og_image":[{"width":260,"height":185,"url":"https:\/\/www.swiss-retail.ch\/wp-content\/uploads\/2020\/03\/SwissRetail_Logo_Claim_cmyk_website-1.jpg","type":"image\/jpeg"}],"twitter_card":"summary_large_image","twitter_misc":{"\u00c9crit par":"Administrator","Dur\u00e9e de lecture estim\u00e9e":"7 minutes"},"schema":{"@context":"https:\/\/schema.org","@graph":[{"@type":"WebSite","@id":"https:\/\/www.swiss-retail.ch\/#website","url":"https:\/\/www.swiss-retail.ch\/","name":"","description":"Verband der Mittel- und Grossbetriebe des schweizerischen Detailhandels","potentialAction":[{"@type":"SearchAction","target":{"@type":"EntryPoint","urlTemplate":"https:\/\/www.swiss-retail.ch\/?s={search_term_string}"},"query-input":"required name=search_term_string"}],"inLanguage":"fr-FR"},{"@type":"ImageObject","@id":"https:\/\/www.swiss-retail.ch\/fr\/news-fr\/une-obligation-generalisee-du-masque-aura-des-effets-negatifs-supplementaires-pour-le-commerce-de-detail\/#primaryimage","inLanguage":"fr-FR","url":"https:\/\/www.swiss-retail.ch\/wp-content\/uploads\/2020\/03\/SwissRetail_Logo_Claim_cmyk_website-1.jpg","contentUrl":"https:\/\/www.swiss-retail.ch\/wp-content\/uploads\/2020\/03\/SwissRetail_Logo_Claim_cmyk_website-1.jpg","width":260,"height":185},{"@type":"WebPage","@id":"https:\/\/www.swiss-retail.ch\/fr\/news-fr\/une-obligation-generalisee-du-masque-aura-des-effets-negatifs-supplementaires-pour-le-commerce-de-detail\/#webpage","url":"https:\/\/www.swiss-retail.ch\/fr\/news-fr\/une-obligation-generalisee-du-masque-aura-des-effets-negatifs-supplementaires-pour-le-commerce-de-detail\/","name":"Une obligation g\u00e9n\u00e9ralis\u00e9e du masque aura des effets n\u00e9gatifs suppl\u00e9mentaires pour le commerce de d\u00e9tail -","isPartOf":{"@id":"https:\/\/www.swiss-retail.ch\/#website"},"primaryImageOfPage":{"@id":"https:\/\/www.swiss-retail.ch\/fr\/news-fr\/une-obligation-generalisee-du-masque-aura-des-effets-negatifs-supplementaires-pour-le-commerce-de-detail\/#primaryimage"},"datePublished":"2020-08-25T16:47:04+00:00","dateModified":"2020-08-25T16:47:29+00:00","author":{"@id":"https:\/\/www.swiss-retail.ch\/#\/schema\/person\/29989425494ba3fa666290a573afb7a1"},"breadcrumb":{"@id":"https:\/\/www.swiss-retail.ch\/fr\/news-fr\/une-obligation-generalisee-du-masque-aura-des-effets-negatifs-supplementaires-pour-le-commerce-de-detail\/#breadcrumb"},"inLanguage":"fr-FR","potentialAction":[{"@type":"ReadAction","target":["https:\/\/www.swiss-retail.ch\/fr\/news-fr\/une-obligation-generalisee-du-masque-aura-des-effets-negatifs-supplementaires-pour-le-commerce-de-detail\/"]}]},{"@type":"BreadcrumbList","@id":"https:\/\/www.swiss-retail.ch\/fr\/news-fr\/une-obligation-generalisee-du-masque-aura-des-effets-negatifs-supplementaires-pour-le-commerce-de-detail\/#breadcrumb","itemListElement":[{"@type":"ListItem","position":1,"name":"Startseite","item":"https:\/\/www.swiss-retail.ch\/fr\/homepage\/"},{"@type":"ListItem","position":2,"name":"Une obligation g\u00e9n\u00e9ralis\u00e9e du masque aura des effets n\u00e9gatifs suppl\u00e9mentaires pour le commerce de d\u00e9tail"}]},{"@type":"Person","@id":"https:\/\/www.swiss-retail.ch\/#\/schema\/person\/29989425494ba3fa666290a573afb7a1","name":"Administrator","url":"https:\/\/www.swiss-retail.ch\/fr\/author\/administrator\/"}]}},"_links":{"self":[{"href":"https:\/\/www.swiss-retail.ch\/fr\/wp-json\/wp\/v2\/posts\/10211"}],"collection":[{"href":"https:\/\/www.swiss-retail.ch\/fr\/wp-json\/wp\/v2\/posts"}],"about":[{"href":"https:\/\/www.swiss-retail.ch\/fr\/wp-json\/wp\/v2\/types\/post"}],"author":[{"embeddable":true,"href":"https:\/\/www.swiss-retail.ch\/fr\/wp-json\/wp\/v2\/users\/19"}],"replies":[{"embeddable":true,"href":"https:\/\/www.swiss-retail.ch\/fr\/wp-json\/wp\/v2\/comments?post=10211"}],"version-history":[{"count":2,"href":"https:\/\/www.swiss-retail.ch\/fr\/wp-json\/wp\/v2\/posts\/10211\/revisions"}],"predecessor-version":[{"id":10213,"href":"https:\/\/www.swiss-retail.ch\/fr\/wp-json\/wp\/v2\/posts\/10211\/revisions\/10213"}],"wp:featuredmedia":[{"embeddable":true,"href":"https:\/\/www.swiss-retail.ch\/fr\/wp-json\/wp\/v2\/media\/9977"}],"wp:attachment":[{"href":"https:\/\/www.swiss-retail.ch\/fr\/wp-json\/wp\/v2\/media?parent=10211"}],"wp:term":[{"taxonomy":"category","embeddable":true,"href":"https:\/\/www.swiss-retail.ch\/fr\/wp-json\/wp\/v2\/categories?post=10211"},{"taxonomy":"post_tag","embeddable":true,"href":"https:\/\/www.swiss-retail.ch\/fr\/wp-json\/wp\/v2\/tags?post=10211"}],"curies":[{"name":"wp","href":"https:\/\/api.w.org\/{rel}","templated":true}]}}