{"id":10907,"date":"2020-11-06T08:28:30","date_gmt":"2020-11-06T07:28:30","guid":{"rendered":"https:\/\/www.swiss-retail.ch\/?p=10907"},"modified":"2020-11-06T08:28:30","modified_gmt":"2020-11-06T07:28:30","slug":"le-renforcement-des-mesures-contre-la-pandemie-entraine-une-baisse-notable-du-chiffre-daffaires-et-de-la-frequentation-dans-certains-segments-sensibles","status":"publish","type":"post","link":"https:\/\/www.swiss-retail.ch\/fr\/news-fr\/le-renforcement-des-mesures-contre-la-pandemie-entraine-une-baisse-notable-du-chiffre-daffaires-et-de-la-frequentation-dans-certains-segments-sensibles\/","title":{"rendered":"Le renforcement des mesures contre la pand\u00e9mie entra\u00eene une baisse notable du chiffre d\u2019affaires et de la fr\u00e9quentation dans certains segments sensibles"},"content":{"rendered":"<div   class='hr hr-default   avia-builder-el-0  el_before_av_textblock  avia-builder-el-first '><span class='hr-inner ' ><span class='hr-inner-style'><\/span><\/span><\/div>\n<section class=\"av_textblock_section \"  itemscope=\"itemscope\" itemtype=\"https:\/\/schema.org\/BlogPosting\" itemprop=\"blogPost\" ><div class='avia_textblock  '   itemprop=\"text\" ><h1><span style=\"color: #5dbcd2;\">Le renforcement des mesures contre la pand\u00e9mie entra\u00eene une baisse notable du chiffre d\u2019affaires et de la fr\u00e9quentation dans certains segments sensibles<\/span><\/h1>\n<\/div><\/section>\n<div   class='hr hr-default   avia-builder-el-2  el_after_av_textblock  el_before_av_textblock '><span class='hr-inner ' ><span class='hr-inner-style'><\/span><\/span><\/div>\n<section class=\"av_textblock_section \"  itemscope=\"itemscope\" itemtype=\"https:\/\/schema.org\/BlogPosting\" itemprop=\"blogPost\" ><div class='avia_textblock  '   itemprop=\"text\" ><p><strong>Swiss Retail Federation, la plus grande association suisse du commerce de d\u00e9tail, qui repr\u00e9sente 46 000 employ\u00e9s et 4700 \u00e9tablissements r\u00e9alisant quelque 19 milliards de francs de chiffre d\u2019affaires, a men\u00e9 une enqu\u00eate avec Veledes aupr\u00e8s des entreprises des diff\u00e9rents segments du commerce de d\u00e9tail helv\u00e9tique pour d\u00e9terminer l\u2019\u00e9volution des ventes et de la fr\u00e9quentation de la client\u00e8le au cours des dix jours qui ont suivi le 25 octobre 2020, c&rsquo;est-\u00e0-dire depuis l&rsquo;annonce et l&rsquo;introduction par le Conseil f\u00e9d\u00e9ral de nouvelles mesures destin\u00e9es \u00e0 lutter contre le coronavirus, par rapport aux dix jours pr\u00e9c\u00e9dents. Il en ressort que les divers segments ont \u00e9t\u00e9 touch\u00e9s diff\u00e9remment, mais que la plupart des branches en dehors du secteur alimentaire ont connu une \u00e9volution tr\u00e8s n\u00e9gative. <\/strong><\/p>\n<p>L&rsquo;enqu\u00eate met en \u00e9vidence la diversit\u00e9 des impacts subi par les segments du commerce de d\u00e9tail. L&rsquo;analyse se concentre sur les segments de l&rsquo;alimentation\/des biens de consommation courante, de la mode (v\u00eatements et chaussures) et des grands magasins. Ces segments pr\u00e9sentent une \u00e9volution uniforme et coh\u00e9rente des ventes et des fr\u00e9quences. L&rsquo;annonce et l&rsquo;introduction des mesures des autorit\u00e9s f\u00e9d\u00e9rales visant \u00e0 endiguer la nouvelle vague de l\u2019\u00e9pid\u00e9mie ont d\u00e9j\u00e0 des r\u00e9percussion parfois consid\u00e9rables sur les activit\u00e9s commerciales des d\u00e9taillants individuels. Il est \u00e9vident que la diversit\u00e9 des impacts s\u2019est encore accentu\u00e9e ces derniers jours suite aux mesures cantonales, avec la fermeture partielle des commerces de d\u00e9tail qui ne vivent pas de la vente de biens de consommation courante ou de denr\u00e9es alimentaires.<\/p>\n<p><strong>Progression mod\u00e9r\u00e9e des ventes de denr\u00e9es alimentaires<\/strong><\/p>\n<p>Les ventes des d\u00e9taillants alimentaires apr\u00e8s les mesures d\u2019endiguement restent relativement stables, \u00e0 +3%, par rapport aux 10 jours pr\u00e9c\u00e9dents. On observe n\u00e9anmoins une baisse mod\u00e9r\u00e9e (-1%) de la fr\u00e9quentation de la client\u00e8le. C\u2019est le signe que les clients ont eu tendance \u00e0 faire des achats plus importants afin d\u2019avoir \u00e0 se rendre moins souvent dans les magasins d\u2019alimentation. L&rsquo;\u00e9volution du secteur alimentaire montre ainsi que la population suisse s&rsquo;appr\u00eate \u00e0 rester plus souvent \u00e0 la maison et souhaite faire des r\u00e9serves de nourriture.<\/p>\n<p><strong>Les boutiques de mode et les grands magasins durement frapp\u00e9s<\/strong><br \/>\nContrairement aux d\u00e9taillants alimentaires et aux commerces de biens de consommation courante, le secteur de la mode est fortement impact\u00e9 par les mesures de contention au niveau national et les fermetures cantonales. Ses ventes ont chut\u00e9 de 20 % en moyenne par rapport aux 10 jours pr\u00e9c\u00e9dant l&rsquo;annonce des mesures. Cette situation est d\u00e9sastreuse pour ce segment, compte tenu du niveau d\u00e9j\u00e0 tr\u00e8s faible de ses ventes par rapport \u00e0 l&rsquo;ann\u00e9e pr\u00e9c\u00e9dente. Sur les dix derniers jours, la fr\u00e9quentation des magasins de la mode a chut\u00e9 de pr\u00e8s d&rsquo;un tiers (-27 %). C&rsquo;est le signe \u00e9vident que la population suisse fait actuellement peu d&rsquo;achats en dehors des besoins de base et qu&rsquo;elle \u00e9vite les centres-villes et les espaces de promenade.<\/p>\n<p>Les grands magasins ressentent aussi les effets du durcissement des mesures. Ils subissent une baisse moyenne des ventes de 15 % et un recul de fr\u00e9quentation de pr\u00e8s d&rsquo;un cinqui\u00e8me (18 %) dans les surfaces de vente.<\/p>\n<p>Les r\u00e9sultats de l&rsquo;enqu\u00eate aupr\u00e8s des entreprises recoupent ceux d&rsquo;une enqu\u00eate repr\u00e9sentative aupr\u00e8s de la population r\u00e9alis\u00e9e par Swiss Retail Federation en octobre, d\u2019o\u00f9 il ressortait que plus de la moiti\u00e9 des personnes interrog\u00e9es (54 %) disaient vouloir passer moins de temps au centre-ville ou dans les grands magasins pour les achats de No\u00ebl que les ann\u00e9es pr\u00e9c\u00e9dentes. Suite aux nouvelles mesures prises par le Conseil f\u00e9d\u00e9ral, cet effet commence d\u00e9j\u00e0 \u00e0 se faire sentir au d\u00e9but du mois de novembre et va probablement s&rsquo;intensifier dans les semaines \u00e0 venir.<\/p>\n<\/div><\/section>\n<div   class='hr hr-default   avia-builder-el-4  el_after_av_textblock  el_before_av_textblock '><span class='hr-inner ' ><span class='hr-inner-style'><\/span><\/span><\/div>\n<section class=\"av_textblock_section \"  itemscope=\"itemscope\" itemtype=\"https:\/\/schema.org\/BlogPosting\" itemprop=\"blogPost\" ><div class='avia_textblock  '   itemprop=\"text\" ><p><img loading=\"lazy\" class=\"size-full wp-image-10913 aligncenter\" src=\"https:\/\/www.swiss-retail.ch\/wp-content\/uploads\/2020\/11\/graphik_MM-FR-1.png\" alt=\"\" width=\"608\" height=\"298\" srcset=\"https:\/\/www.swiss-retail.ch\/wp-content\/uploads\/2020\/11\/graphik_MM-FR-1.png 608w, https:\/\/www.swiss-retail.ch\/wp-content\/uploads\/2020\/11\/graphik_MM-FR-1-500x245.png 500w, https:\/\/www.swiss-retail.ch\/wp-content\/uploads\/2020\/11\/graphik_MM-FR-1-300x147.png 300w, https:\/\/www.swiss-retail.ch\/wp-content\/uploads\/2020\/11\/graphik_MM-FR-1-600x294.png 600w\" sizes=\"(max-width: 608px) 100vw, 608px\" \/><\/p>\n<\/div><\/section>\n<div   class='hr hr-default   avia-builder-el-6  el_after_av_textblock  el_before_av_textblock '><span class='hr-inner ' ><span class='hr-inner-style'><\/span><\/span><\/div>\n<section class=\"av_textblock_section \"  itemscope=\"itemscope\" itemtype=\"https:\/\/schema.org\/BlogPosting\" itemprop=\"blogPost\" ><div class='avia_textblock  '   itemprop=\"text\" ><p>Pour toute question compl\u00e9mentaire ou information de fond, Swiss Retail Federation reste bien s\u00fbr \u00e0 votre disposition sous <a href=\"mailto:fachbereich@swiss-retail.ch\">fachbereich@swiss-retail.ch<\/a>.<\/p>\n<\/div><\/section>\n<div   class='hr hr-default   avia-builder-el-8  el_after_av_textblock  el_before_av_social_share '><span class='hr-inner ' ><span class='hr-inner-style'><\/span><\/span><\/div>\n<div  class='av-social-sharing-box  avia-builder-el-9  el_after_av_hr  avia-builder-el-last  '><div class='av-share-box'><h5 class='av-share-link-description av-no-toc '>Eintrag teilen<\/h5><ul class='av-share-box-list noLightbox'><li class='av-share-link av-social-link-facebook' ><a target=\"_blank\" aria-label=\"Partager sur Facebook\" href='https:\/\/www.facebook.com\/sharer.php?u=https:\/\/www.swiss-retail.ch\/fr\/news-fr\/le-renforcement-des-mesures-contre-la-pandemie-entraine-une-baisse-notable-du-chiffre-daffaires-et-de-la-frequentation-dans-certains-segments-sensibles\/&#038;t=Le%20renforcement%20des%20mesures%20contre%20la%20pand%C3%A9mie%20entra%C3%AEne%20une%20baisse%20notable%20du%20chiffre%20d%E2%80%99affaires%20et%20de%20la%20fr%C3%A9quentation%20dans%20certains%20segments%20sensibles' aria-hidden='false' data-av_icon='\ue8f3' data-av_iconfont='entypo-fontello' title='' data-avia-related-tooltip='Partager sur Facebook' rel=\"noopener\"><span class='avia_hidden_link_text'>Partager sur Facebook<\/span><\/a><\/li><li class='av-share-link av-social-link-twitter' ><a target=\"_blank\" aria-label=\"Partager sur Twitter\" href='https:\/\/twitter.com\/share?text=Le%20renforcement%20des%20mesures%20contre%20la%20pand%C3%A9mie%20entra%C3%AEne%20une%20baisse%20notable%20du%20chiffre%20d%E2%80%99affaires%20et%20de%20la%20fr%C3%A9quentation%20dans%20certains%20segments%20sensibles&#038;url=https:\/\/www.swiss-retail.ch\/fr\/?p=10907' aria-hidden='false' data-av_icon='\ue8f1' data-av_iconfont='entypo-fontello' title='' data-avia-related-tooltip='Partager sur Twitter' rel=\"noopener\"><span class='avia_hidden_link_text'>Partager sur Twitter<\/span><\/a><\/li><li class='av-share-link av-social-link-whatsapp' ><a target=\"_blank\" aria-label=\"Share on WhatsApp\" href='https:\/\/api.whatsapp.com\/send?text=https:\/\/www.swiss-retail.ch\/fr\/news-fr\/le-renforcement-des-mesures-contre-la-pandemie-entraine-une-baisse-notable-du-chiffre-daffaires-et-de-la-frequentation-dans-certains-segments-sensibles\/' aria-hidden='false' data-av_icon='\uf232' data-av_iconfont='entypo-fontello' title='' data-avia-related-tooltip='Share on WhatsApp' rel=\"noopener\"><span class='avia_hidden_link_text'>Share on WhatsApp<\/span><\/a><\/li><li class='av-share-link av-social-link-linkedin' ><a target=\"_blank\" aria-label=\"Partager sur LinkedIn\" href='https:\/\/linkedin.com\/shareArticle?mini=true&#038;title=Le%20renforcement%20des%20mesures%20contre%20la%20pand%C3%A9mie%20entra%C3%AEne%20une%20baisse%20notable%20du%20chiffre%20d%E2%80%99affaires%20et%20de%20la%20fr%C3%A9quentation%20dans%20certains%20segments%20sensibles&#038;url=https:\/\/www.swiss-retail.ch\/fr\/news-fr\/le-renforcement-des-mesures-contre-la-pandemie-entraine-une-baisse-notable-du-chiffre-daffaires-et-de-la-frequentation-dans-certains-segments-sensibles\/' aria-hidden='false' data-av_icon='\ue8fc' data-av_iconfont='entypo-fontello' title='' data-avia-related-tooltip='Partager sur LinkedIn' rel=\"noopener\"><span class='avia_hidden_link_text'>Partager sur LinkedIn<\/span><\/a><\/li><li class='av-share-link av-social-link-mail' ><a  aria-label=\"Partager par Mail\" href='mailto:?subject=Le%20renforcement%20des%20mesures%20contre%20la%20pand%C3%A9mie%20entra%C3%AEne%20une%20baisse%20notable%20du%20chiffre%20d%E2%80%99affaires%20et%20de%20la%20fr%C3%A9quentation%20dans%20certains%20segments%20sensibles&#038;body=https:\/\/www.swiss-retail.ch\/fr\/news-fr\/le-renforcement-des-mesures-contre-la-pandemie-entraine-une-baisse-notable-du-chiffre-daffaires-et-de-la-frequentation-dans-certains-segments-sensibles\/' aria-hidden='false' data-av_icon='\ue805' data-av_iconfont='entypo-fontello' title='' data-avia-related-tooltip='Partager par Mail'><span class='avia_hidden_link_text'>Partager par Mail<\/span><\/a><\/li><\/ul><\/div><\/div>\n","protected":false},"excerpt":{"rendered":"","protected":false},"author":19,"featured_media":10910,"comment_status":"closed","ping_status":"closed","sticky":false,"template":"","format":"standard","meta":[],"categories":[69,64],"tags":[],"yoast_head":"<!-- This site is optimized with the Yoast SEO plugin v18.5.1 - https:\/\/yoast.com\/wordpress\/plugins\/seo\/ -->\n<title>Le renforcement des mesures contre la pand\u00e9mie entra\u00eene une baisse notable du chiffre d\u2019affaires et de la fr\u00e9quentation dans certains segments sensibles -<\/title>\n<meta name=\"robots\" content=\"index, follow, max-snippet:-1, max-image-preview:large, max-video-preview:-1\" \/>\n<link rel=\"canonical\" href=\"https:\/\/www.swiss-retail.ch\/fr\/news-fr\/le-renforcement-des-mesures-contre-la-pandemie-entraine-une-baisse-notable-du-chiffre-daffaires-et-de-la-frequentation-dans-certains-segments-sensibles\/\" \/>\n<meta property=\"og:locale\" content=\"fr_FR\" \/>\n<meta property=\"og:type\" content=\"article\" \/>\n<meta property=\"og:title\" content=\"Le renforcement des mesures contre la pand\u00e9mie entra\u00eene une baisse notable du chiffre d\u2019affaires et de la fr\u00e9quentation dans certains segments sensibles -\" \/>\n<meta property=\"og:url\" content=\"https:\/\/www.swiss-retail.ch\/fr\/news-fr\/le-renforcement-des-mesures-contre-la-pandemie-entraine-une-baisse-notable-du-chiffre-daffaires-et-de-la-frequentation-dans-certains-segments-sensibles\/\" \/>\n<meta property=\"article:published_time\" content=\"2020-11-06T07:28:30+00:00\" \/>\n<meta property=\"og:image\" content=\"https:\/\/www.swiss-retail.ch\/wp-content\/uploads\/2020\/11\/2020-10-30-13_23_43-Window-1.png\" \/>\n\t<meta property=\"og:image:width\" content=\"283\" \/>\n\t<meta property=\"og:image:height\" content=\"188\" \/>\n\t<meta property=\"og:image:type\" content=\"image\/png\" \/>\n<meta name=\"twitter:card\" content=\"summary_large_image\" \/>\n<meta name=\"twitter:label1\" content=\"\u00c9crit par\" \/>\n\t<meta name=\"twitter:data1\" content=\"Administrator\" \/>\n\t<meta name=\"twitter:label2\" content=\"Dur\u00e9e de lecture estim\u00e9e\" \/>\n\t<meta name=\"twitter:data2\" content=\"6 minutes\" \/>\n<script type=\"application\/ld+json\" class=\"yoast-schema-graph\">{\"@context\":\"https:\/\/schema.org\",\"@graph\":[{\"@type\":\"WebSite\",\"@id\":\"https:\/\/www.swiss-retail.ch\/#website\",\"url\":\"https:\/\/www.swiss-retail.ch\/\",\"name\":\"\",\"description\":\"Verband der Mittel- und Grossbetriebe des schweizerischen Detailhandels\",\"potentialAction\":[{\"@type\":\"SearchAction\",\"target\":{\"@type\":\"EntryPoint\",\"urlTemplate\":\"https:\/\/www.swiss-retail.ch\/?s={search_term_string}\"},\"query-input\":\"required name=search_term_string\"}],\"inLanguage\":\"fr-FR\"},{\"@type\":\"ImageObject\",\"@id\":\"https:\/\/www.swiss-retail.ch\/fr\/news-fr\/le-renforcement-des-mesures-contre-la-pandemie-entraine-une-baisse-notable-du-chiffre-daffaires-et-de-la-frequentation-dans-certains-segments-sensibles\/#primaryimage\",\"inLanguage\":\"fr-FR\",\"url\":\"https:\/\/www.swiss-retail.ch\/wp-content\/uploads\/2020\/11\/2020-10-30-13_23_43-Window-1.png\",\"contentUrl\":\"https:\/\/www.swiss-retail.ch\/wp-content\/uploads\/2020\/11\/2020-10-30-13_23_43-Window-1.png\",\"width\":283,\"height\":188},{\"@type\":\"WebPage\",\"@id\":\"https:\/\/www.swiss-retail.ch\/fr\/news-fr\/le-renforcement-des-mesures-contre-la-pandemie-entraine-une-baisse-notable-du-chiffre-daffaires-et-de-la-frequentation-dans-certains-segments-sensibles\/#webpage\",\"url\":\"https:\/\/www.swiss-retail.ch\/fr\/news-fr\/le-renforcement-des-mesures-contre-la-pandemie-entraine-une-baisse-notable-du-chiffre-daffaires-et-de-la-frequentation-dans-certains-segments-sensibles\/\",\"name\":\"Le renforcement des mesures contre la pand\u00e9mie entra\u00eene une baisse notable du chiffre d\u2019affaires et de la fr\u00e9quentation dans certains segments sensibles -\",\"isPartOf\":{\"@id\":\"https:\/\/www.swiss-retail.ch\/#website\"},\"primaryImageOfPage\":{\"@id\":\"https:\/\/www.swiss-retail.ch\/fr\/news-fr\/le-renforcement-des-mesures-contre-la-pandemie-entraine-une-baisse-notable-du-chiffre-daffaires-et-de-la-frequentation-dans-certains-segments-sensibles\/#primaryimage\"},\"datePublished\":\"2020-11-06T07:28:30+00:00\",\"dateModified\":\"2020-11-06T07:28:30+00:00\",\"author\":{\"@id\":\"https:\/\/www.swiss-retail.ch\/#\/schema\/person\/29989425494ba3fa666290a573afb7a1\"},\"breadcrumb\":{\"@id\":\"https:\/\/www.swiss-retail.ch\/fr\/news-fr\/le-renforcement-des-mesures-contre-la-pandemie-entraine-une-baisse-notable-du-chiffre-daffaires-et-de-la-frequentation-dans-certains-segments-sensibles\/#breadcrumb\"},\"inLanguage\":\"fr-FR\",\"potentialAction\":[{\"@type\":\"ReadAction\",\"target\":[\"https:\/\/www.swiss-retail.ch\/fr\/news-fr\/le-renforcement-des-mesures-contre-la-pandemie-entraine-une-baisse-notable-du-chiffre-daffaires-et-de-la-frequentation-dans-certains-segments-sensibles\/\"]}]},{\"@type\":\"BreadcrumbList\",\"@id\":\"https:\/\/www.swiss-retail.ch\/fr\/news-fr\/le-renforcement-des-mesures-contre-la-pandemie-entraine-une-baisse-notable-du-chiffre-daffaires-et-de-la-frequentation-dans-certains-segments-sensibles\/#breadcrumb\",\"itemListElement\":[{\"@type\":\"ListItem\",\"position\":1,\"name\":\"Startseite\",\"item\":\"https:\/\/www.swiss-retail.ch\/fr\/homepage\/\"},{\"@type\":\"ListItem\",\"position\":2,\"name\":\"Le renforcement des mesures contre la pand\u00e9mie entra\u00eene une baisse notable du chiffre d\u2019affaires et de la fr\u00e9quentation dans certains segments sensibles\"}]},{\"@type\":\"Person\",\"@id\":\"https:\/\/www.swiss-retail.ch\/#\/schema\/person\/29989425494ba3fa666290a573afb7a1\",\"name\":\"Administrator\",\"url\":\"https:\/\/www.swiss-retail.ch\/fr\/author\/administrator\/\"}]}<\/script>\n<!-- \/ Yoast SEO plugin. -->","yoast_head_json":{"title":"Le renforcement des mesures contre la pand\u00e9mie entra\u00eene une baisse notable du chiffre d\u2019affaires et de la fr\u00e9quentation dans certains segments sensibles -","robots":{"index":"index","follow":"follow","max-snippet":"max-snippet:-1","max-image-preview":"max-image-preview:large","max-video-preview":"max-video-preview:-1"},"canonical":"https:\/\/www.swiss-retail.ch\/fr\/news-fr\/le-renforcement-des-mesures-contre-la-pandemie-entraine-une-baisse-notable-du-chiffre-daffaires-et-de-la-frequentation-dans-certains-segments-sensibles\/","og_locale":"fr_FR","og_type":"article","og_title":"Le renforcement des mesures contre la pand\u00e9mie entra\u00eene une baisse notable du chiffre d\u2019affaires et de la fr\u00e9quentation dans certains segments sensibles -","og_url":"https:\/\/www.swiss-retail.ch\/fr\/news-fr\/le-renforcement-des-mesures-contre-la-pandemie-entraine-une-baisse-notable-du-chiffre-daffaires-et-de-la-frequentation-dans-certains-segments-sensibles\/","article_published_time":"2020-11-06T07:28:30+00:00","og_image":[{"width":283,"height":188,"url":"https:\/\/www.swiss-retail.ch\/wp-content\/uploads\/2020\/11\/2020-10-30-13_23_43-Window-1.png","type":"image\/png"}],"twitter_card":"summary_large_image","twitter_misc":{"\u00c9crit par":"Administrator","Dur\u00e9e de lecture estim\u00e9e":"6 minutes"},"schema":{"@context":"https:\/\/schema.org","@graph":[{"@type":"WebSite","@id":"https:\/\/www.swiss-retail.ch\/#website","url":"https:\/\/www.swiss-retail.ch\/","name":"","description":"Verband der Mittel- und Grossbetriebe des schweizerischen Detailhandels","potentialAction":[{"@type":"SearchAction","target":{"@type":"EntryPoint","urlTemplate":"https:\/\/www.swiss-retail.ch\/?s={search_term_string}"},"query-input":"required name=search_term_string"}],"inLanguage":"fr-FR"},{"@type":"ImageObject","@id":"https:\/\/www.swiss-retail.ch\/fr\/news-fr\/le-renforcement-des-mesures-contre-la-pandemie-entraine-une-baisse-notable-du-chiffre-daffaires-et-de-la-frequentation-dans-certains-segments-sensibles\/#primaryimage","inLanguage":"fr-FR","url":"https:\/\/www.swiss-retail.ch\/wp-content\/uploads\/2020\/11\/2020-10-30-13_23_43-Window-1.png","contentUrl":"https:\/\/www.swiss-retail.ch\/wp-content\/uploads\/2020\/11\/2020-10-30-13_23_43-Window-1.png","width":283,"height":188},{"@type":"WebPage","@id":"https:\/\/www.swiss-retail.ch\/fr\/news-fr\/le-renforcement-des-mesures-contre-la-pandemie-entraine-une-baisse-notable-du-chiffre-daffaires-et-de-la-frequentation-dans-certains-segments-sensibles\/#webpage","url":"https:\/\/www.swiss-retail.ch\/fr\/news-fr\/le-renforcement-des-mesures-contre-la-pandemie-entraine-une-baisse-notable-du-chiffre-daffaires-et-de-la-frequentation-dans-certains-segments-sensibles\/","name":"Le renforcement des mesures contre la pand\u00e9mie entra\u00eene une baisse notable du chiffre d\u2019affaires et de la fr\u00e9quentation dans certains segments sensibles -","isPartOf":{"@id":"https:\/\/www.swiss-retail.ch\/#website"},"primaryImageOfPage":{"@id":"https:\/\/www.swiss-retail.ch\/fr\/news-fr\/le-renforcement-des-mesures-contre-la-pandemie-entraine-une-baisse-notable-du-chiffre-daffaires-et-de-la-frequentation-dans-certains-segments-sensibles\/#primaryimage"},"datePublished":"2020-11-06T07:28:30+00:00","dateModified":"2020-11-06T07:28:30+00:00","author":{"@id":"https:\/\/www.swiss-retail.ch\/#\/schema\/person\/29989425494ba3fa666290a573afb7a1"},"breadcrumb":{"@id":"https:\/\/www.swiss-retail.ch\/fr\/news-fr\/le-renforcement-des-mesures-contre-la-pandemie-entraine-une-baisse-notable-du-chiffre-daffaires-et-de-la-frequentation-dans-certains-segments-sensibles\/#breadcrumb"},"inLanguage":"fr-FR","potentialAction":[{"@type":"ReadAction","target":["https:\/\/www.swiss-retail.ch\/fr\/news-fr\/le-renforcement-des-mesures-contre-la-pandemie-entraine-une-baisse-notable-du-chiffre-daffaires-et-de-la-frequentation-dans-certains-segments-sensibles\/"]}]},{"@type":"BreadcrumbList","@id":"https:\/\/www.swiss-retail.ch\/fr\/news-fr\/le-renforcement-des-mesures-contre-la-pandemie-entraine-une-baisse-notable-du-chiffre-daffaires-et-de-la-frequentation-dans-certains-segments-sensibles\/#breadcrumb","itemListElement":[{"@type":"ListItem","position":1,"name":"Startseite","item":"https:\/\/www.swiss-retail.ch\/fr\/homepage\/"},{"@type":"ListItem","position":2,"name":"Le renforcement des mesures contre la pand\u00e9mie entra\u00eene une baisse notable du chiffre d\u2019affaires et de la fr\u00e9quentation dans certains segments sensibles"}]},{"@type":"Person","@id":"https:\/\/www.swiss-retail.ch\/#\/schema\/person\/29989425494ba3fa666290a573afb7a1","name":"Administrator","url":"https:\/\/www.swiss-retail.ch\/fr\/author\/administrator\/"}]}},"_links":{"self":[{"href":"https:\/\/www.swiss-retail.ch\/fr\/wp-json\/wp\/v2\/posts\/10907"}],"collection":[{"href":"https:\/\/www.swiss-retail.ch\/fr\/wp-json\/wp\/v2\/posts"}],"about":[{"href":"https:\/\/www.swiss-retail.ch\/fr\/wp-json\/wp\/v2\/types\/post"}],"author":[{"embeddable":true,"href":"https:\/\/www.swiss-retail.ch\/fr\/wp-json\/wp\/v2\/users\/19"}],"replies":[{"embeddable":true,"href":"https:\/\/www.swiss-retail.ch\/fr\/wp-json\/wp\/v2\/comments?post=10907"}],"version-history":[{"count":3,"href":"https:\/\/www.swiss-retail.ch\/fr\/wp-json\/wp\/v2\/posts\/10907\/revisions"}],"predecessor-version":[{"id":10916,"href":"https:\/\/www.swiss-retail.ch\/fr\/wp-json\/wp\/v2\/posts\/10907\/revisions\/10916"}],"wp:featuredmedia":[{"embeddable":true,"href":"https:\/\/www.swiss-retail.ch\/fr\/wp-json\/wp\/v2\/media\/10910"}],"wp:attachment":[{"href":"https:\/\/www.swiss-retail.ch\/fr\/wp-json\/wp\/v2\/media?parent=10907"}],"wp:term":[{"taxonomy":"category","embeddable":true,"href":"https:\/\/www.swiss-retail.ch\/fr\/wp-json\/wp\/v2\/categories?post=10907"},{"taxonomy":"post_tag","embeddable":true,"href":"https:\/\/www.swiss-retail.ch\/fr\/wp-json\/wp\/v2\/tags?post=10907"}],"curies":[{"name":"wp","href":"https:\/\/api.w.org\/{rel}","templated":true}]}}