{"id":11301,"date":"2021-01-25T08:50:50","date_gmt":"2021-01-25T07:50:50","guid":{"rendered":"https:\/\/www.swiss-retail.ch\/?p=11301"},"modified":"2021-01-25T08:50:50","modified_gmt":"2021-01-25T07:50:50","slug":"swiss-retail-federation-grandit-encore-en-nombre-et-en-force","status":"publish","type":"post","link":"https:\/\/www.swiss-retail.ch\/fr\/news-fr\/swiss-retail-federation-grandit-encore-en-nombre-et-en-force\/","title":{"rendered":"Swiss Retail Federation grandit encore en nombre et en force"},"content":{"rendered":"<section class=\"av_textblock_section \"  itemscope=\"itemscope\" itemtype=\"https:\/\/schema.org\/BlogPosting\" itemprop=\"blogPost\" ><div class='avia_textblock  '   itemprop=\"text\" ><h1><span style=\"color: #5dbcd2;\">Swiss Retail Federation grandit encore en nombre et en force <\/span><\/h1>\n<\/div><\/section>\n<div   class='hr hr-default   avia-builder-el-1  el_after_av_textblock  el_before_av_textblock '><span class='hr-inner ' ><span class='hr-inner-style'><\/span><\/span><\/div>\n<section class=\"av_textblock_section \"  itemscope=\"itemscope\" itemtype=\"https:\/\/schema.org\/BlogPosting\" itemprop=\"blogPost\" ><div class='avia_textblock  '   itemprop=\"text\" ><p><strong>L&rsquo;Association Schweizer Buchh\u00e4ndler- und Verleger-Verband (SBCV) et VELEDES rejoignent Swiss Retail Federation en tant que membres associ\u00e9s. Swiss Retail &#8211; la plus grande organisation du commerce de d\u00e9tail en Suisse &#8211; repr\u00e9sente aujourd&rsquo;hui environ 5500 magasins et 48 000 emplois et voit se fortifier encore sa position de principal porte-parole du commerce de d\u00e9tail suisse. <\/strong><\/p>\n<p>Swiss Retail a le plaisir d&rsquo;annoncer la venue dans ses rangs, avec effet r\u00e9troactif au 1<sup>er<\/sup> janvier 2021, de la Schweizer Buchh\u00e4ndler- und Verleger-Verband SBCV (Association suisse des libraires et \u00e9diteurs) et de l\u2019association VELEDES. Le commerce de d\u00e9tail suisse s\u2019en trouve du m\u00eame coup plus uni et plus influent.<\/p>\n<p>Fond\u00e9e en 1849, l\u2019association Schweizer Buchh\u00e4ndler- und Verleger-Verband (SBVV) est la plus grande et la plus ancienne association de l&rsquo;industrie du livre dans notre pays. Elle repr\u00e9sente les int\u00e9r\u00eats culturels et \u00e9conomiques de cette branche en Suisse al\u00e9manique aupr\u00e8s des autorit\u00e9s et du monde politique. La SBVV comprend les trois secteurs sp\u00e9cialis\u00e9s de l&rsquo;\u00e9dition, de la vente de livres et du commerce interm\u00e9diaire \u00a0de livres, ainsi que des organisations li\u00e9es \u00e0 la vente de livres telles que les repr\u00e9sentants des \u00e9diteurs et les agences litt\u00e9raires de Suisse al\u00e9manique. La SBVV compte environ 450 membres (plus 150 succursales), qui ont r\u00e9alis\u00e9 environ CHF 600 millions de ventes en 2020, dont environ 360 millions dans les activit\u00e9s stationnaires et en ligne. Son pr\u00e9sident Thomas Kramer d\u00e9clare : \u00ab\u00a0<em>Le travail de Swiss Retail nous a paru positif, en particulier pendant la crise du Covid 19. Nous sommes ravis de faire d\u00e9sormais partie de cette importante association<\/em>\u00ab\u00a0.<\/p>\n<p>Fond\u00e9e en 1900, VELEDES est l&rsquo;association des d\u00e9taillants alimentaires ind\u00e9pendants et repr\u00e9sente les int\u00e9r\u00eats de pr\u00e8s de 700 points de vente, qui r\u00e9alisent un chiffre d&rsquo;affaires d&rsquo;environ 1,3 milliard de francs et occupent quelque 2 000 personnes. En plus du soutien pressionnel qu\u2019elle assure \u00e0 ses membres, VELEDES met un accent particulier sur la formation des apprentis. L&rsquo;association est responsable de la formation professionnelle de plus de 4000 apprentis dans le cadre de cours interentreprises. Marcel Mautz, pr\u00e9sident ex\u00e9cutif de VELEDES, appr\u00e9cie la coop\u00e9ration et le soutien de longue date de Swiss Retail et ses bons contacts avec la Berne f\u00e9d\u00e9rale. <em>\u00ab\u00a0Je suis convaincu, d\u00e9clare-t-il, que notre adh\u00e9sion renforcera la position politique du commerce de d\u00e9tail\u00a0\u00bb.<\/em><\/p>\n<p>L\u2019arriv\u00e9e de ces deux membres ajoute de la substance \u00e0 Swiss Retail Federation en tant que principale organisation du commerce de d\u00e9tail de notre pays et renforce sa position unique dans le paysage suisse du commerce de d\u00e9tail. Ce large soutien lui permettra de continuer \u00e0 d\u00e9fendre avec plus de vigueur que jamais, face aux d\u00e9fis futurs, les int\u00e9r\u00eats du commerce de d\u00e9tail suisse et des emplois correspondants aupr\u00e8s du monde politique et des autorit\u00e9s.<\/p>\n<p>La conseill\u00e8re nationale Christa Markwalder, pr\u00e9sidente de Swiss Retail Federation, souhaite une tr\u00e8s cordiale bienvenue \u00e0 l&rsquo;Association suisse des libraires et \u00e9diteurs SBCV et \u00e0 VELEDES, les deux nouveaux membres associ\u00e9s de Swiss Retail.<\/p>\n<p>Pour toute question compl\u00e9mentaire ou information de fond, Swiss Retail Federation reste bien s\u00fbr \u00e0 votre disposition sous\u00a0<a href=\"mailto:medien@swiss-retail.ch\">medien@swiss-retail.ch<\/a>.<\/p>\n<\/div><\/section>\n<div   class='hr hr-default   avia-builder-el-3  el_after_av_textblock  el_before_av_social_share '><span class='hr-inner ' ><span class='hr-inner-style'><\/span><\/span><\/div>\n<div  class='av-social-sharing-box  avia-builder-el-4  el_after_av_hr  avia-builder-el-last  '><div class='av-share-box'><h5 class='av-share-link-description av-no-toc '>Eintrag teilen<\/h5><ul class='av-share-box-list noLightbox'><li class='av-share-link av-social-link-facebook' ><a target=\"_blank\" aria-label=\"Partager sur Facebook\" href='https:\/\/www.facebook.com\/sharer.php?u=https:\/\/www.swiss-retail.ch\/fr\/news-fr\/swiss-retail-federation-grandit-encore-en-nombre-et-en-force\/&#038;t=Swiss%20Retail%20Federation%20grandit%20encore%20en%20nombre%20et%20en%20force' aria-hidden='false' data-av_icon='\ue8f3' data-av_iconfont='entypo-fontello' title='' data-avia-related-tooltip='Partager sur Facebook' rel=\"noopener\"><span class='avia_hidden_link_text'>Partager sur Facebook<\/span><\/a><\/li><li class='av-share-link av-social-link-twitter' ><a target=\"_blank\" aria-label=\"Partager sur Twitter\" href='https:\/\/twitter.com\/share?text=Swiss%20Retail%20Federation%20grandit%20encore%20en%20nombre%20et%20en%20force&#038;url=https:\/\/www.swiss-retail.ch\/fr\/?p=11301' aria-hidden='false' data-av_icon='\ue8f1' data-av_iconfont='entypo-fontello' title='' data-avia-related-tooltip='Partager sur Twitter' rel=\"noopener\"><span class='avia_hidden_link_text'>Partager sur Twitter<\/span><\/a><\/li><li class='av-share-link av-social-link-whatsapp' ><a target=\"_blank\" aria-label=\"Share on WhatsApp\" href='https:\/\/api.whatsapp.com\/send?text=https:\/\/www.swiss-retail.ch\/fr\/news-fr\/swiss-retail-federation-grandit-encore-en-nombre-et-en-force\/' aria-hidden='false' data-av_icon='\uf232' data-av_iconfont='entypo-fontello' title='' data-avia-related-tooltip='Share on WhatsApp' rel=\"noopener\"><span class='avia_hidden_link_text'>Share on WhatsApp<\/span><\/a><\/li><li class='av-share-link av-social-link-linkedin' ><a target=\"_blank\" aria-label=\"Partager sur LinkedIn\" href='https:\/\/linkedin.com\/shareArticle?mini=true&#038;title=Swiss%20Retail%20Federation%20grandit%20encore%20en%20nombre%20et%20en%20force&#038;url=https:\/\/www.swiss-retail.ch\/fr\/news-fr\/swiss-retail-federation-grandit-encore-en-nombre-et-en-force\/' aria-hidden='false' data-av_icon='\ue8fc' data-av_iconfont='entypo-fontello' title='' data-avia-related-tooltip='Partager sur LinkedIn' rel=\"noopener\"><span class='avia_hidden_link_text'>Partager sur LinkedIn<\/span><\/a><\/li><li class='av-share-link av-social-link-mail' ><a  aria-label=\"Partager par Mail\" href='mailto:?subject=Swiss%20Retail%20Federation%20grandit%20encore%20en%20nombre%20et%20en%20force&#038;body=https:\/\/www.swiss-retail.ch\/fr\/news-fr\/swiss-retail-federation-grandit-encore-en-nombre-et-en-force\/' aria-hidden='false' data-av_icon='\ue805' data-av_iconfont='entypo-fontello' title='' data-avia-related-tooltip='Partager par Mail'><span class='avia_hidden_link_text'>Partager par Mail<\/span><\/a><\/li><\/ul><\/div><\/div>\n","protected":false},"excerpt":{"rendered":"","protected":false},"author":19,"featured_media":10760,"comment_status":"closed","ping_status":"closed","sticky":false,"template":"","format":"standard","meta":[],"categories":[64],"tags":[],"yoast_head":"<!-- This site is optimized with the Yoast SEO plugin v18.5.1 - https:\/\/yoast.com\/wordpress\/plugins\/seo\/ -->\n<title>Swiss Retail Federation grandit encore en nombre et en force -<\/title>\n<meta name=\"robots\" content=\"index, follow, max-snippet:-1, max-image-preview:large, max-video-preview:-1\" \/>\n<link rel=\"canonical\" href=\"https:\/\/www.swiss-retail.ch\/fr\/news-fr\/swiss-retail-federation-grandit-encore-en-nombre-et-en-force\/\" \/>\n<meta property=\"og:locale\" content=\"fr_FR\" \/>\n<meta property=\"og:type\" content=\"article\" \/>\n<meta property=\"og:title\" content=\"Swiss Retail Federation grandit encore en nombre et en force -\" \/>\n<meta property=\"og:url\" content=\"https:\/\/www.swiss-retail.ch\/fr\/news-fr\/swiss-retail-federation-grandit-encore-en-nombre-et-en-force\/\" \/>\n<meta property=\"article:published_time\" content=\"2021-01-25T07:50:50+00:00\" \/>\n<meta property=\"og:image\" content=\"https:\/\/www.swiss-retail.ch\/wp-content\/uploads\/2020\/10\/2020-10-30-13_23_43-Window-1.png\" \/>\n\t<meta property=\"og:image:width\" content=\"283\" \/>\n\t<meta property=\"og:image:height\" content=\"188\" \/>\n\t<meta property=\"og:image:type\" content=\"image\/png\" \/>\n<meta name=\"twitter:card\" content=\"summary_large_image\" \/>\n<meta name=\"twitter:label1\" content=\"\u00c9crit par\" \/>\n\t<meta name=\"twitter:data1\" content=\"Administrator\" \/>\n\t<meta name=\"twitter:label2\" content=\"Dur\u00e9e de lecture estim\u00e9e\" \/>\n\t<meta name=\"twitter:data2\" content=\"4 minutes\" \/>\n<script type=\"application\/ld+json\" class=\"yoast-schema-graph\">{\"@context\":\"https:\/\/schema.org\",\"@graph\":[{\"@type\":\"WebSite\",\"@id\":\"https:\/\/www.swiss-retail.ch\/#website\",\"url\":\"https:\/\/www.swiss-retail.ch\/\",\"name\":\"\",\"description\":\"Verband der Mittel- und Grossbetriebe des schweizerischen Detailhandels\",\"potentialAction\":[{\"@type\":\"SearchAction\",\"target\":{\"@type\":\"EntryPoint\",\"urlTemplate\":\"https:\/\/www.swiss-retail.ch\/?s={search_term_string}\"},\"query-input\":\"required name=search_term_string\"}],\"inLanguage\":\"fr-FR\"},{\"@type\":\"ImageObject\",\"@id\":\"https:\/\/www.swiss-retail.ch\/fr\/news-fr\/swiss-retail-federation-grandit-encore-en-nombre-et-en-force\/#primaryimage\",\"inLanguage\":\"fr-FR\",\"url\":\"https:\/\/www.swiss-retail.ch\/wp-content\/uploads\/2020\/10\/2020-10-30-13_23_43-Window-1.png\",\"contentUrl\":\"https:\/\/www.swiss-retail.ch\/wp-content\/uploads\/2020\/10\/2020-10-30-13_23_43-Window-1.png\",\"width\":283,\"height\":188},{\"@type\":\"WebPage\",\"@id\":\"https:\/\/www.swiss-retail.ch\/fr\/news-fr\/swiss-retail-federation-grandit-encore-en-nombre-et-en-force\/#webpage\",\"url\":\"https:\/\/www.swiss-retail.ch\/fr\/news-fr\/swiss-retail-federation-grandit-encore-en-nombre-et-en-force\/\",\"name\":\"Swiss Retail Federation grandit encore en nombre et en force -\",\"isPartOf\":{\"@id\":\"https:\/\/www.swiss-retail.ch\/#website\"},\"primaryImageOfPage\":{\"@id\":\"https:\/\/www.swiss-retail.ch\/fr\/news-fr\/swiss-retail-federation-grandit-encore-en-nombre-et-en-force\/#primaryimage\"},\"datePublished\":\"2021-01-25T07:50:50+00:00\",\"dateModified\":\"2021-01-25T07:50:50+00:00\",\"author\":{\"@id\":\"https:\/\/www.swiss-retail.ch\/#\/schema\/person\/29989425494ba3fa666290a573afb7a1\"},\"breadcrumb\":{\"@id\":\"https:\/\/www.swiss-retail.ch\/fr\/news-fr\/swiss-retail-federation-grandit-encore-en-nombre-et-en-force\/#breadcrumb\"},\"inLanguage\":\"fr-FR\",\"potentialAction\":[{\"@type\":\"ReadAction\",\"target\":[\"https:\/\/www.swiss-retail.ch\/fr\/news-fr\/swiss-retail-federation-grandit-encore-en-nombre-et-en-force\/\"]}]},{\"@type\":\"BreadcrumbList\",\"@id\":\"https:\/\/www.swiss-retail.ch\/fr\/news-fr\/swiss-retail-federation-grandit-encore-en-nombre-et-en-force\/#breadcrumb\",\"itemListElement\":[{\"@type\":\"ListItem\",\"position\":1,\"name\":\"Startseite\",\"item\":\"https:\/\/www.swiss-retail.ch\/fr\/homepage\/\"},{\"@type\":\"ListItem\",\"position\":2,\"name\":\"Swiss Retail Federation grandit encore en nombre et en force\"}]},{\"@type\":\"Person\",\"@id\":\"https:\/\/www.swiss-retail.ch\/#\/schema\/person\/29989425494ba3fa666290a573afb7a1\",\"name\":\"Administrator\",\"url\":\"https:\/\/www.swiss-retail.ch\/fr\/author\/administrator\/\"}]}<\/script>\n<!-- \/ Yoast SEO plugin. -->","yoast_head_json":{"title":"Swiss Retail Federation grandit encore en nombre et en force -","robots":{"index":"index","follow":"follow","max-snippet":"max-snippet:-1","max-image-preview":"max-image-preview:large","max-video-preview":"max-video-preview:-1"},"canonical":"https:\/\/www.swiss-retail.ch\/fr\/news-fr\/swiss-retail-federation-grandit-encore-en-nombre-et-en-force\/","og_locale":"fr_FR","og_type":"article","og_title":"Swiss Retail Federation grandit encore en nombre et en force -","og_url":"https:\/\/www.swiss-retail.ch\/fr\/news-fr\/swiss-retail-federation-grandit-encore-en-nombre-et-en-force\/","article_published_time":"2021-01-25T07:50:50+00:00","og_image":[{"width":283,"height":188,"url":"https:\/\/www.swiss-retail.ch\/wp-content\/uploads\/2020\/10\/2020-10-30-13_23_43-Window-1.png","type":"image\/png"}],"twitter_card":"summary_large_image","twitter_misc":{"\u00c9crit par":"Administrator","Dur\u00e9e de lecture estim\u00e9e":"4 minutes"},"schema":{"@context":"https:\/\/schema.org","@graph":[{"@type":"WebSite","@id":"https:\/\/www.swiss-retail.ch\/#website","url":"https:\/\/www.swiss-retail.ch\/","name":"","description":"Verband der Mittel- und Grossbetriebe des schweizerischen Detailhandels","potentialAction":[{"@type":"SearchAction","target":{"@type":"EntryPoint","urlTemplate":"https:\/\/www.swiss-retail.ch\/?s={search_term_string}"},"query-input":"required name=search_term_string"}],"inLanguage":"fr-FR"},{"@type":"ImageObject","@id":"https:\/\/www.swiss-retail.ch\/fr\/news-fr\/swiss-retail-federation-grandit-encore-en-nombre-et-en-force\/#primaryimage","inLanguage":"fr-FR","url":"https:\/\/www.swiss-retail.ch\/wp-content\/uploads\/2020\/10\/2020-10-30-13_23_43-Window-1.png","contentUrl":"https:\/\/www.swiss-retail.ch\/wp-content\/uploads\/2020\/10\/2020-10-30-13_23_43-Window-1.png","width":283,"height":188},{"@type":"WebPage","@id":"https:\/\/www.swiss-retail.ch\/fr\/news-fr\/swiss-retail-federation-grandit-encore-en-nombre-et-en-force\/#webpage","url":"https:\/\/www.swiss-retail.ch\/fr\/news-fr\/swiss-retail-federation-grandit-encore-en-nombre-et-en-force\/","name":"Swiss Retail Federation grandit encore en nombre et en force -","isPartOf":{"@id":"https:\/\/www.swiss-retail.ch\/#website"},"primaryImageOfPage":{"@id":"https:\/\/www.swiss-retail.ch\/fr\/news-fr\/swiss-retail-federation-grandit-encore-en-nombre-et-en-force\/#primaryimage"},"datePublished":"2021-01-25T07:50:50+00:00","dateModified":"2021-01-25T07:50:50+00:00","author":{"@id":"https:\/\/www.swiss-retail.ch\/#\/schema\/person\/29989425494ba3fa666290a573afb7a1"},"breadcrumb":{"@id":"https:\/\/www.swiss-retail.ch\/fr\/news-fr\/swiss-retail-federation-grandit-encore-en-nombre-et-en-force\/#breadcrumb"},"inLanguage":"fr-FR","potentialAction":[{"@type":"ReadAction","target":["https:\/\/www.swiss-retail.ch\/fr\/news-fr\/swiss-retail-federation-grandit-encore-en-nombre-et-en-force\/"]}]},{"@type":"BreadcrumbList","@id":"https:\/\/www.swiss-retail.ch\/fr\/news-fr\/swiss-retail-federation-grandit-encore-en-nombre-et-en-force\/#breadcrumb","itemListElement":[{"@type":"ListItem","position":1,"name":"Startseite","item":"https:\/\/www.swiss-retail.ch\/fr\/homepage\/"},{"@type":"ListItem","position":2,"name":"Swiss Retail Federation grandit encore en nombre et en force"}]},{"@type":"Person","@id":"https:\/\/www.swiss-retail.ch\/#\/schema\/person\/29989425494ba3fa666290a573afb7a1","name":"Administrator","url":"https:\/\/www.swiss-retail.ch\/fr\/author\/administrator\/"}]}},"_links":{"self":[{"href":"https:\/\/www.swiss-retail.ch\/fr\/wp-json\/wp\/v2\/posts\/11301"}],"collection":[{"href":"https:\/\/www.swiss-retail.ch\/fr\/wp-json\/wp\/v2\/posts"}],"about":[{"href":"https:\/\/www.swiss-retail.ch\/fr\/wp-json\/wp\/v2\/types\/post"}],"author":[{"embeddable":true,"href":"https:\/\/www.swiss-retail.ch\/fr\/wp-json\/wp\/v2\/users\/19"}],"replies":[{"embeddable":true,"href":"https:\/\/www.swiss-retail.ch\/fr\/wp-json\/wp\/v2\/comments?post=11301"}],"version-history":[{"count":2,"href":"https:\/\/www.swiss-retail.ch\/fr\/wp-json\/wp\/v2\/posts\/11301\/revisions"}],"predecessor-version":[{"id":11303,"href":"https:\/\/www.swiss-retail.ch\/fr\/wp-json\/wp\/v2\/posts\/11301\/revisions\/11303"}],"wp:featuredmedia":[{"embeddable":true,"href":"https:\/\/www.swiss-retail.ch\/fr\/wp-json\/wp\/v2\/media\/10760"}],"wp:attachment":[{"href":"https:\/\/www.swiss-retail.ch\/fr\/wp-json\/wp\/v2\/media?parent=11301"}],"wp:term":[{"taxonomy":"category","embeddable":true,"href":"https:\/\/www.swiss-retail.ch\/fr\/wp-json\/wp\/v2\/categories?post=11301"},{"taxonomy":"post_tag","embeddable":true,"href":"https:\/\/www.swiss-retail.ch\/fr\/wp-json\/wp\/v2\/tags?post=11301"}],"curies":[{"name":"wp","href":"https:\/\/api.w.org\/{rel}","templated":true}]}}