{"id":11486,"date":"2021-03-09T09:38:52","date_gmt":"2021-03-09T08:38:52","guid":{"rendered":"https:\/\/www.swiss-retail.ch\/?p=11486"},"modified":"2021-03-09T09:38:52","modified_gmt":"2021-03-09T08:38:52","slug":"faire-ses-achats-en-magasin-avec-ses-cinq-sens-correspond-toujours-a-un-reel-besoin","status":"publish","type":"post","link":"https:\/\/www.swiss-retail.ch\/fr\/news\/faire-ses-achats-en-magasin-avec-ses-cinq-sens-correspond-toujours-a-un-reel-besoin\/","title":{"rendered":"Faire ses achats en magasin avec ses cinq sens correspond toujours \u00e0 un r\u00e9el besoin"},"content":{"rendered":"<section class=\"av_textblock_section \"  itemscope=\"itemscope\" itemtype=\"https:\/\/schema.org\/BlogPosting\" itemprop=\"blogPost\" ><div class='avia_textblock  '   itemprop=\"text\" ><h1><span style=\"color: #5dbcd2;\">Faire ses achats en magasin avec ses cinq sens correspond toujours \u00e0 un r\u00e9el besoin<\/span><\/h1>\n<\/div><\/section>\n<div   class='hr hr-default   avia-builder-el-1  el_after_av_textblock  el_before_av_textblock '><span class='hr-inner ' ><span class='hr-inner-style'><\/span><\/span><\/div>\n<section class=\"av_textblock_section \"  itemscope=\"itemscope\" itemtype=\"https:\/\/schema.org\/BlogPosting\" itemprop=\"blogPost\" ><div class='avia_textblock  '   itemprop=\"text\" ><p><strong><em>Les exp\u00e9riences faites au cours de la premi\u00e8re semaine suivant la r\u00e9ouverture de la vente au d\u00e9tail stationnaire de produits non alimentaires sont encourageantes. Les \u00e9chos re\u00e7us de diff\u00e9rents d\u00e9taillants montrent un fort d\u00e9sir des clients de retourner dans des magasins non virtuels pour y faire leurs achats. Le contact social a manqu\u00e9 \u00e0 beaucoup d\u2019entre eux, qui appr\u00e9cient les occasions d\u2019\u00e9changes personnels offertes par les commerces stationnaires. <\/em><\/strong><\/p>\n<p>La r\u00e9ouverture du commerce de d\u00e9tail stationnaire non alimentaire apr\u00e8s la deuxi\u00e8me p\u00e9riode de fermeture \u00e9tait tr\u00e8s attendue par les d\u00e9taillants comme par les clients. Les premi\u00e8res \u00e9valuations qualitatives des commer\u00e7ants recueillies par Swiss Retail Federation livrent un tableau tr\u00e8s positif. Une comparaison avec les derni\u00e8res \u00e9valuations sur les donn\u00e9es des cartes de d\u00e9bit et de cr\u00e9dit r\u00e9alis\u00e9es par Worldline pour le compte de Swiss Retail montre toutefois que le commerce de d\u00e9tail suisse a encore beaucoup de chemin \u00e0 faire pour sortir de la crise.<\/p>\n<p><strong>La dimension sociale comme moteur du commerce de d\u00e9tail stationnaire<\/strong><\/p>\n<p>Lors de la premi\u00e8re semaine, apr\u00e8s six semaines de fermetures impos\u00e9es aux d\u00e9taillants non alimentaires, les clients ont envoy\u00e9 aux commer\u00e7ants un signal tr\u00e8s positif. Les magasins qui ont \u00e9t\u00e9 autoris\u00e9s \u00e0 rouvrir leurs portes ont signal\u00e9 une hausse de la fr\u00e9quentation par rapport \u00e0 une p\u00e9riode saisonni\u00e8re comparable. Pour autant, il n&rsquo;y a pas eu de ru\u00e9e, comme celle qu&rsquo;ont connue les d\u00e9taillants apr\u00e8s la fin du premier confinement. Mais il est clair que les clients ne sont pas pr\u00eats \u00e0 transf\u00e9rer sans autres leurs achats sur le secteur en ligne. Les aspects sociaux et sensoriels li\u00e9s aux achats en magasin sont pour eux extr\u00eamement importants. Nombreux sont ceux qui appr\u00e9cient de mobiliser leurs cinq sens en faisant leurs emplettes, de voir et d\u2019examiner les marchandises sur place, en vrai.<\/p>\n<p><strong>Les chiffres d\u2019affaires de la 1<sup>\u00e8re<\/sup> semaine de r\u00e9ouverture donnent de l\u2019espoir <\/strong><\/p>\n<p>Non seulement la fr\u00e9quentation de la client\u00e8le dans la premi\u00e8re semaine de r\u00e9ouverture est jug\u00e9e raisonnablement encourageante par les d\u00e9taillants, mais les affaires \u00e9voluent \u00e9galement de mani\u00e8re satisfaisante. De belles ventes ont \u00e9t\u00e9 r\u00e9alis\u00e9es, en particulier dans les secteurs du jouet et de la mode. Outre ce bon d\u00e9part, d&rsquo;autres \u00e9l\u00e9ments donnent de l&rsquo;espoir au commerce de d\u00e9tail fixe : le taux d&rsquo;\u00e9pargne \u00e9lev\u00e9 d&rsquo;une partie importante de la population, d\u00fb \u00e0 la fermeture des restaurants et d&rsquo;installations de loisirs et \u00e0 la r\u00e9ticence \u00e0 voyager \u00e0 l&rsquo;\u00e9tranger, pousse les clients \u00e0 soutenir le commerce de d\u00e9tail suisse dans la phase actuelle. Il appara\u00eet aussi que le tourisme d&rsquo;achat a perdu une partie de son attrait pendant la pand\u00e9mie et que les clients expriment une demande beaucoup plus soutenue pour des produits et des services locaux ou r\u00e9gionaux. C\u2019est conforme aux r\u00e9sultats de l&rsquo;\u00e9tude repr\u00e9sentative sur les consommateurs men\u00e9e par le cabinet de conseil en strat\u00e9gie et marketing Simon-Kucher, selon laquelle 18 % des 43 % de Suisses al\u00e9maniques qui jusqu\u2019ici allaient s\u2019approvisionner au moins une fois par trimestre de l\u2019autre c\u00f4t\u00e9 de la fronti\u00e8re en Allemagne ont l&rsquo;intention de freiner ou de cesser compl\u00e8tement cette pratique apr\u00e8s la lev\u00e9e des restrictions dues au coronavirus (voir le <a href=\"https:\/\/www.swiss-retail.ch\/fr\/communique-de-presse\/les-consommatrices-et-consommateurs-indigenes-privile-gient-a-nouveau-les-magasins-suisses\/\">Communiqu\u00e9<\/a> de presse de Swiss Retail du 26 f\u00e9vrier 2021).<\/p>\n<p><strong>La progression des ventes en ligne ne peut pas compenser les pertes en magasin<\/strong><\/p>\n<p>Une analyse des ventes par cartes de d\u00e9bit et de cr\u00e9dit index\u00e9es dans le commerce de d\u00e9tail, bas\u00e9e sur les donn\u00e9es de Worldline et r\u00e9alis\u00e9e par Swiss Retail, r\u00e9v\u00e8le un sombre tableau du commerce de d\u00e9tail stationnaire pendant les semaines du deuxi\u00e8me confinement. Les principaux segments non alimentaires, comme l&rsquo;habillement, ont enregistr\u00e9 un recul de plus de 30 % en f\u00e9vrier 2021 par rapport au m\u00eame mois de l&rsquo;ann\u00e9e pr\u00e9c\u00e9dente. Les segments \u00ab\u00a0Home &amp; Living\u00a0\u00bb (-45%), \u00ab\u00a0Montres et joaillerie\u00a0\u00bb (-38%) et \u00ab\u00a0Habits et articles de sport\u00a0\u00bb (-38%) ont \u00e9t\u00e9 encore plus lourdement frapp\u00e9s. On voit que m\u00eame la part croissante des ventes en ligne ne permet pas de compenser les pertes \u00e9normes de f\u00e9vrier 2021 dues \u00e0 la fermeture impos\u00e9e aux commerces stationnaires. Pour les fournisseurs omnicanaux, le commerce de d\u00e9tail en ligne est d\u00e9cid\u00e9ment moins rentable que le commerce de d\u00e9tail stationnaire. M\u00eame s\u2019ils sont actuellement mieux garnis suite \u00e0 un certain effet de rattrapage, les paniers d\u2019achat ne compensent pas, tant s\u2019en faut, ces pertes \u00e9lev\u00e9es.<\/p>\n<p>Pour toute question ou information compl\u00e9mentaire, nous sommes volontiers \u00e0 votre disposition sous\u00a0<a href=\"mailto:medien@swiss-retail.ch\">medien@swiss-retail.ch<\/a>.<\/p>\n<\/div><\/section>\n<div   class='hr hr-default   avia-builder-el-3  el_after_av_textblock  el_before_av_social_share '><span class='hr-inner ' ><span class='hr-inner-style'><\/span><\/span><\/div>\n<div  class='av-social-sharing-box  avia-builder-el-4  el_after_av_hr  avia-builder-el-last  '><div class='av-share-box'><h5 class='av-share-link-description av-no-toc '>Eintrag teilen<\/h5><ul class='av-share-box-list noLightbox'><li class='av-share-link av-social-link-facebook' ><a target=\"_blank\" aria-label=\"Partager sur Facebook\" href='https:\/\/www.facebook.com\/sharer.php?u=https:\/\/www.swiss-retail.ch\/fr\/news\/faire-ses-achats-en-magasin-avec-ses-cinq-sens-correspond-toujours-a-un-reel-besoin\/&#038;t=Faire%20ses%20achats%20en%20magasin%20avec%20ses%20cinq%20sens%20correspond%20toujours%20%C3%A0%20un%20r%C3%A9el%20besoin' aria-hidden='false' data-av_icon='\ue8f3' data-av_iconfont='entypo-fontello' title='' data-avia-related-tooltip='Partager sur Facebook' rel=\"noopener\"><span class='avia_hidden_link_text'>Partager sur Facebook<\/span><\/a><\/li><li class='av-share-link av-social-link-twitter' ><a target=\"_blank\" aria-label=\"Partager sur Twitter\" href='https:\/\/twitter.com\/share?text=Faire%20ses%20achats%20en%20magasin%20avec%20ses%20cinq%20sens%20correspond%20toujours%20%C3%A0%20un%20r%C3%A9el%20besoin&#038;url=https:\/\/www.swiss-retail.ch\/fr\/?p=11486' aria-hidden='false' data-av_icon='\ue8f1' data-av_iconfont='entypo-fontello' title='' data-avia-related-tooltip='Partager sur Twitter' rel=\"noopener\"><span class='avia_hidden_link_text'>Partager sur Twitter<\/span><\/a><\/li><li class='av-share-link av-social-link-whatsapp' ><a target=\"_blank\" aria-label=\"Share on WhatsApp\" href='https:\/\/api.whatsapp.com\/send?text=https:\/\/www.swiss-retail.ch\/fr\/news\/faire-ses-achats-en-magasin-avec-ses-cinq-sens-correspond-toujours-a-un-reel-besoin\/' aria-hidden='false' data-av_icon='\uf232' data-av_iconfont='entypo-fontello' title='' data-avia-related-tooltip='Share on WhatsApp' rel=\"noopener\"><span class='avia_hidden_link_text'>Share on WhatsApp<\/span><\/a><\/li><li class='av-share-link av-social-link-linkedin' ><a target=\"_blank\" aria-label=\"Partager sur LinkedIn\" href='https:\/\/linkedin.com\/shareArticle?mini=true&#038;title=Faire%20ses%20achats%20en%20magasin%20avec%20ses%20cinq%20sens%20correspond%20toujours%20%C3%A0%20un%20r%C3%A9el%20besoin&#038;url=https:\/\/www.swiss-retail.ch\/fr\/news\/faire-ses-achats-en-magasin-avec-ses-cinq-sens-correspond-toujours-a-un-reel-besoin\/' aria-hidden='false' data-av_icon='\ue8fc' data-av_iconfont='entypo-fontello' title='' data-avia-related-tooltip='Partager sur LinkedIn' rel=\"noopener\"><span class='avia_hidden_link_text'>Partager sur LinkedIn<\/span><\/a><\/li><li class='av-share-link av-social-link-mail' ><a  aria-label=\"Partager par Mail\" href='mailto:?subject=Faire%20ses%20achats%20en%20magasin%20avec%20ses%20cinq%20sens%20correspond%20toujours%20%C3%A0%20un%20r%C3%A9el%20besoin&#038;body=https:\/\/www.swiss-retail.ch\/fr\/news\/faire-ses-achats-en-magasin-avec-ses-cinq-sens-correspond-toujours-a-un-reel-besoin\/' aria-hidden='false' data-av_icon='\ue805' data-av_iconfont='entypo-fontello' title='' data-avia-related-tooltip='Partager par Mail'><span class='avia_hidden_link_text'>Partager par Mail<\/span><\/a><\/li><\/ul><\/div><\/div>\n","protected":false},"excerpt":{"rendered":"","protected":false},"author":19,"featured_media":11068,"comment_status":"closed","ping_status":"closed","sticky":false,"template":"","format":"standard","meta":[],"categories":[69,64],"tags":[],"yoast_head":"<!-- This site is optimized with the Yoast SEO plugin v18.5.1 - https:\/\/yoast.com\/wordpress\/plugins\/seo\/ -->\n<title>Faire ses achats en magasin avec ses cinq sens correspond toujours \u00e0 un r\u00e9el besoin -<\/title>\n<meta name=\"robots\" content=\"index, follow, max-snippet:-1, max-image-preview:large, max-video-preview:-1\" \/>\n<link rel=\"canonical\" href=\"https:\/\/www.swiss-retail.ch\/fr\/news-fr\/faire-ses-achats-en-magasin-avec-ses-cinq-sens-correspond-toujours-a-un-reel-besoin\/\" \/>\n<meta property=\"og:locale\" content=\"fr_FR\" \/>\n<meta property=\"og:type\" content=\"article\" \/>\n<meta property=\"og:title\" content=\"Faire ses achats en magasin avec ses cinq sens correspond toujours \u00e0 un r\u00e9el besoin -\" \/>\n<meta property=\"og:url\" content=\"https:\/\/www.swiss-retail.ch\/fr\/news-fr\/faire-ses-achats-en-magasin-avec-ses-cinq-sens-correspond-toujours-a-un-reel-besoin\/\" \/>\n<meta property=\"article:published_time\" content=\"2021-03-09T08:38:52+00:00\" \/>\n<meta property=\"og:image\" content=\"https:\/\/www.swiss-retail.ch\/wp-content\/uploads\/2020\/11\/2020-10-30-13_23_43-Window-4.png\" \/>\n\t<meta property=\"og:image:width\" content=\"283\" \/>\n\t<meta property=\"og:image:height\" content=\"188\" \/>\n\t<meta property=\"og:image:type\" content=\"image\/png\" \/>\n<meta name=\"twitter:card\" content=\"summary_large_image\" \/>\n<meta name=\"twitter:label1\" content=\"\u00c9crit par\" \/>\n\t<meta name=\"twitter:data1\" content=\"Administrator\" \/>\n\t<meta name=\"twitter:label2\" content=\"Dur\u00e9e de lecture estim\u00e9e\" \/>\n\t<meta name=\"twitter:data2\" content=\"5 minutes\" \/>\n<script type=\"application\/ld+json\" class=\"yoast-schema-graph\">{\"@context\":\"https:\/\/schema.org\",\"@graph\":[{\"@type\":\"WebSite\",\"@id\":\"https:\/\/www.swiss-retail.ch\/#website\",\"url\":\"https:\/\/www.swiss-retail.ch\/\",\"name\":\"\",\"description\":\"Verband der Mittel- und Grossbetriebe des schweizerischen Detailhandels\",\"potentialAction\":[{\"@type\":\"SearchAction\",\"target\":{\"@type\":\"EntryPoint\",\"urlTemplate\":\"https:\/\/www.swiss-retail.ch\/?s={search_term_string}\"},\"query-input\":\"required name=search_term_string\"}],\"inLanguage\":\"fr-FR\"},{\"@type\":\"ImageObject\",\"@id\":\"https:\/\/www.swiss-retail.ch\/fr\/news-fr\/faire-ses-achats-en-magasin-avec-ses-cinq-sens-correspond-toujours-a-un-reel-besoin\/#primaryimage\",\"inLanguage\":\"fr-FR\",\"url\":\"https:\/\/www.swiss-retail.ch\/wp-content\/uploads\/2020\/11\/2020-10-30-13_23_43-Window-4.png\",\"contentUrl\":\"https:\/\/www.swiss-retail.ch\/wp-content\/uploads\/2020\/11\/2020-10-30-13_23_43-Window-4.png\",\"width\":283,\"height\":188},{\"@type\":\"WebPage\",\"@id\":\"https:\/\/www.swiss-retail.ch\/fr\/news-fr\/faire-ses-achats-en-magasin-avec-ses-cinq-sens-correspond-toujours-a-un-reel-besoin\/#webpage\",\"url\":\"https:\/\/www.swiss-retail.ch\/fr\/news-fr\/faire-ses-achats-en-magasin-avec-ses-cinq-sens-correspond-toujours-a-un-reel-besoin\/\",\"name\":\"Faire ses achats en magasin avec ses cinq sens correspond toujours \u00e0 un r\u00e9el besoin -\",\"isPartOf\":{\"@id\":\"https:\/\/www.swiss-retail.ch\/#website\"},\"primaryImageOfPage\":{\"@id\":\"https:\/\/www.swiss-retail.ch\/fr\/news-fr\/faire-ses-achats-en-magasin-avec-ses-cinq-sens-correspond-toujours-a-un-reel-besoin\/#primaryimage\"},\"datePublished\":\"2021-03-09T08:38:52+00:00\",\"dateModified\":\"2021-03-09T08:38:52+00:00\",\"author\":{\"@id\":\"https:\/\/www.swiss-retail.ch\/#\/schema\/person\/29989425494ba3fa666290a573afb7a1\"},\"breadcrumb\":{\"@id\":\"https:\/\/www.swiss-retail.ch\/fr\/news-fr\/faire-ses-achats-en-magasin-avec-ses-cinq-sens-correspond-toujours-a-un-reel-besoin\/#breadcrumb\"},\"inLanguage\":\"fr-FR\",\"potentialAction\":[{\"@type\":\"ReadAction\",\"target\":[\"https:\/\/www.swiss-retail.ch\/fr\/news-fr\/faire-ses-achats-en-magasin-avec-ses-cinq-sens-correspond-toujours-a-un-reel-besoin\/\"]}]},{\"@type\":\"BreadcrumbList\",\"@id\":\"https:\/\/www.swiss-retail.ch\/fr\/news-fr\/faire-ses-achats-en-magasin-avec-ses-cinq-sens-correspond-toujours-a-un-reel-besoin\/#breadcrumb\",\"itemListElement\":[{\"@type\":\"ListItem\",\"position\":1,\"name\":\"Startseite\",\"item\":\"https:\/\/www.swiss-retail.ch\/fr\/homepage\/\"},{\"@type\":\"ListItem\",\"position\":2,\"name\":\"Faire ses achats en magasin avec ses cinq sens correspond toujours \u00e0 un r\u00e9el besoin\"}]},{\"@type\":\"Person\",\"@id\":\"https:\/\/www.swiss-retail.ch\/#\/schema\/person\/29989425494ba3fa666290a573afb7a1\",\"name\":\"Administrator\",\"url\":\"https:\/\/www.swiss-retail.ch\/fr\/author\/administrator\/\"}]}<\/script>\n<!-- \/ Yoast SEO plugin. -->","yoast_head_json":{"title":"Faire ses achats en magasin avec ses cinq sens correspond toujours \u00e0 un r\u00e9el besoin -","robots":{"index":"index","follow":"follow","max-snippet":"max-snippet:-1","max-image-preview":"max-image-preview:large","max-video-preview":"max-video-preview:-1"},"canonical":"https:\/\/www.swiss-retail.ch\/fr\/news-fr\/faire-ses-achats-en-magasin-avec-ses-cinq-sens-correspond-toujours-a-un-reel-besoin\/","og_locale":"fr_FR","og_type":"article","og_title":"Faire ses achats en magasin avec ses cinq sens correspond toujours \u00e0 un r\u00e9el besoin -","og_url":"https:\/\/www.swiss-retail.ch\/fr\/news-fr\/faire-ses-achats-en-magasin-avec-ses-cinq-sens-correspond-toujours-a-un-reel-besoin\/","article_published_time":"2021-03-09T08:38:52+00:00","og_image":[{"width":283,"height":188,"url":"https:\/\/www.swiss-retail.ch\/wp-content\/uploads\/2020\/11\/2020-10-30-13_23_43-Window-4.png","type":"image\/png"}],"twitter_card":"summary_large_image","twitter_misc":{"\u00c9crit par":"Administrator","Dur\u00e9e de lecture estim\u00e9e":"5 minutes"},"schema":{"@context":"https:\/\/schema.org","@graph":[{"@type":"WebSite","@id":"https:\/\/www.swiss-retail.ch\/#website","url":"https:\/\/www.swiss-retail.ch\/","name":"","description":"Verband der Mittel- und Grossbetriebe des schweizerischen Detailhandels","potentialAction":[{"@type":"SearchAction","target":{"@type":"EntryPoint","urlTemplate":"https:\/\/www.swiss-retail.ch\/?s={search_term_string}"},"query-input":"required name=search_term_string"}],"inLanguage":"fr-FR"},{"@type":"ImageObject","@id":"https:\/\/www.swiss-retail.ch\/fr\/news-fr\/faire-ses-achats-en-magasin-avec-ses-cinq-sens-correspond-toujours-a-un-reel-besoin\/#primaryimage","inLanguage":"fr-FR","url":"https:\/\/www.swiss-retail.ch\/wp-content\/uploads\/2020\/11\/2020-10-30-13_23_43-Window-4.png","contentUrl":"https:\/\/www.swiss-retail.ch\/wp-content\/uploads\/2020\/11\/2020-10-30-13_23_43-Window-4.png","width":283,"height":188},{"@type":"WebPage","@id":"https:\/\/www.swiss-retail.ch\/fr\/news-fr\/faire-ses-achats-en-magasin-avec-ses-cinq-sens-correspond-toujours-a-un-reel-besoin\/#webpage","url":"https:\/\/www.swiss-retail.ch\/fr\/news-fr\/faire-ses-achats-en-magasin-avec-ses-cinq-sens-correspond-toujours-a-un-reel-besoin\/","name":"Faire ses achats en magasin avec ses cinq sens correspond toujours \u00e0 un r\u00e9el besoin -","isPartOf":{"@id":"https:\/\/www.swiss-retail.ch\/#website"},"primaryImageOfPage":{"@id":"https:\/\/www.swiss-retail.ch\/fr\/news-fr\/faire-ses-achats-en-magasin-avec-ses-cinq-sens-correspond-toujours-a-un-reel-besoin\/#primaryimage"},"datePublished":"2021-03-09T08:38:52+00:00","dateModified":"2021-03-09T08:38:52+00:00","author":{"@id":"https:\/\/www.swiss-retail.ch\/#\/schema\/person\/29989425494ba3fa666290a573afb7a1"},"breadcrumb":{"@id":"https:\/\/www.swiss-retail.ch\/fr\/news-fr\/faire-ses-achats-en-magasin-avec-ses-cinq-sens-correspond-toujours-a-un-reel-besoin\/#breadcrumb"},"inLanguage":"fr-FR","potentialAction":[{"@type":"ReadAction","target":["https:\/\/www.swiss-retail.ch\/fr\/news-fr\/faire-ses-achats-en-magasin-avec-ses-cinq-sens-correspond-toujours-a-un-reel-besoin\/"]}]},{"@type":"BreadcrumbList","@id":"https:\/\/www.swiss-retail.ch\/fr\/news-fr\/faire-ses-achats-en-magasin-avec-ses-cinq-sens-correspond-toujours-a-un-reel-besoin\/#breadcrumb","itemListElement":[{"@type":"ListItem","position":1,"name":"Startseite","item":"https:\/\/www.swiss-retail.ch\/fr\/homepage\/"},{"@type":"ListItem","position":2,"name":"Faire ses achats en magasin avec ses cinq sens correspond toujours \u00e0 un r\u00e9el besoin"}]},{"@type":"Person","@id":"https:\/\/www.swiss-retail.ch\/#\/schema\/person\/29989425494ba3fa666290a573afb7a1","name":"Administrator","url":"https:\/\/www.swiss-retail.ch\/fr\/author\/administrator\/"}]}},"_links":{"self":[{"href":"https:\/\/www.swiss-retail.ch\/fr\/wp-json\/wp\/v2\/posts\/11486"}],"collection":[{"href":"https:\/\/www.swiss-retail.ch\/fr\/wp-json\/wp\/v2\/posts"}],"about":[{"href":"https:\/\/www.swiss-retail.ch\/fr\/wp-json\/wp\/v2\/types\/post"}],"author":[{"embeddable":true,"href":"https:\/\/www.swiss-retail.ch\/fr\/wp-json\/wp\/v2\/users\/19"}],"replies":[{"embeddable":true,"href":"https:\/\/www.swiss-retail.ch\/fr\/wp-json\/wp\/v2\/comments?post=11486"}],"version-history":[{"count":2,"href":"https:\/\/www.swiss-retail.ch\/fr\/wp-json\/wp\/v2\/posts\/11486\/revisions"}],"predecessor-version":[{"id":11488,"href":"https:\/\/www.swiss-retail.ch\/fr\/wp-json\/wp\/v2\/posts\/11486\/revisions\/11488"}],"wp:featuredmedia":[{"embeddable":true,"href":"https:\/\/www.swiss-retail.ch\/fr\/wp-json\/wp\/v2\/media\/11068"}],"wp:attachment":[{"href":"https:\/\/www.swiss-retail.ch\/fr\/wp-json\/wp\/v2\/media?parent=11486"}],"wp:term":[{"taxonomy":"category","embeddable":true,"href":"https:\/\/www.swiss-retail.ch\/fr\/wp-json\/wp\/v2\/categories?post=11486"},{"taxonomy":"post_tag","embeddable":true,"href":"https:\/\/www.swiss-retail.ch\/fr\/wp-json\/wp\/v2\/tags?post=11486"}],"curies":[{"name":"wp","href":"https:\/\/api.w.org\/{rel}","templated":true}]}}