{"id":11516,"date":"2021-03-21T11:27:54","date_gmt":"2021-03-21T10:27:54","guid":{"rendered":"https:\/\/www.swiss-retail.ch\/?p=11516"},"modified":"2021-03-21T11:31:13","modified_gmt":"2021-03-21T10:31:13","slug":"covid-19-exit-dimportantes-mesures-de-mise-en-oeuvre-doivent-etre-prises-rapidement","status":"publish","type":"post","link":"https:\/\/www.swiss-retail.ch\/fr\/news-fr\/covid-19-exit-dimportantes-mesures-de-mise-en-oeuvre-doivent-etre-prises-rapidement\/","title":{"rendered":"COVID-19-EXIT \u2013 d&rsquo;importantes mesures de mise en oeuvre doivent \u00eatre prises rapidement"},"content":{"rendered":"<div  class='avia-image-container  av-styling-    avia-builder-el-0  el_before_av_hr  avia-builder-el-first  avia-align-center '  itemprop=\"image\" itemscope=\"itemscope\" itemtype=\"https:\/\/schema.org\/ImageObject\"  ><div class='avia-image-container-inner'><div class='avia-image-overlay-wrap'><img class='avia_image' src='https:\/\/www.swiss-retail.ch\/wp-content\/uploads\/2021\/03\/2021-03-21-11_17_49-Window.png' alt='' title='2021-03-21 11_17_49-Window' height=\"642\" width=\"1313\"  itemprop=\"thumbnailUrl\"  \/><\/div><\/div><\/div>\n<div   class='hr hr-default   avia-builder-el-1  el_after_av_image  el_before_av_textblock '><span class='hr-inner ' ><span class='hr-inner-style'><\/span><\/span><\/div>\n<section class=\"av_textblock_section \"  itemscope=\"itemscope\" itemtype=\"https:\/\/schema.org\/BlogPosting\" itemprop=\"blogPost\" ><div class='avia_textblock  '   itemprop=\"text\" ><h1><span style=\"color: #5dbcd2;\">COVID-19-EXIT \u2013 d&rsquo;importantes mesures de mise en oeuvre doivent \u00eatre prises rapidement<\/span><\/h1>\n<\/div><\/section>\n<div   class='hr hr-default   avia-builder-el-3  el_after_av_textblock  el_before_av_textblock '><span class='hr-inner ' ><span class='hr-inner-style'><\/span><\/span><\/div>\n<section class=\"av_textblock_section \"  itemscope=\"itemscope\" itemtype=\"https:\/\/schema.org\/BlogPosting\" itemprop=\"blogPost\" ><div class='avia_textblock  '   itemprop=\"text\" ><p>Monsieur le Pr\u00e9sident de la Conf\u00e9d\u00e9ration,<\/p>\n<p>Madame la Conseill\u00e8re f\u00e9d\u00e9rale,<\/p>\n<p>Monsieur le Conseiller f\u00e9d\u00e9ral,<\/p>\n<p>La session de printemps des Chambres f\u00e9d\u00e9rales qui vient de se terminer a apport\u00e9 quelques d\u00e9veloppements importants dans le but de ma\u00eetriser la pand\u00e9mie de Covid-19, mais il reste toujours un grand nombre de mesures de mise en oeuvre qui doivent \u00eatre prises rapidement.<\/p>\n<p>Pour r\u00e9aliser une sortie rapide et contr\u00f4l\u00e9e de la pand\u00e9mie de Covid-19 et mettre fin aux interventions \u00e9tatiques dans la vie sociale et \u00e9conomique, il est urgent de proc\u00e9der \u00e0 des travaux de mise en oeuvre sur la base des d\u00e9cisions du Conseil f\u00e9d\u00e9ral et du Parlement.<\/p>\n<p>Afin d&rsquo;\u00e9viter que cette pand\u00e9mie ne provoque des dommages mat\u00e9riels et immat\u00e9riels encore plus graves, un groupe de parlementaires de plusieurs partis politiques et quelques grandes organisations invitent le Conseil f\u00e9d\u00e9ral \u00e0 proc\u00e9der en priorit\u00e9 aux travaux de mise en oeuvre suivants:<\/p>\n<p><strong>1.Vacciner<\/strong><br \/>\nLe Conseil f\u00e9d\u00e9ral continue d&rsquo;annoncer que toutes les personnes souhaitant se faire vacciner recevront leurs doses de vaccin avant la fin du mois de juin 2021. En r\u00e9ponse \u00e0 diverses interventions parlementaires d\u00e9pos\u00e9es dans le courant de la session de printemps, le Conseil f\u00e9d\u00e9ral a cependant \u00e9mis des r\u00e9serves \u00e0 ce propos, de sorte qu&rsquo;il y a lieu de craindre des retards massifs avec les cons\u00e9quences graves que l&rsquo;on peut imaginer<\/p>\n<p><u>Mise en oeuvre et exigence:<\/u> dans l&rsquo;int\u00e9r\u00eat de la sant\u00e9 publique et de la bonne marche de l&rsquo;\u00e9conomie, il est important que toutes les personnes souhaitant se faire vacciner puissent obtenir leurs doses de vaccin dans le d\u00e9lai annonc\u00e9 par le Conseil f\u00e9d\u00e9ral. Le Conseil f\u00e9d\u00e9ral et l&rsquo;administration f\u00e9d\u00e9rale ont \u00e9t\u00e9 invit\u00e9s \u00e0 tout mettre en oeuvre pour que l&rsquo;objectif de vaccination (vaccination de toutes les personnes souhaitant se faire vacciner avant la fin juin 2021) soit atteint et d&rsquo;informer en permanence et ouvertement sur l&rsquo;avancement des travaux.<\/p>\n<p><strong>2.Tester<\/strong><br \/>\nNous saluons la d\u00e9cision du Conseil f\u00e9d\u00e9ral d&rsquo;offrir \u00e0 la population des tests gratuits pour un montant d&rsquo;un milliard de francs.<\/p>\n<p><u>Mise en oeuvre et exigence:<\/u> on attend cependant toujours un concept de mise en oeuvre de la campagne de tests gratuits. C&rsquo;est important pour que les tests et les r\u00e9sultats des tests puissent \u00eatre exploit\u00e9s de mani\u00e8re optimale. Il fait \u00e9viter qu&rsquo;une utilisation incontr\u00f4l\u00e9e des tests rende cette op\u00e9ration inutile. La remise de tests sans accompagnement peut m\u00eame avoir un effet contreproductif, les utilisateurs pouvant se bercer d&rsquo;un faux sentiment de s\u00e9curit\u00e9. Nous invitons le Conseil f\u00e9d\u00e9ral \u00e0 pr\u00e9senter un concept de mise en oeuvre en m\u00eame temps que la fourniture des tests gratuits, donc d&rsquo;ici \u00e0 la fin du mois de mars 2021.<\/p>\n<p><strong>3.Num\u00e9risation, notamment attestation \u00ab\u00a0Covid-free\u00a0\u00bb (tests et vaccinations)<\/strong><br \/>\nLe Parlement a cr\u00e9\u00e9 un nouvel article 6a de la loi Covid-19 qui jette les bases d&rsquo;une \u00ab\u00a0attestation Covid-free\u00a0\u00bb (tests et vaccinations). On ne sait cependant toujours pas comment seront saisis individuellement pour chaque habitante \/ chaque habitant les r\u00e9sultats des tests, les vaccinations effectu\u00e9es ainsi que les personnes gu\u00e9ries<\/p>\n<p><u>Mise en oeuvre et exigence:<\/u> le Conseil f\u00e9d\u00e9ral est invit\u00e9 \u00e0 prendre en main dans les plus brefs d\u00e9lais l&rsquo;application de l&rsquo;art. 6a de la loi Covid-19. Une solution technique \u00e9liminant tout risque de falsification et uniforme dans toute la Suisse doit \u00eatre op\u00e9rationnelle avant le d\u00e9but du mois de juin 2021 sur tout le territoire de la Conf\u00e9d\u00e9ration.<br \/>\nPour la saisie des r\u00e9sultats des tests, des vaccinations effectu\u00e9es ainsi que des personnes gu\u00e9ries, il faut en outre pr\u00e9parer imm\u00e9diatement un syst\u00e8me uniforme dans toute la Suisse et individualis\u00e9 pour chaque habitante et chaque habitant du pays. Les donn\u00e9es ainsi r\u00e9unies permettront de d\u00e9livrer une attestation Covid-free ne pouvant pas \u00eatre falsifi\u00e9e.<\/p>\n<p><strong>4.S\u00e9curit\u00e9 de l&rsquo;approvisionnement<\/strong><br \/>\nAu d\u00e9but de la pand\u00e9mie, diverses interventions parlementaires ont exprim\u00e9 une grande inqui\u00e9tude concernant le risque de p\u00e9nuries de m\u00e9dicaments et de mat\u00e9riel m\u00e9dical (masques, d\u00e9sinfectants, etc.). Il a \u00e9galement \u00e9t\u00e9 relev\u00e9 \u00e0 ce propos que bien avant la pand\u00e9mie la Suisse rencontrait d\u00e9j\u00e0 de s\u00e9rieux probl\u00e8mes d&rsquo;approvisionnement en m\u00e9dicaments destin\u00e9s aux soins de base. En r\u00e9ponse \u00e0 ces interventions, le Conseil f\u00e9d\u00e9ral a assur\u00e9 de s&rsquo;occuper rapidement de cette th\u00e9matique. Or, il ressort du site internet de l&rsquo;OFSP qu&rsquo;un rapport sur cette th\u00e9matique para\u00eetra au plus t\u00f4t d\u00e9but 2022. Ce sera clairement trop tard parce que, d&rsquo;une part, des entretiens ont d\u00e9j\u00e0 commenc\u00e9 \u00e0 ce propos au niveau international et, d&rsquo;autre part, parce que les entreprises suisses r\u00e9duisent \u00e0 nouveau leur production augment\u00e9e au d\u00e9but de la pand\u00e9mie, car les commandes en Asie ont repris de plus belle.<\/p>\n<p><u>Mise en oeuvre et exigence:<\/u> le Conseil f\u00e9d\u00e9ral est invit\u00e9 \u00e0 pr\u00e9senter d&rsquo;ici \u00e0 la fin du mois de septembre un concept renfor\u00e7ant la s\u00e9curit\u00e9 d&rsquo;approvisionnement en mat\u00e9riel m\u00e9dical et m\u00e9dicaments importants (y compris les mati\u00e8res premi\u00e8res), puis de l&rsquo;appliquer. Cette op\u00e9ration doit \u00eatre engag\u00e9e d&rsquo;entente avec d&rsquo;autres Etats europ\u00e9ens. La d\u00e9pendance risqu\u00e9e de fournisseurs asiatiques doit \u00eatre r\u00e9duite aussi largement que n\u00e9cessaire. Le Conseil f\u00e9d\u00e9ral est en outre pri\u00e9 de trouver avec les entreprises, qui ont augment\u00e9 leur production pour combler les lacunes de l&rsquo;approvisionnement au d\u00e9but de la pand\u00e9mie de Covid-19, des solutions permettant de maintenir ces capacit\u00e9s de production jusqu&rsquo;\u00e0 ce qu&rsquo;un concept pr\u00eat \u00e0 \u00eatre appliqu\u00e9 soit disponible.<\/p>\n<p>Avec nos meilleures salutations<\/p>\n<p>C\u00e9line Amaudruz, conseill\u00e8re nationale UDC<\/p>\n<p>Hans-Ulrich Bigler, directeur de l&rsquo;Union suisse des arts et m\u00e9tiers<\/p>\n<p>Josef Dittli, conseiller aux Etats PLR<\/p>\n<p>Marcel Dobler, conseiller national PLR<\/p>\n<p>Erich Ettlin, conseiller aux Etats Le Centre<\/p>\n<p>Olivier Feller, conseiller national PLR<\/p>\n<p>Hannes Germann, conseiller aux Etats UDC<\/p>\n<p>Verena Herzog, conseill\u00e8re nationale UDC<\/p>\n<p>Ruth Humbel, conseill\u00e8re nationale Le Centre<\/p>\n<p>Dagmar T. Jenni, directrice Swiss Retail Federation<\/p>\n<p>Christa Markwalder, conseill\u00e8re nationale PLR<\/p>\n<p>Prof. Robert Leu, pr\u00e9sident de l&rsquo;Entente Syst\u00e8me de sant\u00e9 lib\u00e9ral<\/p>\n<p>Claude Meier, directeur HotellerieSuisse<\/p>\n<p>Philippe Nantermod, conseiller national PLR<\/p>\n<p>Steven Neubauer, CEO comparis.ch<\/p>\n<p>Nicolo Paganini, conseiller national Le Centre<\/p>\n<p>Casimir Platzer, pr\u00e9sident GastroSuisse<\/p>\n<p>Fabio Regazzi, conseiller national Le Centre, pr\u00e9sident de l&rsquo;Union suisse des arts et m\u00e9tiers<\/p>\n<p>Monika R\u00fchl, pr\u00e9sidente de la direction economiesuisse<\/p>\n<p>Regine Sauter, conseill\u00e8re nationale PLR<\/p>\n<p>Felix Schneuwly, vice-pr\u00e9sident de l&rsquo;Entente Syst\u00e8me de sant\u00e9 lib\u00e9ral<\/p>\n<p>Christian Wasserfallen, conseiller national PLR<\/p>\n<p>Andreas Z\u00fcllig, pr\u00e9sident HotellerieSuisse<\/p>\n<\/div><\/section>\n<div   class='hr hr-default   avia-builder-el-5  el_after_av_textblock  el_before_av_social_share '><span class='hr-inner ' ><span class='hr-inner-style'><\/span><\/span><\/div>\n<div  class='av-social-sharing-box  avia-builder-el-6  el_after_av_hr  avia-builder-el-last  '><div class='av-share-box'><h5 class='av-share-link-description av-no-toc '>Eintrag teilen<\/h5><ul class='av-share-box-list noLightbox'><li class='av-share-link av-social-link-facebook' ><a target=\"_blank\" aria-label=\"Partager sur Facebook\" href='https:\/\/www.facebook.com\/sharer.php?u=https:\/\/www.swiss-retail.ch\/fr\/news-fr\/covid-19-exit-dimportantes-mesures-de-mise-en-oeuvre-doivent-etre-prises-rapidement\/&#038;t=COVID-19-EXIT%20%E2%80%93%20d%E2%80%99importantes%20mesures%20de%20mise%20en%20oeuvre%20doivent%20%C3%AAtre%20prises%20rapidement' aria-hidden='false' data-av_icon='\ue8f3' data-av_iconfont='entypo-fontello' title='' data-avia-related-tooltip='Partager sur Facebook' rel=\"noopener\"><span class='avia_hidden_link_text'>Partager sur Facebook<\/span><\/a><\/li><li class='av-share-link av-social-link-twitter' ><a target=\"_blank\" aria-label=\"Partager sur Twitter\" href='https:\/\/twitter.com\/share?text=COVID-19-EXIT%20%E2%80%93%20d%E2%80%99importantes%20mesures%20de%20mise%20en%20oeuvre%20doivent%20%C3%AAtre%20prises%20rapidement&#038;url=https:\/\/www.swiss-retail.ch\/fr\/?p=11516' aria-hidden='false' data-av_icon='\ue8f1' data-av_iconfont='entypo-fontello' title='' data-avia-related-tooltip='Partager sur Twitter' rel=\"noopener\"><span class='avia_hidden_link_text'>Partager sur Twitter<\/span><\/a><\/li><li class='av-share-link av-social-link-whatsapp' ><a target=\"_blank\" aria-label=\"Share on WhatsApp\" href='https:\/\/api.whatsapp.com\/send?text=https:\/\/www.swiss-retail.ch\/fr\/news-fr\/covid-19-exit-dimportantes-mesures-de-mise-en-oeuvre-doivent-etre-prises-rapidement\/' aria-hidden='false' data-av_icon='\uf232' data-av_iconfont='entypo-fontello' title='' data-avia-related-tooltip='Share on WhatsApp' rel=\"noopener\"><span class='avia_hidden_link_text'>Share on WhatsApp<\/span><\/a><\/li><li class='av-share-link av-social-link-linkedin' ><a target=\"_blank\" aria-label=\"Partager sur LinkedIn\" href='https:\/\/linkedin.com\/shareArticle?mini=true&#038;title=COVID-19-EXIT%20%E2%80%93%20d%E2%80%99importantes%20mesures%20de%20mise%20en%20oeuvre%20doivent%20%C3%AAtre%20prises%20rapidement&#038;url=https:\/\/www.swiss-retail.ch\/fr\/news-fr\/covid-19-exit-dimportantes-mesures-de-mise-en-oeuvre-doivent-etre-prises-rapidement\/' aria-hidden='false' data-av_icon='\ue8fc' data-av_iconfont='entypo-fontello' title='' data-avia-related-tooltip='Partager sur LinkedIn' rel=\"noopener\"><span class='avia_hidden_link_text'>Partager sur LinkedIn<\/span><\/a><\/li><li class='av-share-link av-social-link-mail' ><a  aria-label=\"Partager par Mail\" href='mailto:?subject=COVID-19-EXIT%20%E2%80%93%20d%E2%80%99importantes%20mesures%20de%20mise%20en%20oeuvre%20doivent%20%C3%AAtre%20prises%20rapidement&#038;body=https:\/\/www.swiss-retail.ch\/fr\/news-fr\/covid-19-exit-dimportantes-mesures-de-mise-en-oeuvre-doivent-etre-prises-rapidement\/' aria-hidden='false' data-av_icon='\ue805' data-av_iconfont='entypo-fontello' title='' data-avia-related-tooltip='Partager par Mail'><span class='avia_hidden_link_text'>Partager par Mail<\/span><\/a><\/li><\/ul><\/div><\/div>\n","protected":false},"excerpt":{"rendered":"","protected":false},"author":19,"featured_media":11068,"comment_status":"closed","ping_status":"closed","sticky":false,"template":"","format":"standard","meta":[],"categories":[64],"tags":[],"yoast_head":"<!-- This site is optimized with the Yoast SEO plugin v18.5.1 - https:\/\/yoast.com\/wordpress\/plugins\/seo\/ -->\n<title>COVID-19-EXIT \u2013 d&#039;importantes mesures de mise en oeuvre doivent \u00eatre prises rapidement -<\/title>\n<meta name=\"robots\" content=\"index, follow, max-snippet:-1, max-image-preview:large, max-video-preview:-1\" \/>\n<link rel=\"canonical\" href=\"https:\/\/www.swiss-retail.ch\/fr\/news-fr\/covid-19-exit-dimportantes-mesures-de-mise-en-oeuvre-doivent-etre-prises-rapidement\/\" \/>\n<meta property=\"og:locale\" content=\"fr_FR\" \/>\n<meta property=\"og:type\" content=\"article\" \/>\n<meta property=\"og:title\" content=\"COVID-19-EXIT \u2013 d&#039;importantes mesures de mise en oeuvre doivent \u00eatre prises rapidement -\" \/>\n<meta property=\"og:url\" content=\"https:\/\/www.swiss-retail.ch\/fr\/news-fr\/covid-19-exit-dimportantes-mesures-de-mise-en-oeuvre-doivent-etre-prises-rapidement\/\" \/>\n<meta property=\"article:published_time\" content=\"2021-03-21T10:27:54+00:00\" \/>\n<meta property=\"article:modified_time\" content=\"2021-03-21T10:31:13+00:00\" \/>\n<meta property=\"og:image\" content=\"https:\/\/www.swiss-retail.ch\/wp-content\/uploads\/2020\/11\/2020-10-30-13_23_43-Window-4.png\" \/>\n\t<meta property=\"og:image:width\" content=\"283\" \/>\n\t<meta property=\"og:image:height\" content=\"188\" \/>\n\t<meta property=\"og:image:type\" content=\"image\/png\" \/>\n<meta name=\"twitter:card\" content=\"summary_large_image\" \/>\n<meta name=\"twitter:label1\" content=\"\u00c9crit par\" \/>\n\t<meta name=\"twitter:data1\" content=\"Administrator\" \/>\n\t<meta name=\"twitter:label2\" content=\"Dur\u00e9e de lecture estim\u00e9e\" \/>\n\t<meta name=\"twitter:data2\" content=\"8 minutes\" \/>\n<script type=\"application\/ld+json\" class=\"yoast-schema-graph\">{\"@context\":\"https:\/\/schema.org\",\"@graph\":[{\"@type\":\"WebSite\",\"@id\":\"https:\/\/www.swiss-retail.ch\/#website\",\"url\":\"https:\/\/www.swiss-retail.ch\/\",\"name\":\"\",\"description\":\"Verband der Mittel- und Grossbetriebe des schweizerischen Detailhandels\",\"potentialAction\":[{\"@type\":\"SearchAction\",\"target\":{\"@type\":\"EntryPoint\",\"urlTemplate\":\"https:\/\/www.swiss-retail.ch\/?s={search_term_string}\"},\"query-input\":\"required name=search_term_string\"}],\"inLanguage\":\"fr-FR\"},{\"@type\":\"ImageObject\",\"@id\":\"https:\/\/www.swiss-retail.ch\/fr\/news-fr\/covid-19-exit-dimportantes-mesures-de-mise-en-oeuvre-doivent-etre-prises-rapidement\/#primaryimage\",\"inLanguage\":\"fr-FR\",\"url\":\"https:\/\/www.swiss-retail.ch\/wp-content\/uploads\/2020\/11\/2020-10-30-13_23_43-Window-4.png\",\"contentUrl\":\"https:\/\/www.swiss-retail.ch\/wp-content\/uploads\/2020\/11\/2020-10-30-13_23_43-Window-4.png\",\"width\":283,\"height\":188},{\"@type\":\"WebPage\",\"@id\":\"https:\/\/www.swiss-retail.ch\/fr\/news-fr\/covid-19-exit-dimportantes-mesures-de-mise-en-oeuvre-doivent-etre-prises-rapidement\/#webpage\",\"url\":\"https:\/\/www.swiss-retail.ch\/fr\/news-fr\/covid-19-exit-dimportantes-mesures-de-mise-en-oeuvre-doivent-etre-prises-rapidement\/\",\"name\":\"COVID-19-EXIT \u2013 d'importantes mesures de mise en oeuvre doivent \u00eatre prises rapidement -\",\"isPartOf\":{\"@id\":\"https:\/\/www.swiss-retail.ch\/#website\"},\"primaryImageOfPage\":{\"@id\":\"https:\/\/www.swiss-retail.ch\/fr\/news-fr\/covid-19-exit-dimportantes-mesures-de-mise-en-oeuvre-doivent-etre-prises-rapidement\/#primaryimage\"},\"datePublished\":\"2021-03-21T10:27:54+00:00\",\"dateModified\":\"2021-03-21T10:31:13+00:00\",\"author\":{\"@id\":\"https:\/\/www.swiss-retail.ch\/#\/schema\/person\/29989425494ba3fa666290a573afb7a1\"},\"breadcrumb\":{\"@id\":\"https:\/\/www.swiss-retail.ch\/fr\/news-fr\/covid-19-exit-dimportantes-mesures-de-mise-en-oeuvre-doivent-etre-prises-rapidement\/#breadcrumb\"},\"inLanguage\":\"fr-FR\",\"potentialAction\":[{\"@type\":\"ReadAction\",\"target\":[\"https:\/\/www.swiss-retail.ch\/fr\/news-fr\/covid-19-exit-dimportantes-mesures-de-mise-en-oeuvre-doivent-etre-prises-rapidement\/\"]}]},{\"@type\":\"BreadcrumbList\",\"@id\":\"https:\/\/www.swiss-retail.ch\/fr\/news-fr\/covid-19-exit-dimportantes-mesures-de-mise-en-oeuvre-doivent-etre-prises-rapidement\/#breadcrumb\",\"itemListElement\":[{\"@type\":\"ListItem\",\"position\":1,\"name\":\"Startseite\",\"item\":\"https:\/\/www.swiss-retail.ch\/fr\/homepage\/\"},{\"@type\":\"ListItem\",\"position\":2,\"name\":\"COVID-19-EXIT \u2013 d&rsquo;importantes mesures de mise en oeuvre doivent \u00eatre prises rapidement\"}]},{\"@type\":\"Person\",\"@id\":\"https:\/\/www.swiss-retail.ch\/#\/schema\/person\/29989425494ba3fa666290a573afb7a1\",\"name\":\"Administrator\",\"url\":\"https:\/\/www.swiss-retail.ch\/fr\/author\/administrator\/\"}]}<\/script>\n<!-- \/ Yoast SEO plugin. -->","yoast_head_json":{"title":"COVID-19-EXIT \u2013 d'importantes mesures de mise en oeuvre doivent \u00eatre prises rapidement -","robots":{"index":"index","follow":"follow","max-snippet":"max-snippet:-1","max-image-preview":"max-image-preview:large","max-video-preview":"max-video-preview:-1"},"canonical":"https:\/\/www.swiss-retail.ch\/fr\/news-fr\/covid-19-exit-dimportantes-mesures-de-mise-en-oeuvre-doivent-etre-prises-rapidement\/","og_locale":"fr_FR","og_type":"article","og_title":"COVID-19-EXIT \u2013 d'importantes mesures de mise en oeuvre doivent \u00eatre prises rapidement -","og_url":"https:\/\/www.swiss-retail.ch\/fr\/news-fr\/covid-19-exit-dimportantes-mesures-de-mise-en-oeuvre-doivent-etre-prises-rapidement\/","article_published_time":"2021-03-21T10:27:54+00:00","article_modified_time":"2021-03-21T10:31:13+00:00","og_image":[{"width":283,"height":188,"url":"https:\/\/www.swiss-retail.ch\/wp-content\/uploads\/2020\/11\/2020-10-30-13_23_43-Window-4.png","type":"image\/png"}],"twitter_card":"summary_large_image","twitter_misc":{"\u00c9crit par":"Administrator","Dur\u00e9e de lecture estim\u00e9e":"8 minutes"},"schema":{"@context":"https:\/\/schema.org","@graph":[{"@type":"WebSite","@id":"https:\/\/www.swiss-retail.ch\/#website","url":"https:\/\/www.swiss-retail.ch\/","name":"","description":"Verband der Mittel- und Grossbetriebe des schweizerischen Detailhandels","potentialAction":[{"@type":"SearchAction","target":{"@type":"EntryPoint","urlTemplate":"https:\/\/www.swiss-retail.ch\/?s={search_term_string}"},"query-input":"required name=search_term_string"}],"inLanguage":"fr-FR"},{"@type":"ImageObject","@id":"https:\/\/www.swiss-retail.ch\/fr\/news-fr\/covid-19-exit-dimportantes-mesures-de-mise-en-oeuvre-doivent-etre-prises-rapidement\/#primaryimage","inLanguage":"fr-FR","url":"https:\/\/www.swiss-retail.ch\/wp-content\/uploads\/2020\/11\/2020-10-30-13_23_43-Window-4.png","contentUrl":"https:\/\/www.swiss-retail.ch\/wp-content\/uploads\/2020\/11\/2020-10-30-13_23_43-Window-4.png","width":283,"height":188},{"@type":"WebPage","@id":"https:\/\/www.swiss-retail.ch\/fr\/news-fr\/covid-19-exit-dimportantes-mesures-de-mise-en-oeuvre-doivent-etre-prises-rapidement\/#webpage","url":"https:\/\/www.swiss-retail.ch\/fr\/news-fr\/covid-19-exit-dimportantes-mesures-de-mise-en-oeuvre-doivent-etre-prises-rapidement\/","name":"COVID-19-EXIT \u2013 d'importantes mesures de mise en oeuvre doivent \u00eatre prises rapidement -","isPartOf":{"@id":"https:\/\/www.swiss-retail.ch\/#website"},"primaryImageOfPage":{"@id":"https:\/\/www.swiss-retail.ch\/fr\/news-fr\/covid-19-exit-dimportantes-mesures-de-mise-en-oeuvre-doivent-etre-prises-rapidement\/#primaryimage"},"datePublished":"2021-03-21T10:27:54+00:00","dateModified":"2021-03-21T10:31:13+00:00","author":{"@id":"https:\/\/www.swiss-retail.ch\/#\/schema\/person\/29989425494ba3fa666290a573afb7a1"},"breadcrumb":{"@id":"https:\/\/www.swiss-retail.ch\/fr\/news-fr\/covid-19-exit-dimportantes-mesures-de-mise-en-oeuvre-doivent-etre-prises-rapidement\/#breadcrumb"},"inLanguage":"fr-FR","potentialAction":[{"@type":"ReadAction","target":["https:\/\/www.swiss-retail.ch\/fr\/news-fr\/covid-19-exit-dimportantes-mesures-de-mise-en-oeuvre-doivent-etre-prises-rapidement\/"]}]},{"@type":"BreadcrumbList","@id":"https:\/\/www.swiss-retail.ch\/fr\/news-fr\/covid-19-exit-dimportantes-mesures-de-mise-en-oeuvre-doivent-etre-prises-rapidement\/#breadcrumb","itemListElement":[{"@type":"ListItem","position":1,"name":"Startseite","item":"https:\/\/www.swiss-retail.ch\/fr\/homepage\/"},{"@type":"ListItem","position":2,"name":"COVID-19-EXIT \u2013 d&rsquo;importantes mesures de mise en oeuvre doivent \u00eatre prises rapidement"}]},{"@type":"Person","@id":"https:\/\/www.swiss-retail.ch\/#\/schema\/person\/29989425494ba3fa666290a573afb7a1","name":"Administrator","url":"https:\/\/www.swiss-retail.ch\/fr\/author\/administrator\/"}]}},"_links":{"self":[{"href":"https:\/\/www.swiss-retail.ch\/fr\/wp-json\/wp\/v2\/posts\/11516"}],"collection":[{"href":"https:\/\/www.swiss-retail.ch\/fr\/wp-json\/wp\/v2\/posts"}],"about":[{"href":"https:\/\/www.swiss-retail.ch\/fr\/wp-json\/wp\/v2\/types\/post"}],"author":[{"embeddable":true,"href":"https:\/\/www.swiss-retail.ch\/fr\/wp-json\/wp\/v2\/users\/19"}],"replies":[{"embeddable":true,"href":"https:\/\/www.swiss-retail.ch\/fr\/wp-json\/wp\/v2\/comments?post=11516"}],"version-history":[{"count":4,"href":"https:\/\/www.swiss-retail.ch\/fr\/wp-json\/wp\/v2\/posts\/11516\/revisions"}],"predecessor-version":[{"id":11519,"href":"https:\/\/www.swiss-retail.ch\/fr\/wp-json\/wp\/v2\/posts\/11516\/revisions\/11519"}],"wp:featuredmedia":[{"embeddable":true,"href":"https:\/\/www.swiss-retail.ch\/fr\/wp-json\/wp\/v2\/media\/11068"}],"wp:attachment":[{"href":"https:\/\/www.swiss-retail.ch\/fr\/wp-json\/wp\/v2\/media?parent=11516"}],"wp:term":[{"taxonomy":"category","embeddable":true,"href":"https:\/\/www.swiss-retail.ch\/fr\/wp-json\/wp\/v2\/categories?post=11516"},{"taxonomy":"post_tag","embeddable":true,"href":"https:\/\/www.swiss-retail.ch\/fr\/wp-json\/wp\/v2\/tags?post=11516"}],"curies":[{"name":"wp","href":"https:\/\/api.w.org\/{rel}","templated":true}]}}