{"id":11526,"date":"2021-03-22T15:16:27","date_gmt":"2021-03-22T14:16:27","guid":{"rendered":"https:\/\/www.swiss-retail.ch\/?p=11526"},"modified":"2021-03-22T15:16:27","modified_gmt":"2021-03-22T14:16:27","slug":"appliquer-rapidement-et-de-maniere-non-bureaucratique-les-aides-aux-cas-de-rigueur","status":"publish","type":"post","link":"https:\/\/www.swiss-retail.ch\/fr\/news-fr\/appliquer-rapidement-et-de-maniere-non-bureaucratique-les-aides-aux-cas-de-rigueur\/","title":{"rendered":"Appliquer rapidement et de mani\u00e8re non bureaucratique les aides aux cas de rigueur"},"content":{"rendered":"<section class=\"av_textblock_section \"  itemscope=\"itemscope\" itemtype=\"https:\/\/schema.org\/BlogPosting\" itemprop=\"blogPost\" ><div class='avia_textblock  '   itemprop=\"text\" ><h1><span style=\"color: #5dbcd2;\">Appliquer rapidement et de mani\u00e8re non bureaucratique les aides aux cas de rigueur<\/span><\/h1>\n<\/div><\/section>\n<div   class='hr hr-default   avia-builder-el-1  el_after_av_textblock  el_before_av_textblock '><span class='hr-inner ' ><span class='hr-inner-style'><\/span><\/span><\/div>\n<section class=\"av_textblock_section \"  itemscope=\"itemscope\" itemtype=\"https:\/\/schema.org\/BlogPosting\" itemprop=\"blogPost\" ><div class='avia_textblock  '   itemprop=\"text\" ><p><strong><em>Swiss Retail Federation se f\u00e9licite de l&rsquo;accord trouv\u00e9 par les deux Chambres sur la loi Covid 19, si importante pour l&rsquo;\u00e9conomie suisse. D&rsquo;importants ajustements lui ont \u00e9t\u00e9 apport\u00e9s qui permettront aux entreprises d&rsquo;amortir l\u2019\u00e9norme impact de la crise du coronavirus sur leurs activit\u00e9s commerciales. Toutefois, certains points importants pour le commerce de d\u00e9tail et d&rsquo;autres branches suisses n&rsquo;ont malheureusement pas \u00e9t\u00e9 inclus dans la loi<\/em><\/strong>.<\/p>\n<p>Swiss Retail juge positif le rel\u00e8vement du montant des aides aux cas de rigueur pr\u00e9vues pour les entreprises du commerce de d\u00e9tail frapp\u00e9es par la crise sanitaire. Les moyennes et grandes entreprises recevront d\u00e9sormais des contributions \u00e0 fonds perdu de respectivement 5 millions de francs et 10 millions de francs si elles fournissent des prestations propres. Cela permettra \u00e9galement de soutenir les cat\u00e9gories d\u2019entreprises moyennes et grandes qui pr\u00e9servent de nombreux emplois et ont \u00e9t\u00e9 aussi durement frapp\u00e9es par la crise que les petites entreprises. Swiss Retail se f\u00e9licite du soutien politique dont b\u00e9n\u00e9ficient ces entreprises, en regrettant n\u00e9anmoins que certains points importants n&rsquo;aient pas \u00e9t\u00e9 inclus dans la loi.<\/p>\n<p><strong>L&rsquo;aide aux cas de rigueur encore insuffisante dans la branche du commerce de d\u00e9tail <\/strong><\/p>\n<p>Il n\u2019est pas heureux que le Parlement ait maintenu la condition d\u2019un chiffre d&rsquo;affaires annuel inf\u00e9rieur \u00e0 60% de la moyenne pluriannuelle ou d\u2019une fermeture de 40 jours de l\u2019entreprise pour l\u2019aide aux cas de rigueur. Un recul d\u2019au moins 40 % ou plus du chiffre d\u2019affaires est d\u00e9j\u00e0 une exigence trop \u00e9lev\u00e9e pour le commerce de d\u00e9tail en situation de confinement. Les marges EBIT sont minces et les fournisseurs et les entreprises qui ont \u00e9t\u00e9 autoris\u00e9s \u00e0 rester ouverts mais qui subissent une forte baisse de fr\u00e9quentation en raison des mesures ordonn\u00e9es r\u00e9alisent difficilement les rentr\u00e9es en question dans la branche. Une baisse des vente de 5% plonge d\u00e9j\u00e0 les entreprises dans le rouge. Swiss Retail \u00e9prouve aussi des sentiments m\u00eal\u00e9s \u00e0 l&rsquo;\u00e9gard de la r\u00e8gle qui veut que les entreprises dont le chiffre d&rsquo;affaires annuel est sup\u00e9rieur \u00e0 5 millions de francs et qui r\u00e9alisent un b\u00e9n\u00e9fice annuel imposable au cours de l&rsquo;ann\u00e9e o\u00f9 elles ont re\u00e7u une contribution \u00e0 fonds perdus doivent reverser cette derni\u00e8re au canton concern\u00e9. Cela vide de son sens le concept de fonds perdu et revient \u00e0 dire que ces entreprises doivent en d\u00e9finitive financer elles-m\u00eames les mesures impos\u00e9es par l&rsquo;\u00c9tat, ce qui les limite dans leur d\u00e9veloppement futur.<\/p>\n<p><strong>La question des loyers commerciaux \u00e9cart\u00e9e une fois de plus<\/strong><\/p>\n<p>Il est d\u00e9cevant que les commer\u00e7ants locataires gravement touch\u00e9s par les mesures de lutte contre la pand\u00e9mie ne soient pas soutenus par la loi. Ainsi l\u2019article 9, lettre d, par exemple, a \u00e9t\u00e9 supprim\u00e9 lors de la conf\u00e9rence de conciliation. Cette disposition aurait accord\u00e9 aux locataires en retard dans le paiement du loyer ou des frais annexes en raison des mesures prises par le Conseil f\u00e9d\u00e9ral pour lutter contre la pand\u00e9mie un d\u00e9lai de paiement de 90 jours, en d\u00e9rogation \u00e0 l&rsquo;art. 257d CO. La branche doit avaler cette pilule et les entreprises concern\u00e9es n&rsquo;ont plus d&rsquo;autre choix que de tenter de n\u00e9gocier avec les propri\u00e9taires. Il est donc d&rsquo;autant plus important que l&rsquo;aide aux cas de rigueur soit vers\u00e9e rapidement par les cantons aux locataires commerciaux pour qu\u2019ils ne soient pas \u00e9trangl\u00e9s par des retards de paiements. En outre, il faut veiller \u00e0 harmoniser les proc\u00e9dures et les crit\u00e8res de demande dans les cantons afin d&rsquo;\u00e9viter toute distorsion de la concurrence pour les entreprises concern\u00e9es.<\/p>\n<p><strong>Mise en \u0153uvre rapide<\/strong><\/p>\n<p>Swiss Retail esp\u00e8re que le Conseil f\u00e9d\u00e9ral pr\u00e9cisera rapidement les questions de d\u00e9tail sur l\u2019aide aux cas de rigueur et que les cantons ne tarderont pas \u00e0 appliquer les changements pour permettre aux entreprises concern\u00e9es de recevoir une aide dans les meilleurs d\u00e9lais possibles. L\u2019exp\u00e9rience de ces derniers mois a montr\u00e9 h\u00e9las que les cantons, en particulier, ne montrent pas toujours le m\u00eame empressement \u00e0 mettre en \u0153uvre les mesures d&rsquo;aide aux cas de rigueur. Comme le souligne Dagmar Jenni, \u00ab\u00a0le succ\u00e8s de l&rsquo;aide aux personnes en difficult\u00e9 et du soutien \u00e0 l&rsquo;\u00e9conomie se mesurera finalement \u00e0 l&rsquo;aune de sa mise en \u0153uvre rapide et non bureaucratique.\u00a0\u00bb<\/p>\n<p>Pour toute question ou information compl\u00e9mentaire, n\u2019h\u00e9sitez pas \u00e0 nous joindre \u00e0 l&rsquo;adresse\u00a0<a href=\"mailto:medien@swiss-retail.ch\">medien@swiss-retail.ch<\/a>.<\/p>\n<\/div><\/section>\n<div   class='hr hr-default   avia-builder-el-3  el_after_av_textblock  el_before_av_social_share '><span class='hr-inner ' ><span class='hr-inner-style'><\/span><\/span><\/div>\n<div  class='av-social-sharing-box  avia-builder-el-4  el_after_av_hr  avia-builder-el-last  '><div class='av-share-box'><h5 class='av-share-link-description av-no-toc '>Eintrag teilen<\/h5><ul class='av-share-box-list noLightbox'><li class='av-share-link av-social-link-facebook' ><a target=\"_blank\" aria-label=\"Partager sur Facebook\" href='https:\/\/www.facebook.com\/sharer.php?u=https:\/\/www.swiss-retail.ch\/fr\/news-fr\/appliquer-rapidement-et-de-maniere-non-bureaucratique-les-aides-aux-cas-de-rigueur\/&#038;t=Appliquer%20rapidement%20et%20de%20mani%C3%A8re%20non%20bureaucratique%20les%20aides%20aux%20cas%20de%20rigueur' aria-hidden='false' data-av_icon='\ue8f3' data-av_iconfont='entypo-fontello' title='' data-avia-related-tooltip='Partager sur Facebook' rel=\"noopener\"><span class='avia_hidden_link_text'>Partager sur Facebook<\/span><\/a><\/li><li class='av-share-link av-social-link-twitter' ><a target=\"_blank\" aria-label=\"Partager sur Twitter\" href='https:\/\/twitter.com\/share?text=Appliquer%20rapidement%20et%20de%20mani%C3%A8re%20non%20bureaucratique%20les%20aides%20aux%20cas%20de%20rigueur&#038;url=https:\/\/www.swiss-retail.ch\/fr\/?p=11526' aria-hidden='false' data-av_icon='\ue8f1' data-av_iconfont='entypo-fontello' title='' data-avia-related-tooltip='Partager sur Twitter' rel=\"noopener\"><span class='avia_hidden_link_text'>Partager sur Twitter<\/span><\/a><\/li><li class='av-share-link av-social-link-whatsapp' ><a target=\"_blank\" aria-label=\"Share on WhatsApp\" href='https:\/\/api.whatsapp.com\/send?text=https:\/\/www.swiss-retail.ch\/fr\/news-fr\/appliquer-rapidement-et-de-maniere-non-bureaucratique-les-aides-aux-cas-de-rigueur\/' aria-hidden='false' data-av_icon='\uf232' data-av_iconfont='entypo-fontello' title='' data-avia-related-tooltip='Share on WhatsApp' rel=\"noopener\"><span class='avia_hidden_link_text'>Share on WhatsApp<\/span><\/a><\/li><li class='av-share-link av-social-link-linkedin' ><a target=\"_blank\" aria-label=\"Partager sur LinkedIn\" href='https:\/\/linkedin.com\/shareArticle?mini=true&#038;title=Appliquer%20rapidement%20et%20de%20mani%C3%A8re%20non%20bureaucratique%20les%20aides%20aux%20cas%20de%20rigueur&#038;url=https:\/\/www.swiss-retail.ch\/fr\/news-fr\/appliquer-rapidement-et-de-maniere-non-bureaucratique-les-aides-aux-cas-de-rigueur\/' aria-hidden='false' data-av_icon='\ue8fc' data-av_iconfont='entypo-fontello' title='' data-avia-related-tooltip='Partager sur LinkedIn' rel=\"noopener\"><span class='avia_hidden_link_text'>Partager sur LinkedIn<\/span><\/a><\/li><li class='av-share-link av-social-link-mail' ><a  aria-label=\"Partager par Mail\" href='mailto:?subject=Appliquer%20rapidement%20et%20de%20mani%C3%A8re%20non%20bureaucratique%20les%20aides%20aux%20cas%20de%20rigueur&#038;body=https:\/\/www.swiss-retail.ch\/fr\/news-fr\/appliquer-rapidement-et-de-maniere-non-bureaucratique-les-aides-aux-cas-de-rigueur\/' aria-hidden='false' data-av_icon='\ue805' data-av_iconfont='entypo-fontello' title='' data-avia-related-tooltip='Partager par Mail'><span class='avia_hidden_link_text'>Partager par Mail<\/span><\/a><\/li><\/ul><\/div><\/div>\n","protected":false},"excerpt":{"rendered":"","protected":false},"author":19,"featured_media":11068,"comment_status":"closed","ping_status":"closed","sticky":false,"template":"","format":"standard","meta":[],"categories":[69,64],"tags":[],"yoast_head":"<!-- This site is optimized with the Yoast SEO plugin v18.5.1 - https:\/\/yoast.com\/wordpress\/plugins\/seo\/ -->\n<title>Appliquer rapidement et de mani\u00e8re non bureaucratique les aides aux cas de rigueur -<\/title>\n<meta name=\"robots\" content=\"index, follow, max-snippet:-1, max-image-preview:large, max-video-preview:-1\" \/>\n<link rel=\"canonical\" href=\"https:\/\/www.swiss-retail.ch\/fr\/news-fr\/appliquer-rapidement-et-de-maniere-non-bureaucratique-les-aides-aux-cas-de-rigueur\/\" \/>\n<meta property=\"og:locale\" content=\"fr_FR\" \/>\n<meta property=\"og:type\" content=\"article\" \/>\n<meta property=\"og:title\" content=\"Appliquer rapidement et de mani\u00e8re non bureaucratique les aides aux cas de rigueur -\" \/>\n<meta property=\"og:url\" content=\"https:\/\/www.swiss-retail.ch\/fr\/news-fr\/appliquer-rapidement-et-de-maniere-non-bureaucratique-les-aides-aux-cas-de-rigueur\/\" \/>\n<meta property=\"article:published_time\" content=\"2021-03-22T14:16:27+00:00\" \/>\n<meta property=\"og:image\" content=\"https:\/\/www.swiss-retail.ch\/wp-content\/uploads\/2020\/11\/2020-10-30-13_23_43-Window-4.png\" \/>\n\t<meta property=\"og:image:width\" content=\"283\" \/>\n\t<meta property=\"og:image:height\" content=\"188\" \/>\n\t<meta property=\"og:image:type\" content=\"image\/png\" \/>\n<meta name=\"twitter:card\" content=\"summary_large_image\" \/>\n<meta name=\"twitter:label1\" content=\"\u00c9crit par\" \/>\n\t<meta name=\"twitter:data1\" content=\"Administrator\" \/>\n\t<meta name=\"twitter:label2\" content=\"Dur\u00e9e de lecture estim\u00e9e\" \/>\n\t<meta name=\"twitter:data2\" content=\"5 minutes\" \/>\n<script type=\"application\/ld+json\" class=\"yoast-schema-graph\">{\"@context\":\"https:\/\/schema.org\",\"@graph\":[{\"@type\":\"WebSite\",\"@id\":\"https:\/\/www.swiss-retail.ch\/#website\",\"url\":\"https:\/\/www.swiss-retail.ch\/\",\"name\":\"\",\"description\":\"Verband der Mittel- und Grossbetriebe des schweizerischen Detailhandels\",\"potentialAction\":[{\"@type\":\"SearchAction\",\"target\":{\"@type\":\"EntryPoint\",\"urlTemplate\":\"https:\/\/www.swiss-retail.ch\/?s={search_term_string}\"},\"query-input\":\"required name=search_term_string\"}],\"inLanguage\":\"fr-FR\"},{\"@type\":\"ImageObject\",\"@id\":\"https:\/\/www.swiss-retail.ch\/fr\/news-fr\/appliquer-rapidement-et-de-maniere-non-bureaucratique-les-aides-aux-cas-de-rigueur\/#primaryimage\",\"inLanguage\":\"fr-FR\",\"url\":\"https:\/\/www.swiss-retail.ch\/wp-content\/uploads\/2020\/11\/2020-10-30-13_23_43-Window-4.png\",\"contentUrl\":\"https:\/\/www.swiss-retail.ch\/wp-content\/uploads\/2020\/11\/2020-10-30-13_23_43-Window-4.png\",\"width\":283,\"height\":188},{\"@type\":\"WebPage\",\"@id\":\"https:\/\/www.swiss-retail.ch\/fr\/news-fr\/appliquer-rapidement-et-de-maniere-non-bureaucratique-les-aides-aux-cas-de-rigueur\/#webpage\",\"url\":\"https:\/\/www.swiss-retail.ch\/fr\/news-fr\/appliquer-rapidement-et-de-maniere-non-bureaucratique-les-aides-aux-cas-de-rigueur\/\",\"name\":\"Appliquer rapidement et de mani\u00e8re non bureaucratique les aides aux cas de rigueur -\",\"isPartOf\":{\"@id\":\"https:\/\/www.swiss-retail.ch\/#website\"},\"primaryImageOfPage\":{\"@id\":\"https:\/\/www.swiss-retail.ch\/fr\/news-fr\/appliquer-rapidement-et-de-maniere-non-bureaucratique-les-aides-aux-cas-de-rigueur\/#primaryimage\"},\"datePublished\":\"2021-03-22T14:16:27+00:00\",\"dateModified\":\"2021-03-22T14:16:27+00:00\",\"author\":{\"@id\":\"https:\/\/www.swiss-retail.ch\/#\/schema\/person\/29989425494ba3fa666290a573afb7a1\"},\"breadcrumb\":{\"@id\":\"https:\/\/www.swiss-retail.ch\/fr\/news-fr\/appliquer-rapidement-et-de-maniere-non-bureaucratique-les-aides-aux-cas-de-rigueur\/#breadcrumb\"},\"inLanguage\":\"fr-FR\",\"potentialAction\":[{\"@type\":\"ReadAction\",\"target\":[\"https:\/\/www.swiss-retail.ch\/fr\/news-fr\/appliquer-rapidement-et-de-maniere-non-bureaucratique-les-aides-aux-cas-de-rigueur\/\"]}]},{\"@type\":\"BreadcrumbList\",\"@id\":\"https:\/\/www.swiss-retail.ch\/fr\/news-fr\/appliquer-rapidement-et-de-maniere-non-bureaucratique-les-aides-aux-cas-de-rigueur\/#breadcrumb\",\"itemListElement\":[{\"@type\":\"ListItem\",\"position\":1,\"name\":\"Startseite\",\"item\":\"https:\/\/www.swiss-retail.ch\/fr\/homepage\/\"},{\"@type\":\"ListItem\",\"position\":2,\"name\":\"Appliquer rapidement et de mani\u00e8re non bureaucratique les aides aux cas de rigueur\"}]},{\"@type\":\"Person\",\"@id\":\"https:\/\/www.swiss-retail.ch\/#\/schema\/person\/29989425494ba3fa666290a573afb7a1\",\"name\":\"Administrator\",\"url\":\"https:\/\/www.swiss-retail.ch\/fr\/author\/administrator\/\"}]}<\/script>\n<!-- \/ Yoast SEO plugin. -->","yoast_head_json":{"title":"Appliquer rapidement et de mani\u00e8re non bureaucratique les aides aux cas de rigueur -","robots":{"index":"index","follow":"follow","max-snippet":"max-snippet:-1","max-image-preview":"max-image-preview:large","max-video-preview":"max-video-preview:-1"},"canonical":"https:\/\/www.swiss-retail.ch\/fr\/news-fr\/appliquer-rapidement-et-de-maniere-non-bureaucratique-les-aides-aux-cas-de-rigueur\/","og_locale":"fr_FR","og_type":"article","og_title":"Appliquer rapidement et de mani\u00e8re non bureaucratique les aides aux cas de rigueur -","og_url":"https:\/\/www.swiss-retail.ch\/fr\/news-fr\/appliquer-rapidement-et-de-maniere-non-bureaucratique-les-aides-aux-cas-de-rigueur\/","article_published_time":"2021-03-22T14:16:27+00:00","og_image":[{"width":283,"height":188,"url":"https:\/\/www.swiss-retail.ch\/wp-content\/uploads\/2020\/11\/2020-10-30-13_23_43-Window-4.png","type":"image\/png"}],"twitter_card":"summary_large_image","twitter_misc":{"\u00c9crit par":"Administrator","Dur\u00e9e de lecture estim\u00e9e":"5 minutes"},"schema":{"@context":"https:\/\/schema.org","@graph":[{"@type":"WebSite","@id":"https:\/\/www.swiss-retail.ch\/#website","url":"https:\/\/www.swiss-retail.ch\/","name":"","description":"Verband der Mittel- und Grossbetriebe des schweizerischen Detailhandels","potentialAction":[{"@type":"SearchAction","target":{"@type":"EntryPoint","urlTemplate":"https:\/\/www.swiss-retail.ch\/?s={search_term_string}"},"query-input":"required name=search_term_string"}],"inLanguage":"fr-FR"},{"@type":"ImageObject","@id":"https:\/\/www.swiss-retail.ch\/fr\/news-fr\/appliquer-rapidement-et-de-maniere-non-bureaucratique-les-aides-aux-cas-de-rigueur\/#primaryimage","inLanguage":"fr-FR","url":"https:\/\/www.swiss-retail.ch\/wp-content\/uploads\/2020\/11\/2020-10-30-13_23_43-Window-4.png","contentUrl":"https:\/\/www.swiss-retail.ch\/wp-content\/uploads\/2020\/11\/2020-10-30-13_23_43-Window-4.png","width":283,"height":188},{"@type":"WebPage","@id":"https:\/\/www.swiss-retail.ch\/fr\/news-fr\/appliquer-rapidement-et-de-maniere-non-bureaucratique-les-aides-aux-cas-de-rigueur\/#webpage","url":"https:\/\/www.swiss-retail.ch\/fr\/news-fr\/appliquer-rapidement-et-de-maniere-non-bureaucratique-les-aides-aux-cas-de-rigueur\/","name":"Appliquer rapidement et de mani\u00e8re non bureaucratique les aides aux cas de rigueur -","isPartOf":{"@id":"https:\/\/www.swiss-retail.ch\/#website"},"primaryImageOfPage":{"@id":"https:\/\/www.swiss-retail.ch\/fr\/news-fr\/appliquer-rapidement-et-de-maniere-non-bureaucratique-les-aides-aux-cas-de-rigueur\/#primaryimage"},"datePublished":"2021-03-22T14:16:27+00:00","dateModified":"2021-03-22T14:16:27+00:00","author":{"@id":"https:\/\/www.swiss-retail.ch\/#\/schema\/person\/29989425494ba3fa666290a573afb7a1"},"breadcrumb":{"@id":"https:\/\/www.swiss-retail.ch\/fr\/news-fr\/appliquer-rapidement-et-de-maniere-non-bureaucratique-les-aides-aux-cas-de-rigueur\/#breadcrumb"},"inLanguage":"fr-FR","potentialAction":[{"@type":"ReadAction","target":["https:\/\/www.swiss-retail.ch\/fr\/news-fr\/appliquer-rapidement-et-de-maniere-non-bureaucratique-les-aides-aux-cas-de-rigueur\/"]}]},{"@type":"BreadcrumbList","@id":"https:\/\/www.swiss-retail.ch\/fr\/news-fr\/appliquer-rapidement-et-de-maniere-non-bureaucratique-les-aides-aux-cas-de-rigueur\/#breadcrumb","itemListElement":[{"@type":"ListItem","position":1,"name":"Startseite","item":"https:\/\/www.swiss-retail.ch\/fr\/homepage\/"},{"@type":"ListItem","position":2,"name":"Appliquer rapidement et de mani\u00e8re non bureaucratique les aides aux cas de rigueur"}]},{"@type":"Person","@id":"https:\/\/www.swiss-retail.ch\/#\/schema\/person\/29989425494ba3fa666290a573afb7a1","name":"Administrator","url":"https:\/\/www.swiss-retail.ch\/fr\/author\/administrator\/"}]}},"_links":{"self":[{"href":"https:\/\/www.swiss-retail.ch\/fr\/wp-json\/wp\/v2\/posts\/11526"}],"collection":[{"href":"https:\/\/www.swiss-retail.ch\/fr\/wp-json\/wp\/v2\/posts"}],"about":[{"href":"https:\/\/www.swiss-retail.ch\/fr\/wp-json\/wp\/v2\/types\/post"}],"author":[{"embeddable":true,"href":"https:\/\/www.swiss-retail.ch\/fr\/wp-json\/wp\/v2\/users\/19"}],"replies":[{"embeddable":true,"href":"https:\/\/www.swiss-retail.ch\/fr\/wp-json\/wp\/v2\/comments?post=11526"}],"version-history":[{"count":2,"href":"https:\/\/www.swiss-retail.ch\/fr\/wp-json\/wp\/v2\/posts\/11526\/revisions"}],"predecessor-version":[{"id":11528,"href":"https:\/\/www.swiss-retail.ch\/fr\/wp-json\/wp\/v2\/posts\/11526\/revisions\/11528"}],"wp:featuredmedia":[{"embeddable":true,"href":"https:\/\/www.swiss-retail.ch\/fr\/wp-json\/wp\/v2\/media\/11068"}],"wp:attachment":[{"href":"https:\/\/www.swiss-retail.ch\/fr\/wp-json\/wp\/v2\/media?parent=11526"}],"wp:term":[{"taxonomy":"category","embeddable":true,"href":"https:\/\/www.swiss-retail.ch\/fr\/wp-json\/wp\/v2\/categories?post=11526"},{"taxonomy":"post_tag","embeddable":true,"href":"https:\/\/www.swiss-retail.ch\/fr\/wp-json\/wp\/v2\/tags?post=11526"}],"curies":[{"name":"wp","href":"https:\/\/api.w.org\/{rel}","templated":true}]}}