{"id":11578,"date":"2021-03-25T14:43:03","date_gmt":"2021-03-25T13:43:03","guid":{"rendered":"https:\/\/www.swiss-retail.ch\/non-classifiee\/swiss-retail-federation-partenaire-de-nomination-du-green-business-award\/"},"modified":"2021-03-25T14:44:41","modified_gmt":"2021-03-25T13:44:41","slug":"swiss-retail-federation-partenaire-de-nomination-du-green-business-award","status":"publish","type":"post","link":"https:\/\/www.swiss-retail.ch\/fr\/news-fr\/swiss-retail-federation-partenaire-de-nomination-du-green-business-award\/","title":{"rendered":"Swiss Retail Federation, partenaire de nomination du \u00abGreen Business Award\u00bb"},"content":{"rendered":"<div  class='avia-image-container  av-styling-    avia-builder-el-0  el_before_av_hr  avia-builder-el-first  avia-align-center '  itemprop=\"image\" itemscope=\"itemscope\" itemtype=\"https:\/\/schema.org\/ImageObject\"  ><div class='avia-image-container-inner'><div class='avia-image-overlay-wrap'><img class='avia_image' src='https:\/\/www.swiss-retail.ch\/wp-content\/uploads\/2020\/09\/Green-Business-Switzerlande_FR.jpg' alt='' title='Green Business Switzerlande_FR' height=\"1000\" width=\"1333\"  itemprop=\"thumbnailUrl\"  \/><\/div><\/div><\/div>\n<div   class='hr hr-default   avia-builder-el-1  el_after_av_image  el_before_av_textblock '><span class='hr-inner ' ><span class='hr-inner-style'><\/span><\/span><\/div>\n<section class=\"av_textblock_section \"  itemscope=\"itemscope\" itemtype=\"https:\/\/schema.org\/BlogPosting\" itemprop=\"blogPost\" ><div class='avia_textblock  '   itemprop=\"text\" ><h1><span style=\"color: #5dbcd2;\">Swiss Retail Federation, partenaire de nomination du \u00abGreen Business Award\u00bb<\/span><\/h1>\n<\/div><\/section>\n<div   class='hr hr-default   avia-builder-el-3  el_after_av_textblock  el_before_av_textblock '><span class='hr-inner ' ><span class='hr-inner-style'><\/span><\/span><\/div>\n<section class=\"av_textblock_section \"  itemscope=\"itemscope\" itemtype=\"https:\/\/schema.org\/BlogPosting\" itemprop=\"blogPost\" ><div class='avia_textblock  '   itemprop=\"text\" ><p>En tant que partenaire de nomination du \u00ab\u00a0Green Business Award\u00a0\u00bb, Swiss Retail a le plaisir d&rsquo;annoncer le lancement de \u00ab\u00a0Green Business Switzerland\u00a0\u00bb.<\/p>\n<p>\u00ab\u00a0Green Business Switzerland\u00a0\u00bb met l&rsquo;accent sur le lien positif entre le succ\u00e8s entrepreneurial et l&rsquo;action durable. Si nous voulons pr\u00e9server notre plan\u00e8te pour les g\u00e9n\u00e9rations futures, l\u2019\u00e9conomie doit faire partie de la solution. Cela n\u00e9cessite une nouvelle prise de conscience et l\u2019\u00e9mergence de mod\u00e8les dont les d\u00e9cideurs pourront s\u2019inspirer.<\/p>\n<p>\u00abGreen Business Award\u00bb<\/p>\n<p>Le \u00ab\u00a0Business Environment Award\u00a0\u00bb, dont le jury est pr\u00e9sid\u00e9 par Doris Leuthard, a \u00e9t\u00e9 rebaptis\u00e9 \u00ab\u00a0Green Business Award\u00a0\u00bb. Ce prix r\u00e9compense les entreprises innovantes qui allient r\u00e9ussite \u00e9conomique et impact \u00e9cologique positif. Un processus de s\u00e9lection unique via des associations \u00e9conomiques et des organisations environnementales nationales garantit que les solutions les plus convaincantes sont retenues chaque ann\u00e9e. Les entreprises nomin\u00e9es cette ann\u00e9e seront annonc\u00e9es le 20 avril 2021 et les finalistes seront connus le 2 juillet 2021. La c\u00e9r\u00e9monie de remise des prix aura lieu le 22 septembre lors de la conf\u00e9rence \u00ab\u00a0CE2 &#8211; Circular Economic Entrepreneurs\u00a0\u00bb, organis\u00e9e par le Forum \u00e9conomique suisse.<\/p>\n<p>Nous sommes impatients de faire partie d&rsquo;une solution d\u2019avenir!<\/p>\n<\/div><\/section>\n<div   class='hr hr-default   avia-builder-el-5  el_after_av_textblock  el_before_av_social_share '><span class='hr-inner ' ><span class='hr-inner-style'><\/span><\/span><\/div>\n<div  class='av-social-sharing-box  avia-builder-el-6  el_after_av_hr  avia-builder-el-last  '><div class='av-share-box'><h5 class='av-share-link-description av-no-toc '>partager<\/h5><ul class='av-share-box-list noLightbox'><li class='av-share-link av-social-link-facebook' ><a target=\"_blank\" aria-label=\"Partager sur Facebook\" href='https:\/\/www.facebook.com\/sharer.php?u=https:\/\/www.swiss-retail.ch\/fr\/news-fr\/swiss-retail-federation-partenaire-de-nomination-du-green-business-award\/&#038;t=Swiss%20Retail%20Federation%2C%20partenaire%20de%20nomination%20du%20%C2%ABGreen%20Business%20Award%C2%BB' aria-hidden='false' data-av_icon='\ue8f3' data-av_iconfont='entypo-fontello' title='' data-avia-related-tooltip='Partager sur Facebook' rel=\"noopener\"><span class='avia_hidden_link_text'>Partager sur Facebook<\/span><\/a><\/li><li class='av-share-link av-social-link-twitter' ><a target=\"_blank\" aria-label=\"Partager sur Twitter\" href='https:\/\/twitter.com\/share?text=Swiss%20Retail%20Federation%2C%20partenaire%20de%20nomination%20du%20%C2%ABGreen%20Business%20Award%C2%BB&#038;url=https:\/\/www.swiss-retail.ch\/fr\/?p=11578' aria-hidden='false' data-av_icon='\ue8f1' data-av_iconfont='entypo-fontello' title='' data-avia-related-tooltip='Partager sur Twitter' rel=\"noopener\"><span class='avia_hidden_link_text'>Partager sur Twitter<\/span><\/a><\/li><li class='av-share-link av-social-link-whatsapp' ><a target=\"_blank\" aria-label=\"Share on WhatsApp\" href='https:\/\/api.whatsapp.com\/send?text=https:\/\/www.swiss-retail.ch\/fr\/news-fr\/swiss-retail-federation-partenaire-de-nomination-du-green-business-award\/' aria-hidden='false' data-av_icon='\uf232' data-av_iconfont='entypo-fontello' title='' data-avia-related-tooltip='Share on WhatsApp' rel=\"noopener\"><span class='avia_hidden_link_text'>Share on WhatsApp<\/span><\/a><\/li><li class='av-share-link av-social-link-linkedin' ><a target=\"_blank\" aria-label=\"Partager sur LinkedIn\" href='https:\/\/linkedin.com\/shareArticle?mini=true&#038;title=Swiss%20Retail%20Federation%2C%20partenaire%20de%20nomination%20du%20%C2%ABGreen%20Business%20Award%C2%BB&#038;url=https:\/\/www.swiss-retail.ch\/fr\/news-fr\/swiss-retail-federation-partenaire-de-nomination-du-green-business-award\/' aria-hidden='false' data-av_icon='\ue8fc' data-av_iconfont='entypo-fontello' title='' data-avia-related-tooltip='Partager sur LinkedIn' rel=\"noopener\"><span class='avia_hidden_link_text'>Partager sur LinkedIn<\/span><\/a><\/li><li class='av-share-link av-social-link-mail' ><a  aria-label=\"Partager par Mail\" href='mailto:?subject=Swiss%20Retail%20Federation%2C%20partenaire%20de%20nomination%20du%20%C2%ABGreen%20Business%20Award%C2%BB&#038;body=https:\/\/www.swiss-retail.ch\/fr\/news-fr\/swiss-retail-federation-partenaire-de-nomination-du-green-business-award\/' aria-hidden='false' data-av_icon='\ue805' data-av_iconfont='entypo-fontello' title='' data-avia-related-tooltip='Partager par Mail'><span class='avia_hidden_link_text'>Partager par Mail<\/span><\/a><\/li><\/ul><\/div><\/div>\n","protected":false},"excerpt":{"rendered":"","protected":false},"author":19,"featured_media":11553,"comment_status":"closed","ping_status":"closed","sticky":false,"template":"","format":"standard","meta":[],"categories":[69,64],"tags":[],"yoast_head":"<!-- This site is optimized with the Yoast SEO plugin v18.5.1 - https:\/\/yoast.com\/wordpress\/plugins\/seo\/ -->\n<title>Swiss Retail Federation, partenaire de nomination du \u00abGreen Business Award\u00bb -<\/title>\n<meta name=\"robots\" content=\"index, follow, max-snippet:-1, max-image-preview:large, max-video-preview:-1\" \/>\n<link rel=\"canonical\" href=\"https:\/\/www.swiss-retail.ch\/fr\/news-fr\/swiss-retail-federation-partenaire-de-nomination-du-green-business-award\/\" \/>\n<meta property=\"og:locale\" content=\"fr_FR\" \/>\n<meta property=\"og:type\" content=\"article\" \/>\n<meta property=\"og:title\" content=\"Swiss Retail Federation, partenaire de nomination du \u00abGreen Business Award\u00bb -\" \/>\n<meta property=\"og:url\" content=\"https:\/\/www.swiss-retail.ch\/fr\/news-fr\/swiss-retail-federation-partenaire-de-nomination-du-green-business-award\/\" \/>\n<meta property=\"article:published_time\" content=\"2021-03-25T13:43:03+00:00\" \/>\n<meta property=\"article:modified_time\" content=\"2021-03-25T13:44:41+00:00\" \/>\n<meta property=\"og:image\" content=\"https:\/\/www.swiss-retail.ch\/wp-content\/uploads\/2020\/09\/Green-Business-Switzerlande_FR.jpg\" \/>\n\t<meta property=\"og:image:width\" content=\"1333\" \/>\n\t<meta property=\"og:image:height\" content=\"1000\" \/>\n\t<meta property=\"og:image:type\" content=\"image\/jpeg\" \/>\n<meta name=\"twitter:card\" content=\"summary_large_image\" \/>\n<meta name=\"twitter:label1\" content=\"\u00c9crit par\" \/>\n\t<meta name=\"twitter:data1\" content=\"Administrator\" \/>\n\t<meta name=\"twitter:label2\" content=\"Dur\u00e9e de lecture estim\u00e9e\" \/>\n\t<meta name=\"twitter:data2\" content=\"3 minutes\" \/>\n<script type=\"application\/ld+json\" class=\"yoast-schema-graph\">{\"@context\":\"https:\/\/schema.org\",\"@graph\":[{\"@type\":\"WebSite\",\"@id\":\"https:\/\/www.swiss-retail.ch\/#website\",\"url\":\"https:\/\/www.swiss-retail.ch\/\",\"name\":\"\",\"description\":\"Verband der Mittel- und Grossbetriebe des schweizerischen Detailhandels\",\"potentialAction\":[{\"@type\":\"SearchAction\",\"target\":{\"@type\":\"EntryPoint\",\"urlTemplate\":\"https:\/\/www.swiss-retail.ch\/?s={search_term_string}\"},\"query-input\":\"required name=search_term_string\"}],\"inLanguage\":\"fr-FR\"},{\"@type\":\"ImageObject\",\"@id\":\"https:\/\/www.swiss-retail.ch\/fr\/news-fr\/swiss-retail-federation-partenaire-de-nomination-du-green-business-award\/#primaryimage\",\"inLanguage\":\"fr-FR\",\"url\":\"https:\/\/www.swiss-retail.ch\/wp-content\/uploads\/2020\/09\/Green-Business-Switzerlande_FR.jpg\",\"contentUrl\":\"https:\/\/www.swiss-retail.ch\/wp-content\/uploads\/2020\/09\/Green-Business-Switzerlande_FR.jpg\",\"width\":1333,\"height\":1000},{\"@type\":\"WebPage\",\"@id\":\"https:\/\/www.swiss-retail.ch\/fr\/news-fr\/swiss-retail-federation-partenaire-de-nomination-du-green-business-award\/#webpage\",\"url\":\"https:\/\/www.swiss-retail.ch\/fr\/news-fr\/swiss-retail-federation-partenaire-de-nomination-du-green-business-award\/\",\"name\":\"Swiss Retail Federation, partenaire de nomination du \u00abGreen Business Award\u00bb -\",\"isPartOf\":{\"@id\":\"https:\/\/www.swiss-retail.ch\/#website\"},\"primaryImageOfPage\":{\"@id\":\"https:\/\/www.swiss-retail.ch\/fr\/news-fr\/swiss-retail-federation-partenaire-de-nomination-du-green-business-award\/#primaryimage\"},\"datePublished\":\"2021-03-25T13:43:03+00:00\",\"dateModified\":\"2021-03-25T13:44:41+00:00\",\"author\":{\"@id\":\"https:\/\/www.swiss-retail.ch\/#\/schema\/person\/29989425494ba3fa666290a573afb7a1\"},\"breadcrumb\":{\"@id\":\"https:\/\/www.swiss-retail.ch\/fr\/news-fr\/swiss-retail-federation-partenaire-de-nomination-du-green-business-award\/#breadcrumb\"},\"inLanguage\":\"fr-FR\",\"potentialAction\":[{\"@type\":\"ReadAction\",\"target\":[\"https:\/\/www.swiss-retail.ch\/fr\/news-fr\/swiss-retail-federation-partenaire-de-nomination-du-green-business-award\/\"]}]},{\"@type\":\"BreadcrumbList\",\"@id\":\"https:\/\/www.swiss-retail.ch\/fr\/news-fr\/swiss-retail-federation-partenaire-de-nomination-du-green-business-award\/#breadcrumb\",\"itemListElement\":[{\"@type\":\"ListItem\",\"position\":1,\"name\":\"Startseite\",\"item\":\"https:\/\/www.swiss-retail.ch\/fr\/homepage\/\"},{\"@type\":\"ListItem\",\"position\":2,\"name\":\"Swiss Retail Federation, partenaire de nomination du \u00abGreen Business Award\u00bb\"}]},{\"@type\":\"Person\",\"@id\":\"https:\/\/www.swiss-retail.ch\/#\/schema\/person\/29989425494ba3fa666290a573afb7a1\",\"name\":\"Administrator\",\"url\":\"https:\/\/www.swiss-retail.ch\/fr\/author\/administrator\/\"}]}<\/script>\n<!-- \/ Yoast SEO plugin. -->","yoast_head_json":{"title":"Swiss Retail Federation, partenaire de nomination du \u00abGreen Business Award\u00bb -","robots":{"index":"index","follow":"follow","max-snippet":"max-snippet:-1","max-image-preview":"max-image-preview:large","max-video-preview":"max-video-preview:-1"},"canonical":"https:\/\/www.swiss-retail.ch\/fr\/news-fr\/swiss-retail-federation-partenaire-de-nomination-du-green-business-award\/","og_locale":"fr_FR","og_type":"article","og_title":"Swiss Retail Federation, partenaire de nomination du \u00abGreen Business Award\u00bb -","og_url":"https:\/\/www.swiss-retail.ch\/fr\/news-fr\/swiss-retail-federation-partenaire-de-nomination-du-green-business-award\/","article_published_time":"2021-03-25T13:43:03+00:00","article_modified_time":"2021-03-25T13:44:41+00:00","og_image":[{"width":1333,"height":1000,"url":"https:\/\/www.swiss-retail.ch\/wp-content\/uploads\/2020\/09\/Green-Business-Switzerlande_FR.jpg","type":"image\/jpeg"}],"twitter_card":"summary_large_image","twitter_misc":{"\u00c9crit par":"Administrator","Dur\u00e9e de lecture estim\u00e9e":"3 minutes"},"schema":{"@context":"https:\/\/schema.org","@graph":[{"@type":"WebSite","@id":"https:\/\/www.swiss-retail.ch\/#website","url":"https:\/\/www.swiss-retail.ch\/","name":"","description":"Verband der Mittel- und Grossbetriebe des schweizerischen Detailhandels","potentialAction":[{"@type":"SearchAction","target":{"@type":"EntryPoint","urlTemplate":"https:\/\/www.swiss-retail.ch\/?s={search_term_string}"},"query-input":"required name=search_term_string"}],"inLanguage":"fr-FR"},{"@type":"ImageObject","@id":"https:\/\/www.swiss-retail.ch\/fr\/news-fr\/swiss-retail-federation-partenaire-de-nomination-du-green-business-award\/#primaryimage","inLanguage":"fr-FR","url":"https:\/\/www.swiss-retail.ch\/wp-content\/uploads\/2020\/09\/Green-Business-Switzerlande_FR.jpg","contentUrl":"https:\/\/www.swiss-retail.ch\/wp-content\/uploads\/2020\/09\/Green-Business-Switzerlande_FR.jpg","width":1333,"height":1000},{"@type":"WebPage","@id":"https:\/\/www.swiss-retail.ch\/fr\/news-fr\/swiss-retail-federation-partenaire-de-nomination-du-green-business-award\/#webpage","url":"https:\/\/www.swiss-retail.ch\/fr\/news-fr\/swiss-retail-federation-partenaire-de-nomination-du-green-business-award\/","name":"Swiss Retail Federation, partenaire de nomination du \u00abGreen Business Award\u00bb -","isPartOf":{"@id":"https:\/\/www.swiss-retail.ch\/#website"},"primaryImageOfPage":{"@id":"https:\/\/www.swiss-retail.ch\/fr\/news-fr\/swiss-retail-federation-partenaire-de-nomination-du-green-business-award\/#primaryimage"},"datePublished":"2021-03-25T13:43:03+00:00","dateModified":"2021-03-25T13:44:41+00:00","author":{"@id":"https:\/\/www.swiss-retail.ch\/#\/schema\/person\/29989425494ba3fa666290a573afb7a1"},"breadcrumb":{"@id":"https:\/\/www.swiss-retail.ch\/fr\/news-fr\/swiss-retail-federation-partenaire-de-nomination-du-green-business-award\/#breadcrumb"},"inLanguage":"fr-FR","potentialAction":[{"@type":"ReadAction","target":["https:\/\/www.swiss-retail.ch\/fr\/news-fr\/swiss-retail-federation-partenaire-de-nomination-du-green-business-award\/"]}]},{"@type":"BreadcrumbList","@id":"https:\/\/www.swiss-retail.ch\/fr\/news-fr\/swiss-retail-federation-partenaire-de-nomination-du-green-business-award\/#breadcrumb","itemListElement":[{"@type":"ListItem","position":1,"name":"Startseite","item":"https:\/\/www.swiss-retail.ch\/fr\/homepage\/"},{"@type":"ListItem","position":2,"name":"Swiss Retail Federation, partenaire de nomination du \u00abGreen Business Award\u00bb"}]},{"@type":"Person","@id":"https:\/\/www.swiss-retail.ch\/#\/schema\/person\/29989425494ba3fa666290a573afb7a1","name":"Administrator","url":"https:\/\/www.swiss-retail.ch\/fr\/author\/administrator\/"}]}},"_links":{"self":[{"href":"https:\/\/www.swiss-retail.ch\/fr\/wp-json\/wp\/v2\/posts\/11578"}],"collection":[{"href":"https:\/\/www.swiss-retail.ch\/fr\/wp-json\/wp\/v2\/posts"}],"about":[{"href":"https:\/\/www.swiss-retail.ch\/fr\/wp-json\/wp\/v2\/types\/post"}],"author":[{"embeddable":true,"href":"https:\/\/www.swiss-retail.ch\/fr\/wp-json\/wp\/v2\/users\/19"}],"replies":[{"embeddable":true,"href":"https:\/\/www.swiss-retail.ch\/fr\/wp-json\/wp\/v2\/comments?post=11578"}],"version-history":[{"count":5,"href":"https:\/\/www.swiss-retail.ch\/fr\/wp-json\/wp\/v2\/posts\/11578\/revisions"}],"predecessor-version":[{"id":11584,"href":"https:\/\/www.swiss-retail.ch\/fr\/wp-json\/wp\/v2\/posts\/11578\/revisions\/11584"}],"wp:featuredmedia":[{"embeddable":true,"href":"https:\/\/www.swiss-retail.ch\/fr\/wp-json\/wp\/v2\/media\/11553"}],"wp:attachment":[{"href":"https:\/\/www.swiss-retail.ch\/fr\/wp-json\/wp\/v2\/media?parent=11578"}],"wp:term":[{"taxonomy":"category","embeddable":true,"href":"https:\/\/www.swiss-retail.ch\/fr\/wp-json\/wp\/v2\/categories?post=11578"},{"taxonomy":"post_tag","embeddable":true,"href":"https:\/\/www.swiss-retail.ch\/fr\/wp-json\/wp\/v2\/tags?post=11578"}],"curies":[{"name":"wp","href":"https:\/\/api.w.org\/{rel}","templated":true}]}}