{"id":11775,"date":"2021-05-07T13:05:47","date_gmt":"2021-05-07T11:05:47","guid":{"rendered":"https:\/\/www.swiss-retail.ch\/?p=11775"},"modified":"2021-05-07T13:06:47","modified_gmt":"2021-05-07T11:06:47","slug":"les-achats-en-2021-tous-en-ligne-vraiment-ce-qui-a-man-que-aux-clients-pendant-la-pandemie","status":"publish","type":"post","link":"https:\/\/www.swiss-retail.ch\/fr\/news-fr\/les-achats-en-2021-tous-en-ligne-vraiment-ce-qui-a-man-que-aux-clients-pendant-la-pandemie\/","title":{"rendered":"Les achats en 2021 : tous en ligne, vraiment ? Ce qui a man-qu\u00e9 aux clients pendant la pand\u00e9mie"},"content":{"rendered":"<section class=\"av_textblock_section \"  itemscope=\"itemscope\" itemtype=\"https:\/\/schema.org\/BlogPosting\" itemprop=\"blogPost\" ><div class='avia_textblock  '   itemprop=\"text\" ><h1><span style=\"color: #5dbcd2;\">Les achats en 2021 : tous en ligne, vraiment\u00a0? Ce qui a manqu\u00e9 aux clients pendant la pand\u00e9mie<\/span><\/h1>\n<\/div><\/section>\n<div   class='hr hr-default   avia-builder-el-1  el_after_av_textblock  el_before_av_textblock '><span class='hr-inner ' ><span class='hr-inner-style'><\/span><\/span><\/div>\n<section class=\"av_textblock_section \"  itemscope=\"itemscope\" itemtype=\"https:\/\/schema.org\/BlogPosting\" itemprop=\"blogPost\" ><div class='avia_textblock  '   itemprop=\"text\" ><p><strong><em>Une enqu\u00eate repr\u00e9sentative command\u00e9e par Swiss Retail Federation \u00e0 la fin du mois d&rsquo;avril montre comment les habitudes d&rsquo;achat ont \u00e9volu\u00e9 pendant la pand\u00e9mie de coronavirus et ce \u00e0 quoi l\u2019avenir pourrait ressembler. Sans surprise, les achats en ligne ont gagn\u00e9 en popularit\u00e9 et il est peu probable qu&rsquo;ils perdront beaucoup de leur attrait apr\u00e8s la pand\u00e9mie, pour peu que les d\u00e9taillants en ligne sachent s\u2019adapter aux nouveaux besoins de la client\u00e8le. Il est clair que des services comme la livraison le jour m\u00eame apparaissent aujourd\u2019hui incontournables. Reste que malgr\u00e9 l&rsquo;essor de la vente en ligne, nombreux sont les clients qui souhaitent retourner dans les magasins stationnaires, o\u00f9 presque toutes les personnes interrog\u00e9es se sont senties en s\u00e9curit\u00e9 pour leurs achats pendant la pand\u00e9mie.<\/em><\/strong><\/p>\n<p><strong>Le shopping en ligne\u00a0; oui, mais\u2026<\/strong><\/p>\n<p>Sans surprise, il appara\u00eet que la pand\u00e9mie de Covid-19 a fait \u00e9voluer de mani\u00e8re significative le comportement d&rsquo;achat vers les commandes en ligne. Pas moins de 34 % des personnes interrog\u00e9es disent acheter \u00a0plus souvent par Internet \u00e0 cause de la pand\u00e9mie et 68% ont l&rsquo;intention de continuer \u00e0 le faire apr\u00e8s la pand\u00e9mie. Mais l&rsquo;enqu\u00eate r\u00e9v\u00e8le aussi qu&rsquo;environ un tiers des personnes interrog\u00e9es souhaitent revenir plus souvent acheter en magasin apr\u00e8s la crise. On note avec int\u00e9r\u00eat que ce sont surtout les 16 &#8211; 45 ans qui disent vouloir retourner plus souvent dans les commerces locaux apr\u00e8s la pand\u00e9mie. Cela s&rsquo;explique certainement par le fait que les contacts sociaux, d\u2019une mani\u00e8re g\u00e9n\u00e9rale, manquent cruellement aux r\u00e9pondants. Aller au restaurant avec des proches ou la famille, fl\u00e2ner dans les boutiques, y faire du shopping ou y rencontrer des amis sont des moments qui ont beaucoup manqu\u00e9 pendant le confinement. Parmi les cinq activit\u00e9s dont l\u2019absence a \u00e9t\u00e9 le plus p\u00e9niblement ressentie pendant la p\u00e9riode de fermeture permanente des commerces figurent les s\u00e9ances de cin\u00e9ma, les visites de zoos et de centres de bien-\u00eatre, tout comme les occasions d\u2019\u00e9changes sociaux en g\u00e9n\u00e9ral. Seuls moins d&rsquo;un cinqui\u00e8me des r\u00e9pondants (18%) affirment n&rsquo;avoir manqu\u00e9 de rien pendant cette p\u00e9riode.<\/p>\n<p><strong>Livraison le jour m\u00eame\u00a0: un service d\u2019avenir\u00a0<\/strong><\/p>\n<p>L&rsquo;\u00e9volution du mode de vie et le progr\u00e8s constant de la disponibilit\u00e9 des biens, tant en ligne que hors ligne, se traduisent par le d\u00e9sir de se faire livrer le jour m\u00eame les articles command\u00e9s. Plus de la moiti\u00e9 des personnes interrog\u00e9es (57 %) estiment qu&rsquo;un tel service (le \u00ab\u00a0Same Day Home Delivery\u00a0\u00bb) \u00a0est int\u00e9ressant pour les d\u00e9taillants stationnaires et sont pr\u00eates \u00e0 payer un suppl\u00e9ment pour l&rsquo;obtenir. Ce type de besoin est plus marqu\u00e9 chez les clients plut\u00f4t jeunes que chez les plus de 45 ans (respectivement 59% et 55%) et plus prononc\u00e9 aussi en Suisse romande qu&rsquo;en Suisse al\u00e9manique (64% et 55%).<\/p>\n<p>De nombreux Suisses ont command\u00e9 de la nourriture en ligne pendant la pand\u00e9mie. Il n&rsquo;est pas surprenant que le d\u00e9sir d\u2019\u00eatre livr\u00e9 le jour m\u00eame soit aussi le plus prononc\u00e9 \u00e0 ce titre, 62 % des personnes interrog\u00e9es souhaitant un tel service et se disant pr\u00eates \u00e0 payer pour l&rsquo;obtenir. Pour Dagmar T. Jenni, directrice de Swiss Retail, c&rsquo;est parfaitement logique <em>: \u00ab\u00a0Nous savons qu&rsquo;environ un quart des clients ach\u00e8tent aujourd\u2019hui plus de produits frais qu&rsquo;avant la pand\u00e9mie et que la grande majorit\u00e9 d\u2019entre eux entend conserver cette habitude. Il est tout \u00e0 fait compr\u00e9hensible que les gens veuillent recevoir ces produits le plus vite et au plus haut degr\u00e9 de fraicheur possible et qu\u2019ils soient pr\u00eats \u00e0 payer un certain suppl\u00e9ment de prix pour cela\u00a0\u00bb.<\/em> L\u00e0 encore, l&rsquo;int\u00e9r\u00eat pour ce service est plus \u00e9lev\u00e9 parmi les 16-45 ans (\u00e0 plus de 68%), les m\u00e9nages avec enfants et les r\u00e9pondants de Suisse romande.<\/p>\n<p>Dans le secteur non alimentaire, l\u2019int\u00e9r\u00eat pour les livraisons le jour m\u00eame est l\u00e9g\u00e8rement moins marqu\u00e9 (59% et 62%) mais, l\u00e0 aussi, plus de la moiti\u00e9 des sond\u00e9s souhaitant ce service et sont pr\u00eats \u00e0 payer un peu plus pour l&rsquo;obtenir. En mati\u00e8re de tranches d&rsquo;\u00e2ge, de types de m\u00e9nage et de r\u00e9partition r\u00e9gionale, le tableau est comparable \u00e0 celui du secteur alimentaire.<\/p>\n<p><strong>Monsieur et Madame Toutlemonde se sentent en s\u00e9curit\u00e9 dans les magasins<\/strong><\/p>\n<p>Le commerce de d\u00e9tail dispose de plans de protection efficaces, qui ont largement fait leurs preuves depuis mars 2020. M\u00eame pendant les phases d&rsquo;augmentation du nombre de cas, le commerce de d\u00e9tail n&rsquo;est jamais apparu comme une source de contamination pour les clients et le personnel de vente, ni comme un lieu de propagation du coronavirus. D\u2019o\u00f9 le constat que 83 % des personnes interrog\u00e9es se sentent en s\u00e9curit\u00e9 lorsqu&rsquo;elles font leurs emplettes dans des commerces stationnaires pendant la pand\u00e9mie. Il est surprenant de constater que, malgr\u00e9 leur coefficient de risque plus \u00e9lev\u00e9 d&rsquo;une infection plus grave, les personnes de plus de 45 ans sont l\u00e9g\u00e8rement plus confiantes que les plus jeunes (85 % contre 81 %). L\u2019enqu\u00eate a aussi montr\u00e9 que les Suisses al\u00e9maniques se fiaient davantage aux plans de protection mis en place que la population de Suisse romande (85% contre 78%). Conclusion de Dagmar T. Jenni, directrice Swiss Retail\u00a0: \u00ab\u00a0<em>Depuis plus d&rsquo;un an, le commerce de d\u00e9tail dispose de plans de protection solides qui sont continuellement adapt\u00e9s \u00e0 l\u2019\u00e9volution de la situation. A l\u2019\u00e9vidence, les clients en sont bien conscients.\u00a0\u00bb<\/em><\/p>\n<p><strong>________________________________<\/strong><\/p>\n<p><strong>Contact et questions<\/strong><\/p>\n<p>Nous serons heureux de vous fournir les r\u00e9sultats d\u00e9taill\u00e9s de l&rsquo;enqu\u00eate et de r\u00e9pondre \u00e0 vos questions \u00e9ventuelles. Merci de nous contacter sous <a href=\"mailto:medien@swiss-retail.ch\">medien@swiss-retail.ch<\/a>.<\/p>\n<\/div><\/section>\n<div   class='hr hr-default   avia-builder-el-3  el_after_av_textblock  el_before_av_social_share '><span class='hr-inner ' ><span class='hr-inner-style'><\/span><\/span><\/div>\n<div  class='av-social-sharing-box  avia-builder-el-4  el_after_av_hr  avia-builder-el-last  '><div class='av-share-box'><h5 class='av-share-link-description av-no-toc '>Eintrag teilen<\/h5><ul class='av-share-box-list noLightbox'><li class='av-share-link av-social-link-facebook' ><a target=\"_blank\" aria-label=\"Partager sur Facebook\" href='https:\/\/www.facebook.com\/sharer.php?u=https:\/\/www.swiss-retail.ch\/fr\/news-fr\/les-achats-en-2021-tous-en-ligne-vraiment-ce-qui-a-man-que-aux-clients-pendant-la-pandemie\/&#038;t=Les%20achats%20en%202021%20%3A%20tous%20en%20ligne%2C%20vraiment%20%3F%20Ce%20qui%20a%20man-qu%C3%A9%20aux%20clients%20pendant%20la%20pand%C3%A9mie' aria-hidden='false' data-av_icon='\ue8f3' data-av_iconfont='entypo-fontello' title='' data-avia-related-tooltip='Partager sur Facebook' rel=\"noopener\"><span class='avia_hidden_link_text'>Partager sur Facebook<\/span><\/a><\/li><li class='av-share-link av-social-link-twitter' ><a target=\"_blank\" aria-label=\"Partager sur Twitter\" href='https:\/\/twitter.com\/share?text=Les%20achats%20en%202021%20%3A%20tous%20en%20ligne%2C%20vraiment%20%3F%20Ce%20qui%20a%20man-qu%C3%A9%20aux%20clients%20pendant%20la%20pand%C3%A9mie&#038;url=https:\/\/www.swiss-retail.ch\/fr\/?p=11775' aria-hidden='false' data-av_icon='\ue8f1' data-av_iconfont='entypo-fontello' title='' data-avia-related-tooltip='Partager sur Twitter' rel=\"noopener\"><span class='avia_hidden_link_text'>Partager sur Twitter<\/span><\/a><\/li><li class='av-share-link av-social-link-whatsapp' ><a target=\"_blank\" aria-label=\"Share on WhatsApp\" href='https:\/\/api.whatsapp.com\/send?text=https:\/\/www.swiss-retail.ch\/fr\/news-fr\/les-achats-en-2021-tous-en-ligne-vraiment-ce-qui-a-man-que-aux-clients-pendant-la-pandemie\/' aria-hidden='false' data-av_icon='\uf232' data-av_iconfont='entypo-fontello' title='' data-avia-related-tooltip='Share on WhatsApp' rel=\"noopener\"><span class='avia_hidden_link_text'>Share on WhatsApp<\/span><\/a><\/li><li class='av-share-link av-social-link-linkedin' ><a target=\"_blank\" aria-label=\"Partager sur LinkedIn\" href='https:\/\/linkedin.com\/shareArticle?mini=true&#038;title=Les%20achats%20en%202021%20%3A%20tous%20en%20ligne%2C%20vraiment%20%3F%20Ce%20qui%20a%20man-qu%C3%A9%20aux%20clients%20pendant%20la%20pand%C3%A9mie&#038;url=https:\/\/www.swiss-retail.ch\/fr\/news-fr\/les-achats-en-2021-tous-en-ligne-vraiment-ce-qui-a-man-que-aux-clients-pendant-la-pandemie\/' aria-hidden='false' data-av_icon='\ue8fc' data-av_iconfont='entypo-fontello' title='' data-avia-related-tooltip='Partager sur LinkedIn' rel=\"noopener\"><span class='avia_hidden_link_text'>Partager sur LinkedIn<\/span><\/a><\/li><li class='av-share-link av-social-link-mail' ><a  aria-label=\"Partager par Mail\" href='mailto:?subject=Les%20achats%20en%202021%20%3A%20tous%20en%20ligne%2C%20vraiment%20%3F%20Ce%20qui%20a%20man-qu%C3%A9%20aux%20clients%20pendant%20la%20pand%C3%A9mie&#038;body=https:\/\/www.swiss-retail.ch\/fr\/news-fr\/les-achats-en-2021-tous-en-ligne-vraiment-ce-qui-a-man-que-aux-clients-pendant-la-pandemie\/' aria-hidden='false' data-av_icon='\ue805' data-av_iconfont='entypo-fontello' title='' data-avia-related-tooltip='Partager par Mail'><span class='avia_hidden_link_text'>Partager par Mail<\/span><\/a><\/li><\/ul><\/div><\/div>\n","protected":false},"excerpt":{"rendered":"","protected":false},"author":19,"featured_media":11068,"comment_status":"closed","ping_status":"closed","sticky":false,"template":"","format":"standard","meta":[],"categories":[69,64],"tags":[],"yoast_head":"<!-- This site is optimized with the Yoast SEO plugin v18.5.1 - https:\/\/yoast.com\/wordpress\/plugins\/seo\/ -->\n<title>Les achats en 2021 : tous en ligne, vraiment ? Ce qui a man-qu\u00e9 aux clients pendant la pand\u00e9mie -<\/title>\n<meta name=\"robots\" content=\"index, follow, max-snippet:-1, max-image-preview:large, max-video-preview:-1\" \/>\n<link rel=\"canonical\" href=\"https:\/\/www.swiss-retail.ch\/fr\/news-fr\/les-achats-en-2021-tous-en-ligne-vraiment-ce-qui-a-man-que-aux-clients-pendant-la-pandemie\/\" \/>\n<meta property=\"og:locale\" content=\"fr_FR\" \/>\n<meta property=\"og:type\" content=\"article\" \/>\n<meta property=\"og:title\" content=\"Les achats en 2021 : tous en ligne, vraiment ? Ce qui a man-qu\u00e9 aux clients pendant la pand\u00e9mie -\" \/>\n<meta property=\"og:url\" content=\"https:\/\/www.swiss-retail.ch\/fr\/news-fr\/les-achats-en-2021-tous-en-ligne-vraiment-ce-qui-a-man-que-aux-clients-pendant-la-pandemie\/\" \/>\n<meta property=\"article:published_time\" content=\"2021-05-07T11:05:47+00:00\" \/>\n<meta property=\"article:modified_time\" content=\"2021-05-07T11:06:47+00:00\" \/>\n<meta property=\"og:image\" content=\"https:\/\/www.swiss-retail.ch\/wp-content\/uploads\/2020\/11\/2020-10-30-13_23_43-Window-4.png\" \/>\n\t<meta property=\"og:image:width\" content=\"283\" \/>\n\t<meta property=\"og:image:height\" content=\"188\" \/>\n\t<meta property=\"og:image:type\" content=\"image\/png\" \/>\n<meta name=\"twitter:card\" content=\"summary_large_image\" \/>\n<meta name=\"twitter:label1\" content=\"\u00c9crit par\" \/>\n\t<meta name=\"twitter:data1\" content=\"Administrator\" \/>\n\t<meta name=\"twitter:label2\" content=\"Dur\u00e9e de lecture estim\u00e9e\" \/>\n\t<meta name=\"twitter:data2\" content=\"6 minutes\" \/>\n<script type=\"application\/ld+json\" class=\"yoast-schema-graph\">{\"@context\":\"https:\/\/schema.org\",\"@graph\":[{\"@type\":\"WebSite\",\"@id\":\"https:\/\/www.swiss-retail.ch\/#website\",\"url\":\"https:\/\/www.swiss-retail.ch\/\",\"name\":\"\",\"description\":\"Verband der Mittel- und Grossbetriebe des schweizerischen Detailhandels\",\"potentialAction\":[{\"@type\":\"SearchAction\",\"target\":{\"@type\":\"EntryPoint\",\"urlTemplate\":\"https:\/\/www.swiss-retail.ch\/?s={search_term_string}\"},\"query-input\":\"required name=search_term_string\"}],\"inLanguage\":\"fr-FR\"},{\"@type\":\"ImageObject\",\"@id\":\"https:\/\/www.swiss-retail.ch\/fr\/news-fr\/les-achats-en-2021-tous-en-ligne-vraiment-ce-qui-a-man-que-aux-clients-pendant-la-pandemie\/#primaryimage\",\"inLanguage\":\"fr-FR\",\"url\":\"https:\/\/www.swiss-retail.ch\/wp-content\/uploads\/2020\/11\/2020-10-30-13_23_43-Window-4.png\",\"contentUrl\":\"https:\/\/www.swiss-retail.ch\/wp-content\/uploads\/2020\/11\/2020-10-30-13_23_43-Window-4.png\",\"width\":283,\"height\":188},{\"@type\":\"WebPage\",\"@id\":\"https:\/\/www.swiss-retail.ch\/fr\/news-fr\/les-achats-en-2021-tous-en-ligne-vraiment-ce-qui-a-man-que-aux-clients-pendant-la-pandemie\/#webpage\",\"url\":\"https:\/\/www.swiss-retail.ch\/fr\/news-fr\/les-achats-en-2021-tous-en-ligne-vraiment-ce-qui-a-man-que-aux-clients-pendant-la-pandemie\/\",\"name\":\"Les achats en 2021 : tous en ligne, vraiment ? Ce qui a man-qu\u00e9 aux clients pendant la pand\u00e9mie -\",\"isPartOf\":{\"@id\":\"https:\/\/www.swiss-retail.ch\/#website\"},\"primaryImageOfPage\":{\"@id\":\"https:\/\/www.swiss-retail.ch\/fr\/news-fr\/les-achats-en-2021-tous-en-ligne-vraiment-ce-qui-a-man-que-aux-clients-pendant-la-pandemie\/#primaryimage\"},\"datePublished\":\"2021-05-07T11:05:47+00:00\",\"dateModified\":\"2021-05-07T11:06:47+00:00\",\"author\":{\"@id\":\"https:\/\/www.swiss-retail.ch\/#\/schema\/person\/29989425494ba3fa666290a573afb7a1\"},\"breadcrumb\":{\"@id\":\"https:\/\/www.swiss-retail.ch\/fr\/news-fr\/les-achats-en-2021-tous-en-ligne-vraiment-ce-qui-a-man-que-aux-clients-pendant-la-pandemie\/#breadcrumb\"},\"inLanguage\":\"fr-FR\",\"potentialAction\":[{\"@type\":\"ReadAction\",\"target\":[\"https:\/\/www.swiss-retail.ch\/fr\/news-fr\/les-achats-en-2021-tous-en-ligne-vraiment-ce-qui-a-man-que-aux-clients-pendant-la-pandemie\/\"]}]},{\"@type\":\"BreadcrumbList\",\"@id\":\"https:\/\/www.swiss-retail.ch\/fr\/news-fr\/les-achats-en-2021-tous-en-ligne-vraiment-ce-qui-a-man-que-aux-clients-pendant-la-pandemie\/#breadcrumb\",\"itemListElement\":[{\"@type\":\"ListItem\",\"position\":1,\"name\":\"Startseite\",\"item\":\"https:\/\/www.swiss-retail.ch\/fr\/homepage\/\"},{\"@type\":\"ListItem\",\"position\":2,\"name\":\"Les achats en 2021 : tous en ligne, vraiment ? Ce qui a man-qu\u00e9 aux clients pendant la pand\u00e9mie\"}]},{\"@type\":\"Person\",\"@id\":\"https:\/\/www.swiss-retail.ch\/#\/schema\/person\/29989425494ba3fa666290a573afb7a1\",\"name\":\"Administrator\",\"url\":\"https:\/\/www.swiss-retail.ch\/fr\/author\/administrator\/\"}]}<\/script>\n<!-- \/ Yoast SEO plugin. -->","yoast_head_json":{"title":"Les achats en 2021 : tous en ligne, vraiment ? Ce qui a man-qu\u00e9 aux clients pendant la pand\u00e9mie -","robots":{"index":"index","follow":"follow","max-snippet":"max-snippet:-1","max-image-preview":"max-image-preview:large","max-video-preview":"max-video-preview:-1"},"canonical":"https:\/\/www.swiss-retail.ch\/fr\/news-fr\/les-achats-en-2021-tous-en-ligne-vraiment-ce-qui-a-man-que-aux-clients-pendant-la-pandemie\/","og_locale":"fr_FR","og_type":"article","og_title":"Les achats en 2021 : tous en ligne, vraiment ? Ce qui a man-qu\u00e9 aux clients pendant la pand\u00e9mie -","og_url":"https:\/\/www.swiss-retail.ch\/fr\/news-fr\/les-achats-en-2021-tous-en-ligne-vraiment-ce-qui-a-man-que-aux-clients-pendant-la-pandemie\/","article_published_time":"2021-05-07T11:05:47+00:00","article_modified_time":"2021-05-07T11:06:47+00:00","og_image":[{"width":283,"height":188,"url":"https:\/\/www.swiss-retail.ch\/wp-content\/uploads\/2020\/11\/2020-10-30-13_23_43-Window-4.png","type":"image\/png"}],"twitter_card":"summary_large_image","twitter_misc":{"\u00c9crit par":"Administrator","Dur\u00e9e de lecture estim\u00e9e":"6 minutes"},"schema":{"@context":"https:\/\/schema.org","@graph":[{"@type":"WebSite","@id":"https:\/\/www.swiss-retail.ch\/#website","url":"https:\/\/www.swiss-retail.ch\/","name":"","description":"Verband der Mittel- und Grossbetriebe des schweizerischen Detailhandels","potentialAction":[{"@type":"SearchAction","target":{"@type":"EntryPoint","urlTemplate":"https:\/\/www.swiss-retail.ch\/?s={search_term_string}"},"query-input":"required name=search_term_string"}],"inLanguage":"fr-FR"},{"@type":"ImageObject","@id":"https:\/\/www.swiss-retail.ch\/fr\/news-fr\/les-achats-en-2021-tous-en-ligne-vraiment-ce-qui-a-man-que-aux-clients-pendant-la-pandemie\/#primaryimage","inLanguage":"fr-FR","url":"https:\/\/www.swiss-retail.ch\/wp-content\/uploads\/2020\/11\/2020-10-30-13_23_43-Window-4.png","contentUrl":"https:\/\/www.swiss-retail.ch\/wp-content\/uploads\/2020\/11\/2020-10-30-13_23_43-Window-4.png","width":283,"height":188},{"@type":"WebPage","@id":"https:\/\/www.swiss-retail.ch\/fr\/news-fr\/les-achats-en-2021-tous-en-ligne-vraiment-ce-qui-a-man-que-aux-clients-pendant-la-pandemie\/#webpage","url":"https:\/\/www.swiss-retail.ch\/fr\/news-fr\/les-achats-en-2021-tous-en-ligne-vraiment-ce-qui-a-man-que-aux-clients-pendant-la-pandemie\/","name":"Les achats en 2021 : tous en ligne, vraiment ? Ce qui a man-qu\u00e9 aux clients pendant la pand\u00e9mie -","isPartOf":{"@id":"https:\/\/www.swiss-retail.ch\/#website"},"primaryImageOfPage":{"@id":"https:\/\/www.swiss-retail.ch\/fr\/news-fr\/les-achats-en-2021-tous-en-ligne-vraiment-ce-qui-a-man-que-aux-clients-pendant-la-pandemie\/#primaryimage"},"datePublished":"2021-05-07T11:05:47+00:00","dateModified":"2021-05-07T11:06:47+00:00","author":{"@id":"https:\/\/www.swiss-retail.ch\/#\/schema\/person\/29989425494ba3fa666290a573afb7a1"},"breadcrumb":{"@id":"https:\/\/www.swiss-retail.ch\/fr\/news-fr\/les-achats-en-2021-tous-en-ligne-vraiment-ce-qui-a-man-que-aux-clients-pendant-la-pandemie\/#breadcrumb"},"inLanguage":"fr-FR","potentialAction":[{"@type":"ReadAction","target":["https:\/\/www.swiss-retail.ch\/fr\/news-fr\/les-achats-en-2021-tous-en-ligne-vraiment-ce-qui-a-man-que-aux-clients-pendant-la-pandemie\/"]}]},{"@type":"BreadcrumbList","@id":"https:\/\/www.swiss-retail.ch\/fr\/news-fr\/les-achats-en-2021-tous-en-ligne-vraiment-ce-qui-a-man-que-aux-clients-pendant-la-pandemie\/#breadcrumb","itemListElement":[{"@type":"ListItem","position":1,"name":"Startseite","item":"https:\/\/www.swiss-retail.ch\/fr\/homepage\/"},{"@type":"ListItem","position":2,"name":"Les achats en 2021 : tous en ligne, vraiment ? Ce qui a man-qu\u00e9 aux clients pendant la pand\u00e9mie"}]},{"@type":"Person","@id":"https:\/\/www.swiss-retail.ch\/#\/schema\/person\/29989425494ba3fa666290a573afb7a1","name":"Administrator","url":"https:\/\/www.swiss-retail.ch\/fr\/author\/administrator\/"}]}},"_links":{"self":[{"href":"https:\/\/www.swiss-retail.ch\/fr\/wp-json\/wp\/v2\/posts\/11775"}],"collection":[{"href":"https:\/\/www.swiss-retail.ch\/fr\/wp-json\/wp\/v2\/posts"}],"about":[{"href":"https:\/\/www.swiss-retail.ch\/fr\/wp-json\/wp\/v2\/types\/post"}],"author":[{"embeddable":true,"href":"https:\/\/www.swiss-retail.ch\/fr\/wp-json\/wp\/v2\/users\/19"}],"replies":[{"embeddable":true,"href":"https:\/\/www.swiss-retail.ch\/fr\/wp-json\/wp\/v2\/comments?post=11775"}],"version-history":[{"count":2,"href":"https:\/\/www.swiss-retail.ch\/fr\/wp-json\/wp\/v2\/posts\/11775\/revisions"}],"predecessor-version":[{"id":11778,"href":"https:\/\/www.swiss-retail.ch\/fr\/wp-json\/wp\/v2\/posts\/11775\/revisions\/11778"}],"wp:featuredmedia":[{"embeddable":true,"href":"https:\/\/www.swiss-retail.ch\/fr\/wp-json\/wp\/v2\/media\/11068"}],"wp:attachment":[{"href":"https:\/\/www.swiss-retail.ch\/fr\/wp-json\/wp\/v2\/media?parent=11775"}],"wp:term":[{"taxonomy":"category","embeddable":true,"href":"https:\/\/www.swiss-retail.ch\/fr\/wp-json\/wp\/v2\/categories?post=11775"},{"taxonomy":"post_tag","embeddable":true,"href":"https:\/\/www.swiss-retail.ch\/fr\/wp-json\/wp\/v2\/tags?post=11775"}],"curies":[{"name":"wp","href":"https:\/\/api.w.org\/{rel}","templated":true}]}}