{"id":11784,"date":"2021-05-13T14:29:38","date_gmt":"2021-05-13T12:29:38","guid":{"rendered":"https:\/\/www.swiss-retail.ch\/?p=11784"},"modified":"2021-05-13T14:29:38","modified_gmt":"2021-05-13T12:29:38","slug":"le-commerce-de-detail-reclame-la-suppression-de-la-jauge-de-restriction-au-metre-carre","status":"publish","type":"post","link":"https:\/\/www.swiss-retail.ch\/fr\/news-fr\/le-commerce-de-detail-reclame-la-suppression-de-la-jauge-de-restriction-au-metre-carre\/","title":{"rendered":"Le commerce de d\u00e9tail r\u00e9clame la suppression de la jauge de restriction au m\u00e8tre carr\u00e9"},"content":{"rendered":"<section class=\"av_textblock_section \"  itemscope=\"itemscope\" itemtype=\"https:\/\/schema.org\/BlogPosting\" itemprop=\"blogPost\" ><div class='avia_textblock  '   itemprop=\"text\" ><h1><span style=\"color: #5dbcd2;\"><strong>Le commerce de d\u00e9tail r\u00e9clame la suppression de la jauge de restriction au m\u00e8tre carr\u00e9<\/strong><\/span><\/h1>\n<\/div><\/section>\n<div   class='hr hr-default   avia-builder-el-1  el_after_av_textblock  el_before_av_textblock '><span class='hr-inner ' ><span class='hr-inner-style'><\/span><\/span><\/div>\n<section class=\"av_textblock_section \"  itemscope=\"itemscope\" itemtype=\"https:\/\/schema.org\/BlogPosting\" itemprop=\"blogPost\" ><div class='avia_textblock  '   itemprop=\"text\" ><p><strong><em>L\u2019association de branche Swiss Retail Federation demande d&rsquo;abolir compl\u00e8tement les restrictions concernant la capacit\u00e9 d\u2019accueil des surfaces de vente du commerce de d\u00e9tail. Hier, le Conseil f\u00e9d\u00e9ral a seulement propos\u00e9 d&rsquo;assouplir les limites d&rsquo;acc\u00e8s existantes dans le secteur non alimentaire, bas\u00e9es sur la surface des magasins. Pour le commerce de d\u00e9tail, cette ouverture ne va pas assez loin. <\/em><\/strong><\/p>\n<p>Swiss Retail fonde sa demande d&rsquo;abrogation compl\u00e8te sur une analyse de donn\u00e9es effectu\u00e9e par le cabinet de conseil GFO quant \u00e0 l&rsquo;incidence de contamination dans 49 entreprises du commerce de d\u00e9tail totalisant 38 000 employ\u00e9s. Sur toute la p\u00e9riode de l\u2019\u00e9tude en 2020, son \u00e9valuation \u00e0 l&rsquo;\u00e9chelle nationale montre parmi les employ\u00e9s du commerce de d\u00e9tail une incidence inf\u00e9rieure \u00e0 la moyenne suisse. Les chiffres incluent la premi\u00e8re vague du d\u00e9but d&rsquo;ann\u00e9e, quand il n&rsquo;y avait pas encore d&rsquo;obligation de port du masque et que seules des restrictions mineures s\u2019appliquaient sur les surfaces de vente. A relever encore que m\u00eame le secteur non alimentaire pr\u00e9sente un nombre de cas inf\u00e9rieur \u00e0 la moyenne de la population, malgr\u00e9 la plus forte fr\u00e9quence des contacts li\u00e9e aux activit\u00e9s de conseil. Swiss Retail affirme que pour le commerce de d\u00e9tail, les plans de protection actuels sont suffisants, m\u00eame sans jauge de limitation.<\/p>\n<p>Swiss Retail Federation repr\u00e9sente l\u2019ensemble du commerce de d\u00e9tail suisse \u00e0 l\u2019exception des grands distributeurs. Ses membres r\u00e9alisent un chiffre d&rsquo;affaires de 22 milliards de francs, emploient environ 50 000 personnes et sont pr\u00e9sents sur plus de 5 500 sites en Suisse.<\/p>\n<p>Pour toute question et demande d\u2019information, nous sommes \u00e0 votre disposition sous\u00a0<a href=\"mailto:medien@swiss-retail.ch\">medien@swiss-retail.ch<\/a>.<\/p>\n<\/div><\/section>\n<div   class='hr hr-default   avia-builder-el-3  el_after_av_textblock  el_before_av_social_share '><span class='hr-inner ' ><span class='hr-inner-style'><\/span><\/span><\/div>\n<div  class='av-social-sharing-box  avia-builder-el-4  el_after_av_hr  avia-builder-el-last  '><div class='av-share-box'><h5 class='av-share-link-description av-no-toc '>Eintrag teilen<\/h5><ul class='av-share-box-list noLightbox'><li class='av-share-link av-social-link-facebook' ><a target=\"_blank\" aria-label=\"Partager sur Facebook\" href='https:\/\/www.facebook.com\/sharer.php?u=https:\/\/www.swiss-retail.ch\/fr\/news-fr\/le-commerce-de-detail-reclame-la-suppression-de-la-jauge-de-restriction-au-metre-carre\/&#038;t=Le%20commerce%20de%20d%C3%A9tail%20r%C3%A9clame%20la%20suppression%20de%20la%20jauge%20de%20restriction%20au%20m%C3%A8tre%20carr%C3%A9' aria-hidden='false' data-av_icon='\ue8f3' data-av_iconfont='entypo-fontello' title='' data-avia-related-tooltip='Partager sur Facebook' rel=\"noopener\"><span class='avia_hidden_link_text'>Partager sur Facebook<\/span><\/a><\/li><li class='av-share-link av-social-link-twitter' ><a target=\"_blank\" aria-label=\"Partager sur Twitter\" href='https:\/\/twitter.com\/share?text=Le%20commerce%20de%20d%C3%A9tail%20r%C3%A9clame%20la%20suppression%20de%20la%20jauge%20de%20restriction%20au%20m%C3%A8tre%20carr%C3%A9&#038;url=https:\/\/www.swiss-retail.ch\/fr\/?p=11784' aria-hidden='false' data-av_icon='\ue8f1' data-av_iconfont='entypo-fontello' title='' data-avia-related-tooltip='Partager sur Twitter' rel=\"noopener\"><span class='avia_hidden_link_text'>Partager sur Twitter<\/span><\/a><\/li><li class='av-share-link av-social-link-whatsapp' ><a target=\"_blank\" aria-label=\"Share on WhatsApp\" href='https:\/\/api.whatsapp.com\/send?text=https:\/\/www.swiss-retail.ch\/fr\/news-fr\/le-commerce-de-detail-reclame-la-suppression-de-la-jauge-de-restriction-au-metre-carre\/' aria-hidden='false' data-av_icon='\uf232' data-av_iconfont='entypo-fontello' title='' data-avia-related-tooltip='Share on WhatsApp' rel=\"noopener\"><span class='avia_hidden_link_text'>Share on WhatsApp<\/span><\/a><\/li><li class='av-share-link av-social-link-linkedin' ><a target=\"_blank\" aria-label=\"Partager sur LinkedIn\" href='https:\/\/linkedin.com\/shareArticle?mini=true&#038;title=Le%20commerce%20de%20d%C3%A9tail%20r%C3%A9clame%20la%20suppression%20de%20la%20jauge%20de%20restriction%20au%20m%C3%A8tre%20carr%C3%A9&#038;url=https:\/\/www.swiss-retail.ch\/fr\/news-fr\/le-commerce-de-detail-reclame-la-suppression-de-la-jauge-de-restriction-au-metre-carre\/' aria-hidden='false' data-av_icon='\ue8fc' data-av_iconfont='entypo-fontello' title='' data-avia-related-tooltip='Partager sur LinkedIn' rel=\"noopener\"><span class='avia_hidden_link_text'>Partager sur LinkedIn<\/span><\/a><\/li><li class='av-share-link av-social-link-mail' ><a  aria-label=\"Partager par Mail\" href='mailto:?subject=Le%20commerce%20de%20d%C3%A9tail%20r%C3%A9clame%20la%20suppression%20de%20la%20jauge%20de%20restriction%20au%20m%C3%A8tre%20carr%C3%A9&#038;body=https:\/\/www.swiss-retail.ch\/fr\/news-fr\/le-commerce-de-detail-reclame-la-suppression-de-la-jauge-de-restriction-au-metre-carre\/' aria-hidden='false' data-av_icon='\ue805' data-av_iconfont='entypo-fontello' title='' data-avia-related-tooltip='Partager par Mail'><span class='avia_hidden_link_text'>Partager par Mail<\/span><\/a><\/li><\/ul><\/div><\/div>\n","protected":false},"excerpt":{"rendered":"","protected":false},"author":19,"featured_media":11068,"comment_status":"closed","ping_status":"closed","sticky":false,"template":"","format":"standard","meta":[],"categories":[69,64],"tags":[],"yoast_head":"<!-- This site is optimized with the Yoast SEO plugin v18.5.1 - https:\/\/yoast.com\/wordpress\/plugins\/seo\/ -->\n<title>Le commerce de d\u00e9tail r\u00e9clame la suppression de la jauge de restriction au m\u00e8tre carr\u00e9 -<\/title>\n<meta name=\"robots\" content=\"index, follow, max-snippet:-1, max-image-preview:large, max-video-preview:-1\" \/>\n<link rel=\"canonical\" href=\"https:\/\/www.swiss-retail.ch\/fr\/news-fr\/le-commerce-de-detail-reclame-la-suppression-de-la-jauge-de-restriction-au-metre-carre\/\" \/>\n<meta property=\"og:locale\" content=\"fr_FR\" \/>\n<meta property=\"og:type\" content=\"article\" \/>\n<meta property=\"og:title\" content=\"Le commerce de d\u00e9tail r\u00e9clame la suppression de la jauge de restriction au m\u00e8tre carr\u00e9 -\" \/>\n<meta property=\"og:url\" content=\"https:\/\/www.swiss-retail.ch\/fr\/news-fr\/le-commerce-de-detail-reclame-la-suppression-de-la-jauge-de-restriction-au-metre-carre\/\" \/>\n<meta property=\"article:published_time\" content=\"2021-05-13T12:29:38+00:00\" \/>\n<meta property=\"og:image\" content=\"https:\/\/www.swiss-retail.ch\/wp-content\/uploads\/2020\/11\/2020-10-30-13_23_43-Window-4.png\" \/>\n\t<meta property=\"og:image:width\" content=\"283\" \/>\n\t<meta property=\"og:image:height\" content=\"188\" \/>\n\t<meta property=\"og:image:type\" content=\"image\/png\" \/>\n<meta name=\"twitter:card\" content=\"summary_large_image\" \/>\n<meta name=\"twitter:label1\" content=\"\u00c9crit par\" \/>\n\t<meta name=\"twitter:data1\" content=\"Administrator\" \/>\n\t<meta name=\"twitter:label2\" content=\"Dur\u00e9e de lecture estim\u00e9e\" \/>\n\t<meta name=\"twitter:data2\" content=\"3 minutes\" \/>\n<script type=\"application\/ld+json\" class=\"yoast-schema-graph\">{\"@context\":\"https:\/\/schema.org\",\"@graph\":[{\"@type\":\"WebSite\",\"@id\":\"https:\/\/www.swiss-retail.ch\/#website\",\"url\":\"https:\/\/www.swiss-retail.ch\/\",\"name\":\"\",\"description\":\"Verband der Mittel- und Grossbetriebe des schweizerischen Detailhandels\",\"potentialAction\":[{\"@type\":\"SearchAction\",\"target\":{\"@type\":\"EntryPoint\",\"urlTemplate\":\"https:\/\/www.swiss-retail.ch\/?s={search_term_string}\"},\"query-input\":\"required name=search_term_string\"}],\"inLanguage\":\"fr-FR\"},{\"@type\":\"ImageObject\",\"@id\":\"https:\/\/www.swiss-retail.ch\/fr\/news-fr\/le-commerce-de-detail-reclame-la-suppression-de-la-jauge-de-restriction-au-metre-carre\/#primaryimage\",\"inLanguage\":\"fr-FR\",\"url\":\"https:\/\/www.swiss-retail.ch\/wp-content\/uploads\/2020\/11\/2020-10-30-13_23_43-Window-4.png\",\"contentUrl\":\"https:\/\/www.swiss-retail.ch\/wp-content\/uploads\/2020\/11\/2020-10-30-13_23_43-Window-4.png\",\"width\":283,\"height\":188},{\"@type\":\"WebPage\",\"@id\":\"https:\/\/www.swiss-retail.ch\/fr\/news-fr\/le-commerce-de-detail-reclame-la-suppression-de-la-jauge-de-restriction-au-metre-carre\/#webpage\",\"url\":\"https:\/\/www.swiss-retail.ch\/fr\/news-fr\/le-commerce-de-detail-reclame-la-suppression-de-la-jauge-de-restriction-au-metre-carre\/\",\"name\":\"Le commerce de d\u00e9tail r\u00e9clame la suppression de la jauge de restriction au m\u00e8tre carr\u00e9 -\",\"isPartOf\":{\"@id\":\"https:\/\/www.swiss-retail.ch\/#website\"},\"primaryImageOfPage\":{\"@id\":\"https:\/\/www.swiss-retail.ch\/fr\/news-fr\/le-commerce-de-detail-reclame-la-suppression-de-la-jauge-de-restriction-au-metre-carre\/#primaryimage\"},\"datePublished\":\"2021-05-13T12:29:38+00:00\",\"dateModified\":\"2021-05-13T12:29:38+00:00\",\"author\":{\"@id\":\"https:\/\/www.swiss-retail.ch\/#\/schema\/person\/29989425494ba3fa666290a573afb7a1\"},\"breadcrumb\":{\"@id\":\"https:\/\/www.swiss-retail.ch\/fr\/news-fr\/le-commerce-de-detail-reclame-la-suppression-de-la-jauge-de-restriction-au-metre-carre\/#breadcrumb\"},\"inLanguage\":\"fr-FR\",\"potentialAction\":[{\"@type\":\"ReadAction\",\"target\":[\"https:\/\/www.swiss-retail.ch\/fr\/news-fr\/le-commerce-de-detail-reclame-la-suppression-de-la-jauge-de-restriction-au-metre-carre\/\"]}]},{\"@type\":\"BreadcrumbList\",\"@id\":\"https:\/\/www.swiss-retail.ch\/fr\/news-fr\/le-commerce-de-detail-reclame-la-suppression-de-la-jauge-de-restriction-au-metre-carre\/#breadcrumb\",\"itemListElement\":[{\"@type\":\"ListItem\",\"position\":1,\"name\":\"Startseite\",\"item\":\"https:\/\/www.swiss-retail.ch\/fr\/homepage\/\"},{\"@type\":\"ListItem\",\"position\":2,\"name\":\"Le commerce de d\u00e9tail r\u00e9clame la suppression de la jauge de restriction au m\u00e8tre carr\u00e9\"}]},{\"@type\":\"Person\",\"@id\":\"https:\/\/www.swiss-retail.ch\/#\/schema\/person\/29989425494ba3fa666290a573afb7a1\",\"name\":\"Administrator\",\"url\":\"https:\/\/www.swiss-retail.ch\/fr\/author\/administrator\/\"}]}<\/script>\n<!-- \/ Yoast SEO plugin. -->","yoast_head_json":{"title":"Le commerce de d\u00e9tail r\u00e9clame la suppression de la jauge de restriction au m\u00e8tre carr\u00e9 -","robots":{"index":"index","follow":"follow","max-snippet":"max-snippet:-1","max-image-preview":"max-image-preview:large","max-video-preview":"max-video-preview:-1"},"canonical":"https:\/\/www.swiss-retail.ch\/fr\/news-fr\/le-commerce-de-detail-reclame-la-suppression-de-la-jauge-de-restriction-au-metre-carre\/","og_locale":"fr_FR","og_type":"article","og_title":"Le commerce de d\u00e9tail r\u00e9clame la suppression de la jauge de restriction au m\u00e8tre carr\u00e9 -","og_url":"https:\/\/www.swiss-retail.ch\/fr\/news-fr\/le-commerce-de-detail-reclame-la-suppression-de-la-jauge-de-restriction-au-metre-carre\/","article_published_time":"2021-05-13T12:29:38+00:00","og_image":[{"width":283,"height":188,"url":"https:\/\/www.swiss-retail.ch\/wp-content\/uploads\/2020\/11\/2020-10-30-13_23_43-Window-4.png","type":"image\/png"}],"twitter_card":"summary_large_image","twitter_misc":{"\u00c9crit par":"Administrator","Dur\u00e9e de lecture estim\u00e9e":"3 minutes"},"schema":{"@context":"https:\/\/schema.org","@graph":[{"@type":"WebSite","@id":"https:\/\/www.swiss-retail.ch\/#website","url":"https:\/\/www.swiss-retail.ch\/","name":"","description":"Verband der Mittel- und Grossbetriebe des schweizerischen Detailhandels","potentialAction":[{"@type":"SearchAction","target":{"@type":"EntryPoint","urlTemplate":"https:\/\/www.swiss-retail.ch\/?s={search_term_string}"},"query-input":"required name=search_term_string"}],"inLanguage":"fr-FR"},{"@type":"ImageObject","@id":"https:\/\/www.swiss-retail.ch\/fr\/news-fr\/le-commerce-de-detail-reclame-la-suppression-de-la-jauge-de-restriction-au-metre-carre\/#primaryimage","inLanguage":"fr-FR","url":"https:\/\/www.swiss-retail.ch\/wp-content\/uploads\/2020\/11\/2020-10-30-13_23_43-Window-4.png","contentUrl":"https:\/\/www.swiss-retail.ch\/wp-content\/uploads\/2020\/11\/2020-10-30-13_23_43-Window-4.png","width":283,"height":188},{"@type":"WebPage","@id":"https:\/\/www.swiss-retail.ch\/fr\/news-fr\/le-commerce-de-detail-reclame-la-suppression-de-la-jauge-de-restriction-au-metre-carre\/#webpage","url":"https:\/\/www.swiss-retail.ch\/fr\/news-fr\/le-commerce-de-detail-reclame-la-suppression-de-la-jauge-de-restriction-au-metre-carre\/","name":"Le commerce de d\u00e9tail r\u00e9clame la suppression de la jauge de restriction au m\u00e8tre carr\u00e9 -","isPartOf":{"@id":"https:\/\/www.swiss-retail.ch\/#website"},"primaryImageOfPage":{"@id":"https:\/\/www.swiss-retail.ch\/fr\/news-fr\/le-commerce-de-detail-reclame-la-suppression-de-la-jauge-de-restriction-au-metre-carre\/#primaryimage"},"datePublished":"2021-05-13T12:29:38+00:00","dateModified":"2021-05-13T12:29:38+00:00","author":{"@id":"https:\/\/www.swiss-retail.ch\/#\/schema\/person\/29989425494ba3fa666290a573afb7a1"},"breadcrumb":{"@id":"https:\/\/www.swiss-retail.ch\/fr\/news-fr\/le-commerce-de-detail-reclame-la-suppression-de-la-jauge-de-restriction-au-metre-carre\/#breadcrumb"},"inLanguage":"fr-FR","potentialAction":[{"@type":"ReadAction","target":["https:\/\/www.swiss-retail.ch\/fr\/news-fr\/le-commerce-de-detail-reclame-la-suppression-de-la-jauge-de-restriction-au-metre-carre\/"]}]},{"@type":"BreadcrumbList","@id":"https:\/\/www.swiss-retail.ch\/fr\/news-fr\/le-commerce-de-detail-reclame-la-suppression-de-la-jauge-de-restriction-au-metre-carre\/#breadcrumb","itemListElement":[{"@type":"ListItem","position":1,"name":"Startseite","item":"https:\/\/www.swiss-retail.ch\/fr\/homepage\/"},{"@type":"ListItem","position":2,"name":"Le commerce de d\u00e9tail r\u00e9clame la suppression de la jauge de restriction au m\u00e8tre carr\u00e9"}]},{"@type":"Person","@id":"https:\/\/www.swiss-retail.ch\/#\/schema\/person\/29989425494ba3fa666290a573afb7a1","name":"Administrator","url":"https:\/\/www.swiss-retail.ch\/fr\/author\/administrator\/"}]}},"_links":{"self":[{"href":"https:\/\/www.swiss-retail.ch\/fr\/wp-json\/wp\/v2\/posts\/11784"}],"collection":[{"href":"https:\/\/www.swiss-retail.ch\/fr\/wp-json\/wp\/v2\/posts"}],"about":[{"href":"https:\/\/www.swiss-retail.ch\/fr\/wp-json\/wp\/v2\/types\/post"}],"author":[{"embeddable":true,"href":"https:\/\/www.swiss-retail.ch\/fr\/wp-json\/wp\/v2\/users\/19"}],"replies":[{"embeddable":true,"href":"https:\/\/www.swiss-retail.ch\/fr\/wp-json\/wp\/v2\/comments?post=11784"}],"version-history":[{"count":2,"href":"https:\/\/www.swiss-retail.ch\/fr\/wp-json\/wp\/v2\/posts\/11784\/revisions"}],"predecessor-version":[{"id":11786,"href":"https:\/\/www.swiss-retail.ch\/fr\/wp-json\/wp\/v2\/posts\/11784\/revisions\/11786"}],"wp:featuredmedia":[{"embeddable":true,"href":"https:\/\/www.swiss-retail.ch\/fr\/wp-json\/wp\/v2\/media\/11068"}],"wp:attachment":[{"href":"https:\/\/www.swiss-retail.ch\/fr\/wp-json\/wp\/v2\/media?parent=11784"}],"wp:term":[{"taxonomy":"category","embeddable":true,"href":"https:\/\/www.swiss-retail.ch\/fr\/wp-json\/wp\/v2\/categories?post=11784"},{"taxonomy":"post_tag","embeddable":true,"href":"https:\/\/www.swiss-retail.ch\/fr\/wp-json\/wp\/v2\/tags?post=11784"}],"curies":[{"name":"wp","href":"https:\/\/api.w.org\/{rel}","templated":true}]}}