{"id":11802,"date":"2021-05-21T08:21:01","date_gmt":"2021-05-21T06:21:01","guid":{"rendered":"https:\/\/www.swiss-retail.ch\/?p=11802"},"modified":"2022-05-24T10:00:56","modified_gmt":"2022-05-24T08:00:56","slug":"82eme-assemblee-des-membres-de-swiss-retail-federation","status":"publish","type":"post","link":"https:\/\/www.swiss-retail.ch\/fr\/news-fr\/82eme-assemblee-des-membres-de-swiss-retail-federation\/","title":{"rendered":"82\u00e8me Assembl\u00e9e des membres de Swiss Retail Federation"},"content":{"rendered":"<section class=\"av_textblock_section \"  itemscope=\"itemscope\" itemtype=\"https:\/\/schema.org\/BlogPosting\" itemprop=\"blogPost\" ><div class='avia_textblock  '   itemprop=\"text\" ><h1><span style=\"color: #5dbcd2;\"><strong>82<sup>\u00e8me<\/sup> Assembl\u00e9e des membres de Swiss Retail Federation<\/strong><\/span><\/h1>\n<\/div><\/section>\n<div   class='hr hr-default   avia-builder-el-1  el_after_av_textblock  el_before_av_textblock '><span class='hr-inner ' ><span class='hr-inner-style'><\/span><\/span><\/div>\n<section class=\"av_textblock_section \"  itemscope=\"itemscope\" itemtype=\"https:\/\/schema.org\/BlogPosting\" itemprop=\"blogPost\" ><div class='avia_textblock  '   itemprop=\"text\" ><p><strong><em>Swiss Retail Federation a tenu sa 82<sup>\u00e8me<\/sup> Assembl\u00e9e des membres le 20 mai 2021. Apr\u00e8s une ann\u00e9e 2020 difficile pour le commerce de d\u00e9tail suisse, Swiss Retail est heureuse de voir sa position d&rsquo;association omnicanal renforc\u00e9e avec l&rsquo;entr\u00e9e de pr\u00e9cieuses comp\u00e9tences dans son Comit\u00e9. Gr\u00e2ce \u00e0 de nouvelles personnalit\u00e9s de poids, les int\u00e9r\u00eats du commerce de d\u00e9tail suisse demeurent efficacement repr\u00e9sent\u00e9s. <\/em><\/strong><\/p>\n<p>En raison de la pand\u00e9mie de Covid-19 et comme ce fut d\u00e9j\u00e0 le cas l&rsquo;an dernier, les membres de Swiss Retail Federation n&rsquo;ont pas pu se retrouver dans le cadre traditionnel pour leur Assembl\u00e9e des membres. Pour r\u00e9unir les membres et les invit\u00e9s au moins virtuellement, un \u00e9v\u00e9nement num\u00e9rique destin\u00e9 aux membres a \u00e9t\u00e9 organis\u00e9, agr\u00e9ment\u00e9 de deux expos\u00e9s tr\u00e8s int\u00e9ressants. Sur la plan statutaire, l&rsquo;Assembl\u00e9e s&rsquo;est tenue sous forme \u00e9crite.<\/p>\n<p><strong>Des experts confirm\u00e9s du commerce de d\u00e9tail nomm\u00e9s au Comit\u00e9<\/strong><\/p>\n<p>Par voie \u00e9crite, les membres de Swiss Retail ont confirm\u00e9 Simon Wirth, Country Marketing Manager et membre de la direction d&rsquo;IKEA SA, dans sa fonction de membre du Comit\u00e9. Quatre signal\u00e9s experts du secteur du commerce de d\u00e9tail ont \u00e9t\u00e9 nouvellement \u00e9lus en son sein: Stefan Kopp, CFO de LIDL Suisse SA, Dominique Locher, investisseur et sp\u00e9cialiste du domaine \u00e9lectronique, Christian Malzach, CEO de Fressnapf Schweiz AG et J\u00e9r\u00f4me Meyer, CEO d&rsquo;ALDI Suisse SA. \u00ab\u00a0Nous sommes heureux d&rsquo;avoir pu \u00e9toffer et renforcer encore notre Comit\u00e9 gr\u00e2ce \u00e0 ces sp\u00e9cialistes confirm\u00e9s du commerce de d\u00e9tail\u00a0\u00bb, souligne Dagmar T. Jenni, directrice de Swiss Retail.<\/p>\n<p><strong>\u00a0<\/strong><strong>Les le\u00e7ons de la crise sanitaire pour l\u2019avenir<\/strong><\/p>\n<p>La pr\u00e9sidente de Swiss Retail Federation et Conseill\u00e8re nationale Christa Markwalder a pr\u00e9sent\u00e9 aux participants une r\u00e9trospective passionnante, du point de vue politique, sur la gestion de crise et la mani\u00e8re dont le commerce de d\u00e9tail a su prot\u00e9ger ses int\u00e9r\u00eats pendant la pand\u00e9mie. Tout au long de celle-ci, en particulier, Swiss Retail a toujours entretenu un dialogue \u00e9troit et constructif avec le monde politique et les experts pour d\u00e9fendre les int\u00e9r\u00eats du commerce de d\u00e9tail. C\u2019est ce qui a contribu\u00e9 au fait que ce secteur a jusqu\u2019ici \u00e9t\u00e9 en mesure de surmonter cette crise relativement bien par rapport \u00e0 d&rsquo;autres branches. Christa Markwalder a r\u00e9sum\u00e9 trois le\u00e7ons importantes \u00e0 retenir pour le futur: \u00ab\u00a0Nous devons \u00eatre mieux pr\u00e9par\u00e9s \u00e0 une pand\u00e9mie \u00e0 l&rsquo;avenir, en ce sens que les programmes de pand\u00e9mie et la loi sur les \u00e9pid\u00e9mies ne peuvent pas se contenter d\u2019exister sur le papier, mais doivent \u00eatre consciencieusement mis en \u0153uvre afin que le mat\u00e9riel (comme l&rsquo;\u00e9thanol, les masques, etc.) soit disponible en quantit\u00e9 suffisante. Nous devons \u00e9galement promouvoir la coop\u00e9ration, y compris internationale, notamment sur le plan scientifique. Enfin et surtout, nous devons nous poser des questions d&rsquo;ordre institutionnel, par exemple sur la mani\u00e8re dont la Conf\u00e9d\u00e9ration et les cantons doivent r\u00e9agir ensemble \u00e0 de telles crises, ainsi que sur les possibilit\u00e9s de faire fonctionner le mieux possible cette interaction institutionnelle\u00a0\u00bb.<\/p>\n<p><strong>Renaissance du commerce de d\u00e9tail<\/strong><\/p>\n<p>Dominique Locher, \u00ab\u00a0\u00e9vang\u00e9liste\u00a0\u00bb de l&rsquo;eFood, entrepreneur et investisseur chez Farmy.ch et Jiffy, entre autres, a prononc\u00e9 un expos\u00e9 captivant sur l&rsquo;impact qu\u2019a eu la pand\u00e9mie sur la transformation du commerce de d\u00e9tail dans le secteur alimentaire. \u00ab\u00a0La permanence du changement n&rsquo;est pas un ph\u00e9nom\u00e8ne nouveau, mais celui-ci se produit aujourd&rsquo;hui \u00e0 un rythme extraordinairement acc\u00e9l\u00e9r\u00e9. Et il fait passer le pouvoir de la vente au d\u00e9tail et de la production aux consommateurs. Le POS, au sens habituel de point de vente (point of sale) est en train de devenir un process of sale (processus de vente) \u2013 avec des contours qui se brouillent dans les transitions entre l&rsquo;information, la s\u00e9lection et la d\u00e9cision d&rsquo;achat. La conception des produits, les prix et les heures d&rsquo;ouverture ne sont plus des r\u00e9alit\u00e9s fixes. Le client combine les canaux et passe de plus en plus du hors ligne au en ligne. Agissant un peu comme le baiser de la Belle au bois dormant pour le monde de l&rsquo;e-alimentaire, la pand\u00e9mie a acc\u00e9l\u00e9r\u00e9 en quelques mois, voire quelques semaines, des d\u00e9veloppements qui auraient normalement pris une d\u00e9cennie ! La renaissance du commerce de d\u00e9tail bat son plein\u00a0\u00bb, a conclu Dominique Locher.<\/p>\n<p>Swiss Retail Federation repr\u00e9sente le commerce de d\u00e9tail suisse sans les grands distributeurs. Ses membres r\u00e9alisent un chiffre d&rsquo;affaires de 22 milliards de francs, emploient environ 50 000 personnes et sont pr\u00e9sents sur plus de 5 500 sites en Suisse.<\/p>\n<p>Nous sommes \u00e0 votre disposition pour toute question ou information g\u00e9n\u00e9rale \u00e0 l&rsquo;adresse <a href=\"mailto:medien@swiss-retail.ch\">medien@swiss-retail.ch<\/a><\/p>\n<\/div><\/section>\n<div   class='hr hr-default   avia-builder-el-3  el_after_av_textblock  el_before_av_social_share '><span class='hr-inner ' ><span class='hr-inner-style'><\/span><\/span><\/div>\n<div  class='av-social-sharing-box  avia-builder-el-4  el_after_av_hr  avia-builder-el-last  '><div class='av-share-box'><h5 class='av-share-link-description av-no-toc '>Eintrag teilen<\/h5><ul class='av-share-box-list noLightbox'><li class='av-share-link av-social-link-facebook' ><a target=\"_blank\" aria-label=\"Partager sur Facebook\" href='https:\/\/www.facebook.com\/sharer.php?u=https:\/\/www.swiss-retail.ch\/fr\/news-fr\/82eme-assemblee-des-membres-de-swiss-retail-federation\/&#038;t=82%C3%A8me%20Assembl%C3%A9e%20des%20membres%20de%20Swiss%20Retail%20Federation' aria-hidden='false' data-av_icon='\ue8f3' data-av_iconfont='entypo-fontello' title='' data-avia-related-tooltip='Partager sur Facebook' rel=\"noopener\"><span class='avia_hidden_link_text'>Partager sur Facebook<\/span><\/a><\/li><li class='av-share-link av-social-link-twitter' ><a target=\"_blank\" aria-label=\"Partager sur Twitter\" href='https:\/\/twitter.com\/share?text=82%C3%A8me%20Assembl%C3%A9e%20des%20membres%20de%20Swiss%20Retail%20Federation&#038;url=https:\/\/www.swiss-retail.ch\/fr\/?p=11802' aria-hidden='false' data-av_icon='\ue8f1' data-av_iconfont='entypo-fontello' title='' data-avia-related-tooltip='Partager sur Twitter' rel=\"noopener\"><span class='avia_hidden_link_text'>Partager sur Twitter<\/span><\/a><\/li><li class='av-share-link av-social-link-whatsapp' ><a target=\"_blank\" aria-label=\"Share on WhatsApp\" href='https:\/\/api.whatsapp.com\/send?text=https:\/\/www.swiss-retail.ch\/fr\/news-fr\/82eme-assemblee-des-membres-de-swiss-retail-federation\/' aria-hidden='false' data-av_icon='\uf232' data-av_iconfont='entypo-fontello' title='' data-avia-related-tooltip='Share on WhatsApp' rel=\"noopener\"><span class='avia_hidden_link_text'>Share on WhatsApp<\/span><\/a><\/li><li class='av-share-link av-social-link-linkedin' ><a target=\"_blank\" aria-label=\"Partager sur LinkedIn\" href='https:\/\/linkedin.com\/shareArticle?mini=true&#038;title=82%C3%A8me%20Assembl%C3%A9e%20des%20membres%20de%20Swiss%20Retail%20Federation&#038;url=https:\/\/www.swiss-retail.ch\/fr\/news-fr\/82eme-assemblee-des-membres-de-swiss-retail-federation\/' aria-hidden='false' data-av_icon='\ue8fc' data-av_iconfont='entypo-fontello' title='' data-avia-related-tooltip='Partager sur LinkedIn' rel=\"noopener\"><span class='avia_hidden_link_text'>Partager sur LinkedIn<\/span><\/a><\/li><li class='av-share-link av-social-link-mail' ><a  aria-label=\"Partager par Mail\" href='mailto:?subject=82%C3%A8me%20Assembl%C3%A9e%20des%20membres%20de%20Swiss%20Retail%20Federation&#038;body=https:\/\/www.swiss-retail.ch\/fr\/news-fr\/82eme-assemblee-des-membres-de-swiss-retail-federation\/' aria-hidden='false' data-av_icon='\ue805' data-av_iconfont='entypo-fontello' title='' data-avia-related-tooltip='Partager par Mail'><span class='avia_hidden_link_text'>Partager par Mail<\/span><\/a><\/li><\/ul><\/div><\/div>\n","protected":false},"excerpt":{"rendered":"","protected":false},"author":19,"featured_media":0,"comment_status":"closed","ping_status":"closed","sticky":false,"template":"","format":"standard","meta":[],"categories":[69,64],"tags":[],"yoast_head":"<!-- This site is optimized with the Yoast SEO plugin v18.5.1 - https:\/\/yoast.com\/wordpress\/plugins\/seo\/ -->\n<title>82\u00e8me Assembl\u00e9e des membres de Swiss Retail Federation -<\/title>\n<meta name=\"robots\" content=\"index, follow, max-snippet:-1, max-image-preview:large, max-video-preview:-1\" \/>\n<link rel=\"canonical\" href=\"https:\/\/www.swiss-retail.ch\/fr\/news-fr\/82eme-assemblee-des-membres-de-swiss-retail-federation\/\" \/>\n<meta property=\"og:locale\" content=\"fr_FR\" \/>\n<meta property=\"og:type\" content=\"article\" \/>\n<meta property=\"og:title\" content=\"82\u00e8me Assembl\u00e9e des membres de Swiss Retail Federation -\" \/>\n<meta property=\"og:url\" content=\"https:\/\/www.swiss-retail.ch\/fr\/news-fr\/82eme-assemblee-des-membres-de-swiss-retail-federation\/\" \/>\n<meta property=\"article:published_time\" content=\"2021-05-21T06:21:01+00:00\" \/>\n<meta property=\"article:modified_time\" content=\"2022-05-24T08:00:56+00:00\" \/>\n<meta name=\"twitter:card\" content=\"summary_large_image\" \/>\n<meta name=\"twitter:label1\" content=\"\u00c9crit par\" \/>\n\t<meta name=\"twitter:data1\" content=\"Administrator\" \/>\n\t<meta name=\"twitter:label2\" content=\"Dur\u00e9e de lecture estim\u00e9e\" \/>\n\t<meta name=\"twitter:data2\" content=\"5 minutes\" \/>\n<script type=\"application\/ld+json\" class=\"yoast-schema-graph\">{\"@context\":\"https:\/\/schema.org\",\"@graph\":[{\"@type\":\"WebSite\",\"@id\":\"https:\/\/www.swiss-retail.ch\/#website\",\"url\":\"https:\/\/www.swiss-retail.ch\/\",\"name\":\"\",\"description\":\"Verband der Mittel- und Grossbetriebe des schweizerischen Detailhandels\",\"potentialAction\":[{\"@type\":\"SearchAction\",\"target\":{\"@type\":\"EntryPoint\",\"urlTemplate\":\"https:\/\/www.swiss-retail.ch\/?s={search_term_string}\"},\"query-input\":\"required name=search_term_string\"}],\"inLanguage\":\"fr-FR\"},{\"@type\":\"WebPage\",\"@id\":\"https:\/\/www.swiss-retail.ch\/fr\/news-fr\/82eme-assemblee-des-membres-de-swiss-retail-federation\/#webpage\",\"url\":\"https:\/\/www.swiss-retail.ch\/fr\/news-fr\/82eme-assemblee-des-membres-de-swiss-retail-federation\/\",\"name\":\"82\u00e8me Assembl\u00e9e des membres de Swiss Retail Federation -\",\"isPartOf\":{\"@id\":\"https:\/\/www.swiss-retail.ch\/#website\"},\"datePublished\":\"2021-05-21T06:21:01+00:00\",\"dateModified\":\"2022-05-24T08:00:56+00:00\",\"author\":{\"@id\":\"https:\/\/www.swiss-retail.ch\/#\/schema\/person\/29989425494ba3fa666290a573afb7a1\"},\"breadcrumb\":{\"@id\":\"https:\/\/www.swiss-retail.ch\/fr\/news-fr\/82eme-assemblee-des-membres-de-swiss-retail-federation\/#breadcrumb\"},\"inLanguage\":\"fr-FR\",\"potentialAction\":[{\"@type\":\"ReadAction\",\"target\":[\"https:\/\/www.swiss-retail.ch\/fr\/news-fr\/82eme-assemblee-des-membres-de-swiss-retail-federation\/\"]}]},{\"@type\":\"BreadcrumbList\",\"@id\":\"https:\/\/www.swiss-retail.ch\/fr\/news-fr\/82eme-assemblee-des-membres-de-swiss-retail-federation\/#breadcrumb\",\"itemListElement\":[{\"@type\":\"ListItem\",\"position\":1,\"name\":\"Startseite\",\"item\":\"https:\/\/www.swiss-retail.ch\/fr\/homepage\/\"},{\"@type\":\"ListItem\",\"position\":2,\"name\":\"82\u00e8me Assembl\u00e9e des membres de Swiss Retail Federation\"}]},{\"@type\":\"Person\",\"@id\":\"https:\/\/www.swiss-retail.ch\/#\/schema\/person\/29989425494ba3fa666290a573afb7a1\",\"name\":\"Administrator\",\"url\":\"https:\/\/www.swiss-retail.ch\/fr\/author\/administrator\/\"}]}<\/script>\n<!-- \/ Yoast SEO plugin. -->","yoast_head_json":{"title":"82\u00e8me Assembl\u00e9e des membres de Swiss Retail Federation -","robots":{"index":"index","follow":"follow","max-snippet":"max-snippet:-1","max-image-preview":"max-image-preview:large","max-video-preview":"max-video-preview:-1"},"canonical":"https:\/\/www.swiss-retail.ch\/fr\/news-fr\/82eme-assemblee-des-membres-de-swiss-retail-federation\/","og_locale":"fr_FR","og_type":"article","og_title":"82\u00e8me Assembl\u00e9e des membres de Swiss Retail Federation -","og_url":"https:\/\/www.swiss-retail.ch\/fr\/news-fr\/82eme-assemblee-des-membres-de-swiss-retail-federation\/","article_published_time":"2021-05-21T06:21:01+00:00","article_modified_time":"2022-05-24T08:00:56+00:00","twitter_card":"summary_large_image","twitter_misc":{"\u00c9crit par":"Administrator","Dur\u00e9e de lecture estim\u00e9e":"5 minutes"},"schema":{"@context":"https:\/\/schema.org","@graph":[{"@type":"WebSite","@id":"https:\/\/www.swiss-retail.ch\/#website","url":"https:\/\/www.swiss-retail.ch\/","name":"","description":"Verband der Mittel- und Grossbetriebe des schweizerischen Detailhandels","potentialAction":[{"@type":"SearchAction","target":{"@type":"EntryPoint","urlTemplate":"https:\/\/www.swiss-retail.ch\/?s={search_term_string}"},"query-input":"required name=search_term_string"}],"inLanguage":"fr-FR"},{"@type":"WebPage","@id":"https:\/\/www.swiss-retail.ch\/fr\/news-fr\/82eme-assemblee-des-membres-de-swiss-retail-federation\/#webpage","url":"https:\/\/www.swiss-retail.ch\/fr\/news-fr\/82eme-assemblee-des-membres-de-swiss-retail-federation\/","name":"82\u00e8me Assembl\u00e9e des membres de Swiss Retail Federation -","isPartOf":{"@id":"https:\/\/www.swiss-retail.ch\/#website"},"datePublished":"2021-05-21T06:21:01+00:00","dateModified":"2022-05-24T08:00:56+00:00","author":{"@id":"https:\/\/www.swiss-retail.ch\/#\/schema\/person\/29989425494ba3fa666290a573afb7a1"},"breadcrumb":{"@id":"https:\/\/www.swiss-retail.ch\/fr\/news-fr\/82eme-assemblee-des-membres-de-swiss-retail-federation\/#breadcrumb"},"inLanguage":"fr-FR","potentialAction":[{"@type":"ReadAction","target":["https:\/\/www.swiss-retail.ch\/fr\/news-fr\/82eme-assemblee-des-membres-de-swiss-retail-federation\/"]}]},{"@type":"BreadcrumbList","@id":"https:\/\/www.swiss-retail.ch\/fr\/news-fr\/82eme-assemblee-des-membres-de-swiss-retail-federation\/#breadcrumb","itemListElement":[{"@type":"ListItem","position":1,"name":"Startseite","item":"https:\/\/www.swiss-retail.ch\/fr\/homepage\/"},{"@type":"ListItem","position":2,"name":"82\u00e8me Assembl\u00e9e des membres de Swiss Retail Federation"}]},{"@type":"Person","@id":"https:\/\/www.swiss-retail.ch\/#\/schema\/person\/29989425494ba3fa666290a573afb7a1","name":"Administrator","url":"https:\/\/www.swiss-retail.ch\/fr\/author\/administrator\/"}]}},"_links":{"self":[{"href":"https:\/\/www.swiss-retail.ch\/fr\/wp-json\/wp\/v2\/posts\/11802"}],"collection":[{"href":"https:\/\/www.swiss-retail.ch\/fr\/wp-json\/wp\/v2\/posts"}],"about":[{"href":"https:\/\/www.swiss-retail.ch\/fr\/wp-json\/wp\/v2\/types\/post"}],"author":[{"embeddable":true,"href":"https:\/\/www.swiss-retail.ch\/fr\/wp-json\/wp\/v2\/users\/19"}],"replies":[{"embeddable":true,"href":"https:\/\/www.swiss-retail.ch\/fr\/wp-json\/wp\/v2\/comments?post=11802"}],"version-history":[{"count":2,"href":"https:\/\/www.swiss-retail.ch\/fr\/wp-json\/wp\/v2\/posts\/11802\/revisions"}],"predecessor-version":[{"id":13662,"href":"https:\/\/www.swiss-retail.ch\/fr\/wp-json\/wp\/v2\/posts\/11802\/revisions\/13662"}],"wp:attachment":[{"href":"https:\/\/www.swiss-retail.ch\/fr\/wp-json\/wp\/v2\/media?parent=11802"}],"wp:term":[{"taxonomy":"category","embeddable":true,"href":"https:\/\/www.swiss-retail.ch\/fr\/wp-json\/wp\/v2\/categories?post=11802"},{"taxonomy":"post_tag","embeddable":true,"href":"https:\/\/www.swiss-retail.ch\/fr\/wp-json\/wp\/v2\/tags?post=11802"}],"curies":[{"name":"wp","href":"https:\/\/api.w.org\/{rel}","templated":true}]}}