{"id":12030,"date":"2021-07-05T10:15:52","date_gmt":"2021-07-05T08:15:52","guid":{"rendered":"https:\/\/www.swiss-retail.ch\/?p=12030"},"modified":"2021-07-05T10:16:32","modified_gmt":"2021-07-05T08:16:32","slug":"12030","status":"publish","type":"post","link":"https:\/\/www.swiss-retail.ch\/fr\/news-fr\/12030\/","title":{"rendered":"Les accords de branche portent leurs fruits : la consommation de sachets jetables et de sacs de caisse en plastique diminue massivement"},"content":{"rendered":"<section class=\"av_textblock_section \"  itemscope=\"itemscope\" itemtype=\"https:\/\/schema.org\/BlogPosting\" itemprop=\"blogPost\" ><div class='avia_textblock  '   itemprop=\"text\" ><h1><span style=\"color: #5dbcd2;\">Les accords de branche portent leurs fruits : la consommation de sachets jetables et de sacs de caisse en plastique diminue massivement<\/span><\/h1>\n<\/div><\/section>\n<section class=\"av_textblock_section \"  itemscope=\"itemscope\" itemtype=\"https:\/\/schema.org\/BlogPosting\" itemprop=\"blogPost\" ><div class='avia_textblock  '   itemprop=\"text\" ><p><strong>L&rsquo;accord sectoriel lanc\u00e9 en 2016 sur une base volontaire par les deux associations professionnelles du commerce de d\u00e9tail Swiss Retail Federation et CI Commerce de d\u00e9tail Suisse pour r\u00e9duire la consommation de sacs en plastique jetables, ainsi que l&rsquo;accord \u00e9tendu en 2019 aux sacs de caisse en plastique r\u00e9utilisables, d\u00e9passent clairement les attentes initiales. Ces initiatives ont permis de r\u00e9duire de 88,45 % jusqu\u2019ici la consommation de sachets \u00e0 usage unique par les entreprises participantes, soit de 369 530 020 unit\u00e9s. Pour les sacs de caisse en plastique, la consommation a \u00e9galement d\u00e9j\u00e0 diminu\u00e9, soit de 43,79%, ou 20 437 714 unit\u00e9s depuis 2019. <\/strong><\/p>\n<p>La tendance \u00e0 renoncer aux sacs plastiques \u00e0 usage unique et aux sacs de caisse en plastique se poursuit. Les derni\u00e8res enqu\u00eates effectu\u00e9es par les entreprises membres de Swiss Retail Federation et de la CI Commerce de d\u00e9tail Suisse confirment tr\u00e8s clairement que les consommateurs utilisent de plus en plus de sacs r\u00e9utilisables pour transporter leurs achats. En signant des accords sectoriels, de nombreuses entreprises de vente au d\u00e9tail des deux associations de branches renoncent volontairement aujourd\u2019hui \u00e0 distribuer gratuitement des sacs plastiques aux caisses, dans le secteur alimentaire aussi bien que non alimentaire.<\/p>\n<p><strong>Les accords de branche d\u00e9passent nettement l\u2019objectif<\/strong><\/p>\n<p>Gr\u00e2ce aux deux accords de branche destin\u00e9s \u00e0 \u00ab\u00a0r\u00e9duire la consommation de sacs en plastique jetables\u00a0\u00bb et \u00e0 \u00ab\u00a0diminuer d\u2019une mani\u00e8re g\u00e9n\u00e9rale la consommation de sacs plastiques\u00a0\u00bb, les deux associations du commerce de d\u00e9tail apportent sur une base volontaire une importante contribution \u00e0 la r\u00e9duction des d\u00e9chets plastiques, donc \u00e0 la protection de l&rsquo;environnement. Comme le souligne Dagmar T. Jenni, directrice de Swiss Retail Federation: \u00ab\u00a0En ne distribuant pas de sacs en plastique gratuitement \u00e0 la caisse, nous incitons les clients \u00e0 utiliser les sacs plus d&rsquo;une fois ou \u00e0 opter pour d\u2019autres solutions et r\u00e9duire ainsi les d\u00e9chets plastiques. Sans pour autant restreindre leur libert\u00e9 de choix.\u00a0\u00bb<\/p>\n<p>Tant pour les sachets jetables que pour les sacs en plastique r\u00e9utilisables, les objectifs fix\u00e9s dans l\u2019accord volontaire de branche ont \u00e9t\u00e9 largement d\u00e9pass\u00e9s. Depuis son entr\u00e9e en vigueur en 2019, une baisse de 43,79 % a \u00e9t\u00e9 enregistr\u00e9e pour les sacs de caisse en plastique, ce qui correspond \u00e0 20 437 714 sacs en moins, alors que l&rsquo;accord visait une r\u00e9duction de 35 %. Pour les sacs en plastique \u00e0 usage unique, une r\u00e9duction d&rsquo;environ 70-80% devrait se confirmer d&rsquo;ici 2025. Depuis 2016, la consommation de sacs a d\u00e9j\u00e0 \u00e9t\u00e9 r\u00e9duite de pr\u00e8s de 90 %, soit de 369 530 020 unit\u00e9s.<\/p>\n<p>Pour toute question ou information compl\u00e9mentaire, nous sommes \u00e0 votre disposition \u00e0 l&rsquo;adresse <a href=\"mailto:medien@swiss-retail.ch\">medien@swiss-retail.ch<\/a>.<\/p>\n<\/div><\/section>\n<div   class='hr hr-default   avia-builder-el-2  el_after_av_textblock  el_before_av_social_share '><span class='hr-inner ' ><span class='hr-inner-style'><\/span><\/span><\/div>\n<div  class='av-social-sharing-box  avia-builder-el-3  el_after_av_hr  avia-builder-el-last  '><div class='av-share-box'><h5 class='av-share-link-description av-no-toc '>Eintrag teilen<\/h5><ul class='av-share-box-list noLightbox'><li class='av-share-link av-social-link-facebook' ><a target=\"_blank\" aria-label=\"Partager sur Facebook\" href='https:\/\/www.facebook.com\/sharer.php?u=https:\/\/www.swiss-retail.ch\/fr\/news-fr\/12030\/&#038;t=Les%20accords%20de%20branche%20portent%20leurs%20fruits%20%3A%20la%20consommation%20de%20sachets%20jetables%20et%20de%20sacs%20de%20caisse%20en%20plastique%20diminue%20massivement' aria-hidden='false' data-av_icon='\ue8f3' data-av_iconfont='entypo-fontello' title='' data-avia-related-tooltip='Partager sur Facebook' rel=\"noopener\"><span class='avia_hidden_link_text'>Partager sur Facebook<\/span><\/a><\/li><li class='av-share-link av-social-link-twitter' ><a target=\"_blank\" aria-label=\"Partager sur Twitter\" href='https:\/\/twitter.com\/share?text=Les%20accords%20de%20branche%20portent%20leurs%20fruits%20%3A%20la%20consommation%20de%20sachets%20jetables%20et%20de%20sacs%20de%20caisse%20en%20plastique%20diminue%20massivement&#038;url=https:\/\/www.swiss-retail.ch\/fr\/?p=12030' aria-hidden='false' data-av_icon='\ue8f1' data-av_iconfont='entypo-fontello' title='' data-avia-related-tooltip='Partager sur Twitter' rel=\"noopener\"><span class='avia_hidden_link_text'>Partager sur Twitter<\/span><\/a><\/li><li class='av-share-link av-social-link-whatsapp' ><a target=\"_blank\" aria-label=\"Share on WhatsApp\" href='https:\/\/api.whatsapp.com\/send?text=https:\/\/www.swiss-retail.ch\/fr\/news-fr\/12030\/' aria-hidden='false' data-av_icon='\uf232' data-av_iconfont='entypo-fontello' title='' data-avia-related-tooltip='Share on WhatsApp' rel=\"noopener\"><span class='avia_hidden_link_text'>Share on WhatsApp<\/span><\/a><\/li><li class='av-share-link av-social-link-linkedin' ><a target=\"_blank\" aria-label=\"Partager sur LinkedIn\" href='https:\/\/linkedin.com\/shareArticle?mini=true&#038;title=Les%20accords%20de%20branche%20portent%20leurs%20fruits%20%3A%20la%20consommation%20de%20sachets%20jetables%20et%20de%20sacs%20de%20caisse%20en%20plastique%20diminue%20massivement&#038;url=https:\/\/www.swiss-retail.ch\/fr\/news-fr\/12030\/' aria-hidden='false' data-av_icon='\ue8fc' data-av_iconfont='entypo-fontello' title='' data-avia-related-tooltip='Partager sur LinkedIn' rel=\"noopener\"><span class='avia_hidden_link_text'>Partager sur LinkedIn<\/span><\/a><\/li><li class='av-share-link av-social-link-mail' ><a  aria-label=\"Partager par Mail\" href='mailto:?subject=Les%20accords%20de%20branche%20portent%20leurs%20fruits%20%3A%20la%20consommation%20de%20sachets%20jetables%20et%20de%20sacs%20de%20caisse%20en%20plastique%20diminue%20massivement&#038;body=https:\/\/www.swiss-retail.ch\/fr\/news-fr\/12030\/' aria-hidden='false' data-av_icon='\ue805' data-av_iconfont='entypo-fontello' title='' data-avia-related-tooltip='Partager par Mail'><span class='avia_hidden_link_text'>Partager par Mail<\/span><\/a><\/li><\/ul><\/div><\/div>\n","protected":false},"excerpt":{"rendered":"","protected":false},"author":19,"featured_media":11068,"comment_status":"closed","ping_status":"closed","sticky":false,"template":"","format":"standard","meta":[],"categories":[64],"tags":[],"yoast_head":"<!-- This site is optimized with the Yoast SEO plugin v18.5.1 - https:\/\/yoast.com\/wordpress\/plugins\/seo\/ -->\n<title>Les accords de branche portent leurs fruits : la consommation de sachets jetables et de sacs de caisse en plastique diminue massivement -<\/title>\n<meta name=\"robots\" content=\"index, follow, max-snippet:-1, max-image-preview:large, max-video-preview:-1\" \/>\n<link rel=\"canonical\" href=\"https:\/\/www.swiss-retail.ch\/fr\/news-fr\/12030\/\" \/>\n<meta property=\"og:locale\" content=\"fr_FR\" \/>\n<meta property=\"og:type\" content=\"article\" \/>\n<meta property=\"og:title\" content=\"Les accords de branche portent leurs fruits : la consommation de sachets jetables et de sacs de caisse en plastique diminue massivement -\" \/>\n<meta property=\"og:url\" content=\"https:\/\/www.swiss-retail.ch\/fr\/news-fr\/12030\/\" \/>\n<meta property=\"article:published_time\" content=\"2021-07-05T08:15:52+00:00\" \/>\n<meta property=\"article:modified_time\" content=\"2021-07-05T08:16:32+00:00\" \/>\n<meta property=\"og:image\" content=\"https:\/\/www.swiss-retail.ch\/wp-content\/uploads\/2020\/11\/2020-10-30-13_23_43-Window-4.png\" \/>\n\t<meta property=\"og:image:width\" content=\"283\" \/>\n\t<meta property=\"og:image:height\" content=\"188\" \/>\n\t<meta property=\"og:image:type\" content=\"image\/png\" \/>\n<meta name=\"twitter:card\" content=\"summary_large_image\" \/>\n<meta name=\"twitter:label1\" content=\"\u00c9crit par\" \/>\n\t<meta name=\"twitter:data1\" content=\"Administrator\" \/>\n\t<meta name=\"twitter:label2\" content=\"Dur\u00e9e de lecture estim\u00e9e\" \/>\n\t<meta name=\"twitter:data2\" content=\"3 minutes\" \/>\n<script type=\"application\/ld+json\" class=\"yoast-schema-graph\">{\"@context\":\"https:\/\/schema.org\",\"@graph\":[{\"@type\":\"WebSite\",\"@id\":\"https:\/\/www.swiss-retail.ch\/#website\",\"url\":\"https:\/\/www.swiss-retail.ch\/\",\"name\":\"\",\"description\":\"Verband der Mittel- und Grossbetriebe des schweizerischen Detailhandels\",\"potentialAction\":[{\"@type\":\"SearchAction\",\"target\":{\"@type\":\"EntryPoint\",\"urlTemplate\":\"https:\/\/www.swiss-retail.ch\/?s={search_term_string}\"},\"query-input\":\"required name=search_term_string\"}],\"inLanguage\":\"fr-FR\"},{\"@type\":\"ImageObject\",\"@id\":\"https:\/\/www.swiss-retail.ch\/fr\/news-fr\/12030\/#primaryimage\",\"inLanguage\":\"fr-FR\",\"url\":\"https:\/\/www.swiss-retail.ch\/wp-content\/uploads\/2020\/11\/2020-10-30-13_23_43-Window-4.png\",\"contentUrl\":\"https:\/\/www.swiss-retail.ch\/wp-content\/uploads\/2020\/11\/2020-10-30-13_23_43-Window-4.png\",\"width\":283,\"height\":188},{\"@type\":\"WebPage\",\"@id\":\"https:\/\/www.swiss-retail.ch\/fr\/news-fr\/12030\/#webpage\",\"url\":\"https:\/\/www.swiss-retail.ch\/fr\/news-fr\/12030\/\",\"name\":\"Les accords de branche portent leurs fruits : la consommation de sachets jetables et de sacs de caisse en plastique diminue massivement -\",\"isPartOf\":{\"@id\":\"https:\/\/www.swiss-retail.ch\/#website\"},\"primaryImageOfPage\":{\"@id\":\"https:\/\/www.swiss-retail.ch\/fr\/news-fr\/12030\/#primaryimage\"},\"datePublished\":\"2021-07-05T08:15:52+00:00\",\"dateModified\":\"2021-07-05T08:16:32+00:00\",\"author\":{\"@id\":\"https:\/\/www.swiss-retail.ch\/#\/schema\/person\/29989425494ba3fa666290a573afb7a1\"},\"breadcrumb\":{\"@id\":\"https:\/\/www.swiss-retail.ch\/fr\/news-fr\/12030\/#breadcrumb\"},\"inLanguage\":\"fr-FR\",\"potentialAction\":[{\"@type\":\"ReadAction\",\"target\":[\"https:\/\/www.swiss-retail.ch\/fr\/news-fr\/12030\/\"]}]},{\"@type\":\"BreadcrumbList\",\"@id\":\"https:\/\/www.swiss-retail.ch\/fr\/news-fr\/12030\/#breadcrumb\",\"itemListElement\":[{\"@type\":\"ListItem\",\"position\":1,\"name\":\"Startseite\",\"item\":\"https:\/\/www.swiss-retail.ch\/fr\/homepage\/\"},{\"@type\":\"ListItem\",\"position\":2,\"name\":\"Les accords de branche portent leurs fruits : la consommation de sachets jetables et de sacs de caisse en plastique diminue massivement\"}]},{\"@type\":\"Person\",\"@id\":\"https:\/\/www.swiss-retail.ch\/#\/schema\/person\/29989425494ba3fa666290a573afb7a1\",\"name\":\"Administrator\",\"url\":\"https:\/\/www.swiss-retail.ch\/fr\/author\/administrator\/\"}]}<\/script>\n<!-- \/ Yoast SEO plugin. -->","yoast_head_json":{"title":"Les accords de branche portent leurs fruits : la consommation de sachets jetables et de sacs de caisse en plastique diminue massivement -","robots":{"index":"index","follow":"follow","max-snippet":"max-snippet:-1","max-image-preview":"max-image-preview:large","max-video-preview":"max-video-preview:-1"},"canonical":"https:\/\/www.swiss-retail.ch\/fr\/news-fr\/12030\/","og_locale":"fr_FR","og_type":"article","og_title":"Les accords de branche portent leurs fruits : la consommation de sachets jetables et de sacs de caisse en plastique diminue massivement -","og_url":"https:\/\/www.swiss-retail.ch\/fr\/news-fr\/12030\/","article_published_time":"2021-07-05T08:15:52+00:00","article_modified_time":"2021-07-05T08:16:32+00:00","og_image":[{"width":283,"height":188,"url":"https:\/\/www.swiss-retail.ch\/wp-content\/uploads\/2020\/11\/2020-10-30-13_23_43-Window-4.png","type":"image\/png"}],"twitter_card":"summary_large_image","twitter_misc":{"\u00c9crit par":"Administrator","Dur\u00e9e de lecture estim\u00e9e":"3 minutes"},"schema":{"@context":"https:\/\/schema.org","@graph":[{"@type":"WebSite","@id":"https:\/\/www.swiss-retail.ch\/#website","url":"https:\/\/www.swiss-retail.ch\/","name":"","description":"Verband der Mittel- und Grossbetriebe des schweizerischen Detailhandels","potentialAction":[{"@type":"SearchAction","target":{"@type":"EntryPoint","urlTemplate":"https:\/\/www.swiss-retail.ch\/?s={search_term_string}"},"query-input":"required name=search_term_string"}],"inLanguage":"fr-FR"},{"@type":"ImageObject","@id":"https:\/\/www.swiss-retail.ch\/fr\/news-fr\/12030\/#primaryimage","inLanguage":"fr-FR","url":"https:\/\/www.swiss-retail.ch\/wp-content\/uploads\/2020\/11\/2020-10-30-13_23_43-Window-4.png","contentUrl":"https:\/\/www.swiss-retail.ch\/wp-content\/uploads\/2020\/11\/2020-10-30-13_23_43-Window-4.png","width":283,"height":188},{"@type":"WebPage","@id":"https:\/\/www.swiss-retail.ch\/fr\/news-fr\/12030\/#webpage","url":"https:\/\/www.swiss-retail.ch\/fr\/news-fr\/12030\/","name":"Les accords de branche portent leurs fruits : la consommation de sachets jetables et de sacs de caisse en plastique diminue massivement -","isPartOf":{"@id":"https:\/\/www.swiss-retail.ch\/#website"},"primaryImageOfPage":{"@id":"https:\/\/www.swiss-retail.ch\/fr\/news-fr\/12030\/#primaryimage"},"datePublished":"2021-07-05T08:15:52+00:00","dateModified":"2021-07-05T08:16:32+00:00","author":{"@id":"https:\/\/www.swiss-retail.ch\/#\/schema\/person\/29989425494ba3fa666290a573afb7a1"},"breadcrumb":{"@id":"https:\/\/www.swiss-retail.ch\/fr\/news-fr\/12030\/#breadcrumb"},"inLanguage":"fr-FR","potentialAction":[{"@type":"ReadAction","target":["https:\/\/www.swiss-retail.ch\/fr\/news-fr\/12030\/"]}]},{"@type":"BreadcrumbList","@id":"https:\/\/www.swiss-retail.ch\/fr\/news-fr\/12030\/#breadcrumb","itemListElement":[{"@type":"ListItem","position":1,"name":"Startseite","item":"https:\/\/www.swiss-retail.ch\/fr\/homepage\/"},{"@type":"ListItem","position":2,"name":"Les accords de branche portent leurs fruits : la consommation de sachets jetables et de sacs de caisse en plastique diminue massivement"}]},{"@type":"Person","@id":"https:\/\/www.swiss-retail.ch\/#\/schema\/person\/29989425494ba3fa666290a573afb7a1","name":"Administrator","url":"https:\/\/www.swiss-retail.ch\/fr\/author\/administrator\/"}]}},"_links":{"self":[{"href":"https:\/\/www.swiss-retail.ch\/fr\/wp-json\/wp\/v2\/posts\/12030"}],"collection":[{"href":"https:\/\/www.swiss-retail.ch\/fr\/wp-json\/wp\/v2\/posts"}],"about":[{"href":"https:\/\/www.swiss-retail.ch\/fr\/wp-json\/wp\/v2\/types\/post"}],"author":[{"embeddable":true,"href":"https:\/\/www.swiss-retail.ch\/fr\/wp-json\/wp\/v2\/users\/19"}],"replies":[{"embeddable":true,"href":"https:\/\/www.swiss-retail.ch\/fr\/wp-json\/wp\/v2\/comments?post=12030"}],"version-history":[{"count":3,"href":"https:\/\/www.swiss-retail.ch\/fr\/wp-json\/wp\/v2\/posts\/12030\/revisions"}],"predecessor-version":[{"id":12033,"href":"https:\/\/www.swiss-retail.ch\/fr\/wp-json\/wp\/v2\/posts\/12030\/revisions\/12033"}],"wp:featuredmedia":[{"embeddable":true,"href":"https:\/\/www.swiss-retail.ch\/fr\/wp-json\/wp\/v2\/media\/11068"}],"wp:attachment":[{"href":"https:\/\/www.swiss-retail.ch\/fr\/wp-json\/wp\/v2\/media?parent=12030"}],"wp:term":[{"taxonomy":"category","embeddable":true,"href":"https:\/\/www.swiss-retail.ch\/fr\/wp-json\/wp\/v2\/categories?post=12030"},{"taxonomy":"post_tag","embeddable":true,"href":"https:\/\/www.swiss-retail.ch\/fr\/wp-json\/wp\/v2\/tags?post=12030"}],"curies":[{"name":"wp","href":"https:\/\/api.w.org\/{rel}","templated":true}]}}