{"id":12044,"date":"2021-07-06T09:11:12","date_gmt":"2021-07-06T07:11:12","guid":{"rendered":"https:\/\/www.swiss-retail.ch\/?p=12044"},"modified":"2022-05-24T09:59:53","modified_gmt":"2022-05-24T07:59:53","slug":"shop-suisse-je-vis-ici-jachete-ici","status":"publish","type":"post","link":"https:\/\/www.swiss-retail.ch\/fr\/news-fr\/shop-suisse-je-vis-ici-jachete-ici\/","title":{"rendered":"Shop Suisse ! Je vis ici, j\u2019ach\u00e8te ici !"},"content":{"rendered":"<section class=\"av_textblock_section \"  itemscope=\"itemscope\" itemtype=\"https:\/\/schema.org\/BlogPosting\" itemprop=\"blogPost\" ><div class='avia_textblock  '   itemprop=\"text\" ><h1><span style=\"color: #5dbcd2;\">Shop Suisse ! Je vis ici, j\u2019ach\u00e8te ici !<\/span><\/h1>\n<\/div><\/section>\n<div   class='hr hr-default   avia-builder-el-1  el_after_av_textblock  el_before_av_textblock '><span class='hr-inner ' ><span class='hr-inner-style'><\/span><\/span><\/div>\n<section class=\"av_textblock_section \"  itemscope=\"itemscope\" itemtype=\"https:\/\/schema.org\/BlogPosting\" itemprop=\"blogPost\" ><div class='avia_textblock  '   itemprop=\"text\" ><p><strong>Pendant l\u2019ann\u00e9e de la pand\u00e9mie, les gens sont devenus plus conscients et ont choisi d\u2019acheter sur place, comme le montrent plusieurs \u00e9tudes. Des facteurs tels que la qualit\u00e9, la durabilit\u00e9, la disponibilit\u00e9 et le gain de temps ont regagn\u00e9 en importance. L\u2019habituel tourisme d\u2019achat, qui, selon les estimations, fait perdre chaque ann\u00e9e \u00e0 l\u2019\u00e9conomie suisse entre 9 et 11 milliards de francs de chiffre d\u2019affaires, a baiss\u00e9 pendant l\u2019ann\u00e9e de la pand\u00e9mie. Un \u00e9lan positif pour l&rsquo;en-semble du commerce de d\u00e9tail, des artisans et des producteurs suisses. L&rsquo;Union suisse des arts et m\u00e9tiers usam, Swiss Retail Federation et Agro-Marketing Suisse AMS unissent leurs forces pour saisir cette opportunit\u00e9 et sensibiliser la population suisse \u00e0 la n\u00e9cessit\u00e9 d\u2019acheter suisse dans le cadre d&rsquo;une campagne nationale commune.<\/strong><\/p>\n<p>\u00ab Ce n\u2019est pas un hasard si nous appelons notre campagne \u00ab SHOP SUISSE \u00bb. Nous souhaitons capter l\u2019enthousiasme pour la Suisse que nous avons pu ressentir devant la t\u00e9l\u00e9vision il y a \u00e9galement une semaine \u00bb, a d\u00e9clar\u00e9 aux m\u00e9dias Hans-Ulrich Bigler, directeur de l\u2019Union suisse des arts et m\u00e9-tiers usam. Selon lui, malgr\u00e9 toutes les difficult\u00e9s rencontr\u00e9es lors de la crise due \u00e0 la pand\u00e9mie, la Suisse a \u00e9galement connu un \u00e9lan positif. La population suisse serait devenue plus consciente de l\u2019importance d\u2019acheter local [ou en Suisse]. M. Bigler ajoute que la qualit\u00e9, la durabilit\u00e9, la disponibilit\u00e9 et le gain de temps sont des facteurs qui ont regagn\u00e9 en importance. Dagmar Jenni, directrice de Swiss Retail Federation, confirme cette tendance positive, qui se refl\u00e8te dans les enqu\u00eates de la f\u00e9d\u00e9-ration. Selon elle, une appr\u00e9ciation croissante de l\u2019approvisionnement local, des cha\u00eenes d\u2019approvi-sionnement fiables, de la r\u00e9gionalit\u00e9 et de l\u2019origine a ainsi \u00e9t\u00e9 constat\u00e9e.<\/p>\n<p>\u00ab Avec cette campagne, nous voulons sensibiliser la population suisse et la motiver \u00e0 effectuer ses achats en Suisse. Ce faisant, elle fait \u00e9galement preuve de solidarit\u00e9 avec les PME, qui ont r\u00e9ussi \u00e0 sortir de la crise en faisant preuve d\u2019une grande force d\u2019innovation et de pers\u00e9v\u00e9rance \u00bb, poursuit Hans-Ulrich Bigler. Le concept \u00ab shoppez malin \u00bb s\u2019adresse aux personnes qui s\u2019appr\u00eatent \u00e0 acheter des biens ou des services dans les caf\u00e9s, les restaurants, les magasins de ferme ou \u00e0 partir de leur domicile sur Internet. Ce concept est symbolis\u00e9 par le sac \u00e0 provisions sur la t\u00eate et a pour but d\u2019atti-rer l\u2019attention sur la bonne cause de mani\u00e8re frappante. Car en achetant en Suisse plut\u00f4t qu\u2019\u00e0 l\u2019\u00e9tran-ger, on accomplit une bonne action. Toujours selon M. Bigler, cela garantit des chiffres d\u2019affaires en Suisse et donc des emplois, et prot\u00e8ge \u00e9galement l\u2019environnement, car on ne prend pas sa voiture pour parcourir des centaines de kilom\u00e8tres afin de passer la fronti\u00e8re. Le slogan \u00ab SHOP SUISSE \u00bb sera largement diffus\u00e9 et sera \u00e9galement visible dans les entreprises, dont les trois organismes parte-naires sont les \u00e9manations, sous forme d\u2019affiches, d\u2019autocollants ou de badges.<\/p>\n<p><strong>Se serrer les coudes<\/strong><\/p>\n<p>\u00ab Le coronavirus a d\u00e9montr\u00e9 du jour au lendemain l\u2019importance existentielle d\u2019un commerce de d\u00e9tail fonctionnel avec un approvisionnement local \u00bb, ajoute Dagmar Jenni. Selon cette derni\u00e8re, le com-merce de d\u00e9tail suisse affiche des performances remarquables en termes d\u2019excellence et de comp\u00e9ti-tivit\u00e9. Il convainc par sa proximit\u00e9, par sa ma\u00eetrise du terrain ainsi que par sa connaissance des be-soins des clientes et des clients. Avec quelque 310 000 emplois et 23 000 apprenti\u00b7e\u00b7s par an, le com-merce de d\u00e9tail contribue \u00e9galement \u00e0 la prosp\u00e9rit\u00e9 de la Suisse. En outre, il offre \u00e9galement des em-plois stimulants et de grandes possibilit\u00e9s d\u2019avancement aux personnes sans formation universitaire.<\/p>\n<p>Le commerce de d\u00e9tail en Suisse est confront\u00e9 \u00e0 une forte concurrence depuis des ann\u00e9es. Le r\u00e9-seau d\u2019approvisionnement tr\u00e8s dense perd peu \u00e0 peu de sa substance, notamment en raison de l\u2019impact consid\u00e9rable du tourisme d\u2019achat sur les membres de Swiss Retail Federation. Toujours selon Mme Jenni, la disparition des commerces dans les centres-villes est ind\u00e9niable.<\/p>\n<p>\u00ab Nos clientes et clients per\u00e7oivent des salaires suisses. S\u2019ils reconnaissent que les collaboratrices et collaborateurs du commerce de d\u00e9tail gagnent \u00e9galement des salaires suisses, ils n\u2019ont aucune raison de faire syst\u00e9matiquement leurs achats \u00e0 l\u2019\u00e9tranger. Si nous \u2013 c\u2019est-\u00e0-dire les clientes, les clients, les d\u00e9taillants, les entreprises et l\u2019agriculture \u2013 unissons nos efforts, nous nous aiderons nous-m\u00eames \u00bb, fait remarquer Dagmar Jenni.<\/p>\n<p><strong>Tendance \u00e0 la r\u00e9gionalit\u00e9<\/strong><\/p>\n<p>Urs Schneider, pr\u00e9sident d\u2019Agro-Marketing Suisse AMS, confirme-lui aussi que, suite \u00e0 la pand\u00e9mie, les produits locaux et les achats domestiques ont gagn\u00e9 en importance. Selon lui, pendant le confine-ment, les magasins de ferme ont \u00e9t\u00e9 litt\u00e9ralement pris d\u2019assaut et, dans de nombreux cas, les chiffres d\u2019affaires ont tripl\u00e9 voire quadrupl\u00e9. Les d\u00e9taillants ont r\u00e9alis\u00e9 des chiffres d\u2019affaires record dans le secteur alimentaire et les march\u00e9s fermiers et hebdomadaires ont \u00e9t\u00e9 tr\u00e8s fr\u00e9quent\u00e9s. Dans une en-qu\u00eate men\u00e9e par l\u2019Universit\u00e9 de Lucerne, on a constat\u00e9 une augmentation de l\u2019importance accord\u00e9e \u00e0 la r\u00e9gionalit\u00e9 et \u00e0 l\u2019origine des denr\u00e9es alimentaires. \u00ab Le r\u00e9sultat montre que le secteur agricole et alimentaire suisse, qui mise sur une qualit\u00e9 durable et justement sur l\u2019origine et la r\u00e9gionalit\u00e9 dans tous les secteurs de production, est exactement sur la bonne voie \u00bb, d\u00e9clare Urs Schneider.<\/p>\n<p>Selon lui, le d\u00e9veloppement et le comportement sont r\u00e9jouissants. La question est toutefois de savoir dans quelle mesure cette tendance sera durable une fois les libert\u00e9s pleinement retrouv\u00e9es. C\u2019est en tout cas \u00e0 esp\u00e9rer, car en achetant des denr\u00e9es alimentaires et des services locaux, les consomma-trices et consommateurs font une bonne action pour eux-m\u00eames. \u00ab Ils obtiennent une qualit\u00e9 et une fra\u00eecheur optimales, prot\u00e8gent l\u2019environnement et renforcent l\u2019\u00e9conomie nationale. La pr\u00e9servation des emplois est particuli\u00e8rement importante et ce comportement contribue \u00e0 maintenir le niveau des sa-laires en Suisse \u00bb, conclut Urs Schneider.<\/p>\n<p><strong>Pour tous renseignements compl\u00e9mentaires :<\/strong><br \/>\nHans-Ulrich Bigler, directeur de l\u2019Union suisse des arts et m\u00e9tiers usam, portable : 079 285 47 09<\/p>\n<p>Dagmar Jenni, directrice de la Swiss Retail Federation,t\u00e9l\u00e9phone: 031 312 40 40<\/p>\n<p>Urs Schneider, pr\u00e9sident d\u2019Agro-Marketing Suisse et directeur adjoint de l&rsquo;Union suisse des paysans, portable : 079 438 97 17<\/p>\n<\/div><\/section>\n<div   class='hr hr-default   avia-builder-el-3  el_after_av_textblock  el_before_av_social_share '><span class='hr-inner ' ><span class='hr-inner-style'><\/span><\/span><\/div>\n<div  class='av-social-sharing-box  avia-builder-el-4  el_after_av_hr  avia-builder-el-last  '><div class='av-share-box'><h5 class='av-share-link-description av-no-toc '>Eintrag teilen<\/h5><ul class='av-share-box-list noLightbox'><li class='av-share-link av-social-link-facebook' ><a target=\"_blank\" aria-label=\"Partager sur Facebook\" href='https:\/\/www.facebook.com\/sharer.php?u=https:\/\/www.swiss-retail.ch\/fr\/news-fr\/shop-suisse-je-vis-ici-jachete-ici\/&#038;t=Shop%20Suisse%20%21%20Je%20vis%20ici%2C%20j%E2%80%99ach%C3%A8te%20ici%20%21' aria-hidden='false' data-av_icon='\ue8f3' data-av_iconfont='entypo-fontello' title='' data-avia-related-tooltip='Partager sur Facebook' rel=\"noopener\"><span class='avia_hidden_link_text'>Partager sur Facebook<\/span><\/a><\/li><li class='av-share-link av-social-link-twitter' ><a target=\"_blank\" aria-label=\"Partager sur Twitter\" href='https:\/\/twitter.com\/share?text=Shop%20Suisse%20%21%20Je%20vis%20ici%2C%20j%E2%80%99ach%C3%A8te%20ici%20%21&#038;url=https:\/\/www.swiss-retail.ch\/fr\/?p=12044' aria-hidden='false' data-av_icon='\ue8f1' data-av_iconfont='entypo-fontello' title='' data-avia-related-tooltip='Partager sur Twitter' rel=\"noopener\"><span class='avia_hidden_link_text'>Partager sur Twitter<\/span><\/a><\/li><li class='av-share-link av-social-link-whatsapp' ><a target=\"_blank\" aria-label=\"Share on WhatsApp\" href='https:\/\/api.whatsapp.com\/send?text=https:\/\/www.swiss-retail.ch\/fr\/news-fr\/shop-suisse-je-vis-ici-jachete-ici\/' aria-hidden='false' data-av_icon='\uf232' data-av_iconfont='entypo-fontello' title='' data-avia-related-tooltip='Share on WhatsApp' rel=\"noopener\"><span class='avia_hidden_link_text'>Share on WhatsApp<\/span><\/a><\/li><li class='av-share-link av-social-link-linkedin' ><a target=\"_blank\" aria-label=\"Partager sur LinkedIn\" href='https:\/\/linkedin.com\/shareArticle?mini=true&#038;title=Shop%20Suisse%20%21%20Je%20vis%20ici%2C%20j%E2%80%99ach%C3%A8te%20ici%20%21&#038;url=https:\/\/www.swiss-retail.ch\/fr\/news-fr\/shop-suisse-je-vis-ici-jachete-ici\/' aria-hidden='false' data-av_icon='\ue8fc' data-av_iconfont='entypo-fontello' title='' data-avia-related-tooltip='Partager sur LinkedIn' rel=\"noopener\"><span class='avia_hidden_link_text'>Partager sur LinkedIn<\/span><\/a><\/li><li class='av-share-link av-social-link-mail' ><a  aria-label=\"Partager par Mail\" href='mailto:?subject=Shop%20Suisse%20%21%20Je%20vis%20ici%2C%20j%E2%80%99ach%C3%A8te%20ici%20%21&#038;body=https:\/\/www.swiss-retail.ch\/fr\/news-fr\/shop-suisse-je-vis-ici-jachete-ici\/' aria-hidden='false' data-av_icon='\ue805' data-av_iconfont='entypo-fontello' title='' data-avia-related-tooltip='Partager par Mail'><span class='avia_hidden_link_text'>Partager par Mail<\/span><\/a><\/li><\/ul><\/div><\/div>\n","protected":false},"excerpt":{"rendered":"","protected":false},"author":19,"featured_media":0,"comment_status":"closed","ping_status":"closed","sticky":false,"template":"","format":"standard","meta":[],"categories":[69,64],"tags":[],"yoast_head":"<!-- This site is optimized with the Yoast SEO plugin v18.5.1 - https:\/\/yoast.com\/wordpress\/plugins\/seo\/ -->\n<title>Shop Suisse ! Je vis ici, j\u2019ach\u00e8te ici ! -<\/title>\n<meta name=\"robots\" content=\"index, follow, max-snippet:-1, max-image-preview:large, max-video-preview:-1\" \/>\n<link rel=\"canonical\" href=\"https:\/\/www.swiss-retail.ch\/fr\/news-fr\/shop-suisse-je-vis-ici-jachete-ici\/\" \/>\n<meta property=\"og:locale\" content=\"fr_FR\" \/>\n<meta property=\"og:type\" content=\"article\" \/>\n<meta property=\"og:title\" content=\"Shop Suisse ! Je vis ici, j\u2019ach\u00e8te ici ! -\" \/>\n<meta property=\"og:url\" content=\"https:\/\/www.swiss-retail.ch\/fr\/news-fr\/shop-suisse-je-vis-ici-jachete-ici\/\" \/>\n<meta property=\"article:published_time\" content=\"2021-07-06T07:11:12+00:00\" \/>\n<meta property=\"article:modified_time\" content=\"2022-05-24T07:59:53+00:00\" \/>\n<meta name=\"twitter:card\" content=\"summary_large_image\" \/>\n<meta name=\"twitter:label1\" content=\"\u00c9crit par\" \/>\n\t<meta name=\"twitter:data1\" content=\"Administrator\" \/>\n\t<meta name=\"twitter:label2\" content=\"Dur\u00e9e de lecture estim\u00e9e\" \/>\n\t<meta name=\"twitter:data2\" content=\"7 minutes\" \/>\n<script type=\"application\/ld+json\" class=\"yoast-schema-graph\">{\"@context\":\"https:\/\/schema.org\",\"@graph\":[{\"@type\":\"WebSite\",\"@id\":\"https:\/\/www.swiss-retail.ch\/#website\",\"url\":\"https:\/\/www.swiss-retail.ch\/\",\"name\":\"\",\"description\":\"Verband der Mittel- und Grossbetriebe des schweizerischen Detailhandels\",\"potentialAction\":[{\"@type\":\"SearchAction\",\"target\":{\"@type\":\"EntryPoint\",\"urlTemplate\":\"https:\/\/www.swiss-retail.ch\/?s={search_term_string}\"},\"query-input\":\"required name=search_term_string\"}],\"inLanguage\":\"fr-FR\"},{\"@type\":\"WebPage\",\"@id\":\"https:\/\/www.swiss-retail.ch\/fr\/news-fr\/shop-suisse-je-vis-ici-jachete-ici\/#webpage\",\"url\":\"https:\/\/www.swiss-retail.ch\/fr\/news-fr\/shop-suisse-je-vis-ici-jachete-ici\/\",\"name\":\"Shop Suisse ! Je vis ici, j\u2019ach\u00e8te ici ! -\",\"isPartOf\":{\"@id\":\"https:\/\/www.swiss-retail.ch\/#website\"},\"datePublished\":\"2021-07-06T07:11:12+00:00\",\"dateModified\":\"2022-05-24T07:59:53+00:00\",\"author\":{\"@id\":\"https:\/\/www.swiss-retail.ch\/#\/schema\/person\/29989425494ba3fa666290a573afb7a1\"},\"breadcrumb\":{\"@id\":\"https:\/\/www.swiss-retail.ch\/fr\/news-fr\/shop-suisse-je-vis-ici-jachete-ici\/#breadcrumb\"},\"inLanguage\":\"fr-FR\",\"potentialAction\":[{\"@type\":\"ReadAction\",\"target\":[\"https:\/\/www.swiss-retail.ch\/fr\/news-fr\/shop-suisse-je-vis-ici-jachete-ici\/\"]}]},{\"@type\":\"BreadcrumbList\",\"@id\":\"https:\/\/www.swiss-retail.ch\/fr\/news-fr\/shop-suisse-je-vis-ici-jachete-ici\/#breadcrumb\",\"itemListElement\":[{\"@type\":\"ListItem\",\"position\":1,\"name\":\"Startseite\",\"item\":\"https:\/\/www.swiss-retail.ch\/fr\/homepage\/\"},{\"@type\":\"ListItem\",\"position\":2,\"name\":\"Shop Suisse ! Je vis ici, j\u2019ach\u00e8te ici !\"}]},{\"@type\":\"Person\",\"@id\":\"https:\/\/www.swiss-retail.ch\/#\/schema\/person\/29989425494ba3fa666290a573afb7a1\",\"name\":\"Administrator\",\"url\":\"https:\/\/www.swiss-retail.ch\/fr\/author\/administrator\/\"}]}<\/script>\n<!-- \/ Yoast SEO plugin. -->","yoast_head_json":{"title":"Shop Suisse ! Je vis ici, j\u2019ach\u00e8te ici ! -","robots":{"index":"index","follow":"follow","max-snippet":"max-snippet:-1","max-image-preview":"max-image-preview:large","max-video-preview":"max-video-preview:-1"},"canonical":"https:\/\/www.swiss-retail.ch\/fr\/news-fr\/shop-suisse-je-vis-ici-jachete-ici\/","og_locale":"fr_FR","og_type":"article","og_title":"Shop Suisse ! Je vis ici, j\u2019ach\u00e8te ici ! -","og_url":"https:\/\/www.swiss-retail.ch\/fr\/news-fr\/shop-suisse-je-vis-ici-jachete-ici\/","article_published_time":"2021-07-06T07:11:12+00:00","article_modified_time":"2022-05-24T07:59:53+00:00","twitter_card":"summary_large_image","twitter_misc":{"\u00c9crit par":"Administrator","Dur\u00e9e de lecture estim\u00e9e":"7 minutes"},"schema":{"@context":"https:\/\/schema.org","@graph":[{"@type":"WebSite","@id":"https:\/\/www.swiss-retail.ch\/#website","url":"https:\/\/www.swiss-retail.ch\/","name":"","description":"Verband der Mittel- und Grossbetriebe des schweizerischen Detailhandels","potentialAction":[{"@type":"SearchAction","target":{"@type":"EntryPoint","urlTemplate":"https:\/\/www.swiss-retail.ch\/?s={search_term_string}"},"query-input":"required name=search_term_string"}],"inLanguage":"fr-FR"},{"@type":"WebPage","@id":"https:\/\/www.swiss-retail.ch\/fr\/news-fr\/shop-suisse-je-vis-ici-jachete-ici\/#webpage","url":"https:\/\/www.swiss-retail.ch\/fr\/news-fr\/shop-suisse-je-vis-ici-jachete-ici\/","name":"Shop Suisse ! Je vis ici, j\u2019ach\u00e8te ici ! -","isPartOf":{"@id":"https:\/\/www.swiss-retail.ch\/#website"},"datePublished":"2021-07-06T07:11:12+00:00","dateModified":"2022-05-24T07:59:53+00:00","author":{"@id":"https:\/\/www.swiss-retail.ch\/#\/schema\/person\/29989425494ba3fa666290a573afb7a1"},"breadcrumb":{"@id":"https:\/\/www.swiss-retail.ch\/fr\/news-fr\/shop-suisse-je-vis-ici-jachete-ici\/#breadcrumb"},"inLanguage":"fr-FR","potentialAction":[{"@type":"ReadAction","target":["https:\/\/www.swiss-retail.ch\/fr\/news-fr\/shop-suisse-je-vis-ici-jachete-ici\/"]}]},{"@type":"BreadcrumbList","@id":"https:\/\/www.swiss-retail.ch\/fr\/news-fr\/shop-suisse-je-vis-ici-jachete-ici\/#breadcrumb","itemListElement":[{"@type":"ListItem","position":1,"name":"Startseite","item":"https:\/\/www.swiss-retail.ch\/fr\/homepage\/"},{"@type":"ListItem","position":2,"name":"Shop Suisse ! Je vis ici, j\u2019ach\u00e8te ici !"}]},{"@type":"Person","@id":"https:\/\/www.swiss-retail.ch\/#\/schema\/person\/29989425494ba3fa666290a573afb7a1","name":"Administrator","url":"https:\/\/www.swiss-retail.ch\/fr\/author\/administrator\/"}]}},"_links":{"self":[{"href":"https:\/\/www.swiss-retail.ch\/fr\/wp-json\/wp\/v2\/posts\/12044"}],"collection":[{"href":"https:\/\/www.swiss-retail.ch\/fr\/wp-json\/wp\/v2\/posts"}],"about":[{"href":"https:\/\/www.swiss-retail.ch\/fr\/wp-json\/wp\/v2\/types\/post"}],"author":[{"embeddable":true,"href":"https:\/\/www.swiss-retail.ch\/fr\/wp-json\/wp\/v2\/users\/19"}],"replies":[{"embeddable":true,"href":"https:\/\/www.swiss-retail.ch\/fr\/wp-json\/wp\/v2\/comments?post=12044"}],"version-history":[{"count":2,"href":"https:\/\/www.swiss-retail.ch\/fr\/wp-json\/wp\/v2\/posts\/12044\/revisions"}],"predecessor-version":[{"id":13660,"href":"https:\/\/www.swiss-retail.ch\/fr\/wp-json\/wp\/v2\/posts\/12044\/revisions\/13660"}],"wp:attachment":[{"href":"https:\/\/www.swiss-retail.ch\/fr\/wp-json\/wp\/v2\/media?parent=12044"}],"wp:term":[{"taxonomy":"category","embeddable":true,"href":"https:\/\/www.swiss-retail.ch\/fr\/wp-json\/wp\/v2\/categories?post=12044"},{"taxonomy":"post_tag","embeddable":true,"href":"https:\/\/www.swiss-retail.ch\/fr\/wp-json\/wp\/v2\/tags?post=12044"}],"curies":[{"name":"wp","href":"https:\/\/api.w.org\/{rel}","templated":true}]}}