{"id":12170,"date":"2021-08-11T09:34:18","date_gmt":"2021-08-11T07:34:18","guid":{"rendered":"https:\/\/www.swiss-retail.ch\/?p=12170"},"modified":"2021-08-11T09:34:18","modified_gmt":"2021-08-11T07:34:18","slug":"swiss-retail-federation-nouveau-partenaire-du-forum-omnicanal-2021","status":"publish","type":"post","link":"https:\/\/www.swiss-retail.ch\/fr\/news-fr\/swiss-retail-federation-nouveau-partenaire-du-forum-omnicanal-2021\/","title":{"rendered":"Swiss Retail Federation, nouveau partenaire du Forum Omnicanal 2021"},"content":{"rendered":"<section class=\"av_textblock_section \"  itemscope=\"itemscope\" itemtype=\"https:\/\/schema.org\/BlogPosting\" itemprop=\"blogPost\" ><div class='avia_textblock  '   itemprop=\"text\" ><h1><span style=\"color: #5dbcd2;\">Swiss Retail Federation, nouveau partenaire du Forum Omnicanal 2021<\/span><\/h1>\n<\/div><\/section>\n<div   class='hr hr-default   avia-builder-el-1  el_after_av_textblock  el_before_av_textblock '><span class='hr-inner ' ><span class='hr-inner-style'><\/span><\/span><\/div>\n<section class=\"av_textblock_section \"  itemscope=\"itemscope\" itemtype=\"https:\/\/schema.org\/BlogPosting\" itemprop=\"blogPost\" ><div class='avia_textblock  '   itemprop=\"text\" ><p><strong>Swiss Retail Federation est heureuse d&rsquo;\u00eatre le nouveau partenaire associatif de l&rsquo;Omni Channel Forum. En 2021, les participants peuvent \u00e0 nouveau s&rsquo;attendre \u00e0 un programme s\u00e9duisant et d\u2019avant-garde, avec des expos\u00e9s captivants et la pr\u00e9sentation des r\u00e9sultats de la neuvi\u00e8me \u00e9tude exclusive Omnicanal 2022 annon\u00e7ant les principaux changements chez les consommateurs\/clients, les commer\u00e7ants et les fabricants, ainsi que le format Talk nouvellement cr\u00e9\u00e9 par Swiss Retail Federation, sans oublier des opportunit\u00e9s de r\u00e9seautage int\u00e9ressantes. <\/strong><\/p>\n<p>L&rsquo;Omni Channel Forum fait partie int\u00e9grante du paysage du commerce de d\u00e9tail suisse depuis 2013 et se distingue toujours comme un \u00e9v\u00e9nement de r\u00e9seautage de premier ordre pour les experts et les d\u00e9cideurs de la branche. Organis\u00e9 par Fuhrer &amp; Hotz avec ses partenaires Jegen, NCR, screenFOODnet et Swisscom, l&rsquo;\u00e9v\u00e9nement de cette ann\u00e9e offre une fois de plus un programme de premi\u00e8re classe. En plus de la pr\u00e9sentation des r\u00e9sultats de la neuvi\u00e8me \u00e9dition de l&rsquo;\u00e9tude exclusive dans le cadre d&rsquo;une enqu\u00eate repr\u00e9sentative aupr\u00e8s des consommateurs, les visiteurs peuvent s&rsquo;attendre \u00e0 des expos\u00e9s tr\u00e8s int\u00e9ressants d&rsquo;experts reconnus du commerce de d\u00e9tail.<\/p>\n<p><strong>Nouveau au programme\u00a0: le \u00abSwiss Retail Federation Talk\u00bb \u00a0<\/strong><\/p>\n<p>L&rsquo;un des temps forts de l&rsquo;Omni Channel Forum de cette ann\u00e9e sera le nouveau \u00ab\u00a0Swiss Retail Federation Talk\u00a0\u00bb. Au cours d&rsquo;un d\u00e9bat, codirig\u00e9 par la directrice de Swiss Retail Dagmar T. Jenni et Martin Hotz, de Fuhrer &amp; Hotz, Catherine P\u00fcmpin de Populart (Cachet), Simon Wirth d&rsquo;Ikea et Stefan Wetzler de Manor exposeront des strat\u00e9gies multicanal \u00e0 la charni\u00e8re entre les souhaits et la r\u00e9alit\u00e9. La situation actuelle du commerce de d\u00e9tail et les possibles d\u00e9veloppements futurs du commerce stationnaire seront pass\u00e9s en revue. Ces experts nous montreront ce que les clients attendent d&rsquo;une exp\u00e9rience d&rsquo;achat id\u00e9ale et les enseignements que les d\u00e9taillants ont tir\u00e9s de la crise pour l&rsquo;\u00e8re postpand\u00e9mique.<\/p>\n<p><strong>Des connaissances pr\u00e9cieuses tir\u00e9es de l\u2019\u00e9tude exclusive<\/strong><\/p>\n<p>Pour la neuvi\u00e8me \u00e9dition de cette \u00e9tude exhaustive et exclusive, les consommateurs ont \u00e9t\u00e9 interrog\u00e9s dans le cadre d&rsquo;une enqu\u00eate repr\u00e9sentative \u00e0 grande \u00e9chelle, compl\u00e9t\u00e9e par des entretiens qualitatifs avec de nombreux d\u00e9cideurs de haut niveau d&rsquo;entreprises suisses du commerce et de l&rsquo;industrie. L&rsquo;\u00e9tude fournit de pr\u00e9cieuses informations notamment sur les questions suivantes : \u00e0 quel moment du parcours client, en ligne et hors ligne, les consommateurs font-ils des exp\u00e9riences n\u00e9gatives et comment la distribution s\u2019emploie-t-elle \u00e0 y rem\u00e9dier ? A propos de la pression qui s\u2019exercer sur le commerce de d\u00e9tail stationnaire &#8211; comment ces d\u00e9taillants r\u00e9agissent-ils \u00e0 la concurrence des fabricants (ventes directes) et des <em>pure<\/em> <em>players<\/em> et quel r\u00f4le jouent les nouveaux d\u00e9veloppements technologiques dans ce domaine ? Ou encore : dans quelle mesure les effets de la pand\u00e9mie de Covid-19 sur le mode de consommation des clients et sur la strat\u00e9gie de distribution des d\u00e9taillants sont-ils appel\u00e9s \u00e0 durer ?<\/p>\n<p>Commentaire de Dagmar T. Jenni, directrice de Swiss Retail Federation : \u00ab\u00a0<em>Surtout apr\u00e8s la crise sans pr\u00e9c\u00e9dent du coronavirus et son impact sur le commerce de d\u00e9tail, l&rsquo;Omni Channel Forum ne devrait \u00eatre absent d\u2019aucun agenda de d\u00e9cideur du commerce de d\u00e9tail suisse d\u00e9sireux de s\u2019armer pour affronter l&rsquo;avenir.\u00a0\u00bb<\/em><\/p>\n<p>Les int\u00e9ress\u00e9s peuvent s\u2019inscrire \u00e0 Omnichannel Forum par courrier postal, par e-mail (<a href=\"mailto:info@omnichannelforum.ch\">info@omnichannelforum.ch<\/a>), <a href=\"https:\/\/www.omnichannelforum.ch\/#anmeldung\">en ligne<\/a> ou par t\u00e9l\u00e9phone (+41 41 766 14 17).<\/p>\n<p>Nous aurions grand plaisir \u00e0 pouvoir vous souhaiter la bienvenue le 26 octobre \u00e0 Lucerne, dans le respect des mesures de protection qui seront en vigueur.<\/p>\n<\/div><\/section>\n<div   class='hr hr-default   avia-builder-el-3  el_after_av_textblock  el_before_av_social_share '><span class='hr-inner ' ><span class='hr-inner-style'><\/span><\/span><\/div>\n<div  class='av-social-sharing-box  avia-builder-el-4  el_after_av_hr  avia-builder-el-last  '><div class='av-share-box'><h5 class='av-share-link-description av-no-toc '>Eintrag teilen<\/h5><ul class='av-share-box-list noLightbox'><li class='av-share-link av-social-link-facebook' ><a target=\"_blank\" aria-label=\"Partager sur Facebook\" href='https:\/\/www.facebook.com\/sharer.php?u=https:\/\/www.swiss-retail.ch\/fr\/news-fr\/swiss-retail-federation-nouveau-partenaire-du-forum-omnicanal-2021\/&#038;t=Swiss%20Retail%20Federation%2C%20nouveau%20partenaire%20du%20Forum%20Omnicanal%202021' aria-hidden='false' data-av_icon='\ue8f3' data-av_iconfont='entypo-fontello' title='' data-avia-related-tooltip='Partager sur Facebook' rel=\"noopener\"><span class='avia_hidden_link_text'>Partager sur Facebook<\/span><\/a><\/li><li class='av-share-link av-social-link-twitter' ><a target=\"_blank\" aria-label=\"Partager sur Twitter\" href='https:\/\/twitter.com\/share?text=Swiss%20Retail%20Federation%2C%20nouveau%20partenaire%20du%20Forum%20Omnicanal%202021&#038;url=https:\/\/www.swiss-retail.ch\/fr\/?p=12170' aria-hidden='false' data-av_icon='\ue8f1' data-av_iconfont='entypo-fontello' title='' data-avia-related-tooltip='Partager sur Twitter' rel=\"noopener\"><span class='avia_hidden_link_text'>Partager sur Twitter<\/span><\/a><\/li><li class='av-share-link av-social-link-whatsapp' ><a target=\"_blank\" aria-label=\"Share on WhatsApp\" href='https:\/\/api.whatsapp.com\/send?text=https:\/\/www.swiss-retail.ch\/fr\/news-fr\/swiss-retail-federation-nouveau-partenaire-du-forum-omnicanal-2021\/' aria-hidden='false' data-av_icon='\uf232' data-av_iconfont='entypo-fontello' title='' data-avia-related-tooltip='Share on WhatsApp' rel=\"noopener\"><span class='avia_hidden_link_text'>Share on WhatsApp<\/span><\/a><\/li><li class='av-share-link av-social-link-linkedin' ><a target=\"_blank\" aria-label=\"Partager sur LinkedIn\" href='https:\/\/linkedin.com\/shareArticle?mini=true&#038;title=Swiss%20Retail%20Federation%2C%20nouveau%20partenaire%20du%20Forum%20Omnicanal%202021&#038;url=https:\/\/www.swiss-retail.ch\/fr\/news-fr\/swiss-retail-federation-nouveau-partenaire-du-forum-omnicanal-2021\/' aria-hidden='false' data-av_icon='\ue8fc' data-av_iconfont='entypo-fontello' title='' data-avia-related-tooltip='Partager sur LinkedIn' rel=\"noopener\"><span class='avia_hidden_link_text'>Partager sur LinkedIn<\/span><\/a><\/li><li class='av-share-link av-social-link-mail' ><a  aria-label=\"Partager par Mail\" href='mailto:?subject=Swiss%20Retail%20Federation%2C%20nouveau%20partenaire%20du%20Forum%20Omnicanal%202021&#038;body=https:\/\/www.swiss-retail.ch\/fr\/news-fr\/swiss-retail-federation-nouveau-partenaire-du-forum-omnicanal-2021\/' aria-hidden='false' data-av_icon='\ue805' data-av_iconfont='entypo-fontello' title='' data-avia-related-tooltip='Partager par Mail'><span class='avia_hidden_link_text'>Partager par Mail<\/span><\/a><\/li><\/ul><\/div><\/div>\n","protected":false},"excerpt":{"rendered":"","protected":false},"author":19,"featured_media":12161,"comment_status":"closed","ping_status":"closed","sticky":false,"template":"","format":"standard","meta":[],"categories":[64],"tags":[],"yoast_head":"<!-- This site is optimized with the Yoast SEO plugin v18.5.1 - https:\/\/yoast.com\/wordpress\/plugins\/seo\/ -->\n<title>Swiss Retail Federation, nouveau partenaire du Forum Omnicanal 2021 -<\/title>\n<meta name=\"robots\" content=\"index, follow, max-snippet:-1, max-image-preview:large, max-video-preview:-1\" \/>\n<link rel=\"canonical\" href=\"https:\/\/www.swiss-retail.ch\/fr\/news-fr\/swiss-retail-federation-nouveau-partenaire-du-forum-omnicanal-2021\/\" \/>\n<meta property=\"og:locale\" content=\"fr_FR\" \/>\n<meta property=\"og:type\" content=\"article\" \/>\n<meta property=\"og:title\" content=\"Swiss Retail Federation, nouveau partenaire du Forum Omnicanal 2021 -\" \/>\n<meta property=\"og:url\" content=\"https:\/\/www.swiss-retail.ch\/fr\/news-fr\/swiss-retail-federation-nouveau-partenaire-du-forum-omnicanal-2021\/\" \/>\n<meta property=\"article:published_time\" content=\"2021-08-11T07:34:18+00:00\" \/>\n<meta property=\"og:image\" content=\"https:\/\/www.swiss-retail.ch\/wp-content\/uploads\/2021\/08\/shutterstock_603764138-scaled.jpg\" \/>\n\t<meta property=\"og:image:width\" content=\"2560\" \/>\n\t<meta property=\"og:image:height\" content=\"1707\" \/>\n\t<meta property=\"og:image:type\" content=\"image\/jpeg\" \/>\n<meta name=\"twitter:card\" content=\"summary_large_image\" \/>\n<meta name=\"twitter:label1\" content=\"\u00c9crit par\" \/>\n\t<meta name=\"twitter:data1\" content=\"Administrator\" \/>\n\t<meta name=\"twitter:label2\" content=\"Dur\u00e9e de lecture estim\u00e9e\" \/>\n\t<meta name=\"twitter:data2\" content=\"4 minutes\" \/>\n<script type=\"application\/ld+json\" class=\"yoast-schema-graph\">{\"@context\":\"https:\/\/schema.org\",\"@graph\":[{\"@type\":\"WebSite\",\"@id\":\"https:\/\/www.swiss-retail.ch\/#website\",\"url\":\"https:\/\/www.swiss-retail.ch\/\",\"name\":\"\",\"description\":\"Verband der Mittel- und Grossbetriebe des schweizerischen Detailhandels\",\"potentialAction\":[{\"@type\":\"SearchAction\",\"target\":{\"@type\":\"EntryPoint\",\"urlTemplate\":\"https:\/\/www.swiss-retail.ch\/?s={search_term_string}\"},\"query-input\":\"required name=search_term_string\"}],\"inLanguage\":\"fr-FR\"},{\"@type\":\"ImageObject\",\"@id\":\"https:\/\/www.swiss-retail.ch\/fr\/news-fr\/swiss-retail-federation-nouveau-partenaire-du-forum-omnicanal-2021\/#primaryimage\",\"inLanguage\":\"fr-FR\",\"url\":\"https:\/\/www.swiss-retail.ch\/wp-content\/uploads\/2021\/08\/shutterstock_603764138-scaled.jpg\",\"contentUrl\":\"https:\/\/www.swiss-retail.ch\/wp-content\/uploads\/2021\/08\/shutterstock_603764138-scaled.jpg\",\"width\":2560,\"height\":1707},{\"@type\":\"WebPage\",\"@id\":\"https:\/\/www.swiss-retail.ch\/fr\/news-fr\/swiss-retail-federation-nouveau-partenaire-du-forum-omnicanal-2021\/#webpage\",\"url\":\"https:\/\/www.swiss-retail.ch\/fr\/news-fr\/swiss-retail-federation-nouveau-partenaire-du-forum-omnicanal-2021\/\",\"name\":\"Swiss Retail Federation, nouveau partenaire du Forum Omnicanal 2021 -\",\"isPartOf\":{\"@id\":\"https:\/\/www.swiss-retail.ch\/#website\"},\"primaryImageOfPage\":{\"@id\":\"https:\/\/www.swiss-retail.ch\/fr\/news-fr\/swiss-retail-federation-nouveau-partenaire-du-forum-omnicanal-2021\/#primaryimage\"},\"datePublished\":\"2021-08-11T07:34:18+00:00\",\"dateModified\":\"2021-08-11T07:34:18+00:00\",\"author\":{\"@id\":\"https:\/\/www.swiss-retail.ch\/#\/schema\/person\/29989425494ba3fa666290a573afb7a1\"},\"breadcrumb\":{\"@id\":\"https:\/\/www.swiss-retail.ch\/fr\/news-fr\/swiss-retail-federation-nouveau-partenaire-du-forum-omnicanal-2021\/#breadcrumb\"},\"inLanguage\":\"fr-FR\",\"potentialAction\":[{\"@type\":\"ReadAction\",\"target\":[\"https:\/\/www.swiss-retail.ch\/fr\/news-fr\/swiss-retail-federation-nouveau-partenaire-du-forum-omnicanal-2021\/\"]}]},{\"@type\":\"BreadcrumbList\",\"@id\":\"https:\/\/www.swiss-retail.ch\/fr\/news-fr\/swiss-retail-federation-nouveau-partenaire-du-forum-omnicanal-2021\/#breadcrumb\",\"itemListElement\":[{\"@type\":\"ListItem\",\"position\":1,\"name\":\"Startseite\",\"item\":\"https:\/\/www.swiss-retail.ch\/fr\/homepage\/\"},{\"@type\":\"ListItem\",\"position\":2,\"name\":\"Swiss Retail Federation, nouveau partenaire du Forum Omnicanal 2021\"}]},{\"@type\":\"Person\",\"@id\":\"https:\/\/www.swiss-retail.ch\/#\/schema\/person\/29989425494ba3fa666290a573afb7a1\",\"name\":\"Administrator\",\"url\":\"https:\/\/www.swiss-retail.ch\/fr\/author\/administrator\/\"}]}<\/script>\n<!-- \/ Yoast SEO plugin. -->","yoast_head_json":{"title":"Swiss Retail Federation, nouveau partenaire du Forum Omnicanal 2021 -","robots":{"index":"index","follow":"follow","max-snippet":"max-snippet:-1","max-image-preview":"max-image-preview:large","max-video-preview":"max-video-preview:-1"},"canonical":"https:\/\/www.swiss-retail.ch\/fr\/news-fr\/swiss-retail-federation-nouveau-partenaire-du-forum-omnicanal-2021\/","og_locale":"fr_FR","og_type":"article","og_title":"Swiss Retail Federation, nouveau partenaire du Forum Omnicanal 2021 -","og_url":"https:\/\/www.swiss-retail.ch\/fr\/news-fr\/swiss-retail-federation-nouveau-partenaire-du-forum-omnicanal-2021\/","article_published_time":"2021-08-11T07:34:18+00:00","og_image":[{"width":2560,"height":1707,"url":"https:\/\/www.swiss-retail.ch\/wp-content\/uploads\/2021\/08\/shutterstock_603764138-scaled.jpg","type":"image\/jpeg"}],"twitter_card":"summary_large_image","twitter_misc":{"\u00c9crit par":"Administrator","Dur\u00e9e de lecture estim\u00e9e":"4 minutes"},"schema":{"@context":"https:\/\/schema.org","@graph":[{"@type":"WebSite","@id":"https:\/\/www.swiss-retail.ch\/#website","url":"https:\/\/www.swiss-retail.ch\/","name":"","description":"Verband der Mittel- und Grossbetriebe des schweizerischen Detailhandels","potentialAction":[{"@type":"SearchAction","target":{"@type":"EntryPoint","urlTemplate":"https:\/\/www.swiss-retail.ch\/?s={search_term_string}"},"query-input":"required name=search_term_string"}],"inLanguage":"fr-FR"},{"@type":"ImageObject","@id":"https:\/\/www.swiss-retail.ch\/fr\/news-fr\/swiss-retail-federation-nouveau-partenaire-du-forum-omnicanal-2021\/#primaryimage","inLanguage":"fr-FR","url":"https:\/\/www.swiss-retail.ch\/wp-content\/uploads\/2021\/08\/shutterstock_603764138-scaled.jpg","contentUrl":"https:\/\/www.swiss-retail.ch\/wp-content\/uploads\/2021\/08\/shutterstock_603764138-scaled.jpg","width":2560,"height":1707},{"@type":"WebPage","@id":"https:\/\/www.swiss-retail.ch\/fr\/news-fr\/swiss-retail-federation-nouveau-partenaire-du-forum-omnicanal-2021\/#webpage","url":"https:\/\/www.swiss-retail.ch\/fr\/news-fr\/swiss-retail-federation-nouveau-partenaire-du-forum-omnicanal-2021\/","name":"Swiss Retail Federation, nouveau partenaire du Forum Omnicanal 2021 -","isPartOf":{"@id":"https:\/\/www.swiss-retail.ch\/#website"},"primaryImageOfPage":{"@id":"https:\/\/www.swiss-retail.ch\/fr\/news-fr\/swiss-retail-federation-nouveau-partenaire-du-forum-omnicanal-2021\/#primaryimage"},"datePublished":"2021-08-11T07:34:18+00:00","dateModified":"2021-08-11T07:34:18+00:00","author":{"@id":"https:\/\/www.swiss-retail.ch\/#\/schema\/person\/29989425494ba3fa666290a573afb7a1"},"breadcrumb":{"@id":"https:\/\/www.swiss-retail.ch\/fr\/news-fr\/swiss-retail-federation-nouveau-partenaire-du-forum-omnicanal-2021\/#breadcrumb"},"inLanguage":"fr-FR","potentialAction":[{"@type":"ReadAction","target":["https:\/\/www.swiss-retail.ch\/fr\/news-fr\/swiss-retail-federation-nouveau-partenaire-du-forum-omnicanal-2021\/"]}]},{"@type":"BreadcrumbList","@id":"https:\/\/www.swiss-retail.ch\/fr\/news-fr\/swiss-retail-federation-nouveau-partenaire-du-forum-omnicanal-2021\/#breadcrumb","itemListElement":[{"@type":"ListItem","position":1,"name":"Startseite","item":"https:\/\/www.swiss-retail.ch\/fr\/homepage\/"},{"@type":"ListItem","position":2,"name":"Swiss Retail Federation, nouveau partenaire du Forum Omnicanal 2021"}]},{"@type":"Person","@id":"https:\/\/www.swiss-retail.ch\/#\/schema\/person\/29989425494ba3fa666290a573afb7a1","name":"Administrator","url":"https:\/\/www.swiss-retail.ch\/fr\/author\/administrator\/"}]}},"_links":{"self":[{"href":"https:\/\/www.swiss-retail.ch\/fr\/wp-json\/wp\/v2\/posts\/12170"}],"collection":[{"href":"https:\/\/www.swiss-retail.ch\/fr\/wp-json\/wp\/v2\/posts"}],"about":[{"href":"https:\/\/www.swiss-retail.ch\/fr\/wp-json\/wp\/v2\/types\/post"}],"author":[{"embeddable":true,"href":"https:\/\/www.swiss-retail.ch\/fr\/wp-json\/wp\/v2\/users\/19"}],"replies":[{"embeddable":true,"href":"https:\/\/www.swiss-retail.ch\/fr\/wp-json\/wp\/v2\/comments?post=12170"}],"version-history":[{"count":2,"href":"https:\/\/www.swiss-retail.ch\/fr\/wp-json\/wp\/v2\/posts\/12170\/revisions"}],"predecessor-version":[{"id":12172,"href":"https:\/\/www.swiss-retail.ch\/fr\/wp-json\/wp\/v2\/posts\/12170\/revisions\/12172"}],"wp:featuredmedia":[{"embeddable":true,"href":"https:\/\/www.swiss-retail.ch\/fr\/wp-json\/wp\/v2\/media\/12161"}],"wp:attachment":[{"href":"https:\/\/www.swiss-retail.ch\/fr\/wp-json\/wp\/v2\/media?parent=12170"}],"wp:term":[{"taxonomy":"category","embeddable":true,"href":"https:\/\/www.swiss-retail.ch\/fr\/wp-json\/wp\/v2\/categories?post=12170"},{"taxonomy":"post_tag","embeddable":true,"href":"https:\/\/www.swiss-retail.ch\/fr\/wp-json\/wp\/v2\/tags?post=12170"}],"curies":[{"name":"wp","href":"https:\/\/api.w.org\/{rel}","templated":true}]}}