{"id":12345,"date":"2021-10-04T16:30:24","date_gmt":"2021-10-04T14:30:24","guid":{"rendered":"https:\/\/www.swiss-retail.ch\/?p=12345"},"modified":"2021-10-04T16:30:24","modified_gmt":"2021-10-04T14:30:24","slug":"distinction-pour-lengagement-des-femmes-dans-leconomie-suisse-directrice-de-la-swiss-retail-dagmar-jenni-classee-parmi-les-top-100-women-in-business","status":"publish","type":"post","link":"https:\/\/www.swiss-retail.ch\/fr\/news-fr\/distinction-pour-lengagement-des-femmes-dans-leconomie-suisse-directrice-de-la-swiss-retail-dagmar-jenni-classee-parmi-les-top-100-women-in-business\/","title":{"rendered":"Distinction pour l&rsquo;engagement des femmes dans l&rsquo;\u00e9conomie suisse : Directrice de la Swiss Retail Dagmar Jenni class\u00e9e parmi les \u00ab Top 100 Women in Business \u00bb"},"content":{"rendered":"<section class=\"av_textblock_section \"  itemscope=\"itemscope\" itemtype=\"https:\/\/schema.org\/BlogPosting\" itemprop=\"blogPost\" ><div class='avia_textblock  '   itemprop=\"text\" ><h1><span style=\"color: #5dbcd2;\">Distinction pour l&rsquo;engagement des femmes dans l&rsquo;\u00e9conomie suisse : Directrice de la Swiss Retail Dagmar Jenni class\u00e9e parmi les \u00ab Top 100 Women in Business \u00bb<\/span><\/h1>\n<\/div><\/section>\n<div   class='hr hr-default   avia-builder-el-1  el_after_av_textblock  el_before_av_textblock '><span class='hr-inner ' ><span class='hr-inner-style'><\/span><\/span><\/div>\n<section class=\"av_textblock_section \"  itemscope=\"itemscope\" itemtype=\"https:\/\/schema.org\/BlogPosting\" itemprop=\"blogPost\" ><div class='avia_textblock  '   itemprop=\"text\" ><p>Christa Markwalder, pr\u00e9sidente de Swiss Retail Federation, est fi\u00e8re d\u2019annoncer l&rsquo;entr\u00e9e de la directrice de l\u2019association Dagmar Jenni dans le cercle des \u00ab\u00a0Top 100 Women in Business\u00a0\u00bb. Dirig\u00e9e par deux femmes, Swiss Retail d\u00e9fend les int\u00e9r\u00eats de l\u2019ensemble du commerce de d\u00e9tail suisse, \u00e0 l\u2019exception des grands distributeurs. Ses membres r\u00e9alisent un chiffre d&rsquo;affaires de 23 milliards de francs, emploient environ 58 000 personnes et sont pr\u00e9sents sur plus de 6 000 sites en Suisse. Ces derniers temps, les propositions constructives de l\u2019association ont \u00e9t\u00e9 tr\u00e8s utiles \u00e0 ses membres dans la lutte contre la pand\u00e9mie. L\u2019inclusion de Dagmar Jenni dans ce \u00ab\u00a0Top 100\u00a0\u00bb n&rsquo;est pas seulement une reconnaissance de son engagement \u00e9conomique, il traduit aussi l&rsquo;influence croissante des femmes \u00e0 des postes de direction, souligne la Conseill\u00e8re nationale Christa Markwalder, qui se dit donc doublement satisfaite de cette r\u00e9compense.<\/p>\n<\/div><\/section>\n<div   class='hr hr-default   avia-builder-el-3  el_after_av_textblock  el_before_av_social_share '><span class='hr-inner ' ><span class='hr-inner-style'><\/span><\/span><\/div>\n<div  class='av-social-sharing-box  avia-builder-el-4  el_after_av_hr  avia-builder-el-last  '><div class='av-share-box'><h5 class='av-share-link-description av-no-toc '>Eintrag teilen<\/h5><ul class='av-share-box-list noLightbox'><li class='av-share-link av-social-link-facebook' ><a target=\"_blank\" aria-label=\"Partager sur Facebook\" href='https:\/\/www.facebook.com\/sharer.php?u=https:\/\/www.swiss-retail.ch\/fr\/news-fr\/distinction-pour-lengagement-des-femmes-dans-leconomie-suisse-directrice-de-la-swiss-retail-dagmar-jenni-classee-parmi-les-top-100-women-in-business\/&#038;t=Distinction%20pour%20l%E2%80%99engagement%20des%20femmes%20dans%20l%E2%80%99%C3%A9conomie%20suisse%20%3A%20Directrice%20de%20la%20Swiss%20Retail%20Dagmar%20Jenni%20class%C3%A9e%20parmi%20les%20%C2%AB%20Top%20100%20Women%20in%20Business%20%C2%BB' aria-hidden='false' data-av_icon='\ue8f3' data-av_iconfont='entypo-fontello' title='' data-avia-related-tooltip='Partager sur Facebook' rel=\"noopener\"><span class='avia_hidden_link_text'>Partager sur Facebook<\/span><\/a><\/li><li class='av-share-link av-social-link-twitter' ><a target=\"_blank\" aria-label=\"Partager sur Twitter\" href='https:\/\/twitter.com\/share?text=Distinction%20pour%20l%E2%80%99engagement%20des%20femmes%20dans%20l%E2%80%99%C3%A9conomie%20suisse%20%3A%20Directrice%20de%20la%20Swiss%20Retail%20Dagmar%20Jenni%20class%C3%A9e%20parmi%20les%20%C2%AB%20Top%20100%20Women%20in%20Business%20%C2%BB&#038;url=https:\/\/www.swiss-retail.ch\/fr\/?p=12345' aria-hidden='false' data-av_icon='\ue8f1' data-av_iconfont='entypo-fontello' title='' data-avia-related-tooltip='Partager sur Twitter' rel=\"noopener\"><span class='avia_hidden_link_text'>Partager sur Twitter<\/span><\/a><\/li><li class='av-share-link av-social-link-whatsapp' ><a target=\"_blank\" aria-label=\"Share on WhatsApp\" href='https:\/\/api.whatsapp.com\/send?text=https:\/\/www.swiss-retail.ch\/fr\/news-fr\/distinction-pour-lengagement-des-femmes-dans-leconomie-suisse-directrice-de-la-swiss-retail-dagmar-jenni-classee-parmi-les-top-100-women-in-business\/' aria-hidden='false' data-av_icon='\uf232' data-av_iconfont='entypo-fontello' title='' data-avia-related-tooltip='Share on WhatsApp' rel=\"noopener\"><span class='avia_hidden_link_text'>Share on WhatsApp<\/span><\/a><\/li><li class='av-share-link av-social-link-linkedin' ><a target=\"_blank\" aria-label=\"Partager sur LinkedIn\" href='https:\/\/linkedin.com\/shareArticle?mini=true&#038;title=Distinction%20pour%20l%E2%80%99engagement%20des%20femmes%20dans%20l%E2%80%99%C3%A9conomie%20suisse%20%3A%20Directrice%20de%20la%20Swiss%20Retail%20Dagmar%20Jenni%20class%C3%A9e%20parmi%20les%20%C2%AB%20Top%20100%20Women%20in%20Business%20%C2%BB&#038;url=https:\/\/www.swiss-retail.ch\/fr\/news-fr\/distinction-pour-lengagement-des-femmes-dans-leconomie-suisse-directrice-de-la-swiss-retail-dagmar-jenni-classee-parmi-les-top-100-women-in-business\/' aria-hidden='false' data-av_icon='\ue8fc' data-av_iconfont='entypo-fontello' title='' data-avia-related-tooltip='Partager sur LinkedIn' rel=\"noopener\"><span class='avia_hidden_link_text'>Partager sur LinkedIn<\/span><\/a><\/li><li class='av-share-link av-social-link-mail' ><a  aria-label=\"Partager par Mail\" href='mailto:?subject=Distinction%20pour%20l%E2%80%99engagement%20des%20femmes%20dans%20l%E2%80%99%C3%A9conomie%20suisse%20%3A%20Directrice%20de%20la%20Swiss%20Retail%20Dagmar%20Jenni%20class%C3%A9e%20parmi%20les%20%C2%AB%20Top%20100%20Women%20in%20Business%20%C2%BB&#038;body=https:\/\/www.swiss-retail.ch\/fr\/news-fr\/distinction-pour-lengagement-des-femmes-dans-leconomie-suisse-directrice-de-la-swiss-retail-dagmar-jenni-classee-parmi-les-top-100-women-in-business\/' aria-hidden='false' data-av_icon='\ue805' data-av_iconfont='entypo-fontello' title='' data-avia-related-tooltip='Partager par Mail'><span class='avia_hidden_link_text'>Partager par Mail<\/span><\/a><\/li><\/ul><\/div><\/div>\n","protected":false},"excerpt":{"rendered":"","protected":false},"author":19,"featured_media":12341,"comment_status":"closed","ping_status":"closed","sticky":false,"template":"","format":"standard","meta":[],"categories":[64],"tags":[],"yoast_head":"<!-- This site is optimized with the Yoast SEO plugin v18.5.1 - https:\/\/yoast.com\/wordpress\/plugins\/seo\/ -->\n<title>Distinction pour l&#039;engagement des femmes dans l&#039;\u00e9conomie suisse : Directrice de la Swiss Retail Dagmar Jenni class\u00e9e parmi les \u00ab Top 100 Women in Business \u00bb -<\/title>\n<meta name=\"robots\" content=\"index, follow, max-snippet:-1, max-image-preview:large, max-video-preview:-1\" \/>\n<link rel=\"canonical\" href=\"https:\/\/www.swiss-retail.ch\/fr\/news-fr\/distinction-pour-lengagement-des-femmes-dans-leconomie-suisse-directrice-de-la-swiss-retail-dagmar-jenni-classee-parmi-les-top-100-women-in-business\/\" \/>\n<meta property=\"og:locale\" content=\"fr_FR\" \/>\n<meta property=\"og:type\" content=\"article\" \/>\n<meta property=\"og:title\" content=\"Distinction pour l&#039;engagement des femmes dans l&#039;\u00e9conomie suisse : Directrice de la Swiss Retail Dagmar Jenni class\u00e9e parmi les \u00ab Top 100 Women in Business \u00bb -\" \/>\n<meta property=\"og:url\" content=\"https:\/\/www.swiss-retail.ch\/fr\/news-fr\/distinction-pour-lengagement-des-femmes-dans-leconomie-suisse-directrice-de-la-swiss-retail-dagmar-jenni-classee-parmi-les-top-100-women-in-business\/\" \/>\n<meta property=\"article:published_time\" content=\"2021-10-04T14:30:24+00:00\" \/>\n<meta property=\"og:image\" content=\"https:\/\/www.swiss-retail.ch\/wp-content\/uploads\/2021\/10\/0002-scaled.jpg\" \/>\n\t<meta property=\"og:image:width\" content=\"1908\" \/>\n\t<meta property=\"og:image:height\" content=\"2560\" \/>\n\t<meta property=\"og:image:type\" content=\"image\/jpeg\" \/>\n<meta name=\"twitter:card\" content=\"summary_large_image\" \/>\n<meta name=\"twitter:label1\" content=\"\u00c9crit par\" \/>\n\t<meta name=\"twitter:data1\" content=\"Administrator\" \/>\n\t<meta name=\"twitter:label2\" content=\"Dur\u00e9e de lecture estim\u00e9e\" \/>\n\t<meta name=\"twitter:data2\" content=\"2 minutes\" \/>\n<script type=\"application\/ld+json\" class=\"yoast-schema-graph\">{\"@context\":\"https:\/\/schema.org\",\"@graph\":[{\"@type\":\"WebSite\",\"@id\":\"https:\/\/www.swiss-retail.ch\/#website\",\"url\":\"https:\/\/www.swiss-retail.ch\/\",\"name\":\"\",\"description\":\"Verband der Mittel- und Grossbetriebe des schweizerischen Detailhandels\",\"potentialAction\":[{\"@type\":\"SearchAction\",\"target\":{\"@type\":\"EntryPoint\",\"urlTemplate\":\"https:\/\/www.swiss-retail.ch\/?s={search_term_string}\"},\"query-input\":\"required name=search_term_string\"}],\"inLanguage\":\"fr-FR\"},{\"@type\":\"ImageObject\",\"@id\":\"https:\/\/www.swiss-retail.ch\/fr\/news-fr\/distinction-pour-lengagement-des-femmes-dans-leconomie-suisse-directrice-de-la-swiss-retail-dagmar-jenni-classee-parmi-les-top-100-women-in-business\/#primaryimage\",\"inLanguage\":\"fr-FR\",\"url\":\"https:\/\/www.swiss-retail.ch\/wp-content\/uploads\/2021\/10\/0002-scaled.jpg\",\"contentUrl\":\"https:\/\/www.swiss-retail.ch\/wp-content\/uploads\/2021\/10\/0002-scaled.jpg\",\"width\":1908,\"height\":2560},{\"@type\":\"WebPage\",\"@id\":\"https:\/\/www.swiss-retail.ch\/fr\/news-fr\/distinction-pour-lengagement-des-femmes-dans-leconomie-suisse-directrice-de-la-swiss-retail-dagmar-jenni-classee-parmi-les-top-100-women-in-business\/#webpage\",\"url\":\"https:\/\/www.swiss-retail.ch\/fr\/news-fr\/distinction-pour-lengagement-des-femmes-dans-leconomie-suisse-directrice-de-la-swiss-retail-dagmar-jenni-classee-parmi-les-top-100-women-in-business\/\",\"name\":\"Distinction pour l'engagement des femmes dans l'\u00e9conomie suisse : Directrice de la Swiss Retail Dagmar Jenni class\u00e9e parmi les \u00ab Top 100 Women in Business \u00bb -\",\"isPartOf\":{\"@id\":\"https:\/\/www.swiss-retail.ch\/#website\"},\"primaryImageOfPage\":{\"@id\":\"https:\/\/www.swiss-retail.ch\/fr\/news-fr\/distinction-pour-lengagement-des-femmes-dans-leconomie-suisse-directrice-de-la-swiss-retail-dagmar-jenni-classee-parmi-les-top-100-women-in-business\/#primaryimage\"},\"datePublished\":\"2021-10-04T14:30:24+00:00\",\"dateModified\":\"2021-10-04T14:30:24+00:00\",\"author\":{\"@id\":\"https:\/\/www.swiss-retail.ch\/#\/schema\/person\/29989425494ba3fa666290a573afb7a1\"},\"breadcrumb\":{\"@id\":\"https:\/\/www.swiss-retail.ch\/fr\/news-fr\/distinction-pour-lengagement-des-femmes-dans-leconomie-suisse-directrice-de-la-swiss-retail-dagmar-jenni-classee-parmi-les-top-100-women-in-business\/#breadcrumb\"},\"inLanguage\":\"fr-FR\",\"potentialAction\":[{\"@type\":\"ReadAction\",\"target\":[\"https:\/\/www.swiss-retail.ch\/fr\/news-fr\/distinction-pour-lengagement-des-femmes-dans-leconomie-suisse-directrice-de-la-swiss-retail-dagmar-jenni-classee-parmi-les-top-100-women-in-business\/\"]}]},{\"@type\":\"BreadcrumbList\",\"@id\":\"https:\/\/www.swiss-retail.ch\/fr\/news-fr\/distinction-pour-lengagement-des-femmes-dans-leconomie-suisse-directrice-de-la-swiss-retail-dagmar-jenni-classee-parmi-les-top-100-women-in-business\/#breadcrumb\",\"itemListElement\":[{\"@type\":\"ListItem\",\"position\":1,\"name\":\"Startseite\",\"item\":\"https:\/\/www.swiss-retail.ch\/fr\/homepage\/\"},{\"@type\":\"ListItem\",\"position\":2,\"name\":\"Distinction pour l&rsquo;engagement des femmes dans l&rsquo;\u00e9conomie suisse : Directrice de la Swiss Retail Dagmar Jenni class\u00e9e parmi les \u00ab Top 100 Women in Business \u00bb\"}]},{\"@type\":\"Person\",\"@id\":\"https:\/\/www.swiss-retail.ch\/#\/schema\/person\/29989425494ba3fa666290a573afb7a1\",\"name\":\"Administrator\",\"url\":\"https:\/\/www.swiss-retail.ch\/fr\/author\/administrator\/\"}]}<\/script>\n<!-- \/ Yoast SEO plugin. -->","yoast_head_json":{"title":"Distinction pour l'engagement des femmes dans l'\u00e9conomie suisse : Directrice de la Swiss Retail Dagmar Jenni class\u00e9e parmi les \u00ab Top 100 Women in Business \u00bb -","robots":{"index":"index","follow":"follow","max-snippet":"max-snippet:-1","max-image-preview":"max-image-preview:large","max-video-preview":"max-video-preview:-1"},"canonical":"https:\/\/www.swiss-retail.ch\/fr\/news-fr\/distinction-pour-lengagement-des-femmes-dans-leconomie-suisse-directrice-de-la-swiss-retail-dagmar-jenni-classee-parmi-les-top-100-women-in-business\/","og_locale":"fr_FR","og_type":"article","og_title":"Distinction pour l'engagement des femmes dans l'\u00e9conomie suisse : Directrice de la Swiss Retail Dagmar Jenni class\u00e9e parmi les \u00ab Top 100 Women in Business \u00bb -","og_url":"https:\/\/www.swiss-retail.ch\/fr\/news-fr\/distinction-pour-lengagement-des-femmes-dans-leconomie-suisse-directrice-de-la-swiss-retail-dagmar-jenni-classee-parmi-les-top-100-women-in-business\/","article_published_time":"2021-10-04T14:30:24+00:00","og_image":[{"width":1908,"height":2560,"url":"https:\/\/www.swiss-retail.ch\/wp-content\/uploads\/2021\/10\/0002-scaled.jpg","type":"image\/jpeg"}],"twitter_card":"summary_large_image","twitter_misc":{"\u00c9crit par":"Administrator","Dur\u00e9e de lecture estim\u00e9e":"2 minutes"},"schema":{"@context":"https:\/\/schema.org","@graph":[{"@type":"WebSite","@id":"https:\/\/www.swiss-retail.ch\/#website","url":"https:\/\/www.swiss-retail.ch\/","name":"","description":"Verband der Mittel- und Grossbetriebe des schweizerischen Detailhandels","potentialAction":[{"@type":"SearchAction","target":{"@type":"EntryPoint","urlTemplate":"https:\/\/www.swiss-retail.ch\/?s={search_term_string}"},"query-input":"required name=search_term_string"}],"inLanguage":"fr-FR"},{"@type":"ImageObject","@id":"https:\/\/www.swiss-retail.ch\/fr\/news-fr\/distinction-pour-lengagement-des-femmes-dans-leconomie-suisse-directrice-de-la-swiss-retail-dagmar-jenni-classee-parmi-les-top-100-women-in-business\/#primaryimage","inLanguage":"fr-FR","url":"https:\/\/www.swiss-retail.ch\/wp-content\/uploads\/2021\/10\/0002-scaled.jpg","contentUrl":"https:\/\/www.swiss-retail.ch\/wp-content\/uploads\/2021\/10\/0002-scaled.jpg","width":1908,"height":2560},{"@type":"WebPage","@id":"https:\/\/www.swiss-retail.ch\/fr\/news-fr\/distinction-pour-lengagement-des-femmes-dans-leconomie-suisse-directrice-de-la-swiss-retail-dagmar-jenni-classee-parmi-les-top-100-women-in-business\/#webpage","url":"https:\/\/www.swiss-retail.ch\/fr\/news-fr\/distinction-pour-lengagement-des-femmes-dans-leconomie-suisse-directrice-de-la-swiss-retail-dagmar-jenni-classee-parmi-les-top-100-women-in-business\/","name":"Distinction pour l'engagement des femmes dans l'\u00e9conomie suisse : Directrice de la Swiss Retail Dagmar Jenni class\u00e9e parmi les \u00ab Top 100 Women in Business \u00bb -","isPartOf":{"@id":"https:\/\/www.swiss-retail.ch\/#website"},"primaryImageOfPage":{"@id":"https:\/\/www.swiss-retail.ch\/fr\/news-fr\/distinction-pour-lengagement-des-femmes-dans-leconomie-suisse-directrice-de-la-swiss-retail-dagmar-jenni-classee-parmi-les-top-100-women-in-business\/#primaryimage"},"datePublished":"2021-10-04T14:30:24+00:00","dateModified":"2021-10-04T14:30:24+00:00","author":{"@id":"https:\/\/www.swiss-retail.ch\/#\/schema\/person\/29989425494ba3fa666290a573afb7a1"},"breadcrumb":{"@id":"https:\/\/www.swiss-retail.ch\/fr\/news-fr\/distinction-pour-lengagement-des-femmes-dans-leconomie-suisse-directrice-de-la-swiss-retail-dagmar-jenni-classee-parmi-les-top-100-women-in-business\/#breadcrumb"},"inLanguage":"fr-FR","potentialAction":[{"@type":"ReadAction","target":["https:\/\/www.swiss-retail.ch\/fr\/news-fr\/distinction-pour-lengagement-des-femmes-dans-leconomie-suisse-directrice-de-la-swiss-retail-dagmar-jenni-classee-parmi-les-top-100-women-in-business\/"]}]},{"@type":"BreadcrumbList","@id":"https:\/\/www.swiss-retail.ch\/fr\/news-fr\/distinction-pour-lengagement-des-femmes-dans-leconomie-suisse-directrice-de-la-swiss-retail-dagmar-jenni-classee-parmi-les-top-100-women-in-business\/#breadcrumb","itemListElement":[{"@type":"ListItem","position":1,"name":"Startseite","item":"https:\/\/www.swiss-retail.ch\/fr\/homepage\/"},{"@type":"ListItem","position":2,"name":"Distinction pour l&rsquo;engagement des femmes dans l&rsquo;\u00e9conomie suisse : Directrice de la Swiss Retail Dagmar Jenni class\u00e9e parmi les \u00ab Top 100 Women in Business \u00bb"}]},{"@type":"Person","@id":"https:\/\/www.swiss-retail.ch\/#\/schema\/person\/29989425494ba3fa666290a573afb7a1","name":"Administrator","url":"https:\/\/www.swiss-retail.ch\/fr\/author\/administrator\/"}]}},"_links":{"self":[{"href":"https:\/\/www.swiss-retail.ch\/fr\/wp-json\/wp\/v2\/posts\/12345"}],"collection":[{"href":"https:\/\/www.swiss-retail.ch\/fr\/wp-json\/wp\/v2\/posts"}],"about":[{"href":"https:\/\/www.swiss-retail.ch\/fr\/wp-json\/wp\/v2\/types\/post"}],"author":[{"embeddable":true,"href":"https:\/\/www.swiss-retail.ch\/fr\/wp-json\/wp\/v2\/users\/19"}],"replies":[{"embeddable":true,"href":"https:\/\/www.swiss-retail.ch\/fr\/wp-json\/wp\/v2\/comments?post=12345"}],"version-history":[{"count":2,"href":"https:\/\/www.swiss-retail.ch\/fr\/wp-json\/wp\/v2\/posts\/12345\/revisions"}],"predecessor-version":[{"id":12347,"href":"https:\/\/www.swiss-retail.ch\/fr\/wp-json\/wp\/v2\/posts\/12345\/revisions\/12347"}],"wp:featuredmedia":[{"embeddable":true,"href":"https:\/\/www.swiss-retail.ch\/fr\/wp-json\/wp\/v2\/media\/12341"}],"wp:attachment":[{"href":"https:\/\/www.swiss-retail.ch\/fr\/wp-json\/wp\/v2\/media?parent=12345"}],"wp:term":[{"taxonomy":"category","embeddable":true,"href":"https:\/\/www.swiss-retail.ch\/fr\/wp-json\/wp\/v2\/categories?post=12345"},{"taxonomy":"post_tag","embeddable":true,"href":"https:\/\/www.swiss-retail.ch\/fr\/wp-json\/wp\/v2\/tags?post=12345"}],"curies":[{"name":"wp","href":"https:\/\/api.w.org\/{rel}","templated":true}]}}