{"id":13388,"date":"2022-04-27T17:48:33","date_gmt":"2022-04-27T15:48:33","guid":{"rendered":"https:\/\/www.swiss-retail.ch\/?p=13388"},"modified":"2024-08-27T11:09:13","modified_gmt":"2024-08-27T09:09:13","slug":"le-rapport-annuel-2021-de-swiss-retail-federation","status":"publish","type":"post","link":"https:\/\/www.swiss-retail.ch\/fr\/rapports-annuels\/le-rapport-annuel-2021-de-swiss-retail-federation\/","title":{"rendered":"LE RAPPORT ANNUEL 2021 DE SWISS RETAIL FEDERATION"},"content":{"rendered":"<p><!--more-->SWISS RETAIL FEDERATION a publi\u00e9 son nouveau rapport annuel. Vous y trouverez entre autres les contenus suivants :<br \/>\nEditorial : Une ann\u00e9e tr\u00e8s encourageante malgr\u00e9 tout !<br \/>\nPand\u00e9mie : le commerce de d\u00e9tail surmonte la crise mieux que pr\u00e9vu<br \/>\nT\u00e9moignages sur la pand\u00e9mie<br \/>\nCampagne : \u00ab\u00a0Shopp Schwiiz\u00a0\u00bb &#8211; trois associations tirent ensemble \u00e0 la m\u00eame corde<br \/>\nNum\u00e9risation : SWISS RETAIL FEDERATION promeut la num\u00e9risation du commerce de d\u00e9tail suisse<\/p>\n<p>Le rapport annuel peut \u00eatre obtenu ici en format PDF (<a href=\"https:\/\/www.swiss-retail.ch\/wp-content\/uploads\/2022\/04\/rapport_annuel_2021_FR.pdf\">rapport_annuel_2021_FR<\/a>). Pour obtenir des exemplaires physiques, veuillez vous adresser au <a href=\"mailto:sekretariat@swiss-retail.ch\">secr\u00e9tariat<\/a>.<\/p>\n","protected":false},"excerpt":{"rendered":"","protected":false},"author":19,"featured_media":0,"comment_status":"closed","ping_status":"closed","sticky":false,"template":"","format":"standard","meta":[],"categories":[64,59],"tags":[],"yoast_head":"<!-- This site is optimized with the Yoast SEO plugin v18.5.1 - https:\/\/yoast.com\/wordpress\/plugins\/seo\/ -->\n<title>LE RAPPORT ANNUEL 2021 DE SWISS RETAIL FEDERATION -<\/title>\n<meta name=\"robots\" content=\"index, follow, max-snippet:-1, max-image-preview:large, max-video-preview:-1\" \/>\n<link rel=\"canonical\" href=\"https:\/\/www.swiss-retail.ch\/fr\/rapports-annuels\/le-rapport-annuel-2021-de-swiss-retail-federation\/\" \/>\n<meta property=\"og:locale\" content=\"fr_FR\" \/>\n<meta property=\"og:type\" content=\"article\" \/>\n<meta property=\"og:title\" content=\"LE RAPPORT ANNUEL 2021 DE SWISS RETAIL FEDERATION -\" \/>\n<meta property=\"og:url\" content=\"https:\/\/www.swiss-retail.ch\/fr\/rapports-annuels\/le-rapport-annuel-2021-de-swiss-retail-federation\/\" \/>\n<meta property=\"article:published_time\" content=\"2022-04-27T15:48:33+00:00\" \/>\n<meta property=\"article:modified_time\" content=\"2024-08-27T09:09:13+00:00\" \/>\n<meta name=\"twitter:card\" content=\"summary_large_image\" \/>\n<meta name=\"twitter:label1\" content=\"\u00c9crit par\" \/>\n\t<meta name=\"twitter:data1\" content=\"Administrator\" \/>\n<script type=\"application\/ld+json\" class=\"yoast-schema-graph\">{\"@context\":\"https:\/\/schema.org\",\"@graph\":[{\"@type\":\"WebSite\",\"@id\":\"https:\/\/www.swiss-retail.ch\/#website\",\"url\":\"https:\/\/www.swiss-retail.ch\/\",\"name\":\"\",\"description\":\"Verband der Mittel- und Grossbetriebe des schweizerischen Detailhandels\",\"potentialAction\":[{\"@type\":\"SearchAction\",\"target\":{\"@type\":\"EntryPoint\",\"urlTemplate\":\"https:\/\/www.swiss-retail.ch\/?s={search_term_string}\"},\"query-input\":\"required name=search_term_string\"}],\"inLanguage\":\"fr-FR\"},{\"@type\":\"WebPage\",\"@id\":\"https:\/\/www.swiss-retail.ch\/fr\/rapports-annuels\/le-rapport-annuel-2021-de-swiss-retail-federation\/#webpage\",\"url\":\"https:\/\/www.swiss-retail.ch\/fr\/rapports-annuels\/le-rapport-annuel-2021-de-swiss-retail-federation\/\",\"name\":\"LE RAPPORT ANNUEL 2021 DE SWISS RETAIL FEDERATION -\",\"isPartOf\":{\"@id\":\"https:\/\/www.swiss-retail.ch\/#website\"},\"datePublished\":\"2022-04-27T15:48:33+00:00\",\"dateModified\":\"2024-08-27T09:09:13+00:00\",\"author\":{\"@id\":\"https:\/\/www.swiss-retail.ch\/#\/schema\/person\/29989425494ba3fa666290a573afb7a1\"},\"breadcrumb\":{\"@id\":\"https:\/\/www.swiss-retail.ch\/fr\/rapports-annuels\/le-rapport-annuel-2021-de-swiss-retail-federation\/#breadcrumb\"},\"inLanguage\":\"fr-FR\",\"potentialAction\":[{\"@type\":\"ReadAction\",\"target\":[\"https:\/\/www.swiss-retail.ch\/fr\/rapports-annuels\/le-rapport-annuel-2021-de-swiss-retail-federation\/\"]}]},{\"@type\":\"BreadcrumbList\",\"@id\":\"https:\/\/www.swiss-retail.ch\/fr\/rapports-annuels\/le-rapport-annuel-2021-de-swiss-retail-federation\/#breadcrumb\",\"itemListElement\":[{\"@type\":\"ListItem\",\"position\":1,\"name\":\"Startseite\",\"item\":\"https:\/\/www.swiss-retail.ch\/fr\/homepage\/\"},{\"@type\":\"ListItem\",\"position\":2,\"name\":\"LE RAPPORT ANNUEL 2021 DE SWISS RETAIL FEDERATION\"}]},{\"@type\":\"Person\",\"@id\":\"https:\/\/www.swiss-retail.ch\/#\/schema\/person\/29989425494ba3fa666290a573afb7a1\",\"name\":\"Administrator\",\"url\":\"https:\/\/www.swiss-retail.ch\/fr\/author\/administrator\/\"}]}<\/script>\n<!-- \/ Yoast SEO plugin. -->","yoast_head_json":{"title":"LE RAPPORT ANNUEL 2021 DE SWISS RETAIL FEDERATION -","robots":{"index":"index","follow":"follow","max-snippet":"max-snippet:-1","max-image-preview":"max-image-preview:large","max-video-preview":"max-video-preview:-1"},"canonical":"https:\/\/www.swiss-retail.ch\/fr\/rapports-annuels\/le-rapport-annuel-2021-de-swiss-retail-federation\/","og_locale":"fr_FR","og_type":"article","og_title":"LE RAPPORT ANNUEL 2021 DE SWISS RETAIL FEDERATION -","og_url":"https:\/\/www.swiss-retail.ch\/fr\/rapports-annuels\/le-rapport-annuel-2021-de-swiss-retail-federation\/","article_published_time":"2022-04-27T15:48:33+00:00","article_modified_time":"2024-08-27T09:09:13+00:00","twitter_card":"summary_large_image","twitter_misc":{"\u00c9crit par":"Administrator"},"schema":{"@context":"https:\/\/schema.org","@graph":[{"@type":"WebSite","@id":"https:\/\/www.swiss-retail.ch\/#website","url":"https:\/\/www.swiss-retail.ch\/","name":"","description":"Verband der Mittel- und Grossbetriebe des schweizerischen Detailhandels","potentialAction":[{"@type":"SearchAction","target":{"@type":"EntryPoint","urlTemplate":"https:\/\/www.swiss-retail.ch\/?s={search_term_string}"},"query-input":"required name=search_term_string"}],"inLanguage":"fr-FR"},{"@type":"WebPage","@id":"https:\/\/www.swiss-retail.ch\/fr\/rapports-annuels\/le-rapport-annuel-2021-de-swiss-retail-federation\/#webpage","url":"https:\/\/www.swiss-retail.ch\/fr\/rapports-annuels\/le-rapport-annuel-2021-de-swiss-retail-federation\/","name":"LE RAPPORT ANNUEL 2021 DE SWISS RETAIL FEDERATION -","isPartOf":{"@id":"https:\/\/www.swiss-retail.ch\/#website"},"datePublished":"2022-04-27T15:48:33+00:00","dateModified":"2024-08-27T09:09:13+00:00","author":{"@id":"https:\/\/www.swiss-retail.ch\/#\/schema\/person\/29989425494ba3fa666290a573afb7a1"},"breadcrumb":{"@id":"https:\/\/www.swiss-retail.ch\/fr\/rapports-annuels\/le-rapport-annuel-2021-de-swiss-retail-federation\/#breadcrumb"},"inLanguage":"fr-FR","potentialAction":[{"@type":"ReadAction","target":["https:\/\/www.swiss-retail.ch\/fr\/rapports-annuels\/le-rapport-annuel-2021-de-swiss-retail-federation\/"]}]},{"@type":"BreadcrumbList","@id":"https:\/\/www.swiss-retail.ch\/fr\/rapports-annuels\/le-rapport-annuel-2021-de-swiss-retail-federation\/#breadcrumb","itemListElement":[{"@type":"ListItem","position":1,"name":"Startseite","item":"https:\/\/www.swiss-retail.ch\/fr\/homepage\/"},{"@type":"ListItem","position":2,"name":"LE RAPPORT ANNUEL 2021 DE SWISS RETAIL FEDERATION"}]},{"@type":"Person","@id":"https:\/\/www.swiss-retail.ch\/#\/schema\/person\/29989425494ba3fa666290a573afb7a1","name":"Administrator","url":"https:\/\/www.swiss-retail.ch\/fr\/author\/administrator\/"}]}},"_links":{"self":[{"href":"https:\/\/www.swiss-retail.ch\/fr\/wp-json\/wp\/v2\/posts\/13388"}],"collection":[{"href":"https:\/\/www.swiss-retail.ch\/fr\/wp-json\/wp\/v2\/posts"}],"about":[{"href":"https:\/\/www.swiss-retail.ch\/fr\/wp-json\/wp\/v2\/types\/post"}],"author":[{"embeddable":true,"href":"https:\/\/www.swiss-retail.ch\/fr\/wp-json\/wp\/v2\/users\/19"}],"replies":[{"embeddable":true,"href":"https:\/\/www.swiss-retail.ch\/fr\/wp-json\/wp\/v2\/comments?post=13388"}],"version-history":[{"count":6,"href":"https:\/\/www.swiss-retail.ch\/fr\/wp-json\/wp\/v2\/posts\/13388\/revisions"}],"predecessor-version":[{"id":16966,"href":"https:\/\/www.swiss-retail.ch\/fr\/wp-json\/wp\/v2\/posts\/13388\/revisions\/16966"}],"wp:attachment":[{"href":"https:\/\/www.swiss-retail.ch\/fr\/wp-json\/wp\/v2\/media?parent=13388"}],"wp:term":[{"taxonomy":"category","embeddable":true,"href":"https:\/\/www.swiss-retail.ch\/fr\/wp-json\/wp\/v2\/categories?post=13388"},{"taxonomy":"post_tag","embeddable":true,"href":"https:\/\/www.swiss-retail.ch\/fr\/wp-json\/wp\/v2\/tags?post=13388"}],"curies":[{"name":"wp","href":"https:\/\/api.w.org\/{rel}","templated":true}]}}