{"id":13730,"date":"2022-08-08T15:45:10","date_gmt":"2022-08-08T13:45:10","guid":{"rendered":"https:\/\/www.swiss-retail.ch\/?p=13730"},"modified":"2022-08-17T08:44:02","modified_gmt":"2022-08-17T06:44:02","slug":"swiss-retail-federation-donne-des-conseils-a-ses-membres-mesures-deconomie-denergie-dans-le-commerce-de-detail","status":"publish","type":"post","link":"https:\/\/www.swiss-retail.ch\/fr\/news-fr\/swiss-retail-federation-donne-des-conseils-a-ses-membres-mesures-deconomie-denergie-dans-le-commerce-de-detail\/","title":{"rendered":"Swiss Retail Federation donne des conseils \u00e0 ses membres : mesures d&rsquo;\u00e9conomie d&rsquo;\u00e9nergie dans le commerce de d\u00e9tail"},"content":{"rendered":"<section class=\"av_textblock_section \"  itemscope=\"itemscope\" itemtype=\"https:\/\/schema.org\/BlogPosting\" itemprop=\"blogPost\" ><div class='avia_textblock  '   itemprop=\"text\" ><h1><strong>Swiss Retail Federation donne des conseils \u00e0 ses membres : mesures d&rsquo;\u00e9conomie d&rsquo;\u00e9nergie dans le commerce de d\u00e9tail<\/strong><\/h1>\n<\/div><\/section>\n<div   class='hr hr-default   avia-builder-el-1  el_after_av_textblock  el_before_av_textblock '><span class='hr-inner ' ><span class='hr-inner-style'><\/span><\/span><\/div>\n<section class=\"av_textblock_section \"  itemscope=\"itemscope\" itemtype=\"https:\/\/schema.org\/BlogPosting\" itemprop=\"blogPost\" ><div class='avia_textblock  '   itemprop=\"text\" ><p>En raison de la guerre en Ukraine et des possibles interruptions de livraison de gaz en Europe qui en d\u00e9coulent, ainsi que d&rsquo;autres incertitudes, l&rsquo;approvisionnement en \u00e9nergie pourrait \u00eatre tendu en Suisse au cours de l&rsquo;hiver prochain 2022\/2023. Afin d&rsquo;aider les membres de Swiss Retail Federation \u00e0 s&rsquo;orienter, celle-ci propose diff\u00e9rentes mesures d&rsquo;\u00e9conomie d&rsquo;\u00e9nergie faciles \u00e0 mettre en \u0153uvre. Gr\u00e2ce aux mesures \u00e9num\u00e9r\u00e9es par Swiss Retail Federation, chaque entreprise, grande ou petite, peut apporter sa contribution pour \u00e9viter une p\u00e9nurie de gaz et d&rsquo;\u00e9lectricit\u00e9 en Suisse. Swiss Retail Federation recommande aux d\u00e9taillants de mettre en \u0153uvre le paquet de mesures dans leurs entreprises au 1er octobre 2022. Il va de soi que certaines mesures peuvent \u00eatre mises en \u0153uvre imm\u00e9diatement.<\/p>\n<p>Nous nous tenons \u00e0 votre disposition pour toute question ou information de fond \u00e0 l&rsquo;adresse <a href=\"mailto:medien@swiss-retail.ch\">medien@swiss-retail.ch<\/a><\/p>\n<\/div><\/section>\n<div   class='hr hr-default   avia-builder-el-3  el_after_av_textblock  el_before_av_social_share '><span class='hr-inner ' ><span class='hr-inner-style'><\/span><\/span><\/div>\n<div  class='av-social-sharing-box  avia-builder-el-4  el_after_av_hr  avia-builder-el-last  '><div class='av-share-box'><h5 class='av-share-link-description av-no-toc '>Eintrag teilen<\/h5><ul class='av-share-box-list noLightbox'><li class='av-share-link av-social-link-facebook' ><a target=\"_blank\" aria-label=\"Partager sur Facebook\" href='https:\/\/www.facebook.com\/sharer.php?u=https:\/\/www.swiss-retail.ch\/fr\/news-fr\/swiss-retail-federation-donne-des-conseils-a-ses-membres-mesures-deconomie-denergie-dans-le-commerce-de-detail\/&#038;t=Swiss%20Retail%20Federation%20donne%20des%20conseils%20%C3%A0%20ses%20membres%20%3A%20mesures%20d%E2%80%99%C3%A9conomie%20d%E2%80%99%C3%A9nergie%20dans%20le%20commerce%20de%20d%C3%A9tail' aria-hidden='false' data-av_icon='\ue8f3' data-av_iconfont='entypo-fontello' title='' data-avia-related-tooltip='Partager sur Facebook' rel=\"noopener\"><span class='avia_hidden_link_text'>Partager sur Facebook<\/span><\/a><\/li><li class='av-share-link av-social-link-twitter' ><a target=\"_blank\" aria-label=\"Partager sur Twitter\" href='https:\/\/twitter.com\/share?text=Swiss%20Retail%20Federation%20donne%20des%20conseils%20%C3%A0%20ses%20membres%20%3A%20mesures%20d%E2%80%99%C3%A9conomie%20d%E2%80%99%C3%A9nergie%20dans%20le%20commerce%20de%20d%C3%A9tail&#038;url=https:\/\/www.swiss-retail.ch\/fr\/?p=13730' aria-hidden='false' data-av_icon='\ue8f1' data-av_iconfont='entypo-fontello' title='' data-avia-related-tooltip='Partager sur Twitter' rel=\"noopener\"><span class='avia_hidden_link_text'>Partager sur Twitter<\/span><\/a><\/li><li class='av-share-link av-social-link-whatsapp' ><a target=\"_blank\" aria-label=\"Share on WhatsApp\" href='https:\/\/api.whatsapp.com\/send?text=https:\/\/www.swiss-retail.ch\/fr\/news-fr\/swiss-retail-federation-donne-des-conseils-a-ses-membres-mesures-deconomie-denergie-dans-le-commerce-de-detail\/' aria-hidden='false' data-av_icon='\uf232' data-av_iconfont='entypo-fontello' title='' data-avia-related-tooltip='Share on WhatsApp' rel=\"noopener\"><span class='avia_hidden_link_text'>Share on WhatsApp<\/span><\/a><\/li><li class='av-share-link av-social-link-linkedin' ><a target=\"_blank\" aria-label=\"Partager sur LinkedIn\" href='https:\/\/linkedin.com\/shareArticle?mini=true&#038;title=Swiss%20Retail%20Federation%20donne%20des%20conseils%20%C3%A0%20ses%20membres%20%3A%20mesures%20d%E2%80%99%C3%A9conomie%20d%E2%80%99%C3%A9nergie%20dans%20le%20commerce%20de%20d%C3%A9tail&#038;url=https:\/\/www.swiss-retail.ch\/fr\/news-fr\/swiss-retail-federation-donne-des-conseils-a-ses-membres-mesures-deconomie-denergie-dans-le-commerce-de-detail\/' aria-hidden='false' data-av_icon='\ue8fc' data-av_iconfont='entypo-fontello' title='' data-avia-related-tooltip='Partager sur LinkedIn' rel=\"noopener\"><span class='avia_hidden_link_text'>Partager sur LinkedIn<\/span><\/a><\/li><li class='av-share-link av-social-link-mail' ><a  aria-label=\"Partager par Mail\" href='mailto:?subject=Swiss%20Retail%20Federation%20donne%20des%20conseils%20%C3%A0%20ses%20membres%20%3A%20mesures%20d%E2%80%99%C3%A9conomie%20d%E2%80%99%C3%A9nergie%20dans%20le%20commerce%20de%20d%C3%A9tail&#038;body=https:\/\/www.swiss-retail.ch\/fr\/news-fr\/swiss-retail-federation-donne-des-conseils-a-ses-membres-mesures-deconomie-denergie-dans-le-commerce-de-detail\/' aria-hidden='false' data-av_icon='\ue805' data-av_iconfont='entypo-fontello' title='' data-avia-related-tooltip='Partager par Mail'><span class='avia_hidden_link_text'>Partager par Mail<\/span><\/a><\/li><\/ul><\/div><\/div>\n","protected":false},"excerpt":{"rendered":"","protected":false},"author":19,"featured_media":13782,"comment_status":"closed","ping_status":"closed","sticky":false,"template":"","format":"standard","meta":[],"categories":[64],"tags":[],"yoast_head":"<!-- This site is optimized with the Yoast SEO plugin v18.5.1 - https:\/\/yoast.com\/wordpress\/plugins\/seo\/ -->\n<title>Swiss Retail Federation donne des conseils \u00e0 ses membres : mesures d&#039;\u00e9conomie d&#039;\u00e9nergie dans le commerce de d\u00e9tail -<\/title>\n<meta name=\"robots\" content=\"index, follow, max-snippet:-1, max-image-preview:large, max-video-preview:-1\" \/>\n<link rel=\"canonical\" href=\"https:\/\/www.swiss-retail.ch\/fr\/news-fr\/swiss-retail-federation-donne-des-conseils-a-ses-membres-mesures-deconomie-denergie-dans-le-commerce-de-detail\/\" \/>\n<meta property=\"og:locale\" content=\"fr_FR\" \/>\n<meta property=\"og:type\" content=\"article\" \/>\n<meta property=\"og:title\" content=\"Swiss Retail Federation donne des conseils \u00e0 ses membres : mesures d&#039;\u00e9conomie d&#039;\u00e9nergie dans le commerce de d\u00e9tail -\" \/>\n<meta property=\"og:url\" content=\"https:\/\/www.swiss-retail.ch\/fr\/news-fr\/swiss-retail-federation-donne-des-conseils-a-ses-membres-mesures-deconomie-denergie-dans-le-commerce-de-detail\/\" \/>\n<meta property=\"article:published_time\" content=\"2022-08-08T13:45:10+00:00\" \/>\n<meta property=\"article:modified_time\" content=\"2022-08-17T06:44:02+00:00\" \/>\n<meta property=\"og:image\" content=\"https:\/\/www.swiss-retail.ch\/wp-content\/uploads\/2022\/08\/shutterstock_2164901677-scaled-e1660718583907.jpg\" \/>\n\t<meta property=\"og:image:width\" content=\"2112\" \/>\n\t<meta property=\"og:image:height\" content=\"1707\" \/>\n\t<meta property=\"og:image:type\" content=\"image\/jpeg\" \/>\n<meta name=\"twitter:card\" content=\"summary_large_image\" \/>\n<meta name=\"twitter:label1\" content=\"\u00c9crit par\" \/>\n\t<meta name=\"twitter:data1\" content=\"Administrator\" \/>\n\t<meta name=\"twitter:label2\" content=\"Dur\u00e9e de lecture estim\u00e9e\" \/>\n\t<meta name=\"twitter:data2\" content=\"2 minutes\" \/>\n<script type=\"application\/ld+json\" class=\"yoast-schema-graph\">{\"@context\":\"https:\/\/schema.org\",\"@graph\":[{\"@type\":\"WebSite\",\"@id\":\"https:\/\/www.swiss-retail.ch\/#website\",\"url\":\"https:\/\/www.swiss-retail.ch\/\",\"name\":\"\",\"description\":\"Verband der Mittel- und Grossbetriebe des schweizerischen Detailhandels\",\"potentialAction\":[{\"@type\":\"SearchAction\",\"target\":{\"@type\":\"EntryPoint\",\"urlTemplate\":\"https:\/\/www.swiss-retail.ch\/?s={search_term_string}\"},\"query-input\":\"required name=search_term_string\"}],\"inLanguage\":\"fr-FR\"},{\"@type\":\"ImageObject\",\"@id\":\"https:\/\/www.swiss-retail.ch\/fr\/news-fr\/swiss-retail-federation-donne-des-conseils-a-ses-membres-mesures-deconomie-denergie-dans-le-commerce-de-detail\/#primaryimage\",\"inLanguage\":\"fr-FR\",\"url\":\"https:\/\/www.swiss-retail.ch\/wp-content\/uploads\/2022\/08\/shutterstock_2164901677-scaled-e1660718583907.jpg\",\"contentUrl\":\"https:\/\/www.swiss-retail.ch\/wp-content\/uploads\/2022\/08\/shutterstock_2164901677-scaled-e1660718583907.jpg\",\"width\":2112,\"height\":1707},{\"@type\":\"WebPage\",\"@id\":\"https:\/\/www.swiss-retail.ch\/fr\/news-fr\/swiss-retail-federation-donne-des-conseils-a-ses-membres-mesures-deconomie-denergie-dans-le-commerce-de-detail\/#webpage\",\"url\":\"https:\/\/www.swiss-retail.ch\/fr\/news-fr\/swiss-retail-federation-donne-des-conseils-a-ses-membres-mesures-deconomie-denergie-dans-le-commerce-de-detail\/\",\"name\":\"Swiss Retail Federation donne des conseils \u00e0 ses membres : mesures d'\u00e9conomie d'\u00e9nergie dans le commerce de d\u00e9tail -\",\"isPartOf\":{\"@id\":\"https:\/\/www.swiss-retail.ch\/#website\"},\"primaryImageOfPage\":{\"@id\":\"https:\/\/www.swiss-retail.ch\/fr\/news-fr\/swiss-retail-federation-donne-des-conseils-a-ses-membres-mesures-deconomie-denergie-dans-le-commerce-de-detail\/#primaryimage\"},\"datePublished\":\"2022-08-08T13:45:10+00:00\",\"dateModified\":\"2022-08-17T06:44:02+00:00\",\"author\":{\"@id\":\"https:\/\/www.swiss-retail.ch\/#\/schema\/person\/29989425494ba3fa666290a573afb7a1\"},\"breadcrumb\":{\"@id\":\"https:\/\/www.swiss-retail.ch\/fr\/news-fr\/swiss-retail-federation-donne-des-conseils-a-ses-membres-mesures-deconomie-denergie-dans-le-commerce-de-detail\/#breadcrumb\"},\"inLanguage\":\"fr-FR\",\"potentialAction\":[{\"@type\":\"ReadAction\",\"target\":[\"https:\/\/www.swiss-retail.ch\/fr\/news-fr\/swiss-retail-federation-donne-des-conseils-a-ses-membres-mesures-deconomie-denergie-dans-le-commerce-de-detail\/\"]}]},{\"@type\":\"BreadcrumbList\",\"@id\":\"https:\/\/www.swiss-retail.ch\/fr\/news-fr\/swiss-retail-federation-donne-des-conseils-a-ses-membres-mesures-deconomie-denergie-dans-le-commerce-de-detail\/#breadcrumb\",\"itemListElement\":[{\"@type\":\"ListItem\",\"position\":1,\"name\":\"Startseite\",\"item\":\"https:\/\/www.swiss-retail.ch\/fr\/homepage\/\"},{\"@type\":\"ListItem\",\"position\":2,\"name\":\"Swiss Retail Federation donne des conseils \u00e0 ses membres : mesures d&rsquo;\u00e9conomie d&rsquo;\u00e9nergie dans le commerce de d\u00e9tail\"}]},{\"@type\":\"Person\",\"@id\":\"https:\/\/www.swiss-retail.ch\/#\/schema\/person\/29989425494ba3fa666290a573afb7a1\",\"name\":\"Administrator\",\"url\":\"https:\/\/www.swiss-retail.ch\/fr\/author\/administrator\/\"}]}<\/script>\n<!-- \/ Yoast SEO plugin. -->","yoast_head_json":{"title":"Swiss Retail Federation donne des conseils \u00e0 ses membres : mesures d'\u00e9conomie d'\u00e9nergie dans le commerce de d\u00e9tail -","robots":{"index":"index","follow":"follow","max-snippet":"max-snippet:-1","max-image-preview":"max-image-preview:large","max-video-preview":"max-video-preview:-1"},"canonical":"https:\/\/www.swiss-retail.ch\/fr\/news-fr\/swiss-retail-federation-donne-des-conseils-a-ses-membres-mesures-deconomie-denergie-dans-le-commerce-de-detail\/","og_locale":"fr_FR","og_type":"article","og_title":"Swiss Retail Federation donne des conseils \u00e0 ses membres : mesures d'\u00e9conomie d'\u00e9nergie dans le commerce de d\u00e9tail -","og_url":"https:\/\/www.swiss-retail.ch\/fr\/news-fr\/swiss-retail-federation-donne-des-conseils-a-ses-membres-mesures-deconomie-denergie-dans-le-commerce-de-detail\/","article_published_time":"2022-08-08T13:45:10+00:00","article_modified_time":"2022-08-17T06:44:02+00:00","og_image":[{"width":2112,"height":1707,"url":"https:\/\/www.swiss-retail.ch\/wp-content\/uploads\/2022\/08\/shutterstock_2164901677-scaled-e1660718583907.jpg","type":"image\/jpeg"}],"twitter_card":"summary_large_image","twitter_misc":{"\u00c9crit par":"Administrator","Dur\u00e9e de lecture estim\u00e9e":"2 minutes"},"schema":{"@context":"https:\/\/schema.org","@graph":[{"@type":"WebSite","@id":"https:\/\/www.swiss-retail.ch\/#website","url":"https:\/\/www.swiss-retail.ch\/","name":"","description":"Verband der Mittel- und Grossbetriebe des schweizerischen Detailhandels","potentialAction":[{"@type":"SearchAction","target":{"@type":"EntryPoint","urlTemplate":"https:\/\/www.swiss-retail.ch\/?s={search_term_string}"},"query-input":"required name=search_term_string"}],"inLanguage":"fr-FR"},{"@type":"ImageObject","@id":"https:\/\/www.swiss-retail.ch\/fr\/news-fr\/swiss-retail-federation-donne-des-conseils-a-ses-membres-mesures-deconomie-denergie-dans-le-commerce-de-detail\/#primaryimage","inLanguage":"fr-FR","url":"https:\/\/www.swiss-retail.ch\/wp-content\/uploads\/2022\/08\/shutterstock_2164901677-scaled-e1660718583907.jpg","contentUrl":"https:\/\/www.swiss-retail.ch\/wp-content\/uploads\/2022\/08\/shutterstock_2164901677-scaled-e1660718583907.jpg","width":2112,"height":1707},{"@type":"WebPage","@id":"https:\/\/www.swiss-retail.ch\/fr\/news-fr\/swiss-retail-federation-donne-des-conseils-a-ses-membres-mesures-deconomie-denergie-dans-le-commerce-de-detail\/#webpage","url":"https:\/\/www.swiss-retail.ch\/fr\/news-fr\/swiss-retail-federation-donne-des-conseils-a-ses-membres-mesures-deconomie-denergie-dans-le-commerce-de-detail\/","name":"Swiss Retail Federation donne des conseils \u00e0 ses membres : mesures d'\u00e9conomie d'\u00e9nergie dans le commerce de d\u00e9tail -","isPartOf":{"@id":"https:\/\/www.swiss-retail.ch\/#website"},"primaryImageOfPage":{"@id":"https:\/\/www.swiss-retail.ch\/fr\/news-fr\/swiss-retail-federation-donne-des-conseils-a-ses-membres-mesures-deconomie-denergie-dans-le-commerce-de-detail\/#primaryimage"},"datePublished":"2022-08-08T13:45:10+00:00","dateModified":"2022-08-17T06:44:02+00:00","author":{"@id":"https:\/\/www.swiss-retail.ch\/#\/schema\/person\/29989425494ba3fa666290a573afb7a1"},"breadcrumb":{"@id":"https:\/\/www.swiss-retail.ch\/fr\/news-fr\/swiss-retail-federation-donne-des-conseils-a-ses-membres-mesures-deconomie-denergie-dans-le-commerce-de-detail\/#breadcrumb"},"inLanguage":"fr-FR","potentialAction":[{"@type":"ReadAction","target":["https:\/\/www.swiss-retail.ch\/fr\/news-fr\/swiss-retail-federation-donne-des-conseils-a-ses-membres-mesures-deconomie-denergie-dans-le-commerce-de-detail\/"]}]},{"@type":"BreadcrumbList","@id":"https:\/\/www.swiss-retail.ch\/fr\/news-fr\/swiss-retail-federation-donne-des-conseils-a-ses-membres-mesures-deconomie-denergie-dans-le-commerce-de-detail\/#breadcrumb","itemListElement":[{"@type":"ListItem","position":1,"name":"Startseite","item":"https:\/\/www.swiss-retail.ch\/fr\/homepage\/"},{"@type":"ListItem","position":2,"name":"Swiss Retail Federation donne des conseils \u00e0 ses membres : mesures d&rsquo;\u00e9conomie d&rsquo;\u00e9nergie dans le commerce de d\u00e9tail"}]},{"@type":"Person","@id":"https:\/\/www.swiss-retail.ch\/#\/schema\/person\/29989425494ba3fa666290a573afb7a1","name":"Administrator","url":"https:\/\/www.swiss-retail.ch\/fr\/author\/administrator\/"}]}},"_links":{"self":[{"href":"https:\/\/www.swiss-retail.ch\/fr\/wp-json\/wp\/v2\/posts\/13730"}],"collection":[{"href":"https:\/\/www.swiss-retail.ch\/fr\/wp-json\/wp\/v2\/posts"}],"about":[{"href":"https:\/\/www.swiss-retail.ch\/fr\/wp-json\/wp\/v2\/types\/post"}],"author":[{"embeddable":true,"href":"https:\/\/www.swiss-retail.ch\/fr\/wp-json\/wp\/v2\/users\/19"}],"replies":[{"embeddable":true,"href":"https:\/\/www.swiss-retail.ch\/fr\/wp-json\/wp\/v2\/comments?post=13730"}],"version-history":[{"count":3,"href":"https:\/\/www.swiss-retail.ch\/fr\/wp-json\/wp\/v2\/posts\/13730\/revisions"}],"predecessor-version":[{"id":13783,"href":"https:\/\/www.swiss-retail.ch\/fr\/wp-json\/wp\/v2\/posts\/13730\/revisions\/13783"}],"wp:featuredmedia":[{"embeddable":true,"href":"https:\/\/www.swiss-retail.ch\/fr\/wp-json\/wp\/v2\/media\/13782"}],"wp:attachment":[{"href":"https:\/\/www.swiss-retail.ch\/fr\/wp-json\/wp\/v2\/media?parent=13730"}],"wp:term":[{"taxonomy":"category","embeddable":true,"href":"https:\/\/www.swiss-retail.ch\/fr\/wp-json\/wp\/v2\/categories?post=13730"},{"taxonomy":"post_tag","embeddable":true,"href":"https:\/\/www.swiss-retail.ch\/fr\/wp-json\/wp\/v2\/tags?post=13730"}],"curies":[{"name":"wp","href":"https:\/\/api.w.org\/{rel}","templated":true}]}}