{"id":13802,"date":"2022-09-02T09:27:48","date_gmt":"2022-09-02T07:27:48","guid":{"rendered":"https:\/\/www.swiss-retail.ch\/?p=13802"},"modified":"2022-09-14T15:55:10","modified_gmt":"2022-09-14T13:55:10","slug":"swiss-retail-federation-cofondatrice-de-lalliance-pour-les-economies-denergie","status":"publish","type":"post","link":"https:\/\/www.swiss-retail.ch\/fr\/news-fr\/swiss-retail-federation-cofondatrice-de-lalliance-pour-les-economies-denergie\/","title":{"rendered":"Swiss Retail Federation, cofondatrice de l\u2019Alliance pour les \u00e9conomies d\u2019\u00e9nergie"},"content":{"rendered":"<section class=\"av_textblock_section \"  itemscope=\"itemscope\" itemtype=\"https:\/\/schema.org\/BlogPosting\" itemprop=\"blogPost\" ><div class='avia_textblock  '   itemprop=\"text\" ><h1><strong>Swiss Retail Federation, cofondatrice de l\u2019Alliance pour les \u00e9conomies d\u2019\u00e9nergie<\/strong><\/h1>\n<\/div><\/section>\n<div   class='hr hr-default   avia-builder-el-1  el_after_av_textblock  el_before_av_textblock '><span class='hr-inner ' ><span class='hr-inner-style'><\/span><\/span><\/div>\n<section class=\"av_textblock_section \"  itemscope=\"itemscope\" itemtype=\"https:\/\/schema.org\/BlogPosting\" itemprop=\"blogPost\" ><div class='avia_textblock  '   itemprop=\"text\" ><p><strong>L&rsquo;association du commerce de d\u00e9tail Swiss Retail Federation est un membre fondateur de la toute nouvelle Alliance pour les \u00e9conomies d&rsquo;\u00e9nergie. Issus de l&rsquo;\u00e9conomie, de la soci\u00e9t\u00e9 civile et des pouvoirs publics, ses initiateurs ont pour objectif de garantir un approvisionnement \u00e9nerg\u00e9tique s\u00fbr et durable pour l&rsquo;hiver 2022\/23. Swiss Retail Federation recommande \u00e0 ses membres de prendre diverses mesures pour r\u00e9duire leurs besoins en \u00e9nergie. <\/strong><\/p>\n<p>\u00ab\u00a0Chaque kilowattheure compte\u00a0\u00bb. Tel est le leitmotiv de l&rsquo;Alliance pour les \u00e9conomies d&rsquo;\u00e9nergie, cr\u00e9\u00e9e par les d\u00e9partements DETEC et DEFR, qui r\u00e9unit des repr\u00e9sentants de l&rsquo;\u00e9conomie, du monde des associations et du monde politique. \u00ab\u00a0<em>Plus que jamais, le temps est venu d&rsquo;\u00e9conomiser l&rsquo;\u00e9lectricit\u00e9\u00a0\u00bb, <\/em>a d\u00e9clar\u00e9 \u00e0 cette occasion Dagmar T. Jenni, directrice de Swiss Retail Federation<em>. Engag\u00e9e sur ces prochaines semaines de l\u2019\u00e9t\u00e9 finissant et de l&rsquo;automne, notre action doit \u00eatre d\u00e9terminante pour assurer nos approvisionnements en \u00e9nergie cet hiver<\/em>. <em>En tant que membre fondateur, nous soutenons \u00e9galement l&rsquo;objectif d&rsquo;\u00e9conomies du Conseil f\u00e9d\u00e9ral qui vise \u00e0 r\u00e9duire la consommation d&rsquo;\u00e9nergie en Suisse pendant le semestre d&rsquo;hiver par des mesures volontaires\u00a0\u00bb. <\/em><\/p>\n<p><strong>Membre de l\u2019alliance d\u00e8s la premi\u00e8re heure<\/strong><\/p>\n<p>Swiss Retail joue un r\u00f4le pionnier dans la lutte contre une \u00e9ventuelle p\u00e9nurie d&rsquo;\u00e9lectricit\u00e9. D\u00e9but ao\u00fbt d\u00e9j\u00e0, elle recommandait \u00e0 ses membres diverses mesures d&rsquo;\u00e9conomies, notamment la r\u00e9duction cibl\u00e9e de l&rsquo;\u00e9clairage, l&rsquo;adaptation de la temp\u00e9rature ambiante ou la r\u00e9gulation de l&rsquo;a\u00e9ration.<\/p>\n<p>L&rsquo;Alliance pour les \u00e9conomies d&rsquo;\u00e9nergie r\u00e9pond au souci du Conseil f\u00e9d\u00e9ral de r\u00e9duire rapidement et de mani\u00e8re significative la consommation \u00e9lectrothermique sur une base volontaire. Elle f\u00e9d\u00e8re les forces d\u00e9sireuses de sensibiliser, d\u2019encourager et de responsabiliser tous les membres, partenaires et collaborateurs concern\u00e9s en mati\u00e8re d&rsquo;utilisation \u00e9conomique de l&rsquo;\u00e9nergie. A cette fin, elle promeut tr\u00e8s activement la campagne <a href=\"https:\/\/www.suisseenergie.ch\/programmes\/stop-gaspillage\/page-daccueil\/?pk_vid=e8cd3647b0ee557116621034586853e2\">www.nicht-verschwenden.ch<\/a> soutient d&rsquo;autres mesures d&rsquo;exemplarit\u00e9.<\/p>\n<p><strong>Le commerce de d\u00e9tail applaudit au d\u00e9marrage de cette campagne<\/strong><\/p>\n<p>La directrice salue les mesures propos\u00e9es par le Conseil f\u00e9d\u00e9ral et va plus loin : \u00ab\u00a0<em>Nous encourageons aussi nos membres \u00e0 jouer leur r\u00f4le d&rsquo;interm\u00e9diaire pour rallier \u00e0 la campagne leurs nombreux collaborateurs ainsi que la client\u00e8le.<\/em> <em>L\u2019\u00e9nergie, en effet, est limit\u00e9e, et nous ne devons pas la gaspiller\u00a0\u00bb.<\/em><\/p>\n<p>Sous <a href=\"mailto:medien@swiss-retail.ch\">medien@swiss-retail.ch<\/a>, nous nous tenons volontiers \u00e0 votre disposition pour toute question ou information g\u00e9n\u00e9rale.<\/p>\n<\/div><\/section>\n<div   class='hr hr-default   avia-builder-el-3  el_after_av_textblock  el_before_av_social_share '><span class='hr-inner ' ><span class='hr-inner-style'><\/span><\/span><\/div>\n<div  class='av-social-sharing-box  avia-builder-el-4  el_after_av_hr  avia-builder-el-last  '><div class='av-share-box'><h5 class='av-share-link-description av-no-toc '>Eintrag teilen<\/h5><ul class='av-share-box-list noLightbox'><li class='av-share-link av-social-link-facebook' ><a target=\"_blank\" aria-label=\"Partager sur Facebook\" href='https:\/\/www.facebook.com\/sharer.php?u=https:\/\/www.swiss-retail.ch\/fr\/news-fr\/swiss-retail-federation-cofondatrice-de-lalliance-pour-les-economies-denergie\/&#038;t=Swiss%20Retail%20Federation%2C%20cofondatrice%20de%20l%E2%80%99Alliance%20pour%20les%20%C3%A9conomies%20d%E2%80%99%C3%A9nergie' aria-hidden='false' data-av_icon='\ue8f3' data-av_iconfont='entypo-fontello' title='' data-avia-related-tooltip='Partager sur Facebook' rel=\"noopener\"><span class='avia_hidden_link_text'>Partager sur Facebook<\/span><\/a><\/li><li class='av-share-link av-social-link-twitter' ><a target=\"_blank\" aria-label=\"Partager sur Twitter\" href='https:\/\/twitter.com\/share?text=Swiss%20Retail%20Federation%2C%20cofondatrice%20de%20l%E2%80%99Alliance%20pour%20les%20%C3%A9conomies%20d%E2%80%99%C3%A9nergie&#038;url=https:\/\/www.swiss-retail.ch\/fr\/?p=13802' aria-hidden='false' data-av_icon='\ue8f1' data-av_iconfont='entypo-fontello' title='' data-avia-related-tooltip='Partager sur Twitter' rel=\"noopener\"><span class='avia_hidden_link_text'>Partager sur Twitter<\/span><\/a><\/li><li class='av-share-link av-social-link-whatsapp' ><a target=\"_blank\" aria-label=\"Share on WhatsApp\" href='https:\/\/api.whatsapp.com\/send?text=https:\/\/www.swiss-retail.ch\/fr\/news-fr\/swiss-retail-federation-cofondatrice-de-lalliance-pour-les-economies-denergie\/' aria-hidden='false' data-av_icon='\uf232' data-av_iconfont='entypo-fontello' title='' data-avia-related-tooltip='Share on WhatsApp' rel=\"noopener\"><span class='avia_hidden_link_text'>Share on WhatsApp<\/span><\/a><\/li><li class='av-share-link av-social-link-linkedin' ><a target=\"_blank\" aria-label=\"Partager sur LinkedIn\" href='https:\/\/linkedin.com\/shareArticle?mini=true&#038;title=Swiss%20Retail%20Federation%2C%20cofondatrice%20de%20l%E2%80%99Alliance%20pour%20les%20%C3%A9conomies%20d%E2%80%99%C3%A9nergie&#038;url=https:\/\/www.swiss-retail.ch\/fr\/news-fr\/swiss-retail-federation-cofondatrice-de-lalliance-pour-les-economies-denergie\/' aria-hidden='false' data-av_icon='\ue8fc' data-av_iconfont='entypo-fontello' title='' data-avia-related-tooltip='Partager sur LinkedIn' rel=\"noopener\"><span class='avia_hidden_link_text'>Partager sur LinkedIn<\/span><\/a><\/li><li class='av-share-link av-social-link-mail' ><a  aria-label=\"Partager par Mail\" href='mailto:?subject=Swiss%20Retail%20Federation%2C%20cofondatrice%20de%20l%E2%80%99Alliance%20pour%20les%20%C3%A9conomies%20d%E2%80%99%C3%A9nergie&#038;body=https:\/\/www.swiss-retail.ch\/fr\/news-fr\/swiss-retail-federation-cofondatrice-de-lalliance-pour-les-economies-denergie\/' aria-hidden='false' data-av_icon='\ue805' data-av_iconfont='entypo-fontello' title='' data-avia-related-tooltip='Partager par Mail'><span class='avia_hidden_link_text'>Partager par Mail<\/span><\/a><\/li><\/ul><\/div><\/div>\n","protected":false},"excerpt":{"rendered":"","protected":false},"author":5,"featured_media":13799,"comment_status":"closed","ping_status":"closed","sticky":false,"template":"","format":"standard","meta":[],"categories":[69,64],"tags":[],"yoast_head":"<!-- This site is optimized with the Yoast SEO plugin v18.5.1 - https:\/\/yoast.com\/wordpress\/plugins\/seo\/ -->\n<title>Swiss Retail Federation, cofondatrice de l\u2019Alliance pour les \u00e9conomies d\u2019\u00e9nergie -<\/title>\n<meta name=\"robots\" content=\"index, follow, max-snippet:-1, max-image-preview:large, max-video-preview:-1\" \/>\n<link rel=\"canonical\" href=\"https:\/\/www.swiss-retail.ch\/fr\/news-fr\/swiss-retail-federation-cofondatrice-de-lalliance-pour-les-economies-denergie\/\" \/>\n<meta property=\"og:locale\" content=\"fr_FR\" \/>\n<meta property=\"og:type\" content=\"article\" \/>\n<meta property=\"og:title\" content=\"Swiss Retail Federation, cofondatrice de l\u2019Alliance pour les \u00e9conomies d\u2019\u00e9nergie -\" \/>\n<meta property=\"og:url\" content=\"https:\/\/www.swiss-retail.ch\/fr\/news-fr\/swiss-retail-federation-cofondatrice-de-lalliance-pour-les-economies-denergie\/\" \/>\n<meta property=\"article:published_time\" content=\"2022-09-02T07:27:48+00:00\" \/>\n<meta property=\"article:modified_time\" content=\"2022-09-14T13:55:10+00:00\" \/>\n<meta property=\"og:image\" content=\"https:\/\/www.swiss-retail.ch\/wp-content\/uploads\/2022\/08\/shutterstock_2177304173-scaled.jpg\" \/>\n\t<meta property=\"og:image:width\" content=\"2560\" \/>\n\t<meta property=\"og:image:height\" content=\"1707\" \/>\n\t<meta property=\"og:image:type\" content=\"image\/jpeg\" \/>\n<meta name=\"twitter:card\" content=\"summary_large_image\" \/>\n<meta name=\"twitter:label1\" content=\"\u00c9crit par\" \/>\n\t<meta name=\"twitter:data1\" content=\"swissretail\" \/>\n\t<meta name=\"twitter:label2\" content=\"Dur\u00e9e de lecture estim\u00e9e\" \/>\n\t<meta name=\"twitter:data2\" content=\"3 minutes\" \/>\n<script type=\"application\/ld+json\" class=\"yoast-schema-graph\">{\"@context\":\"https:\/\/schema.org\",\"@graph\":[{\"@type\":\"WebSite\",\"@id\":\"https:\/\/www.swiss-retail.ch\/#website\",\"url\":\"https:\/\/www.swiss-retail.ch\/\",\"name\":\"\",\"description\":\"Verband der Mittel- und Grossbetriebe des schweizerischen Detailhandels\",\"potentialAction\":[{\"@type\":\"SearchAction\",\"target\":{\"@type\":\"EntryPoint\",\"urlTemplate\":\"https:\/\/www.swiss-retail.ch\/?s={search_term_string}\"},\"query-input\":\"required name=search_term_string\"}],\"inLanguage\":\"fr-FR\"},{\"@type\":\"ImageObject\",\"@id\":\"https:\/\/www.swiss-retail.ch\/fr\/news-fr\/swiss-retail-federation-cofondatrice-de-lalliance-pour-les-economies-denergie\/#primaryimage\",\"inLanguage\":\"fr-FR\",\"url\":\"https:\/\/www.swiss-retail.ch\/wp-content\/uploads\/2022\/08\/shutterstock_2177304173-scaled.jpg\",\"contentUrl\":\"https:\/\/www.swiss-retail.ch\/wp-content\/uploads\/2022\/08\/shutterstock_2177304173-scaled.jpg\",\"width\":2560,\"height\":1707},{\"@type\":\"WebPage\",\"@id\":\"https:\/\/www.swiss-retail.ch\/fr\/news-fr\/swiss-retail-federation-cofondatrice-de-lalliance-pour-les-economies-denergie\/#webpage\",\"url\":\"https:\/\/www.swiss-retail.ch\/fr\/news-fr\/swiss-retail-federation-cofondatrice-de-lalliance-pour-les-economies-denergie\/\",\"name\":\"Swiss Retail Federation, cofondatrice de l\u2019Alliance pour les \u00e9conomies d\u2019\u00e9nergie -\",\"isPartOf\":{\"@id\":\"https:\/\/www.swiss-retail.ch\/#website\"},\"primaryImageOfPage\":{\"@id\":\"https:\/\/www.swiss-retail.ch\/fr\/news-fr\/swiss-retail-federation-cofondatrice-de-lalliance-pour-les-economies-denergie\/#primaryimage\"},\"datePublished\":\"2022-09-02T07:27:48+00:00\",\"dateModified\":\"2022-09-14T13:55:10+00:00\",\"author\":{\"@id\":\"https:\/\/www.swiss-retail.ch\/#\/schema\/person\/90a7fcdf88c0e2555aeadc29a168014b\"},\"breadcrumb\":{\"@id\":\"https:\/\/www.swiss-retail.ch\/fr\/news-fr\/swiss-retail-federation-cofondatrice-de-lalliance-pour-les-economies-denergie\/#breadcrumb\"},\"inLanguage\":\"fr-FR\",\"potentialAction\":[{\"@type\":\"ReadAction\",\"target\":[\"https:\/\/www.swiss-retail.ch\/fr\/news-fr\/swiss-retail-federation-cofondatrice-de-lalliance-pour-les-economies-denergie\/\"]}]},{\"@type\":\"BreadcrumbList\",\"@id\":\"https:\/\/www.swiss-retail.ch\/fr\/news-fr\/swiss-retail-federation-cofondatrice-de-lalliance-pour-les-economies-denergie\/#breadcrumb\",\"itemListElement\":[{\"@type\":\"ListItem\",\"position\":1,\"name\":\"Startseite\",\"item\":\"https:\/\/www.swiss-retail.ch\/fr\/homepage\/\"},{\"@type\":\"ListItem\",\"position\":2,\"name\":\"Swiss Retail Federation, cofondatrice de l\u2019Alliance pour les \u00e9conomies d\u2019\u00e9nergie\"}]},{\"@type\":\"Person\",\"@id\":\"https:\/\/www.swiss-retail.ch\/#\/schema\/person\/90a7fcdf88c0e2555aeadc29a168014b\",\"name\":\"swissretail\",\"url\":\"https:\/\/www.swiss-retail.ch\/fr\/author\/swissretail\/\"}]}<\/script>\n<!-- \/ Yoast SEO plugin. -->","yoast_head_json":{"title":"Swiss Retail Federation, cofondatrice de l\u2019Alliance pour les \u00e9conomies d\u2019\u00e9nergie -","robots":{"index":"index","follow":"follow","max-snippet":"max-snippet:-1","max-image-preview":"max-image-preview:large","max-video-preview":"max-video-preview:-1"},"canonical":"https:\/\/www.swiss-retail.ch\/fr\/news-fr\/swiss-retail-federation-cofondatrice-de-lalliance-pour-les-economies-denergie\/","og_locale":"fr_FR","og_type":"article","og_title":"Swiss Retail Federation, cofondatrice de l\u2019Alliance pour les \u00e9conomies d\u2019\u00e9nergie -","og_url":"https:\/\/www.swiss-retail.ch\/fr\/news-fr\/swiss-retail-federation-cofondatrice-de-lalliance-pour-les-economies-denergie\/","article_published_time":"2022-09-02T07:27:48+00:00","article_modified_time":"2022-09-14T13:55:10+00:00","og_image":[{"width":2560,"height":1707,"url":"https:\/\/www.swiss-retail.ch\/wp-content\/uploads\/2022\/08\/shutterstock_2177304173-scaled.jpg","type":"image\/jpeg"}],"twitter_card":"summary_large_image","twitter_misc":{"\u00c9crit par":"swissretail","Dur\u00e9e de lecture estim\u00e9e":"3 minutes"},"schema":{"@context":"https:\/\/schema.org","@graph":[{"@type":"WebSite","@id":"https:\/\/www.swiss-retail.ch\/#website","url":"https:\/\/www.swiss-retail.ch\/","name":"","description":"Verband der Mittel- und Grossbetriebe des schweizerischen Detailhandels","potentialAction":[{"@type":"SearchAction","target":{"@type":"EntryPoint","urlTemplate":"https:\/\/www.swiss-retail.ch\/?s={search_term_string}"},"query-input":"required name=search_term_string"}],"inLanguage":"fr-FR"},{"@type":"ImageObject","@id":"https:\/\/www.swiss-retail.ch\/fr\/news-fr\/swiss-retail-federation-cofondatrice-de-lalliance-pour-les-economies-denergie\/#primaryimage","inLanguage":"fr-FR","url":"https:\/\/www.swiss-retail.ch\/wp-content\/uploads\/2022\/08\/shutterstock_2177304173-scaled.jpg","contentUrl":"https:\/\/www.swiss-retail.ch\/wp-content\/uploads\/2022\/08\/shutterstock_2177304173-scaled.jpg","width":2560,"height":1707},{"@type":"WebPage","@id":"https:\/\/www.swiss-retail.ch\/fr\/news-fr\/swiss-retail-federation-cofondatrice-de-lalliance-pour-les-economies-denergie\/#webpage","url":"https:\/\/www.swiss-retail.ch\/fr\/news-fr\/swiss-retail-federation-cofondatrice-de-lalliance-pour-les-economies-denergie\/","name":"Swiss Retail Federation, cofondatrice de l\u2019Alliance pour les \u00e9conomies d\u2019\u00e9nergie -","isPartOf":{"@id":"https:\/\/www.swiss-retail.ch\/#website"},"primaryImageOfPage":{"@id":"https:\/\/www.swiss-retail.ch\/fr\/news-fr\/swiss-retail-federation-cofondatrice-de-lalliance-pour-les-economies-denergie\/#primaryimage"},"datePublished":"2022-09-02T07:27:48+00:00","dateModified":"2022-09-14T13:55:10+00:00","author":{"@id":"https:\/\/www.swiss-retail.ch\/#\/schema\/person\/90a7fcdf88c0e2555aeadc29a168014b"},"breadcrumb":{"@id":"https:\/\/www.swiss-retail.ch\/fr\/news-fr\/swiss-retail-federation-cofondatrice-de-lalliance-pour-les-economies-denergie\/#breadcrumb"},"inLanguage":"fr-FR","potentialAction":[{"@type":"ReadAction","target":["https:\/\/www.swiss-retail.ch\/fr\/news-fr\/swiss-retail-federation-cofondatrice-de-lalliance-pour-les-economies-denergie\/"]}]},{"@type":"BreadcrumbList","@id":"https:\/\/www.swiss-retail.ch\/fr\/news-fr\/swiss-retail-federation-cofondatrice-de-lalliance-pour-les-economies-denergie\/#breadcrumb","itemListElement":[{"@type":"ListItem","position":1,"name":"Startseite","item":"https:\/\/www.swiss-retail.ch\/fr\/homepage\/"},{"@type":"ListItem","position":2,"name":"Swiss Retail Federation, cofondatrice de l\u2019Alliance pour les \u00e9conomies d\u2019\u00e9nergie"}]},{"@type":"Person","@id":"https:\/\/www.swiss-retail.ch\/#\/schema\/person\/90a7fcdf88c0e2555aeadc29a168014b","name":"swissretail","url":"https:\/\/www.swiss-retail.ch\/fr\/author\/swissretail\/"}]}},"_links":{"self":[{"href":"https:\/\/www.swiss-retail.ch\/fr\/wp-json\/wp\/v2\/posts\/13802"}],"collection":[{"href":"https:\/\/www.swiss-retail.ch\/fr\/wp-json\/wp\/v2\/posts"}],"about":[{"href":"https:\/\/www.swiss-retail.ch\/fr\/wp-json\/wp\/v2\/types\/post"}],"author":[{"embeddable":true,"href":"https:\/\/www.swiss-retail.ch\/fr\/wp-json\/wp\/v2\/users\/5"}],"replies":[{"embeddable":true,"href":"https:\/\/www.swiss-retail.ch\/fr\/wp-json\/wp\/v2\/comments?post=13802"}],"version-history":[{"count":2,"href":"https:\/\/www.swiss-retail.ch\/fr\/wp-json\/wp\/v2\/posts\/13802\/revisions"}],"predecessor-version":[{"id":13842,"href":"https:\/\/www.swiss-retail.ch\/fr\/wp-json\/wp\/v2\/posts\/13802\/revisions\/13842"}],"wp:featuredmedia":[{"embeddable":true,"href":"https:\/\/www.swiss-retail.ch\/fr\/wp-json\/wp\/v2\/media\/13799"}],"wp:attachment":[{"href":"https:\/\/www.swiss-retail.ch\/fr\/wp-json\/wp\/v2\/media?parent=13802"}],"wp:term":[{"taxonomy":"category","embeddable":true,"href":"https:\/\/www.swiss-retail.ch\/fr\/wp-json\/wp\/v2\/categories?post=13802"},{"taxonomy":"post_tag","embeddable":true,"href":"https:\/\/www.swiss-retail.ch\/fr\/wp-json\/wp\/v2\/tags?post=13802"}],"curies":[{"name":"wp","href":"https:\/\/api.w.org\/{rel}","templated":true}]}}