{"id":14879,"date":"2023-05-04T10:53:37","date_gmt":"2023-05-04T08:53:37","guid":{"rendered":"https:\/\/www.swiss-retail.ch\/?p=14879"},"modified":"2024-09-12T16:05:18","modified_gmt":"2024-09-12T14:05:18","slug":"reduction-volontaire-de-plus-de-88-pour-cent-des-sachets-plastiques","status":"publish","type":"post","link":"https:\/\/www.swiss-retail.ch\/fr\/news-fr\/reduction-volontaire-de-plus-de-88-pour-cent-des-sachets-plastiques\/","title":{"rendered":"R\u00e9duction volontaire de plus de 88 pour-cent des sachets plastiques"},"content":{"rendered":"<section class=\"av_textblock_section \"  itemscope=\"itemscope\" itemtype=\"https:\/\/schema.org\/BlogPosting\" itemprop=\"blogPost\" ><div class='avia_textblock  '   itemprop=\"text\" ><h1><strong>R\u00e9duction volontaire de plus de 88 pour-cent des sachets plastiques<\/strong><\/h1>\n<\/div><\/section>\n<div   class='hr hr-default   avia-builder-el-1  el_after_av_textblock  el_before_av_textblock '><span class='hr-inner ' ><span class='hr-inner-style'><\/span><\/span><\/div>\n<section class=\"av_textblock_section \"  itemscope=\"itemscope\" itemtype=\"https:\/\/schema.org\/BlogPosting\" itemprop=\"blogPost\" ><div class='avia_textblock  '   itemprop=\"text\" ><p><em>04.05.2023<\/em><\/p>\n<p><strong>Suite \u00e0 un accord de branche conclu en 2016, la consommation de sachets plastiques \u00e0 usage unique dans le commerce de d\u00e9tail a recul\u00e9 de fa\u00e7on spectaculaire. Les chiffres les plus r\u00e9cents le montrent : par rapport \u00e0 2016, le nombre de ces sachets a baiss\u00e9 de plus de 88% l&rsquo;an dernier. La consommation de grands sacs plastiques a \u00e9galement diminu\u00e9 de mani\u00e8re significative.<\/strong><\/p>\n<p>Pour lutter contre la prolif\u00e9ration de plastiques jetables dans le commerce de d\u00e9tail alimentaire, la CI CDS et SWISS RETAIL FEDERATION ont conclu en 2016 un \u00ab\u00a0accord de branche visant \u00e0 r\u00e9duire la consommation de sachets en plastique \u00e0 usage unique\u00a0\u00bb. Concr\u00e8tement, la contraction vis\u00e9e \u00e9tait de 70 \u00e0 80% jusqu\u2019en 2025, avant tout dans les boutiques de produits de bouche. Cet objectif a \u00e9t\u00e9 d\u00e9pass\u00e9 d\u00e8s l&rsquo;ann\u00e9e suivante et, en 2017, la trentaine de maisons ayant sign\u00e9 l&rsquo;accord annon\u00e7ait une baisse de 84 pour cent. Les entreprises participantes ne se sont pas repos\u00e9es sur ce succ\u00e8s puisqu\u2019elles ont vu la consommation des sachets fl\u00e9chir encore par la suite.<\/p>\n<p><strong>Des r\u00e9ductions sur une base volontaire plut\u00f4t que des interdictions<\/strong><\/p>\n<p>Aujourd&rsquo;hui, une nouvelle \u00e9tape est franchie. Les chiffres montrent qu&rsquo;en 2022, par rapport \u00e0 2016, 88,46% de sachets plastiques \u00e0 usage unique en moins ont \u00e9t\u00e9 utilis\u00e9s. Leur nombre, qui \u00e9tait encore de 417 781 000 cette ann\u00e9e-l\u00e0, est ainsi tomb\u00e9 \u00e0 48 212 150 en 2022. \u00ab\u00a0L&rsquo;accord sectoriel a vu le jour en tant que contre-projet \u00e0 l&rsquo;interdiction pure et simple des sacs plastiques, qui avait \u00e9t\u00e9 mise en d\u00e9bat en 2016. La contraction si impressionnante qui a \u00e9t\u00e9 obtenue en l\u2019espace de six ans seulement prouve que r\u00e9duire le volume des d\u00e9chets est tout \u00e0 fait possible sans interdiction\u00a0\u00bb, d\u00e9clare Dagmar Jenni, directrice de SWISS RETAIL FEDERATION.<\/p>\n<p><strong>Moins de sacs de caisse \u00e9galement<\/strong><\/p>\n<p>En 2019, un autre accord sectoriel a \u00e9t\u00e9 conclu, selon lequel la consommation de sacs de caisse en plastique devrait diminuer de 35 % d&rsquo;ici 2025. Cet objectif a \u00e9t\u00e9, lui aussi, rapidement d\u00e9pass\u00e9. Alors qu&rsquo;en 2020, 46 846 092 sacs \u00e9taient encore distribu\u00e9s, leur nombre avait d\u00e9j\u00e0 baiss\u00e9 de 65 pour cent en 2021, c&rsquo;est-\u00e0-dire d\u00e8s la premi\u00e8re ann\u00e9e de l&rsquo;entr\u00e9e en vigueur de l\u2019accord, pour atteindre 16 470 047. Et ce chiffre s\u2019est encore r\u00e9duit en 2022.<\/p>\n<p><strong>Maintenir la tendance<br \/>\n<\/strong><br \/>\nLa CI CDS et SWISS RETAIL FEDERATION sont satisfaites de ces r\u00e9sultats. \u00ab\u00a0Les chiffres des\u00a0 derni\u00e8res ann\u00e9es montrent que ces accords sectoriels ne se traduisent pas par des r\u00e9ductions momentan\u00e9es, mais impriment une orientation durable dans la branche\u00a0\u00bb, souligne Maja Freiermuth, directrice de la CI CDS Suisse. La tendance \u00e0 la baisse doit \u00eatre maintenue.<\/p>\n<p>Pour toute question ou information, n&rsquo;h\u00e9sitez pas \u00e0 nous joindre \u00e0 l&rsquo;adresse <a href=\"medien@swiss-retail.ch\">medien@swiss-retail.ch.<\/a><\/p>\n<\/div><\/section>\n<div   class='hr hr-default   avia-builder-el-3  el_after_av_textblock  el_before_av_social_share '><span class='hr-inner ' ><span class='hr-inner-style'><\/span><\/span><\/div>\n<div  class='av-social-sharing-box  avia-builder-el-4  el_after_av_hr  avia-builder-el-last  '><div class='av-share-box'><h5 class='av-share-link-description av-no-toc '>Eintrag teilen<\/h5><ul class='av-share-box-list noLightbox'><li class='av-share-link av-social-link-facebook' ><a target=\"_blank\" aria-label=\"Partager sur Facebook\" href='https:\/\/www.facebook.com\/sharer.php?u=https:\/\/www.swiss-retail.ch\/fr\/news-fr\/reduction-volontaire-de-plus-de-88-pour-cent-des-sachets-plastiques\/&#038;t=R%C3%A9duction%20volontaire%20de%20plus%20de%2088%20pour-cent%20des%20sachets%20plastiques' aria-hidden='false' data-av_icon='\ue8f3' data-av_iconfont='entypo-fontello' title='' data-avia-related-tooltip='Partager sur Facebook' rel=\"noopener\"><span class='avia_hidden_link_text'>Partager sur Facebook<\/span><\/a><\/li><li class='av-share-link av-social-link-twitter' ><a target=\"_blank\" aria-label=\"Partager sur Twitter\" href='https:\/\/twitter.com\/share?text=R%C3%A9duction%20volontaire%20de%20plus%20de%2088%20pour-cent%20des%20sachets%20plastiques&#038;url=https:\/\/www.swiss-retail.ch\/fr\/?p=14879' aria-hidden='false' data-av_icon='\ue8f1' data-av_iconfont='entypo-fontello' title='' data-avia-related-tooltip='Partager sur Twitter' rel=\"noopener\"><span class='avia_hidden_link_text'>Partager sur Twitter<\/span><\/a><\/li><li class='av-share-link av-social-link-whatsapp' ><a target=\"_blank\" aria-label=\"Share on WhatsApp\" href='https:\/\/api.whatsapp.com\/send?text=https:\/\/www.swiss-retail.ch\/fr\/news-fr\/reduction-volontaire-de-plus-de-88-pour-cent-des-sachets-plastiques\/' aria-hidden='false' data-av_icon='\uf232' data-av_iconfont='entypo-fontello' title='' data-avia-related-tooltip='Share on WhatsApp' rel=\"noopener\"><span class='avia_hidden_link_text'>Share on WhatsApp<\/span><\/a><\/li><li class='av-share-link av-social-link-linkedin' ><a target=\"_blank\" aria-label=\"Partager sur LinkedIn\" href='https:\/\/linkedin.com\/shareArticle?mini=true&#038;title=R%C3%A9duction%20volontaire%20de%20plus%20de%2088%20pour-cent%20des%20sachets%20plastiques&#038;url=https:\/\/www.swiss-retail.ch\/fr\/news-fr\/reduction-volontaire-de-plus-de-88-pour-cent-des-sachets-plastiques\/' aria-hidden='false' data-av_icon='\ue8fc' data-av_iconfont='entypo-fontello' title='' data-avia-related-tooltip='Partager sur LinkedIn' rel=\"noopener\"><span class='avia_hidden_link_text'>Partager sur LinkedIn<\/span><\/a><\/li><li class='av-share-link av-social-link-mail' ><a  aria-label=\"Partager par Mail\" href='mailto:?subject=R%C3%A9duction%20volontaire%20de%20plus%20de%2088%20pour-cent%20des%20sachets%20plastiques&#038;body=https:\/\/www.swiss-retail.ch\/fr\/news-fr\/reduction-volontaire-de-plus-de-88-pour-cent-des-sachets-plastiques\/' aria-hidden='false' data-av_icon='\ue805' data-av_iconfont='entypo-fontello' title='' data-avia-related-tooltip='Partager par Mail'><span class='avia_hidden_link_text'>Partager par Mail<\/span><\/a><\/li><\/ul><\/div><\/div>\n","protected":false},"excerpt":{"rendered":"","protected":false},"author":5,"featured_media":14880,"comment_status":"closed","ping_status":"closed","sticky":false,"template":"","format":"standard","meta":[],"categories":[69,64],"tags":[],"yoast_head":"<!-- This site is optimized with the Yoast SEO plugin v18.5.1 - https:\/\/yoast.com\/wordpress\/plugins\/seo\/ -->\n<title>R\u00e9duction volontaire de plus de 88 pour-cent des sachets plastiques -<\/title>\n<meta name=\"robots\" content=\"index, follow, max-snippet:-1, max-image-preview:large, max-video-preview:-1\" \/>\n<link rel=\"canonical\" href=\"https:\/\/www.swiss-retail.ch\/fr\/news-fr\/reduction-volontaire-de-plus-de-88-pour-cent-des-sachets-plastiques\/\" \/>\n<meta property=\"og:locale\" content=\"fr_FR\" \/>\n<meta property=\"og:type\" content=\"article\" \/>\n<meta property=\"og:title\" content=\"R\u00e9duction volontaire de plus de 88 pour-cent des sachets plastiques -\" \/>\n<meta property=\"og:url\" content=\"https:\/\/www.swiss-retail.ch\/fr\/news-fr\/reduction-volontaire-de-plus-de-88-pour-cent-des-sachets-plastiques\/\" \/>\n<meta property=\"article:published_time\" content=\"2023-05-04T08:53:37+00:00\" \/>\n<meta property=\"article:modified_time\" content=\"2024-09-12T14:05:18+00:00\" \/>\n<meta property=\"og:image\" content=\"https:\/\/www.swiss-retail.ch\/wp-content\/uploads\/2023\/05\/Portfolio_Branchenvereinbarung_2020_660x524.jpg\" \/>\n\t<meta property=\"og:image:width\" content=\"660\" \/>\n\t<meta property=\"og:image:height\" content=\"526\" \/>\n\t<meta property=\"og:image:type\" content=\"image\/jpeg\" \/>\n<meta name=\"twitter:card\" content=\"summary_large_image\" \/>\n<meta name=\"twitter:label1\" content=\"\u00c9crit par\" \/>\n\t<meta name=\"twitter:data1\" content=\"swissretail\" \/>\n\t<meta name=\"twitter:label2\" content=\"Dur\u00e9e de lecture estim\u00e9e\" \/>\n\t<meta name=\"twitter:data2\" content=\"4 minutes\" \/>\n<script type=\"application\/ld+json\" class=\"yoast-schema-graph\">{\"@context\":\"https:\/\/schema.org\",\"@graph\":[{\"@type\":\"WebSite\",\"@id\":\"https:\/\/www.swiss-retail.ch\/#website\",\"url\":\"https:\/\/www.swiss-retail.ch\/\",\"name\":\"\",\"description\":\"Verband der Mittel- und Grossbetriebe des schweizerischen Detailhandels\",\"potentialAction\":[{\"@type\":\"SearchAction\",\"target\":{\"@type\":\"EntryPoint\",\"urlTemplate\":\"https:\/\/www.swiss-retail.ch\/?s={search_term_string}\"},\"query-input\":\"required name=search_term_string\"}],\"inLanguage\":\"fr-FR\"},{\"@type\":\"ImageObject\",\"@id\":\"https:\/\/www.swiss-retail.ch\/fr\/news-fr\/reduction-volontaire-de-plus-de-88-pour-cent-des-sachets-plastiques\/#primaryimage\",\"inLanguage\":\"fr-FR\",\"url\":\"https:\/\/www.swiss-retail.ch\/wp-content\/uploads\/2023\/05\/Portfolio_Branchenvereinbarung_2020_660x524.jpg\",\"contentUrl\":\"https:\/\/www.swiss-retail.ch\/wp-content\/uploads\/2023\/05\/Portfolio_Branchenvereinbarung_2020_660x524.jpg\",\"width\":660,\"height\":526},{\"@type\":\"WebPage\",\"@id\":\"https:\/\/www.swiss-retail.ch\/fr\/news-fr\/reduction-volontaire-de-plus-de-88-pour-cent-des-sachets-plastiques\/#webpage\",\"url\":\"https:\/\/www.swiss-retail.ch\/fr\/news-fr\/reduction-volontaire-de-plus-de-88-pour-cent-des-sachets-plastiques\/\",\"name\":\"R\u00e9duction volontaire de plus de 88 pour-cent des sachets plastiques -\",\"isPartOf\":{\"@id\":\"https:\/\/www.swiss-retail.ch\/#website\"},\"primaryImageOfPage\":{\"@id\":\"https:\/\/www.swiss-retail.ch\/fr\/news-fr\/reduction-volontaire-de-plus-de-88-pour-cent-des-sachets-plastiques\/#primaryimage\"},\"datePublished\":\"2023-05-04T08:53:37+00:00\",\"dateModified\":\"2024-09-12T14:05:18+00:00\",\"author\":{\"@id\":\"https:\/\/www.swiss-retail.ch\/#\/schema\/person\/90a7fcdf88c0e2555aeadc29a168014b\"},\"breadcrumb\":{\"@id\":\"https:\/\/www.swiss-retail.ch\/fr\/news-fr\/reduction-volontaire-de-plus-de-88-pour-cent-des-sachets-plastiques\/#breadcrumb\"},\"inLanguage\":\"fr-FR\",\"potentialAction\":[{\"@type\":\"ReadAction\",\"target\":[\"https:\/\/www.swiss-retail.ch\/fr\/news-fr\/reduction-volontaire-de-plus-de-88-pour-cent-des-sachets-plastiques\/\"]}]},{\"@type\":\"BreadcrumbList\",\"@id\":\"https:\/\/www.swiss-retail.ch\/fr\/news-fr\/reduction-volontaire-de-plus-de-88-pour-cent-des-sachets-plastiques\/#breadcrumb\",\"itemListElement\":[{\"@type\":\"ListItem\",\"position\":1,\"name\":\"Startseite\",\"item\":\"https:\/\/www.swiss-retail.ch\/fr\/homepage\/\"},{\"@type\":\"ListItem\",\"position\":2,\"name\":\"R\u00e9duction volontaire de plus de 88 pour-cent des sachets plastiques\"}]},{\"@type\":\"Person\",\"@id\":\"https:\/\/www.swiss-retail.ch\/#\/schema\/person\/90a7fcdf88c0e2555aeadc29a168014b\",\"name\":\"swissretail\",\"url\":\"https:\/\/www.swiss-retail.ch\/fr\/author\/swissretail\/\"}]}<\/script>\n<!-- \/ Yoast SEO plugin. -->","yoast_head_json":{"title":"R\u00e9duction volontaire de plus de 88 pour-cent des sachets plastiques -","robots":{"index":"index","follow":"follow","max-snippet":"max-snippet:-1","max-image-preview":"max-image-preview:large","max-video-preview":"max-video-preview:-1"},"canonical":"https:\/\/www.swiss-retail.ch\/fr\/news-fr\/reduction-volontaire-de-plus-de-88-pour-cent-des-sachets-plastiques\/","og_locale":"fr_FR","og_type":"article","og_title":"R\u00e9duction volontaire de plus de 88 pour-cent des sachets plastiques -","og_url":"https:\/\/www.swiss-retail.ch\/fr\/news-fr\/reduction-volontaire-de-plus-de-88-pour-cent-des-sachets-plastiques\/","article_published_time":"2023-05-04T08:53:37+00:00","article_modified_time":"2024-09-12T14:05:18+00:00","og_image":[{"width":660,"height":526,"url":"https:\/\/www.swiss-retail.ch\/wp-content\/uploads\/2023\/05\/Portfolio_Branchenvereinbarung_2020_660x524.jpg","type":"image\/jpeg"}],"twitter_card":"summary_large_image","twitter_misc":{"\u00c9crit par":"swissretail","Dur\u00e9e de lecture estim\u00e9e":"4 minutes"},"schema":{"@context":"https:\/\/schema.org","@graph":[{"@type":"WebSite","@id":"https:\/\/www.swiss-retail.ch\/#website","url":"https:\/\/www.swiss-retail.ch\/","name":"","description":"Verband der Mittel- und Grossbetriebe des schweizerischen Detailhandels","potentialAction":[{"@type":"SearchAction","target":{"@type":"EntryPoint","urlTemplate":"https:\/\/www.swiss-retail.ch\/?s={search_term_string}"},"query-input":"required name=search_term_string"}],"inLanguage":"fr-FR"},{"@type":"ImageObject","@id":"https:\/\/www.swiss-retail.ch\/fr\/news-fr\/reduction-volontaire-de-plus-de-88-pour-cent-des-sachets-plastiques\/#primaryimage","inLanguage":"fr-FR","url":"https:\/\/www.swiss-retail.ch\/wp-content\/uploads\/2023\/05\/Portfolio_Branchenvereinbarung_2020_660x524.jpg","contentUrl":"https:\/\/www.swiss-retail.ch\/wp-content\/uploads\/2023\/05\/Portfolio_Branchenvereinbarung_2020_660x524.jpg","width":660,"height":526},{"@type":"WebPage","@id":"https:\/\/www.swiss-retail.ch\/fr\/news-fr\/reduction-volontaire-de-plus-de-88-pour-cent-des-sachets-plastiques\/#webpage","url":"https:\/\/www.swiss-retail.ch\/fr\/news-fr\/reduction-volontaire-de-plus-de-88-pour-cent-des-sachets-plastiques\/","name":"R\u00e9duction volontaire de plus de 88 pour-cent des sachets plastiques -","isPartOf":{"@id":"https:\/\/www.swiss-retail.ch\/#website"},"primaryImageOfPage":{"@id":"https:\/\/www.swiss-retail.ch\/fr\/news-fr\/reduction-volontaire-de-plus-de-88-pour-cent-des-sachets-plastiques\/#primaryimage"},"datePublished":"2023-05-04T08:53:37+00:00","dateModified":"2024-09-12T14:05:18+00:00","author":{"@id":"https:\/\/www.swiss-retail.ch\/#\/schema\/person\/90a7fcdf88c0e2555aeadc29a168014b"},"breadcrumb":{"@id":"https:\/\/www.swiss-retail.ch\/fr\/news-fr\/reduction-volontaire-de-plus-de-88-pour-cent-des-sachets-plastiques\/#breadcrumb"},"inLanguage":"fr-FR","potentialAction":[{"@type":"ReadAction","target":["https:\/\/www.swiss-retail.ch\/fr\/news-fr\/reduction-volontaire-de-plus-de-88-pour-cent-des-sachets-plastiques\/"]}]},{"@type":"BreadcrumbList","@id":"https:\/\/www.swiss-retail.ch\/fr\/news-fr\/reduction-volontaire-de-plus-de-88-pour-cent-des-sachets-plastiques\/#breadcrumb","itemListElement":[{"@type":"ListItem","position":1,"name":"Startseite","item":"https:\/\/www.swiss-retail.ch\/fr\/homepage\/"},{"@type":"ListItem","position":2,"name":"R\u00e9duction volontaire de plus de 88 pour-cent des sachets plastiques"}]},{"@type":"Person","@id":"https:\/\/www.swiss-retail.ch\/#\/schema\/person\/90a7fcdf88c0e2555aeadc29a168014b","name":"swissretail","url":"https:\/\/www.swiss-retail.ch\/fr\/author\/swissretail\/"}]}},"_links":{"self":[{"href":"https:\/\/www.swiss-retail.ch\/fr\/wp-json\/wp\/v2\/posts\/14879"}],"collection":[{"href":"https:\/\/www.swiss-retail.ch\/fr\/wp-json\/wp\/v2\/posts"}],"about":[{"href":"https:\/\/www.swiss-retail.ch\/fr\/wp-json\/wp\/v2\/types\/post"}],"author":[{"embeddable":true,"href":"https:\/\/www.swiss-retail.ch\/fr\/wp-json\/wp\/v2\/users\/5"}],"replies":[{"embeddable":true,"href":"https:\/\/www.swiss-retail.ch\/fr\/wp-json\/wp\/v2\/comments?post=14879"}],"version-history":[{"count":3,"href":"https:\/\/www.swiss-retail.ch\/fr\/wp-json\/wp\/v2\/posts\/14879\/revisions"}],"predecessor-version":[{"id":17254,"href":"https:\/\/www.swiss-retail.ch\/fr\/wp-json\/wp\/v2\/posts\/14879\/revisions\/17254"}],"wp:featuredmedia":[{"embeddable":true,"href":"https:\/\/www.swiss-retail.ch\/fr\/wp-json\/wp\/v2\/media\/14880"}],"wp:attachment":[{"href":"https:\/\/www.swiss-retail.ch\/fr\/wp-json\/wp\/v2\/media?parent=14879"}],"wp:term":[{"taxonomy":"category","embeddable":true,"href":"https:\/\/www.swiss-retail.ch\/fr\/wp-json\/wp\/v2\/categories?post=14879"},{"taxonomy":"post_tag","embeddable":true,"href":"https:\/\/www.swiss-retail.ch\/fr\/wp-json\/wp\/v2\/tags?post=14879"}],"curies":[{"name":"wp","href":"https:\/\/api.w.org\/{rel}","templated":true}]}}