{"id":15373,"date":"2023-08-31T11:25:47","date_gmt":"2023-08-31T09:25:47","guid":{"rendered":"https:\/\/www.swiss-retail.ch\/?p=15373"},"modified":"2024-09-12T15:58:24","modified_gmt":"2024-09-12T13:58:24","slug":"swiss-retail-federation-poursuit-sa-croissance","status":"publish","type":"post","link":"https:\/\/www.swiss-retail.ch\/fr\/news-fr\/swiss-retail-federation-poursuit-sa-croissance\/","title":{"rendered":"SWISS RETAIL FEDERATION poursuit sa croissance"},"content":{"rendered":"<section class=\"av_textblock_section \"  itemscope=\"itemscope\" itemtype=\"https:\/\/schema.org\/BlogPosting\" itemprop=\"blogPost\" ><div class='avia_textblock  '   itemprop=\"text\" ><h1><strong>SWISS RETAIL FEDERATION poursuit sa croissance<\/strong><\/h1>\n<\/div><\/section>\n<div   class='hr hr-default   avia-builder-el-1  el_after_av_textblock  el_before_av_textblock '><span class='hr-inner ' ><span class='hr-inner-style'><\/span><\/span><\/div>\n<section class=\"av_textblock_section \"  itemscope=\"itemscope\" itemtype=\"https:\/\/schema.org\/BlogPosting\" itemprop=\"blogPost\" ><div class='avia_textblock  '   itemprop=\"text\" ><p><em>31.08.2023<\/em><\/p>\n<p><strong>Les magasins sp\u00e9cialis\u00e9s regroup\u00e9s au sein de l&rsquo;association \u00ab\u00a0wolle-schweiz\u00a0\u00bb (laine-suisse) rejoindront la SWISS RETAIL FEDERATION le 1er septembre. Celle-ci repr\u00e9sente le commerce de d\u00e9tail suisse sans les grands distributeurs. Ses membres g\u00e9n\u00e8rent un chiffre d&rsquo;affaires de 23 milliards de francs, emploient environ 58&rsquo;000 personnes et repr\u00e9sentent plus de 1600 membres actifs sur 6000 sites en Suisse. Dagmar Jenni, directrice de SWISS RETAIL FEDERATION, se r\u00e9jouit : \u00ab\u00a0Gr\u00e2ce \u00e0 cette nouvelle affiliation et au soutien toujours plus large des associations professionnelles \u00e0 SWISS RETAIL FEDERATION, les int\u00e9r\u00eats du commerce de d\u00e9tail suisse et les emplois qui y sont li\u00e9s peuvent \u00eatre regroup\u00e9s et d\u00e9fendus avec encore plus de force face aux politiques et aux autorit\u00e9s\u00a0\u00bb.<\/strong><\/p>\n<p>\u00ab\u00a0wolle-schweiz\u00a0\u00bb a \u00e9t\u00e9 fond\u00e9 en 1941 en tant que groupe de branche des fils de laine de l&rsquo;Association des d\u00e9taillants textiles (ATL) et regroupe aujourd&rsquo;hui environ 90 magasins sp\u00e9cialis\u00e9s dans les produits en laine. Outre un vaste assortiment, elle propose \u00e9galement une large gamme de services. En outre, l&rsquo;association organise le salon annuel des acheteurs SWISSEXPO. La pr\u00e9sidente de wolle-schweiz.ch, Adriana Pianegonda, en est convaincue : \u00ab\u00a0Le commerce de d\u00e9tail doit se rapprocher et avec SWISS RETAIL FEDERATION, nous avons un partenaire fort qui peut repr\u00e9senter nos pr\u00e9occupations et nos int\u00e9r\u00eats\u00a0\u00bb.<\/p>\n<p><strong>A propos de SWISS RETAIL FEDERATION<\/strong><\/p>\n<p>Swiss Retail repr\u00e9sente le commerce de d\u00e9tail suisse, hormis les grands distributeurs. Elle r\u00e9unit 1600 d\u00e9taillants r\u00e9partis en Suisse sur 6000 sites. Ses membres r\u00e9alisent un chiffre d&rsquo;affaires de 23 milliards de francs et emploient environ 58&rsquo;000 personnes.<\/p>\n<p>Pour toute question ou information, n&rsquo;h\u00e9sitez pas \u00e0 nous joindre \u00e0 l&rsquo;adresse<br \/>\n<a href=\"medien@swiss-retail.ch\">medien@swiss-retail.ch.<\/a><\/p>\n<\/div><\/section>\n<div   class='hr hr-default   avia-builder-el-3  el_after_av_textblock  el_before_av_social_share '><span class='hr-inner ' ><span class='hr-inner-style'><\/span><\/span><\/div>\n<div  class='av-social-sharing-box  avia-builder-el-4  el_after_av_hr  avia-builder-el-last  '><div class='av-share-box'><h5 class='av-share-link-description av-no-toc '>Eintrag teilen<\/h5><ul class='av-share-box-list noLightbox'><li class='av-share-link av-social-link-facebook' ><a target=\"_blank\" aria-label=\"Partager sur Facebook\" href='https:\/\/www.facebook.com\/sharer.php?u=https:\/\/www.swiss-retail.ch\/fr\/news-fr\/swiss-retail-federation-poursuit-sa-croissance\/&#038;t=SWISS%20RETAIL%20FEDERATION%20poursuit%20sa%20croissance' aria-hidden='false' data-av_icon='\ue8f3' data-av_iconfont='entypo-fontello' title='' data-avia-related-tooltip='Partager sur Facebook' rel=\"noopener\"><span class='avia_hidden_link_text'>Partager sur Facebook<\/span><\/a><\/li><li class='av-share-link av-social-link-twitter' ><a target=\"_blank\" aria-label=\"Partager sur Twitter\" href='https:\/\/twitter.com\/share?text=SWISS%20RETAIL%20FEDERATION%20poursuit%20sa%20croissance&#038;url=https:\/\/www.swiss-retail.ch\/fr\/?p=15373' aria-hidden='false' data-av_icon='\ue8f1' data-av_iconfont='entypo-fontello' title='' data-avia-related-tooltip='Partager sur Twitter' rel=\"noopener\"><span class='avia_hidden_link_text'>Partager sur Twitter<\/span><\/a><\/li><li class='av-share-link av-social-link-whatsapp' ><a target=\"_blank\" aria-label=\"Share on WhatsApp\" href='https:\/\/api.whatsapp.com\/send?text=https:\/\/www.swiss-retail.ch\/fr\/news-fr\/swiss-retail-federation-poursuit-sa-croissance\/' aria-hidden='false' data-av_icon='\uf232' data-av_iconfont='entypo-fontello' title='' data-avia-related-tooltip='Share on WhatsApp' rel=\"noopener\"><span class='avia_hidden_link_text'>Share on WhatsApp<\/span><\/a><\/li><li class='av-share-link av-social-link-linkedin' ><a target=\"_blank\" aria-label=\"Partager sur LinkedIn\" href='https:\/\/linkedin.com\/shareArticle?mini=true&#038;title=SWISS%20RETAIL%20FEDERATION%20poursuit%20sa%20croissance&#038;url=https:\/\/www.swiss-retail.ch\/fr\/news-fr\/swiss-retail-federation-poursuit-sa-croissance\/' aria-hidden='false' data-av_icon='\ue8fc' data-av_iconfont='entypo-fontello' title='' data-avia-related-tooltip='Partager sur LinkedIn' rel=\"noopener\"><span class='avia_hidden_link_text'>Partager sur LinkedIn<\/span><\/a><\/li><li class='av-share-link av-social-link-mail' ><a  aria-label=\"Partager par Mail\" href='mailto:?subject=SWISS%20RETAIL%20FEDERATION%20poursuit%20sa%20croissance&#038;body=https:\/\/www.swiss-retail.ch\/fr\/news-fr\/swiss-retail-federation-poursuit-sa-croissance\/' aria-hidden='false' data-av_icon='\ue805' data-av_iconfont='entypo-fontello' title='' data-avia-related-tooltip='Partager par Mail'><span class='avia_hidden_link_text'>Partager par Mail<\/span><\/a><\/li><\/ul><\/div><\/div>\n","protected":false},"excerpt":{"rendered":"","protected":false},"author":5,"featured_media":15368,"comment_status":"closed","ping_status":"closed","sticky":false,"template":"","format":"standard","meta":[],"categories":[69,64],"tags":[],"yoast_head":"<!-- This site is optimized with the Yoast SEO plugin v18.5.1 - https:\/\/yoast.com\/wordpress\/plugins\/seo\/ -->\n<title>SWISS RETAIL FEDERATION poursuit sa croissance -<\/title>\n<meta name=\"robots\" content=\"index, follow, max-snippet:-1, max-image-preview:large, max-video-preview:-1\" \/>\n<link rel=\"canonical\" href=\"https:\/\/www.swiss-retail.ch\/fr\/news-fr\/swiss-retail-federation-poursuit-sa-croissance\/\" \/>\n<meta property=\"og:locale\" content=\"fr_FR\" \/>\n<meta property=\"og:type\" content=\"article\" \/>\n<meta property=\"og:title\" content=\"SWISS RETAIL FEDERATION poursuit sa croissance -\" \/>\n<meta property=\"og:url\" content=\"https:\/\/www.swiss-retail.ch\/fr\/news-fr\/swiss-retail-federation-poursuit-sa-croissance\/\" \/>\n<meta property=\"article:published_time\" content=\"2023-08-31T09:25:47+00:00\" \/>\n<meta property=\"article:modified_time\" content=\"2024-09-12T13:58:24+00:00\" \/>\n<meta property=\"og:image\" content=\"https:\/\/www.swiss-retail.ch\/wp-content\/uploads\/2023\/08\/logo-klein.jpg\" \/>\n\t<meta property=\"og:image:width\" content=\"612\" \/>\n\t<meta property=\"og:image:height\" content=\"346\" \/>\n\t<meta property=\"og:image:type\" content=\"image\/jpeg\" \/>\n<meta name=\"twitter:card\" content=\"summary_large_image\" \/>\n<meta name=\"twitter:label1\" content=\"\u00c9crit par\" \/>\n\t<meta name=\"twitter:data1\" content=\"swissretail\" \/>\n\t<meta name=\"twitter:label2\" content=\"Dur\u00e9e de lecture estim\u00e9e\" \/>\n\t<meta name=\"twitter:data2\" content=\"3 minutes\" \/>\n<script type=\"application\/ld+json\" class=\"yoast-schema-graph\">{\"@context\":\"https:\/\/schema.org\",\"@graph\":[{\"@type\":\"WebSite\",\"@id\":\"https:\/\/www.swiss-retail.ch\/#website\",\"url\":\"https:\/\/www.swiss-retail.ch\/\",\"name\":\"\",\"description\":\"Verband der Mittel- und Grossbetriebe des schweizerischen Detailhandels\",\"potentialAction\":[{\"@type\":\"SearchAction\",\"target\":{\"@type\":\"EntryPoint\",\"urlTemplate\":\"https:\/\/www.swiss-retail.ch\/?s={search_term_string}\"},\"query-input\":\"required name=search_term_string\"}],\"inLanguage\":\"fr-FR\"},{\"@type\":\"ImageObject\",\"@id\":\"https:\/\/www.swiss-retail.ch\/fr\/news-fr\/swiss-retail-federation-poursuit-sa-croissance\/#primaryimage\",\"inLanguage\":\"fr-FR\",\"url\":\"https:\/\/www.swiss-retail.ch\/wp-content\/uploads\/2023\/08\/logo-klein.jpg\",\"contentUrl\":\"https:\/\/www.swiss-retail.ch\/wp-content\/uploads\/2023\/08\/logo-klein.jpg\",\"width\":612,\"height\":346},{\"@type\":\"WebPage\",\"@id\":\"https:\/\/www.swiss-retail.ch\/fr\/news-fr\/swiss-retail-federation-poursuit-sa-croissance\/#webpage\",\"url\":\"https:\/\/www.swiss-retail.ch\/fr\/news-fr\/swiss-retail-federation-poursuit-sa-croissance\/\",\"name\":\"SWISS RETAIL FEDERATION poursuit sa croissance -\",\"isPartOf\":{\"@id\":\"https:\/\/www.swiss-retail.ch\/#website\"},\"primaryImageOfPage\":{\"@id\":\"https:\/\/www.swiss-retail.ch\/fr\/news-fr\/swiss-retail-federation-poursuit-sa-croissance\/#primaryimage\"},\"datePublished\":\"2023-08-31T09:25:47+00:00\",\"dateModified\":\"2024-09-12T13:58:24+00:00\",\"author\":{\"@id\":\"https:\/\/www.swiss-retail.ch\/#\/schema\/person\/90a7fcdf88c0e2555aeadc29a168014b\"},\"breadcrumb\":{\"@id\":\"https:\/\/www.swiss-retail.ch\/fr\/news-fr\/swiss-retail-federation-poursuit-sa-croissance\/#breadcrumb\"},\"inLanguage\":\"fr-FR\",\"potentialAction\":[{\"@type\":\"ReadAction\",\"target\":[\"https:\/\/www.swiss-retail.ch\/fr\/news-fr\/swiss-retail-federation-poursuit-sa-croissance\/\"]}]},{\"@type\":\"BreadcrumbList\",\"@id\":\"https:\/\/www.swiss-retail.ch\/fr\/news-fr\/swiss-retail-federation-poursuit-sa-croissance\/#breadcrumb\",\"itemListElement\":[{\"@type\":\"ListItem\",\"position\":1,\"name\":\"Startseite\",\"item\":\"https:\/\/www.swiss-retail.ch\/fr\/homepage\/\"},{\"@type\":\"ListItem\",\"position\":2,\"name\":\"SWISS RETAIL FEDERATION poursuit sa croissance\"}]},{\"@type\":\"Person\",\"@id\":\"https:\/\/www.swiss-retail.ch\/#\/schema\/person\/90a7fcdf88c0e2555aeadc29a168014b\",\"name\":\"swissretail\",\"url\":\"https:\/\/www.swiss-retail.ch\/fr\/author\/swissretail\/\"}]}<\/script>\n<!-- \/ Yoast SEO plugin. -->","yoast_head_json":{"title":"SWISS RETAIL FEDERATION poursuit sa croissance -","robots":{"index":"index","follow":"follow","max-snippet":"max-snippet:-1","max-image-preview":"max-image-preview:large","max-video-preview":"max-video-preview:-1"},"canonical":"https:\/\/www.swiss-retail.ch\/fr\/news-fr\/swiss-retail-federation-poursuit-sa-croissance\/","og_locale":"fr_FR","og_type":"article","og_title":"SWISS RETAIL FEDERATION poursuit sa croissance -","og_url":"https:\/\/www.swiss-retail.ch\/fr\/news-fr\/swiss-retail-federation-poursuit-sa-croissance\/","article_published_time":"2023-08-31T09:25:47+00:00","article_modified_time":"2024-09-12T13:58:24+00:00","og_image":[{"width":612,"height":346,"url":"https:\/\/www.swiss-retail.ch\/wp-content\/uploads\/2023\/08\/logo-klein.jpg","type":"image\/jpeg"}],"twitter_card":"summary_large_image","twitter_misc":{"\u00c9crit par":"swissretail","Dur\u00e9e de lecture estim\u00e9e":"3 minutes"},"schema":{"@context":"https:\/\/schema.org","@graph":[{"@type":"WebSite","@id":"https:\/\/www.swiss-retail.ch\/#website","url":"https:\/\/www.swiss-retail.ch\/","name":"","description":"Verband der Mittel- und Grossbetriebe des schweizerischen Detailhandels","potentialAction":[{"@type":"SearchAction","target":{"@type":"EntryPoint","urlTemplate":"https:\/\/www.swiss-retail.ch\/?s={search_term_string}"},"query-input":"required name=search_term_string"}],"inLanguage":"fr-FR"},{"@type":"ImageObject","@id":"https:\/\/www.swiss-retail.ch\/fr\/news-fr\/swiss-retail-federation-poursuit-sa-croissance\/#primaryimage","inLanguage":"fr-FR","url":"https:\/\/www.swiss-retail.ch\/wp-content\/uploads\/2023\/08\/logo-klein.jpg","contentUrl":"https:\/\/www.swiss-retail.ch\/wp-content\/uploads\/2023\/08\/logo-klein.jpg","width":612,"height":346},{"@type":"WebPage","@id":"https:\/\/www.swiss-retail.ch\/fr\/news-fr\/swiss-retail-federation-poursuit-sa-croissance\/#webpage","url":"https:\/\/www.swiss-retail.ch\/fr\/news-fr\/swiss-retail-federation-poursuit-sa-croissance\/","name":"SWISS RETAIL FEDERATION poursuit sa croissance -","isPartOf":{"@id":"https:\/\/www.swiss-retail.ch\/#website"},"primaryImageOfPage":{"@id":"https:\/\/www.swiss-retail.ch\/fr\/news-fr\/swiss-retail-federation-poursuit-sa-croissance\/#primaryimage"},"datePublished":"2023-08-31T09:25:47+00:00","dateModified":"2024-09-12T13:58:24+00:00","author":{"@id":"https:\/\/www.swiss-retail.ch\/#\/schema\/person\/90a7fcdf88c0e2555aeadc29a168014b"},"breadcrumb":{"@id":"https:\/\/www.swiss-retail.ch\/fr\/news-fr\/swiss-retail-federation-poursuit-sa-croissance\/#breadcrumb"},"inLanguage":"fr-FR","potentialAction":[{"@type":"ReadAction","target":["https:\/\/www.swiss-retail.ch\/fr\/news-fr\/swiss-retail-federation-poursuit-sa-croissance\/"]}]},{"@type":"BreadcrumbList","@id":"https:\/\/www.swiss-retail.ch\/fr\/news-fr\/swiss-retail-federation-poursuit-sa-croissance\/#breadcrumb","itemListElement":[{"@type":"ListItem","position":1,"name":"Startseite","item":"https:\/\/www.swiss-retail.ch\/fr\/homepage\/"},{"@type":"ListItem","position":2,"name":"SWISS RETAIL FEDERATION poursuit sa croissance"}]},{"@type":"Person","@id":"https:\/\/www.swiss-retail.ch\/#\/schema\/person\/90a7fcdf88c0e2555aeadc29a168014b","name":"swissretail","url":"https:\/\/www.swiss-retail.ch\/fr\/author\/swissretail\/"}]}},"_links":{"self":[{"href":"https:\/\/www.swiss-retail.ch\/fr\/wp-json\/wp\/v2\/posts\/15373"}],"collection":[{"href":"https:\/\/www.swiss-retail.ch\/fr\/wp-json\/wp\/v2\/posts"}],"about":[{"href":"https:\/\/www.swiss-retail.ch\/fr\/wp-json\/wp\/v2\/types\/post"}],"author":[{"embeddable":true,"href":"https:\/\/www.swiss-retail.ch\/fr\/wp-json\/wp\/v2\/users\/5"}],"replies":[{"embeddable":true,"href":"https:\/\/www.swiss-retail.ch\/fr\/wp-json\/wp\/v2\/comments?post=15373"}],"version-history":[{"count":4,"href":"https:\/\/www.swiss-retail.ch\/fr\/wp-json\/wp\/v2\/posts\/15373\/revisions"}],"predecessor-version":[{"id":17247,"href":"https:\/\/www.swiss-retail.ch\/fr\/wp-json\/wp\/v2\/posts\/15373\/revisions\/17247"}],"wp:featuredmedia":[{"embeddable":true,"href":"https:\/\/www.swiss-retail.ch\/fr\/wp-json\/wp\/v2\/media\/15368"}],"wp:attachment":[{"href":"https:\/\/www.swiss-retail.ch\/fr\/wp-json\/wp\/v2\/media?parent=15373"}],"wp:term":[{"taxonomy":"category","embeddable":true,"href":"https:\/\/www.swiss-retail.ch\/fr\/wp-json\/wp\/v2\/categories?post=15373"},{"taxonomy":"post_tag","embeddable":true,"href":"https:\/\/www.swiss-retail.ch\/fr\/wp-json\/wp\/v2\/tags?post=15373"}],"curies":[{"name":"wp","href":"https:\/\/api.w.org\/{rel}","templated":true}]}}