{"id":15832,"date":"2023-12-23T20:52:23","date_gmt":"2023-12-23T19:52:23","guid":{"rendered":"https:\/\/www.swiss-retail.ch\/?p=15832"},"modified":"2024-04-02T09:44:30","modified_gmt":"2024-04-02T07:44:30","slug":"linflation-et-laugmentation-des-primes-pesent-egalement-sur-noel","status":"publish","type":"post","link":"https:\/\/www.swiss-retail.ch\/fr\/news-fr\/linflation-et-laugmentation-des-primes-pesent-egalement-sur-noel\/","title":{"rendered":"L\u2019inflation et l\u2019augmentation des primes p\u00e8sent \u00e9galement sur No\u00ebl"},"content":{"rendered":"<div class=\"flex_column av_one_full  flex_column_div av-zero-column-padding first  avia-builder-el-0  avia-builder-el-no-sibling  \" style='border-radius:0px; '><p><div  style='height:50px' class='hr hr-invisible   avia-builder-el-1  el_before_av_textblock  avia-builder-el-first '><span class='hr-inner ' ><span class='hr-inner-style'><\/span><\/span><\/div><br \/>\n<section class=\"av_textblock_section \"  itemscope=\"itemscope\" itemtype=\"https:\/\/schema.org\/BlogPosting\" itemprop=\"blogPost\" ><div class='avia_textblock  '   itemprop=\"text\" ><h1 class=\"post__title\" style=\"text-align: center;\">L&rsquo;inflation et l&rsquo;augmentation des primes p\u00e8sent \u00e9galement sur No\u00ebl<\/h1>\n<\/div><\/section><br \/>\n<div   class='hr hr-short hr-center   avia-builder-el-3  el_after_av_textblock  el_before_av_textblock '><span class='hr-inner ' ><span class='hr-inner-style'><\/span><\/span><\/div><br \/>\n<section class=\"av_textblock_section \"  itemscope=\"itemscope\" itemtype=\"https:\/\/schema.org\/BlogPosting\" itemprop=\"blogPost\" ><div class='avia_textblock  '   itemprop=\"text\" ><p>L&rsquo;inflation et l&rsquo;augmentation des primes p\u00e8sent \u00e9galement sur No\u00ebl<br \/>\nDagmar Jenni, pr\u00e9sidente de la F\u00e9d\u00e9ration des d\u00e9taillants : \u00ab\u00a020% de baisse ? Ce n&rsquo;est pas vrai. Bien s\u00fbr, les gens ne d\u00e9pensent pas autant que l&rsquo;ann\u00e9e derni\u00e8re\u00a0\u00bb. Et en 2024 ? \u00ab\u00a0La confiance des consommateurs va se d\u00e9grader.<\/p>\n<p><a href=\"https:\/\/www.rsi.ch\/info\/svizzera\/Inflazione-e-aumenti-dei-premi-pesano-anche-sul-Natale--2025060.html\">Reportage TV sur RSI (en italien)<\/a><\/p>\n<\/div><\/section><\/p><\/div>\n","protected":false},"excerpt":{"rendered":"","protected":false},"author":5,"featured_media":15828,"comment_status":"closed","ping_status":"closed","sticky":false,"template":"","format":"standard","meta":[],"categories":[64,72],"tags":[],"yoast_head":"<!-- This site is optimized with the Yoast SEO plugin v18.5.1 - https:\/\/yoast.com\/wordpress\/plugins\/seo\/ -->\n<title>L\u2019inflation et l\u2019augmentation des primes p\u00e8sent \u00e9galement sur No\u00ebl -<\/title>\n<meta name=\"robots\" content=\"index, follow, max-snippet:-1, max-image-preview:large, max-video-preview:-1\" \/>\n<link rel=\"canonical\" href=\"https:\/\/www.swiss-retail.ch\/fr\/news-fr\/linflation-et-laugmentation-des-primes-pesent-egalement-sur-noel\/\" \/>\n<meta property=\"og:locale\" content=\"fr_FR\" \/>\n<meta property=\"og:type\" content=\"article\" \/>\n<meta property=\"og:title\" content=\"L\u2019inflation et l\u2019augmentation des primes p\u00e8sent \u00e9galement sur No\u00ebl -\" \/>\n<meta property=\"og:url\" content=\"https:\/\/www.swiss-retail.ch\/fr\/news-fr\/linflation-et-laugmentation-des-primes-pesent-egalement-sur-noel\/\" \/>\n<meta property=\"article:published_time\" content=\"2023-12-23T19:52:23+00:00\" \/>\n<meta property=\"article:modified_time\" content=\"2024-04-02T07:44:30+00:00\" \/>\n<meta property=\"og:image\" content=\"https:\/\/www.swiss-retail.ch\/wp-content\/uploads\/2024\/01\/133201-h4fwvu-Immagine-darchivio.jpg\" \/>\n\t<meta property=\"og:image:width\" content=\"1408\" \/>\n\t<meta property=\"og:image:height\" content=\"792\" \/>\n\t<meta property=\"og:image:type\" content=\"image\/jpeg\" \/>\n<meta name=\"twitter:card\" content=\"summary_large_image\" \/>\n<meta name=\"twitter:label1\" content=\"\u00c9crit par\" \/>\n\t<meta name=\"twitter:data1\" content=\"swissretail\" \/>\n\t<meta name=\"twitter:label2\" content=\"Dur\u00e9e de lecture estim\u00e9e\" \/>\n\t<meta name=\"twitter:data2\" content=\"1 minute\" \/>\n<script type=\"application\/ld+json\" class=\"yoast-schema-graph\">{\"@context\":\"https:\/\/schema.org\",\"@graph\":[{\"@type\":\"WebSite\",\"@id\":\"https:\/\/www.swiss-retail.ch\/#website\",\"url\":\"https:\/\/www.swiss-retail.ch\/\",\"name\":\"\",\"description\":\"Verband der Mittel- und Grossbetriebe des schweizerischen Detailhandels\",\"potentialAction\":[{\"@type\":\"SearchAction\",\"target\":{\"@type\":\"EntryPoint\",\"urlTemplate\":\"https:\/\/www.swiss-retail.ch\/?s={search_term_string}\"},\"query-input\":\"required name=search_term_string\"}],\"inLanguage\":\"fr-FR\"},{\"@type\":\"ImageObject\",\"@id\":\"https:\/\/www.swiss-retail.ch\/fr\/news-fr\/linflation-et-laugmentation-des-primes-pesent-egalement-sur-noel\/#primaryimage\",\"inLanguage\":\"fr-FR\",\"url\":\"https:\/\/www.swiss-retail.ch\/wp-content\/uploads\/2024\/01\/133201-h4fwvu-Immagine-darchivio.jpg\",\"contentUrl\":\"https:\/\/www.swiss-retail.ch\/wp-content\/uploads\/2024\/01\/133201-h4fwvu-Immagine-darchivio.jpg\",\"width\":1408,\"height\":792},{\"@type\":\"WebPage\",\"@id\":\"https:\/\/www.swiss-retail.ch\/fr\/news-fr\/linflation-et-laugmentation-des-primes-pesent-egalement-sur-noel\/#webpage\",\"url\":\"https:\/\/www.swiss-retail.ch\/fr\/news-fr\/linflation-et-laugmentation-des-primes-pesent-egalement-sur-noel\/\",\"name\":\"L\u2019inflation et l\u2019augmentation des primes p\u00e8sent \u00e9galement sur No\u00ebl -\",\"isPartOf\":{\"@id\":\"https:\/\/www.swiss-retail.ch\/#website\"},\"primaryImageOfPage\":{\"@id\":\"https:\/\/www.swiss-retail.ch\/fr\/news-fr\/linflation-et-laugmentation-des-primes-pesent-egalement-sur-noel\/#primaryimage\"},\"datePublished\":\"2023-12-23T19:52:23+00:00\",\"dateModified\":\"2024-04-02T07:44:30+00:00\",\"author\":{\"@id\":\"https:\/\/www.swiss-retail.ch\/#\/schema\/person\/90a7fcdf88c0e2555aeadc29a168014b\"},\"breadcrumb\":{\"@id\":\"https:\/\/www.swiss-retail.ch\/fr\/news-fr\/linflation-et-laugmentation-des-primes-pesent-egalement-sur-noel\/#breadcrumb\"},\"inLanguage\":\"fr-FR\",\"potentialAction\":[{\"@type\":\"ReadAction\",\"target\":[\"https:\/\/www.swiss-retail.ch\/fr\/news-fr\/linflation-et-laugmentation-des-primes-pesent-egalement-sur-noel\/\"]}]},{\"@type\":\"BreadcrumbList\",\"@id\":\"https:\/\/www.swiss-retail.ch\/fr\/news-fr\/linflation-et-laugmentation-des-primes-pesent-egalement-sur-noel\/#breadcrumb\",\"itemListElement\":[{\"@type\":\"ListItem\",\"position\":1,\"name\":\"Startseite\",\"item\":\"https:\/\/www.swiss-retail.ch\/fr\/homepage\/\"},{\"@type\":\"ListItem\",\"position\":2,\"name\":\"L\u2019inflation et l\u2019augmentation des primes p\u00e8sent \u00e9galement sur No\u00ebl\"}]},{\"@type\":\"Person\",\"@id\":\"https:\/\/www.swiss-retail.ch\/#\/schema\/person\/90a7fcdf88c0e2555aeadc29a168014b\",\"name\":\"swissretail\",\"url\":\"https:\/\/www.swiss-retail.ch\/fr\/author\/swissretail\/\"}]}<\/script>\n<!-- \/ Yoast SEO plugin. -->","yoast_head_json":{"title":"L\u2019inflation et l\u2019augmentation des primes p\u00e8sent \u00e9galement sur No\u00ebl -","robots":{"index":"index","follow":"follow","max-snippet":"max-snippet:-1","max-image-preview":"max-image-preview:large","max-video-preview":"max-video-preview:-1"},"canonical":"https:\/\/www.swiss-retail.ch\/fr\/news-fr\/linflation-et-laugmentation-des-primes-pesent-egalement-sur-noel\/","og_locale":"fr_FR","og_type":"article","og_title":"L\u2019inflation et l\u2019augmentation des primes p\u00e8sent \u00e9galement sur No\u00ebl -","og_url":"https:\/\/www.swiss-retail.ch\/fr\/news-fr\/linflation-et-laugmentation-des-primes-pesent-egalement-sur-noel\/","article_published_time":"2023-12-23T19:52:23+00:00","article_modified_time":"2024-04-02T07:44:30+00:00","og_image":[{"width":1408,"height":792,"url":"https:\/\/www.swiss-retail.ch\/wp-content\/uploads\/2024\/01\/133201-h4fwvu-Immagine-darchivio.jpg","type":"image\/jpeg"}],"twitter_card":"summary_large_image","twitter_misc":{"\u00c9crit par":"swissretail","Dur\u00e9e de lecture estim\u00e9e":"1 minute"},"schema":{"@context":"https:\/\/schema.org","@graph":[{"@type":"WebSite","@id":"https:\/\/www.swiss-retail.ch\/#website","url":"https:\/\/www.swiss-retail.ch\/","name":"","description":"Verband der Mittel- und Grossbetriebe des schweizerischen Detailhandels","potentialAction":[{"@type":"SearchAction","target":{"@type":"EntryPoint","urlTemplate":"https:\/\/www.swiss-retail.ch\/?s={search_term_string}"},"query-input":"required name=search_term_string"}],"inLanguage":"fr-FR"},{"@type":"ImageObject","@id":"https:\/\/www.swiss-retail.ch\/fr\/news-fr\/linflation-et-laugmentation-des-primes-pesent-egalement-sur-noel\/#primaryimage","inLanguage":"fr-FR","url":"https:\/\/www.swiss-retail.ch\/wp-content\/uploads\/2024\/01\/133201-h4fwvu-Immagine-darchivio.jpg","contentUrl":"https:\/\/www.swiss-retail.ch\/wp-content\/uploads\/2024\/01\/133201-h4fwvu-Immagine-darchivio.jpg","width":1408,"height":792},{"@type":"WebPage","@id":"https:\/\/www.swiss-retail.ch\/fr\/news-fr\/linflation-et-laugmentation-des-primes-pesent-egalement-sur-noel\/#webpage","url":"https:\/\/www.swiss-retail.ch\/fr\/news-fr\/linflation-et-laugmentation-des-primes-pesent-egalement-sur-noel\/","name":"L\u2019inflation et l\u2019augmentation des primes p\u00e8sent \u00e9galement sur No\u00ebl -","isPartOf":{"@id":"https:\/\/www.swiss-retail.ch\/#website"},"primaryImageOfPage":{"@id":"https:\/\/www.swiss-retail.ch\/fr\/news-fr\/linflation-et-laugmentation-des-primes-pesent-egalement-sur-noel\/#primaryimage"},"datePublished":"2023-12-23T19:52:23+00:00","dateModified":"2024-04-02T07:44:30+00:00","author":{"@id":"https:\/\/www.swiss-retail.ch\/#\/schema\/person\/90a7fcdf88c0e2555aeadc29a168014b"},"breadcrumb":{"@id":"https:\/\/www.swiss-retail.ch\/fr\/news-fr\/linflation-et-laugmentation-des-primes-pesent-egalement-sur-noel\/#breadcrumb"},"inLanguage":"fr-FR","potentialAction":[{"@type":"ReadAction","target":["https:\/\/www.swiss-retail.ch\/fr\/news-fr\/linflation-et-laugmentation-des-primes-pesent-egalement-sur-noel\/"]}]},{"@type":"BreadcrumbList","@id":"https:\/\/www.swiss-retail.ch\/fr\/news-fr\/linflation-et-laugmentation-des-primes-pesent-egalement-sur-noel\/#breadcrumb","itemListElement":[{"@type":"ListItem","position":1,"name":"Startseite","item":"https:\/\/www.swiss-retail.ch\/fr\/homepage\/"},{"@type":"ListItem","position":2,"name":"L\u2019inflation et l\u2019augmentation des primes p\u00e8sent \u00e9galement sur No\u00ebl"}]},{"@type":"Person","@id":"https:\/\/www.swiss-retail.ch\/#\/schema\/person\/90a7fcdf88c0e2555aeadc29a168014b","name":"swissretail","url":"https:\/\/www.swiss-retail.ch\/fr\/author\/swissretail\/"}]}},"_links":{"self":[{"href":"https:\/\/www.swiss-retail.ch\/fr\/wp-json\/wp\/v2\/posts\/15832"}],"collection":[{"href":"https:\/\/www.swiss-retail.ch\/fr\/wp-json\/wp\/v2\/posts"}],"about":[{"href":"https:\/\/www.swiss-retail.ch\/fr\/wp-json\/wp\/v2\/types\/post"}],"author":[{"embeddable":true,"href":"https:\/\/www.swiss-retail.ch\/fr\/wp-json\/wp\/v2\/users\/5"}],"replies":[{"embeddable":true,"href":"https:\/\/www.swiss-retail.ch\/fr\/wp-json\/wp\/v2\/comments?post=15832"}],"version-history":[{"count":5,"href":"https:\/\/www.swiss-retail.ch\/fr\/wp-json\/wp\/v2\/posts\/15832\/revisions"}],"predecessor-version":[{"id":15834,"href":"https:\/\/www.swiss-retail.ch\/fr\/wp-json\/wp\/v2\/posts\/15832\/revisions\/15834"}],"wp:featuredmedia":[{"embeddable":true,"href":"https:\/\/www.swiss-retail.ch\/fr\/wp-json\/wp\/v2\/media\/15828"}],"wp:attachment":[{"href":"https:\/\/www.swiss-retail.ch\/fr\/wp-json\/wp\/v2\/media?parent=15832"}],"wp:term":[{"taxonomy":"category","embeddable":true,"href":"https:\/\/www.swiss-retail.ch\/fr\/wp-json\/wp\/v2\/categories?post=15832"},{"taxonomy":"post_tag","embeddable":true,"href":"https:\/\/www.swiss-retail.ch\/fr\/wp-json\/wp\/v2\/tags?post=15832"}],"curies":[{"name":"wp","href":"https:\/\/api.w.org\/{rel}","templated":true}]}}