{"id":16162,"date":"2024-03-11T18:00:40","date_gmt":"2024-03-11T17:00:40","guid":{"rendered":"https:\/\/www.swiss-retail.ch\/?p=16162"},"modified":"2024-09-12T15:44:06","modified_gmt":"2024-09-12T13:44:06","slug":"alliance-pour-des-zones-touristiques-dans-les-villes-suisses","status":"publish","type":"post","link":"https:\/\/www.swiss-retail.ch\/fr\/news-fr\/alliance-pour-des-zones-touristiques-dans-les-villes-suisses\/","title":{"rendered":"Alliance pour des zones touristiques dans les villes suisses"},"content":{"rendered":"<section class=\"av_textblock_section \"  itemscope=\"itemscope\" itemtype=\"https:\/\/schema.org\/BlogPosting\" itemprop=\"blogPost\" ><div class='avia_textblock  '   itemprop=\"text\" ><h1><strong>Alliance pour des zones touristiques dans les villes suisses<\/strong><\/h1>\n<\/div><\/section>\n<div   class='hr hr-default   avia-builder-el-1  el_after_av_textblock  el_before_av_textblock '><span class='hr-inner ' ><span class='hr-inner-style'><\/span><\/span><\/div>\n<section class=\"av_textblock_section \"  itemscope=\"itemscope\" itemtype=\"https:\/\/schema.org\/BlogPosting\" itemprop=\"blogPost\" ><div class='avia_textblock  '   itemprop=\"text\" ><p><strong><img loading=\"lazy\" class=\"alignleft size-full wp-image-16148\" src=\"https:\/\/www.swiss-retail.ch\/wp-content\/uploads\/2024\/03\/Bild2.jpg\" alt=\"\" width=\"1019\" height=\"244\" srcset=\"https:\/\/www.swiss-retail.ch\/wp-content\/uploads\/2024\/03\/Bild2.jpg 1019w, https:\/\/www.swiss-retail.ch\/wp-content\/uploads\/2024\/03\/Bild2-300x72.jpg 300w, https:\/\/www.swiss-retail.ch\/wp-content\/uploads\/2024\/03\/Bild2-768x184.jpg 768w, https:\/\/www.swiss-retail.ch\/wp-content\/uploads\/2024\/03\/Bild2-705x169.jpg 705w, https:\/\/www.swiss-retail.ch\/wp-content\/uploads\/2024\/03\/Bild2-500x120.jpg 500w, https:\/\/www.swiss-retail.ch\/wp-content\/uploads\/2024\/03\/Bild2-750x180.jpg 750w\" sizes=\"(max-width: 1019px) 100vw, 1019px\" \/><\/strong><\/p>\n<p><em>11.03.2024<\/em><\/p>\n<p><strong><br \/>\nLa proposition du Conseil f\u00e9d\u00e9ral ne r\u00e9pond de loin pas \u00e0 la demande de cr\u00e9ation de zones touristiques urbaines. Une large alliance de cantons, d\u2019organisations et de branches exige des zones touristiques modernes et adapt\u00e9es aux besoins ainsi qu\u2019une offre de vente raisonnable afin de dynamiser les centres-villes, de renforcer le commerce de d\u00e9tail et de mettre le tourisme urbain sur un pied d\u2019\u00e9galit\u00e9.<\/strong><\/p>\n<p>D\u00e9but 2022, les directrices et directeurs cantonaux de l\u2019\u00e9conomie publique ainsi que Suisse Tourisme et ses villes partenaires se sont adress\u00e9s au chef du D\u00e9partement f\u00e9d\u00e9ral de l\u2019\u00e9conomie, de la formation et de la recherche (DEFR). Ils ont demand\u00e9 que la notion de r\u00e9gion touristique soit red\u00e9finie dans l\u2019ordonnance\u00a02 du Conseil f\u00e9d\u00e9ral relative \u00e0 la loi sur le travail. La Conf\u00e9rence des chefs des d\u00e9partements cantonaux de l\u2019\u00e9conomie publique, la Conf\u00e9rence m\u00e9tropolitaine ainsi que d\u2019autres associations et branches se sont ralli\u00e9es \u00e0 cette demande. Sont actuellement consid\u00e9r\u00e9es comme r\u00e9gions touristiques les lieux de cure, de sport, d\u2019excursion et de d\u00e9tente o\u00f9 le tourisme joue un r\u00f4le essentiel et qui sont sujets \u00e0 de fortes fluctuations saisonni\u00e8res.<\/p>\n<p>Ce n\u2019est que dans ces r\u00e9gions que les entreprises r\u00e9pondant aux besoins sp\u00e9cifiques des touristes peuvent, en saison, employer des travailleuses et travailleurs le dimanche sans autorisation. Cette disposition couvre les r\u00e9gions touristiques de montagne et exclut les destinations urbaines, qui sont ainsi inutilement affaiblies. C\u2019est pourquoi l\u2019alliance a exig\u00e9 que l\u2019ordonnance relative \u00e0 la loi sur le travail soit compl\u00e9t\u00e9e par un passage afin d\u2019autoriser la cr\u00e9ation de zones touristiques dans les villes \u00e9galement.<\/p>\n<p><strong>La proposition du Conseil f\u00e9d\u00e9ral, un \u00e9chec<\/strong><\/p>\n<p>Sur la base de ces revendications, le DEFR a \u00e9labor\u00e9 une ordonnance qu\u2019il a mise en consultation en novembre dernier. Or celle-ci est un \u00e9chec, estime la vaste alliance de cantons, d\u2019organisations et de branches: \u00abNotre demande visant \u00e0 animer les centres-villes et \u00e0 mettre le tourisme urbain sur un pied d\u2019\u00e9galit\u00e9 est loin d\u2019\u00eatre satisfaite par la proposition tr\u00e8s restrictive du Conseil f\u00e9d\u00e9ral. Nous devons tenir compte de la r\u00e9alit\u00e9 et permettre une offre de vente raisonnable\u00bb, d\u00e9clare Carmen Walker Sp\u00e4h, directrice du d\u00e9partement de l\u2019\u00e9conomie publique du canton de Zurich et vice-pr\u00e9sidente de la Conf\u00e9rence des chefs des d\u00e9partements cantonaux de l\u2019\u00e9conomie publique.<\/p>\n<p>L\u2019adaptation propos\u00e9e par le Conseil f\u00e9d\u00e9ral comporte des r\u00e9glementations sp\u00e9ciales inadapt\u00e9es et compliqu\u00e9es. En outre, elle ne peut gu\u00e8re \u00eatre mise en \u0153uvre par le secteur de l\u2019\u00e9conomie. \u00abNous attendons de la Conf\u00e9d\u00e9ration des solutions faciles \u00e0 comprendre et \u00e0 appliquer aussi bien pour les autorit\u00e9s comp\u00e9tentes que pour les commerces concern\u00e9s\u00bb, d\u00e9clare Stefano Rizzi, directeur de l\u2019office de l\u2019\u00e9conomie et du travail du canton du Tessin. Anders Stokholm, pr\u00e9sident de la Conf\u00e9rence m\u00e9tropolitaine de Zurich, qui r\u00e9unit les cantons de Zurich, d\u2019Argovie, de Zoug, de Thurgovie, de Schaffhouse, de Saint-Gall, de Schwyz et de Lucerne ainsi qu\u2019environ 130 villes et communes, ajoute: \u00abLe fait que la cr\u00e9ation de zones touristiques ne soit possible que dans les villes de plus de 60 000 habitantes et habitants est arbitraire et ne permet pas d\u2019\u00e9valuer l\u2019attrait touristique des villes. Cela entra\u00eene une in\u00e9galit\u00e9 de traitement et des distorsions de la concurrence.\u00bb<\/p>\n<p><strong>Restriction de l\u2019assortiment pas attrayante<\/strong><\/p>\n<p>Selon la proposition du Conseil f\u00e9d\u00e9ral, seuls les magasins servant principalement une client\u00e8le internationale et proposant des articles de luxe et de souvenirs seraient autoris\u00e9s \u00e0 ouvrir le dimanche dans les zones touristiques. \u00abCette microgestion, qui rappelle les mesures de lutte contre le coronavirus, est d\u00e9connect\u00e9e de la pratique, n\u2019attire pas les touristes et fausse la concurrence\u00bb, explique Dagmar Jenni, directrice de la SWISS RETAIL FEDERATION.<\/p>\n<p>Le tourisme est une branche transversale typique qui a absolument besoin d\u2019un m\u00e9lange d\u2019offres coh\u00e9rent et attrayant. \u00abL\u2019absence d\u2019exp\u00e9rience d\u2019achat, importante pour le tourisme urbain, nuit \u00e0 l\u2019attrait global d\u2019une destination, notamment face \u00e0 la concurrence des nombreuses villes europ\u00e9ennes o\u00f9 les magasins sont ouverts le dimanche\u00bb, explique Tiana Moser, conseill\u00e8re aux \u00c9tats et membre du comit\u00e9 de Z\u00fcrich Tourismus. Les zones touristiques profiteraient non seulement au commerce de d\u00e9tail, mais aussi \u00e0 l\u2019ensemble de la cha\u00eene de cr\u00e9ation de valeur touristique. Les centres-villes rec\u00e8lent un \u00e9norme potentiel commercial inexploit\u00e9, dont l\u2019\u00e9conomie locale pourrait profiter. \u00abCompte tenu de l\u2019\u00e9volution de la soci\u00e9t\u00e9 au cours de ces derni\u00e8res d\u00e9cennies, les visiteuses et visiteurs attendent aujourd\u2019hui que les centres-villes proposent non seulement des offres culturelles, de loisirs et de restauration int\u00e9ressantes, mais aussi une agr\u00e9able exp\u00e9rience de shopping. Et ce, sept jours sur sept\u00bb, d\u00e9clare Martin von Moos, pr\u00e9sident d\u2019HotellerieSuisse.<\/p>\n<p><strong>Proposition renvoy\u00e9e \u00e0 l\u2019exp\u00e9diteur<\/strong><\/p>\n<p>L\u2019alliance de cantons, d\u2019organisations et de branches renvoie le projet d\u2019ordonnance au Conseil f\u00e9d\u00e9ral pour les raisons susmentionn\u00e9es. Elle demande une r\u00e9glementation permettant aux cantons de mettre en place, en collaboration avec les villes et communes concern\u00e9es ainsi qu\u2019avec les partenaires sociaux locaux, des zones touristiques modernes, cibl\u00e9es et adapt\u00e9es aux besoins. L\u2019animation des centres-villes le dimanche doit permettre de renforcer durablement le tourisme dans les villes suisses.<\/p>\n<\/div><\/section>\n<div   class='hr hr-default   avia-builder-el-3  el_after_av_textblock  el_before_av_social_share '><span class='hr-inner ' ><span class='hr-inner-style'><\/span><\/span><\/div>\n<div  class='av-social-sharing-box  avia-builder-el-4  el_after_av_hr  avia-builder-el-last  '><div class='av-share-box'><h5 class='av-share-link-description av-no-toc '>Eintrag teilen<\/h5><ul class='av-share-box-list noLightbox'><li class='av-share-link av-social-link-facebook' ><a target=\"_blank\" aria-label=\"Partager sur Facebook\" href='https:\/\/www.facebook.com\/sharer.php?u=https:\/\/www.swiss-retail.ch\/fr\/news-fr\/alliance-pour-des-zones-touristiques-dans-les-villes-suisses\/&#038;t=Alliance%20pour%20des%20zones%20touristiques%20dans%20les%20villes%20suisses' aria-hidden='false' data-av_icon='\ue8f3' data-av_iconfont='entypo-fontello' title='' data-avia-related-tooltip='Partager sur Facebook' rel=\"noopener\"><span class='avia_hidden_link_text'>Partager sur Facebook<\/span><\/a><\/li><li class='av-share-link av-social-link-twitter' ><a target=\"_blank\" aria-label=\"Partager sur Twitter\" href='https:\/\/twitter.com\/share?text=Alliance%20pour%20des%20zones%20touristiques%20dans%20les%20villes%20suisses&#038;url=https:\/\/www.swiss-retail.ch\/fr\/?p=16162' aria-hidden='false' data-av_icon='\ue8f1' data-av_iconfont='entypo-fontello' title='' data-avia-related-tooltip='Partager sur Twitter' rel=\"noopener\"><span class='avia_hidden_link_text'>Partager sur Twitter<\/span><\/a><\/li><li class='av-share-link av-social-link-whatsapp' ><a target=\"_blank\" aria-label=\"Share on WhatsApp\" href='https:\/\/api.whatsapp.com\/send?text=https:\/\/www.swiss-retail.ch\/fr\/news-fr\/alliance-pour-des-zones-touristiques-dans-les-villes-suisses\/' aria-hidden='false' data-av_icon='\uf232' data-av_iconfont='entypo-fontello' title='' data-avia-related-tooltip='Share on WhatsApp' rel=\"noopener\"><span class='avia_hidden_link_text'>Share on WhatsApp<\/span><\/a><\/li><li class='av-share-link av-social-link-linkedin' ><a target=\"_blank\" aria-label=\"Partager sur LinkedIn\" href='https:\/\/linkedin.com\/shareArticle?mini=true&#038;title=Alliance%20pour%20des%20zones%20touristiques%20dans%20les%20villes%20suisses&#038;url=https:\/\/www.swiss-retail.ch\/fr\/news-fr\/alliance-pour-des-zones-touristiques-dans-les-villes-suisses\/' aria-hidden='false' data-av_icon='\ue8fc' data-av_iconfont='entypo-fontello' title='' data-avia-related-tooltip='Partager sur LinkedIn' rel=\"noopener\"><span class='avia_hidden_link_text'>Partager sur LinkedIn<\/span><\/a><\/li><li class='av-share-link av-social-link-mail' ><a  aria-label=\"Partager par Mail\" href='mailto:?subject=Alliance%20pour%20des%20zones%20touristiques%20dans%20les%20villes%20suisses&#038;body=https:\/\/www.swiss-retail.ch\/fr\/news-fr\/alliance-pour-des-zones-touristiques-dans-les-villes-suisses\/' aria-hidden='false' data-av_icon='\ue805' data-av_iconfont='entypo-fontello' title='' data-avia-related-tooltip='Partager par Mail'><span class='avia_hidden_link_text'>Partager par Mail<\/span><\/a><\/li><\/ul><\/div><\/div>\n","protected":false},"excerpt":{"rendered":"","protected":false},"author":5,"featured_media":16158,"comment_status":"closed","ping_status":"closed","sticky":false,"template":"","format":"standard","meta":[],"categories":[69,64],"tags":[],"yoast_head":"<!-- This site is optimized with the Yoast SEO plugin v18.5.1 - https:\/\/yoast.com\/wordpress\/plugins\/seo\/ -->\n<title>Alliance pour des zones touristiques dans les villes suisses -<\/title>\n<meta name=\"robots\" content=\"index, follow, max-snippet:-1, max-image-preview:large, max-video-preview:-1\" \/>\n<link rel=\"canonical\" href=\"https:\/\/www.swiss-retail.ch\/fr\/news-fr\/alliance-pour-des-zones-touristiques-dans-les-villes-suisses\/\" \/>\n<meta property=\"og:locale\" content=\"fr_FR\" \/>\n<meta property=\"og:type\" content=\"article\" \/>\n<meta property=\"og:title\" content=\"Alliance pour des zones touristiques dans les villes suisses -\" \/>\n<meta property=\"og:url\" content=\"https:\/\/www.swiss-retail.ch\/fr\/news-fr\/alliance-pour-des-zones-touristiques-dans-les-villes-suisses\/\" \/>\n<meta property=\"article:published_time\" content=\"2024-03-11T17:00:40+00:00\" \/>\n<meta property=\"article:modified_time\" content=\"2024-09-12T13:44:06+00:00\" \/>\n<meta property=\"og:image\" content=\"https:\/\/www.swiss-retail.ch\/wp-content\/uploads\/2024\/03\/Foto-Medienmitteilung-2.jpg\" \/>\n\t<meta property=\"og:image:width\" content=\"1280\" \/>\n\t<meta property=\"og:image:height\" content=\"720\" \/>\n\t<meta property=\"og:image:type\" content=\"image\/jpeg\" \/>\n<meta name=\"twitter:card\" content=\"summary_large_image\" \/>\n<meta name=\"twitter:label1\" content=\"\u00c9crit par\" \/>\n\t<meta name=\"twitter:data1\" content=\"swissretail\" \/>\n\t<meta name=\"twitter:label2\" content=\"Dur\u00e9e de lecture estim\u00e9e\" \/>\n\t<meta name=\"twitter:data2\" content=\"6 minutes\" \/>\n<script type=\"application\/ld+json\" class=\"yoast-schema-graph\">{\"@context\":\"https:\/\/schema.org\",\"@graph\":[{\"@type\":\"WebSite\",\"@id\":\"https:\/\/www.swiss-retail.ch\/#website\",\"url\":\"https:\/\/www.swiss-retail.ch\/\",\"name\":\"\",\"description\":\"Verband der Mittel- und Grossbetriebe des schweizerischen Detailhandels\",\"potentialAction\":[{\"@type\":\"SearchAction\",\"target\":{\"@type\":\"EntryPoint\",\"urlTemplate\":\"https:\/\/www.swiss-retail.ch\/?s={search_term_string}\"},\"query-input\":\"required name=search_term_string\"}],\"inLanguage\":\"fr-FR\"},{\"@type\":\"ImageObject\",\"@id\":\"https:\/\/www.swiss-retail.ch\/fr\/news-fr\/alliance-pour-des-zones-touristiques-dans-les-villes-suisses\/#primaryimage\",\"inLanguage\":\"fr-FR\",\"url\":\"https:\/\/www.swiss-retail.ch\/wp-content\/uploads\/2024\/03\/Foto-Medienmitteilung-2.jpg\",\"contentUrl\":\"https:\/\/www.swiss-retail.ch\/wp-content\/uploads\/2024\/03\/Foto-Medienmitteilung-2.jpg\",\"width\":1280,\"height\":720},{\"@type\":\"WebPage\",\"@id\":\"https:\/\/www.swiss-retail.ch\/fr\/news-fr\/alliance-pour-des-zones-touristiques-dans-les-villes-suisses\/#webpage\",\"url\":\"https:\/\/www.swiss-retail.ch\/fr\/news-fr\/alliance-pour-des-zones-touristiques-dans-les-villes-suisses\/\",\"name\":\"Alliance pour des zones touristiques dans les villes suisses -\",\"isPartOf\":{\"@id\":\"https:\/\/www.swiss-retail.ch\/#website\"},\"primaryImageOfPage\":{\"@id\":\"https:\/\/www.swiss-retail.ch\/fr\/news-fr\/alliance-pour-des-zones-touristiques-dans-les-villes-suisses\/#primaryimage\"},\"datePublished\":\"2024-03-11T17:00:40+00:00\",\"dateModified\":\"2024-09-12T13:44:06+00:00\",\"author\":{\"@id\":\"https:\/\/www.swiss-retail.ch\/#\/schema\/person\/90a7fcdf88c0e2555aeadc29a168014b\"},\"breadcrumb\":{\"@id\":\"https:\/\/www.swiss-retail.ch\/fr\/news-fr\/alliance-pour-des-zones-touristiques-dans-les-villes-suisses\/#breadcrumb\"},\"inLanguage\":\"fr-FR\",\"potentialAction\":[{\"@type\":\"ReadAction\",\"target\":[\"https:\/\/www.swiss-retail.ch\/fr\/news-fr\/alliance-pour-des-zones-touristiques-dans-les-villes-suisses\/\"]}]},{\"@type\":\"BreadcrumbList\",\"@id\":\"https:\/\/www.swiss-retail.ch\/fr\/news-fr\/alliance-pour-des-zones-touristiques-dans-les-villes-suisses\/#breadcrumb\",\"itemListElement\":[{\"@type\":\"ListItem\",\"position\":1,\"name\":\"Startseite\",\"item\":\"https:\/\/www.swiss-retail.ch\/fr\/homepage\/\"},{\"@type\":\"ListItem\",\"position\":2,\"name\":\"Alliance pour des zones touristiques dans les villes suisses\"}]},{\"@type\":\"Person\",\"@id\":\"https:\/\/www.swiss-retail.ch\/#\/schema\/person\/90a7fcdf88c0e2555aeadc29a168014b\",\"name\":\"swissretail\",\"url\":\"https:\/\/www.swiss-retail.ch\/fr\/author\/swissretail\/\"}]}<\/script>\n<!-- \/ Yoast SEO plugin. -->","yoast_head_json":{"title":"Alliance pour des zones touristiques dans les villes suisses -","robots":{"index":"index","follow":"follow","max-snippet":"max-snippet:-1","max-image-preview":"max-image-preview:large","max-video-preview":"max-video-preview:-1"},"canonical":"https:\/\/www.swiss-retail.ch\/fr\/news-fr\/alliance-pour-des-zones-touristiques-dans-les-villes-suisses\/","og_locale":"fr_FR","og_type":"article","og_title":"Alliance pour des zones touristiques dans les villes suisses -","og_url":"https:\/\/www.swiss-retail.ch\/fr\/news-fr\/alliance-pour-des-zones-touristiques-dans-les-villes-suisses\/","article_published_time":"2024-03-11T17:00:40+00:00","article_modified_time":"2024-09-12T13:44:06+00:00","og_image":[{"width":1280,"height":720,"url":"https:\/\/www.swiss-retail.ch\/wp-content\/uploads\/2024\/03\/Foto-Medienmitteilung-2.jpg","type":"image\/jpeg"}],"twitter_card":"summary_large_image","twitter_misc":{"\u00c9crit par":"swissretail","Dur\u00e9e de lecture estim\u00e9e":"6 minutes"},"schema":{"@context":"https:\/\/schema.org","@graph":[{"@type":"WebSite","@id":"https:\/\/www.swiss-retail.ch\/#website","url":"https:\/\/www.swiss-retail.ch\/","name":"","description":"Verband der Mittel- und Grossbetriebe des schweizerischen Detailhandels","potentialAction":[{"@type":"SearchAction","target":{"@type":"EntryPoint","urlTemplate":"https:\/\/www.swiss-retail.ch\/?s={search_term_string}"},"query-input":"required name=search_term_string"}],"inLanguage":"fr-FR"},{"@type":"ImageObject","@id":"https:\/\/www.swiss-retail.ch\/fr\/news-fr\/alliance-pour-des-zones-touristiques-dans-les-villes-suisses\/#primaryimage","inLanguage":"fr-FR","url":"https:\/\/www.swiss-retail.ch\/wp-content\/uploads\/2024\/03\/Foto-Medienmitteilung-2.jpg","contentUrl":"https:\/\/www.swiss-retail.ch\/wp-content\/uploads\/2024\/03\/Foto-Medienmitteilung-2.jpg","width":1280,"height":720},{"@type":"WebPage","@id":"https:\/\/www.swiss-retail.ch\/fr\/news-fr\/alliance-pour-des-zones-touristiques-dans-les-villes-suisses\/#webpage","url":"https:\/\/www.swiss-retail.ch\/fr\/news-fr\/alliance-pour-des-zones-touristiques-dans-les-villes-suisses\/","name":"Alliance pour des zones touristiques dans les villes suisses -","isPartOf":{"@id":"https:\/\/www.swiss-retail.ch\/#website"},"primaryImageOfPage":{"@id":"https:\/\/www.swiss-retail.ch\/fr\/news-fr\/alliance-pour-des-zones-touristiques-dans-les-villes-suisses\/#primaryimage"},"datePublished":"2024-03-11T17:00:40+00:00","dateModified":"2024-09-12T13:44:06+00:00","author":{"@id":"https:\/\/www.swiss-retail.ch\/#\/schema\/person\/90a7fcdf88c0e2555aeadc29a168014b"},"breadcrumb":{"@id":"https:\/\/www.swiss-retail.ch\/fr\/news-fr\/alliance-pour-des-zones-touristiques-dans-les-villes-suisses\/#breadcrumb"},"inLanguage":"fr-FR","potentialAction":[{"@type":"ReadAction","target":["https:\/\/www.swiss-retail.ch\/fr\/news-fr\/alliance-pour-des-zones-touristiques-dans-les-villes-suisses\/"]}]},{"@type":"BreadcrumbList","@id":"https:\/\/www.swiss-retail.ch\/fr\/news-fr\/alliance-pour-des-zones-touristiques-dans-les-villes-suisses\/#breadcrumb","itemListElement":[{"@type":"ListItem","position":1,"name":"Startseite","item":"https:\/\/www.swiss-retail.ch\/fr\/homepage\/"},{"@type":"ListItem","position":2,"name":"Alliance pour des zones touristiques dans les villes suisses"}]},{"@type":"Person","@id":"https:\/\/www.swiss-retail.ch\/#\/schema\/person\/90a7fcdf88c0e2555aeadc29a168014b","name":"swissretail","url":"https:\/\/www.swiss-retail.ch\/fr\/author\/swissretail\/"}]}},"_links":{"self":[{"href":"https:\/\/www.swiss-retail.ch\/fr\/wp-json\/wp\/v2\/posts\/16162"}],"collection":[{"href":"https:\/\/www.swiss-retail.ch\/fr\/wp-json\/wp\/v2\/posts"}],"about":[{"href":"https:\/\/www.swiss-retail.ch\/fr\/wp-json\/wp\/v2\/types\/post"}],"author":[{"embeddable":true,"href":"https:\/\/www.swiss-retail.ch\/fr\/wp-json\/wp\/v2\/users\/5"}],"replies":[{"embeddable":true,"href":"https:\/\/www.swiss-retail.ch\/fr\/wp-json\/wp\/v2\/comments?post=16162"}],"version-history":[{"count":4,"href":"https:\/\/www.swiss-retail.ch\/fr\/wp-json\/wp\/v2\/posts\/16162\/revisions"}],"predecessor-version":[{"id":17233,"href":"https:\/\/www.swiss-retail.ch\/fr\/wp-json\/wp\/v2\/posts\/16162\/revisions\/17233"}],"wp:featuredmedia":[{"embeddable":true,"href":"https:\/\/www.swiss-retail.ch\/fr\/wp-json\/wp\/v2\/media\/16158"}],"wp:attachment":[{"href":"https:\/\/www.swiss-retail.ch\/fr\/wp-json\/wp\/v2\/media?parent=16162"}],"wp:term":[{"taxonomy":"category","embeddable":true,"href":"https:\/\/www.swiss-retail.ch\/fr\/wp-json\/wp\/v2\/categories?post=16162"},{"taxonomy":"post_tag","embeddable":true,"href":"https:\/\/www.swiss-retail.ch\/fr\/wp-json\/wp\/v2\/tags?post=16162"}],"curies":[{"name":"wp","href":"https:\/\/api.w.org\/{rel}","templated":true}]}}