{"id":16586,"date":"2024-05-24T13:42:27","date_gmt":"2024-05-24T11:42:27","guid":{"rendered":"https:\/\/www.swiss-retail.ch\/?p=16586"},"modified":"2024-09-12T15:40:48","modified_gmt":"2024-09-12T13:40:48","slug":"pour-le-85e-anniversaire-de-swiss-retail-federation-daniela-schneeberger-elue-presidente","status":"publish","type":"post","link":"https:\/\/www.swiss-retail.ch\/fr\/news-fr\/pour-le-85e-anniversaire-de-swiss-retail-federation-daniela-schneeberger-elue-presidente\/","title":{"rendered":"Pour le 85e anniversaire de SWISS RETAIL FEDERATION, Daniela Schneeberger \u00e9lue pr\u00e9sidente"},"content":{"rendered":"<section class=\"av_textblock_section \"  itemscope=\"itemscope\" itemtype=\"https:\/\/schema.org\/BlogPosting\" itemprop=\"blogPost\" ><div class='avia_textblock  '   itemprop=\"text\" ><p><em>24.05.2024<\/em><\/p>\n<p><strong>Lors de l&rsquo;Assembl\u00e9e g\u00e9n\u00e9rale comm\u00e9morative de ce jour &#8211; SWISS RETAIL FEDERATION f\u00eate son 85e anniversaire &#8211; les membres de l&rsquo;association ont \u00e9lu la conseill\u00e8re nationale PLR de B\u00e2le-Campagne Daniela Schneeberger comme nouvelle pr\u00e9sidente. Elle succ\u00e8de \u00e0 la Bernoise Christa Markwalder, qui occupait ce poste depuis 2020. Pour marquer l\u2019\u00e9v\u00e9nement, SWISS RETAIL FEDERATION organise une conf\u00e9rence d&rsquo;une journ\u00e9e sur l&rsquo;avenir du commerce de d\u00e9tail, sous le titre \u00ab Retail Reloaded \u00bb<\/strong><\/p>\n<p>En la personne de Daniela Schneeberger, SWISS RETAIL FEDERATION est tr\u00e8s heureuse de compter \u00e0 nouveau sur une parlementaire chevronn\u00e9e et exp\u00e9riment\u00e9e \u00e0 la t\u00eate de l\u2019association. Cette agente fiduciaire et entrepreneuse si\u00e8ge au Conseil national depuis 2011 et fait partie de la Commission de l&rsquo;\u00e9conomie et des redevances du Conseil national. Elle pr\u00f4ne une politique lib\u00e9rale et s\u2019entend \u00e0 faire le lien entre le monde politique et l&rsquo;\u00e9conomie.<\/p>\n<p>Daniela Schneeberger remplace Christa Markwalder qui, avec la directrice Dagmar Jenni, avait assur\u00e9 avec succ\u00e8s la travers\u00e9e du difficile \u00e9pisode du Covid et avait positionn\u00e9 l\u2019association avec beaucoup d&rsquo;habilet\u00e9 comme organisation fa\u00eeti\u00e8re du commerce de d\u00e9tail. SWISS RETAIL FEDERATION repr\u00e9sente aujourd&rsquo;hui 1600 d\u00e9taillants en Suisse et n&rsquo;accepte en son sein que des membres qui cr\u00e9ent aussi directement des emplois en Suisse.<\/p>\n<p><strong>Engagement pour l&rsquo;\u00e9galit\u00e9 des conditions de lutte entre les acteurs du march\u00e9\u00a0\u00a0 <\/strong><\/p>\n<p>Dans son expos\u00e9 inaugural, la nouvelle pr\u00e9sidente a mis l&rsquo;accent sur l&rsquo;arriv\u00e9e sur le march\u00e9 de plateformes num\u00e9riques asiatiques telles que Temu ou Shein et sur les d\u00e9fis qui en d\u00e9coulent pour les commer\u00e7ants (en ligne) suisses. Cette nouvelle concurrence peut se traduire par une pouss\u00e9e de l&rsquo;innovation et des gains d&rsquo;efficacit\u00e9 parmi les fournisseurs locaux, contraints de trouver de nouveaux moyens de rester comp\u00e9titifs. Ceux qui se distinguent par l&rsquo;excellence de leurs services et de leurs conseils et qui ont suffisamment de nez pour g\u00e9rer efficacement un bon assortiment subsisteront.<\/p>\n<p>Cela suppose toutefois que les m\u00eames conditions-cadres s&rsquo;appliquent \u00e0 tous les concurrents en Suisse, quelle que soit leur origine, qu&rsquo;ils s\u2019activent en ligne, hors ligne ou en plateforme. \u00ab Nous ne pouvons pas accepter que des plateformes ou des fournisseurs \u00e9trangers op\u00e8rent comme dans une zone de non-droit et n\u2019aient pas \u00e0 respecter les m\u00eames conditions-cadres que nos entreprises nationales \u00bb, d\u00e9clare la pr\u00e9sidente Daniela Schneeberger, qui annonce un plan de mesures comprenant notamment des exigences visant \u00e0 garantir la qualit\u00e9 des produits, le respect de la r\u00e9glementation suisse en mati\u00e8re de concurrence et d&rsquo;indication des prix ainsi que la mise en \u0153uvre effective de l&rsquo;imposition des plateformes.<\/p>\n<p><strong>Journ\u00e9e de comm\u00e9moration d\u00e9di\u00e9e \u00e0 l\u2019avenir du commerce de d\u00e9tail<\/strong><\/p>\n<p>SWISS RETAIL FEDERATION marque son anniversaire par une conf\u00e9rence d&rsquo;une journ\u00e9e sur l&rsquo;avenir du commerce de d\u00e9tail. Plac\u00e9e sous le th\u00e8me \u00ab Retail Reloaded : de la tradition \u00e0 la transformation\u00a0?\u00a0\u00bb, cette journ\u00e9e comprendra notamment des expos\u00e9s de haut niveau sur l&rsquo;\u00e9volution de la soci\u00e9t\u00e9 et son influence sur le commerce de d\u00e9tail, sur le potentiel de l&rsquo;intelligence artificielle, sur les nouveaux canaux de distribution comme TikTok, sur le d\u00e9fi de la p\u00e9nurie de main-d&rsquo;\u0153uvre qualifi\u00e9e et enfin sur les questions de durabilit\u00e9.<\/p>\n<p><em><strong>A propos de SWISS RETAIL FEDERATION<\/strong><\/em><\/p>\n<p>SWISS RETAIL FEDERATION repr\u00e9sente le commerce de d\u00e9tail suisse, sans les grands distributeurs. Elle r\u00e9unit 1600 d\u00e9taillants r\u00e9partis en Suisse sur 6500 sites. Ses membres r\u00e9alisent un chiffre d\u2019affaires de plus de 25 milliards de francs et emploient environ 60\u2019000 personnes.<\/p>\n<\/div><\/section>\n","protected":false},"excerpt":{"rendered":"","protected":false},"author":5,"featured_media":16584,"comment_status":"closed","ping_status":"closed","sticky":false,"template":"","format":"standard","meta":[],"categories":[69,64],"tags":[],"yoast_head":"<!-- This site is optimized with the Yoast SEO plugin v18.5.1 - https:\/\/yoast.com\/wordpress\/plugins\/seo\/ -->\n<title>Pour le 85e anniversaire de SWISS RETAIL FEDERATION, Daniela Schneeberger \u00e9lue pr\u00e9sidente -<\/title>\n<meta name=\"robots\" content=\"index, follow, max-snippet:-1, max-image-preview:large, max-video-preview:-1\" \/>\n<link rel=\"canonical\" href=\"https:\/\/www.swiss-retail.ch\/fr\/news-fr\/pour-le-85e-anniversaire-de-swiss-retail-federation-daniela-schneeberger-elue-presidente\/\" \/>\n<meta property=\"og:locale\" content=\"fr_FR\" \/>\n<meta property=\"og:type\" content=\"article\" \/>\n<meta property=\"og:title\" content=\"Pour le 85e anniversaire de SWISS RETAIL FEDERATION, Daniela Schneeberger \u00e9lue pr\u00e9sidente -\" \/>\n<meta property=\"og:url\" content=\"https:\/\/www.swiss-retail.ch\/fr\/news-fr\/pour-le-85e-anniversaire-de-swiss-retail-federation-daniela-schneeberger-elue-presidente\/\" \/>\n<meta property=\"article:published_time\" content=\"2024-05-24T11:42:27+00:00\" \/>\n<meta property=\"article:modified_time\" content=\"2024-09-12T13:40:48+00:00\" \/>\n<meta property=\"og:image\" content=\"https:\/\/www.swiss-retail.ch\/wp-content\/uploads\/2024\/05\/DagmarDanielaChrista_MV24-1.jpg\" \/>\n\t<meta property=\"og:image:width\" content=\"2320\" \/>\n\t<meta property=\"og:image:height\" content=\"1953\" \/>\n\t<meta property=\"og:image:type\" content=\"image\/jpeg\" \/>\n<meta name=\"twitter:card\" content=\"summary_large_image\" \/>\n<meta name=\"twitter:label1\" content=\"\u00c9crit par\" \/>\n\t<meta name=\"twitter:data1\" content=\"swissretail\" \/>\n\t<meta name=\"twitter:label2\" content=\"Dur\u00e9e de lecture estim\u00e9e\" \/>\n\t<meta name=\"twitter:data2\" content=\"3 minutes\" \/>\n<script type=\"application\/ld+json\" class=\"yoast-schema-graph\">{\"@context\":\"https:\/\/schema.org\",\"@graph\":[{\"@type\":\"WebSite\",\"@id\":\"https:\/\/www.swiss-retail.ch\/#website\",\"url\":\"https:\/\/www.swiss-retail.ch\/\",\"name\":\"\",\"description\":\"Verband der Mittel- und Grossbetriebe des schweizerischen Detailhandels\",\"potentialAction\":[{\"@type\":\"SearchAction\",\"target\":{\"@type\":\"EntryPoint\",\"urlTemplate\":\"https:\/\/www.swiss-retail.ch\/?s={search_term_string}\"},\"query-input\":\"required name=search_term_string\"}],\"inLanguage\":\"fr-FR\"},{\"@type\":\"ImageObject\",\"@id\":\"https:\/\/www.swiss-retail.ch\/fr\/news-fr\/pour-le-85e-anniversaire-de-swiss-retail-federation-daniela-schneeberger-elue-presidente\/#primaryimage\",\"inLanguage\":\"fr-FR\",\"url\":\"https:\/\/www.swiss-retail.ch\/wp-content\/uploads\/2024\/05\/DagmarDanielaChrista_MV24-1.jpg\",\"contentUrl\":\"https:\/\/www.swiss-retail.ch\/wp-content\/uploads\/2024\/05\/DagmarDanielaChrista_MV24-1.jpg\",\"width\":2320,\"height\":1953},{\"@type\":\"WebPage\",\"@id\":\"https:\/\/www.swiss-retail.ch\/fr\/news-fr\/pour-le-85e-anniversaire-de-swiss-retail-federation-daniela-schneeberger-elue-presidente\/#webpage\",\"url\":\"https:\/\/www.swiss-retail.ch\/fr\/news-fr\/pour-le-85e-anniversaire-de-swiss-retail-federation-daniela-schneeberger-elue-presidente\/\",\"name\":\"Pour le 85e anniversaire de SWISS RETAIL FEDERATION, Daniela Schneeberger \u00e9lue pr\u00e9sidente -\",\"isPartOf\":{\"@id\":\"https:\/\/www.swiss-retail.ch\/#website\"},\"primaryImageOfPage\":{\"@id\":\"https:\/\/www.swiss-retail.ch\/fr\/news-fr\/pour-le-85e-anniversaire-de-swiss-retail-federation-daniela-schneeberger-elue-presidente\/#primaryimage\"},\"datePublished\":\"2024-05-24T11:42:27+00:00\",\"dateModified\":\"2024-09-12T13:40:48+00:00\",\"author\":{\"@id\":\"https:\/\/www.swiss-retail.ch\/#\/schema\/person\/90a7fcdf88c0e2555aeadc29a168014b\"},\"breadcrumb\":{\"@id\":\"https:\/\/www.swiss-retail.ch\/fr\/news-fr\/pour-le-85e-anniversaire-de-swiss-retail-federation-daniela-schneeberger-elue-presidente\/#breadcrumb\"},\"inLanguage\":\"fr-FR\",\"potentialAction\":[{\"@type\":\"ReadAction\",\"target\":[\"https:\/\/www.swiss-retail.ch\/fr\/news-fr\/pour-le-85e-anniversaire-de-swiss-retail-federation-daniela-schneeberger-elue-presidente\/\"]}]},{\"@type\":\"BreadcrumbList\",\"@id\":\"https:\/\/www.swiss-retail.ch\/fr\/news-fr\/pour-le-85e-anniversaire-de-swiss-retail-federation-daniela-schneeberger-elue-presidente\/#breadcrumb\",\"itemListElement\":[{\"@type\":\"ListItem\",\"position\":1,\"name\":\"Startseite\",\"item\":\"https:\/\/www.swiss-retail.ch\/fr\/homepage\/\"},{\"@type\":\"ListItem\",\"position\":2,\"name\":\"Pour le 85e anniversaire de SWISS RETAIL FEDERATION, Daniela Schneeberger \u00e9lue pr\u00e9sidente\"}]},{\"@type\":\"Person\",\"@id\":\"https:\/\/www.swiss-retail.ch\/#\/schema\/person\/90a7fcdf88c0e2555aeadc29a168014b\",\"name\":\"swissretail\",\"url\":\"https:\/\/www.swiss-retail.ch\/fr\/author\/swissretail\/\"}]}<\/script>\n<!-- \/ Yoast SEO plugin. -->","yoast_head_json":{"title":"Pour le 85e anniversaire de SWISS RETAIL FEDERATION, Daniela Schneeberger \u00e9lue pr\u00e9sidente -","robots":{"index":"index","follow":"follow","max-snippet":"max-snippet:-1","max-image-preview":"max-image-preview:large","max-video-preview":"max-video-preview:-1"},"canonical":"https:\/\/www.swiss-retail.ch\/fr\/news-fr\/pour-le-85e-anniversaire-de-swiss-retail-federation-daniela-schneeberger-elue-presidente\/","og_locale":"fr_FR","og_type":"article","og_title":"Pour le 85e anniversaire de SWISS RETAIL FEDERATION, Daniela Schneeberger \u00e9lue pr\u00e9sidente -","og_url":"https:\/\/www.swiss-retail.ch\/fr\/news-fr\/pour-le-85e-anniversaire-de-swiss-retail-federation-daniela-schneeberger-elue-presidente\/","article_published_time":"2024-05-24T11:42:27+00:00","article_modified_time":"2024-09-12T13:40:48+00:00","og_image":[{"width":2320,"height":1953,"url":"https:\/\/www.swiss-retail.ch\/wp-content\/uploads\/2024\/05\/DagmarDanielaChrista_MV24-1.jpg","type":"image\/jpeg"}],"twitter_card":"summary_large_image","twitter_misc":{"\u00c9crit par":"swissretail","Dur\u00e9e de lecture estim\u00e9e":"3 minutes"},"schema":{"@context":"https:\/\/schema.org","@graph":[{"@type":"WebSite","@id":"https:\/\/www.swiss-retail.ch\/#website","url":"https:\/\/www.swiss-retail.ch\/","name":"","description":"Verband der Mittel- und Grossbetriebe des schweizerischen Detailhandels","potentialAction":[{"@type":"SearchAction","target":{"@type":"EntryPoint","urlTemplate":"https:\/\/www.swiss-retail.ch\/?s={search_term_string}"},"query-input":"required name=search_term_string"}],"inLanguage":"fr-FR"},{"@type":"ImageObject","@id":"https:\/\/www.swiss-retail.ch\/fr\/news-fr\/pour-le-85e-anniversaire-de-swiss-retail-federation-daniela-schneeberger-elue-presidente\/#primaryimage","inLanguage":"fr-FR","url":"https:\/\/www.swiss-retail.ch\/wp-content\/uploads\/2024\/05\/DagmarDanielaChrista_MV24-1.jpg","contentUrl":"https:\/\/www.swiss-retail.ch\/wp-content\/uploads\/2024\/05\/DagmarDanielaChrista_MV24-1.jpg","width":2320,"height":1953},{"@type":"WebPage","@id":"https:\/\/www.swiss-retail.ch\/fr\/news-fr\/pour-le-85e-anniversaire-de-swiss-retail-federation-daniela-schneeberger-elue-presidente\/#webpage","url":"https:\/\/www.swiss-retail.ch\/fr\/news-fr\/pour-le-85e-anniversaire-de-swiss-retail-federation-daniela-schneeberger-elue-presidente\/","name":"Pour le 85e anniversaire de SWISS RETAIL FEDERATION, Daniela Schneeberger \u00e9lue pr\u00e9sidente -","isPartOf":{"@id":"https:\/\/www.swiss-retail.ch\/#website"},"primaryImageOfPage":{"@id":"https:\/\/www.swiss-retail.ch\/fr\/news-fr\/pour-le-85e-anniversaire-de-swiss-retail-federation-daniela-schneeberger-elue-presidente\/#primaryimage"},"datePublished":"2024-05-24T11:42:27+00:00","dateModified":"2024-09-12T13:40:48+00:00","author":{"@id":"https:\/\/www.swiss-retail.ch\/#\/schema\/person\/90a7fcdf88c0e2555aeadc29a168014b"},"breadcrumb":{"@id":"https:\/\/www.swiss-retail.ch\/fr\/news-fr\/pour-le-85e-anniversaire-de-swiss-retail-federation-daniela-schneeberger-elue-presidente\/#breadcrumb"},"inLanguage":"fr-FR","potentialAction":[{"@type":"ReadAction","target":["https:\/\/www.swiss-retail.ch\/fr\/news-fr\/pour-le-85e-anniversaire-de-swiss-retail-federation-daniela-schneeberger-elue-presidente\/"]}]},{"@type":"BreadcrumbList","@id":"https:\/\/www.swiss-retail.ch\/fr\/news-fr\/pour-le-85e-anniversaire-de-swiss-retail-federation-daniela-schneeberger-elue-presidente\/#breadcrumb","itemListElement":[{"@type":"ListItem","position":1,"name":"Startseite","item":"https:\/\/www.swiss-retail.ch\/fr\/homepage\/"},{"@type":"ListItem","position":2,"name":"Pour le 85e anniversaire de SWISS RETAIL FEDERATION, Daniela Schneeberger \u00e9lue pr\u00e9sidente"}]},{"@type":"Person","@id":"https:\/\/www.swiss-retail.ch\/#\/schema\/person\/90a7fcdf88c0e2555aeadc29a168014b","name":"swissretail","url":"https:\/\/www.swiss-retail.ch\/fr\/author\/swissretail\/"}]}},"_links":{"self":[{"href":"https:\/\/www.swiss-retail.ch\/fr\/wp-json\/wp\/v2\/posts\/16586"}],"collection":[{"href":"https:\/\/www.swiss-retail.ch\/fr\/wp-json\/wp\/v2\/posts"}],"about":[{"href":"https:\/\/www.swiss-retail.ch\/fr\/wp-json\/wp\/v2\/types\/post"}],"author":[{"embeddable":true,"href":"https:\/\/www.swiss-retail.ch\/fr\/wp-json\/wp\/v2\/users\/5"}],"replies":[{"embeddable":true,"href":"https:\/\/www.swiss-retail.ch\/fr\/wp-json\/wp\/v2\/comments?post=16586"}],"version-history":[{"count":3,"href":"https:\/\/www.swiss-retail.ch\/fr\/wp-json\/wp\/v2\/posts\/16586\/revisions"}],"predecessor-version":[{"id":17228,"href":"https:\/\/www.swiss-retail.ch\/fr\/wp-json\/wp\/v2\/posts\/16586\/revisions\/17228"}],"wp:featuredmedia":[{"embeddable":true,"href":"https:\/\/www.swiss-retail.ch\/fr\/wp-json\/wp\/v2\/media\/16584"}],"wp:attachment":[{"href":"https:\/\/www.swiss-retail.ch\/fr\/wp-json\/wp\/v2\/media?parent=16586"}],"wp:term":[{"taxonomy":"category","embeddable":true,"href":"https:\/\/www.swiss-retail.ch\/fr\/wp-json\/wp\/v2\/categories?post=16586"},{"taxonomy":"post_tag","embeddable":true,"href":"https:\/\/www.swiss-retail.ch\/fr\/wp-json\/wp\/v2\/tags?post=16586"}],"curies":[{"name":"wp","href":"https:\/\/api.w.org\/{rel}","templated":true}]}}