{"id":17552,"date":"2024-11-07T11:54:02","date_gmt":"2024-11-07T10:54:02","guid":{"rendered":"https:\/\/www.swiss-retail.ch\/?p=17552"},"modified":"2024-11-15T12:04:36","modified_gmt":"2024-11-15T11:04:36","slug":"plus-de-pragmatisme-que-demotion-faute-denthousiasme-dans-leurs-emplettes-les-clients-se-tournent-vers-les-prix","status":"publish","type":"post","link":"https:\/\/www.swiss-retail.ch\/fr\/news-fr\/plus-de-pragmatisme-que-demotion-faute-denthousiasme-dans-leurs-emplettes-les-clients-se-tournent-vers-les-prix\/","title":{"rendered":"Plus de pragmatisme que d\u2019\u00e9motion : faute d\u2019enthousiasme dans leurs emplettes, les clients se tournent vers les prix"},"content":{"rendered":"<section class=\"av_textblock_section \"  itemscope=\"itemscope\" itemtype=\"https:\/\/schema.org\/BlogPosting\" itemprop=\"blogPost\" ><div class='avia_textblock  '   itemprop=\"text\" ><h1>Plus de pragmatisme que d\u2019\u00e9motion : faute d\u2019enthousiasme dans leurs emplettes, les clients se tournent vers les prix<\/h1>\n<h1><strong>\u00a0<\/strong><\/h1>\n<h1><\/h1>\n<\/div><\/section>\n<div   class='hr hr-default   avia-builder-el-1  el_after_av_textblock  el_before_av_textblock '><span class='hr-inner ' ><span class='hr-inner-style'><\/span><\/span><\/div>\n<section class=\"av_textblock_section \"  itemscope=\"itemscope\" itemtype=\"https:\/\/schema.org\/BlogPosting\" itemprop=\"blogPost\" ><div class='avia_textblock  '   itemprop=\"text\" ><p><em>07.11.2024<\/em><\/p>\n<p>Pr\u00e9sent\u00e9e le 7 novembre 2024, l&rsquo;\u00e9tude \u00ab Elevate Retail Design 2024 \u00bb, un projet commun de SWISS RETAIL FEDERATION, de Storeconcept AG et de Holistic Consulting GmbH, met en lumi\u00e8re la culture d&rsquo;achat r\u00e9pandue actuellement en Suisse, en montrant que les consommateurs consid\u00e8rent souvent l&rsquo;achat de denr\u00e9es alimentaires, de textiles et de produits de droguerie comme une activit\u00e9 ordinaire o\u00f9\u00a0\u00ab\u00a0l\u2019exp\u00e9rience client\u00a0\u00bb est largement absente. Bas\u00e9e sur une enqu\u00eate repr\u00e9sentative men\u00e9e aupr\u00e8s de plus de 1500 consommateurs de Suisse al\u00e9manique et de Suisse romande, l\u2019\u00e9tude passe notamment en revue les motifs d&rsquo;achat, le choix des canaux, l&rsquo;ouverture aux instruments num\u00e9riques et la fascination pour les plateformes d&rsquo;achat asiatiques.<\/p>\n<p><strong>R\u00e9sultats cl\u00e9s de l\u2019\u00e9tude<\/strong><\/p>\n<p><strong>1. Manque d\u2019enthousiasme en magasin<\/strong><br \/>\nJusqu\u2019\u00e0 pr\u00e9sent, le commerce de d\u00e9tail suisse n&rsquo;est pas parvenu \u00e0 susciter le plaisir de faire ses courses, encore moins l&rsquo;enthousiasme. \u00ab Si l&rsquo;atmosph\u00e8re d\u2019achat fait d\u00e9faut, c\u2019est souvent parce que les t\u00e2ches de base ne sont pas toujours effectu\u00e9es de mani\u00e8re satisfaisante. Avant tout programme libre, il y a le devoir, un pr\u00e9alable souvent n\u00e9glig\u00e9 \u00bb, explique Dagmar Jenni, directrice de SWISS RETAIL FEDERATION. L&rsquo;inspiration ne peut venir qu\u2019\u00e0 partir du moment o\u00f9 des param\u00e8tres fondamentaux comme la propret\u00e9, la fra\u00eecheur, l\u2019honn\u00eatet\u00e9, sont satisfaits. Quand ces facteurs essentiels sont trop longtemps d\u00e9laiss\u00e9s, le r\u00e9sultat est une acceptation r\u00e9sign\u00e9e de la m\u00e9diocrit\u00e9 et une importance accrue donn\u00e9e au facteur prix.<\/p>\n<p><strong>2. Le commerce stationnaire r\u00e9siste &#8211; mais le commerce en ligne gagne du terrain dans le textile<\/strong><br \/>\nTandis que le commerce stationnaire se place de loin en t\u00eate pour les produits alimentaires et les articles de droguerie, l&rsquo;achat de textiles \u00e9volue de plus en plus vers un univers en ligne morcel\u00e9. Zalando et diverses plates-formes comme Temu et Shein bouleversent le march\u00e9 par leurs avantages de prix \u2013 mais pas seulement. La ludification (\u00ab\u00a0gamification\u00a0\u00bb) avec, de plus en plus aussi, la qualit\u00e9, peuvent aussi convaincre.<\/p>\n<p><strong>3. Face au<\/strong><strong> prix comme facteur d&rsquo;hygi\u00e8ne, la valeur ajout\u00e9e communication\u00a0semble \u00eatre une discipline oubli\u00e9e<\/strong><br \/>\nPour un tiers des personnes interrog\u00e9es, le prix est le principal facteur d\u00e9cisionnel d\u2019achat \u2013 dans la majorit\u00e9 des cas non par n\u00e9cessit\u00e9, mais par commodit\u00e9. \u00ab Cette attitude du type \u00ab Pourquoi payer plus alors que la m\u00eame chose est disponible \u00e0 un prix inf\u00e9rieur ? \u00bb remet en question les strat\u00e9gies de r\u00e9duction des prix et les actions de rabais telles qu&rsquo;elles sont pratiqu\u00e9es aujourd&rsquo;hui, en particulier par les fournisseurs qui souhaitent se diff\u00e9rencier par des valeurs ajout\u00e9es. L&rsquo;art de la communication vu comme plus-value s\u2019est perdu en maints endroits \u00bb, explique Markus Schweizer, directeur de l&rsquo;\u00e9tude et CEO de Holistic Consulting GmbH.<\/p>\n<p>L&rsquo;\u00e9tude montre clairement qu&rsquo;il faut \u00ab\u00a0effectuer ses t\u00e2ches avant tout programme libre\u00a0\u00bb &#8211; m\u00eame si cela passe par des t\u00e2ches et op\u00e9rations minutieuses qui ne rapportent peut-\u00eatre pas beaucoup de lauriers dans les milieux sp\u00e9cialis\u00e9s, mais valent d&rsquo;autant plus aupr\u00e8s des clients.<\/p>\n<p>Pour plus d&rsquo;informations, veuillez consulter l&rsquo;<a href=\"https:\/\/www.swiss-retail.ch\/wp-content\/uploads\/2024\/11\/Elevate-Retail-Design-2024-Management-Summary-10-10-24.pdf\">Executive Summary<\/a> (DE).<\/p>\n<p><strong>Contact et source de l&rsquo;\u00e9tude :<\/strong><\/p>\n<p>SWISS RETAIL FEDERATION<br \/>\nBahnhofplatz 1, CH-3011 Berne<br \/>\nT\u00e9l\u00e9phone: +41 (0) 31 312 40 40<br \/>\nsekretariat@swiss-retail.ch<\/p>\n<p>Holistic Consulting GmbH<br \/>\nB\u00f6dekerstr. 70, DE-30161 Hannovre<br \/>\n+41 (0) 79 575 97 81<br \/>\n<a href=\"mailto:Markus.schweizer@holisticconsultinggroup.com\">markus.schweizer@holisticconsultinggroup.com<\/a>\u200b<br \/>\n<a href=\"http:\/\/www.holisticconsultinggroup.com\/\">www.holisticconsultinggroup.com<\/a><\/p>\n<\/div><\/section>\n","protected":false},"excerpt":{"rendered":"","protected":false},"author":5,"featured_media":17551,"comment_status":"closed","ping_status":"closed","sticky":false,"template":"","format":"standard","meta":[],"categories":[69,64],"tags":[],"yoast_head":"<!-- This site is optimized with the Yoast SEO plugin v18.5.1 - https:\/\/yoast.com\/wordpress\/plugins\/seo\/ -->\n<title>Plus de pragmatisme que d\u2019\u00e9motion : faute d\u2019enthousiasme dans leurs emplettes, les clients se tournent vers les prix -<\/title>\n<meta name=\"robots\" content=\"index, follow, max-snippet:-1, max-image-preview:large, max-video-preview:-1\" \/>\n<link rel=\"canonical\" href=\"https:\/\/www.swiss-retail.ch\/fr\/news-fr\/plus-de-pragmatisme-que-demotion-faute-denthousiasme-dans-leurs-emplettes-les-clients-se-tournent-vers-les-prix\/\" \/>\n<meta property=\"og:locale\" content=\"fr_FR\" \/>\n<meta property=\"og:type\" content=\"article\" \/>\n<meta property=\"og:title\" content=\"Plus de pragmatisme que d\u2019\u00e9motion : faute d\u2019enthousiasme dans leurs emplettes, les clients se tournent vers les prix -\" \/>\n<meta property=\"og:url\" content=\"https:\/\/www.swiss-retail.ch\/fr\/news-fr\/plus-de-pragmatisme-que-demotion-faute-denthousiasme-dans-leurs-emplettes-les-clients-se-tournent-vers-les-prix\/\" \/>\n<meta property=\"article:published_time\" content=\"2024-11-07T10:54:02+00:00\" \/>\n<meta property=\"article:modified_time\" content=\"2024-11-15T11:04:36+00:00\" \/>\n<meta name=\"twitter:card\" content=\"summary_large_image\" \/>\n<meta name=\"twitter:image\" content=\"https:\/\/www.swiss-retail.ch\/wp-content\/uploads\/2024\/11\/DALL\u00b7E-2024-11-12-11.43.36-Create-an-image-for-a-press-release-titled-Pragmatic-over-Emotional_-Swiss-Consumers-Lack-Enthusiasm-for-Retail-and-Focus-on-Price.-Depict-a-modern-.webp\" \/>\n<meta name=\"twitter:label1\" content=\"\u00c9crit par\" \/>\n\t<meta name=\"twitter:data1\" content=\"swissretail\" \/>\n\t<meta name=\"twitter:label2\" content=\"Dur\u00e9e de lecture estim\u00e9e\" \/>\n\t<meta name=\"twitter:data2\" content=\"4 minutes\" \/>\n<script type=\"application\/ld+json\" class=\"yoast-schema-graph\">{\"@context\":\"https:\/\/schema.org\",\"@graph\":[{\"@type\":\"WebSite\",\"@id\":\"https:\/\/www.swiss-retail.ch\/#website\",\"url\":\"https:\/\/www.swiss-retail.ch\/\",\"name\":\"\",\"description\":\"Verband der Mittel- und Grossbetriebe des schweizerischen Detailhandels\",\"potentialAction\":[{\"@type\":\"SearchAction\",\"target\":{\"@type\":\"EntryPoint\",\"urlTemplate\":\"https:\/\/www.swiss-retail.ch\/?s={search_term_string}\"},\"query-input\":\"required name=search_term_string\"}],\"inLanguage\":\"fr-FR\"},{\"@type\":\"ImageObject\",\"@id\":\"https:\/\/www.swiss-retail.ch\/fr\/news-fr\/plus-de-pragmatisme-que-demotion-faute-denthousiasme-dans-leurs-emplettes-les-clients-se-tournent-vers-les-prix\/#primaryimage\",\"inLanguage\":\"fr-FR\",\"url\":\"https:\/\/www.swiss-retail.ch\/wp-content\/uploads\/2024\/11\/DALL\u00b7E-2024-11-12-11.43.36-Create-an-image-for-a-press-release-titled-Pragmatic-over-Emotional_-Swiss-Consumers-Lack-Enthusiasm-for-Retail-and-Focus-on-Price.-Depict-a-modern-.webp\",\"contentUrl\":\"https:\/\/www.swiss-retail.ch\/wp-content\/uploads\/2024\/11\/DALL\u00b7E-2024-11-12-11.43.36-Create-an-image-for-a-press-release-titled-Pragmatic-over-Emotional_-Swiss-Consumers-Lack-Enthusiasm-for-Retail-and-Focus-on-Price.-Depict-a-modern-.webp\",\"width\":1792,\"height\":1024},{\"@type\":\"WebPage\",\"@id\":\"https:\/\/www.swiss-retail.ch\/fr\/news-fr\/plus-de-pragmatisme-que-demotion-faute-denthousiasme-dans-leurs-emplettes-les-clients-se-tournent-vers-les-prix\/#webpage\",\"url\":\"https:\/\/www.swiss-retail.ch\/fr\/news-fr\/plus-de-pragmatisme-que-demotion-faute-denthousiasme-dans-leurs-emplettes-les-clients-se-tournent-vers-les-prix\/\",\"name\":\"Plus de pragmatisme que d\u2019\u00e9motion : faute d\u2019enthousiasme dans leurs emplettes, les clients se tournent vers les prix -\",\"isPartOf\":{\"@id\":\"https:\/\/www.swiss-retail.ch\/#website\"},\"primaryImageOfPage\":{\"@id\":\"https:\/\/www.swiss-retail.ch\/fr\/news-fr\/plus-de-pragmatisme-que-demotion-faute-denthousiasme-dans-leurs-emplettes-les-clients-se-tournent-vers-les-prix\/#primaryimage\"},\"datePublished\":\"2024-11-07T10:54:02+00:00\",\"dateModified\":\"2024-11-15T11:04:36+00:00\",\"author\":{\"@id\":\"https:\/\/www.swiss-retail.ch\/#\/schema\/person\/90a7fcdf88c0e2555aeadc29a168014b\"},\"breadcrumb\":{\"@id\":\"https:\/\/www.swiss-retail.ch\/fr\/news-fr\/plus-de-pragmatisme-que-demotion-faute-denthousiasme-dans-leurs-emplettes-les-clients-se-tournent-vers-les-prix\/#breadcrumb\"},\"inLanguage\":\"fr-FR\",\"potentialAction\":[{\"@type\":\"ReadAction\",\"target\":[\"https:\/\/www.swiss-retail.ch\/fr\/news-fr\/plus-de-pragmatisme-que-demotion-faute-denthousiasme-dans-leurs-emplettes-les-clients-se-tournent-vers-les-prix\/\"]}]},{\"@type\":\"BreadcrumbList\",\"@id\":\"https:\/\/www.swiss-retail.ch\/fr\/news-fr\/plus-de-pragmatisme-que-demotion-faute-denthousiasme-dans-leurs-emplettes-les-clients-se-tournent-vers-les-prix\/#breadcrumb\",\"itemListElement\":[{\"@type\":\"ListItem\",\"position\":1,\"name\":\"Startseite\",\"item\":\"https:\/\/www.swiss-retail.ch\/fr\/homepage\/\"},{\"@type\":\"ListItem\",\"position\":2,\"name\":\"Plus de pragmatisme que d\u2019\u00e9motion : faute d\u2019enthousiasme dans leurs emplettes, les clients se tournent vers les prix\"}]},{\"@type\":\"Person\",\"@id\":\"https:\/\/www.swiss-retail.ch\/#\/schema\/person\/90a7fcdf88c0e2555aeadc29a168014b\",\"name\":\"swissretail\",\"url\":\"https:\/\/www.swiss-retail.ch\/fr\/author\/swissretail\/\"}]}<\/script>\n<!-- \/ Yoast SEO plugin. -->","yoast_head_json":{"title":"Plus de pragmatisme que d\u2019\u00e9motion : faute d\u2019enthousiasme dans leurs emplettes, les clients se tournent vers les prix -","robots":{"index":"index","follow":"follow","max-snippet":"max-snippet:-1","max-image-preview":"max-image-preview:large","max-video-preview":"max-video-preview:-1"},"canonical":"https:\/\/www.swiss-retail.ch\/fr\/news-fr\/plus-de-pragmatisme-que-demotion-faute-denthousiasme-dans-leurs-emplettes-les-clients-se-tournent-vers-les-prix\/","og_locale":"fr_FR","og_type":"article","og_title":"Plus de pragmatisme que d\u2019\u00e9motion : faute d\u2019enthousiasme dans leurs emplettes, les clients se tournent vers les prix -","og_url":"https:\/\/www.swiss-retail.ch\/fr\/news-fr\/plus-de-pragmatisme-que-demotion-faute-denthousiasme-dans-leurs-emplettes-les-clients-se-tournent-vers-les-prix\/","article_published_time":"2024-11-07T10:54:02+00:00","article_modified_time":"2024-11-15T11:04:36+00:00","twitter_card":"summary_large_image","twitter_image":"https:\/\/www.swiss-retail.ch\/wp-content\/uploads\/2024\/11\/DALL\u00b7E-2024-11-12-11.43.36-Create-an-image-for-a-press-release-titled-Pragmatic-over-Emotional_-Swiss-Consumers-Lack-Enthusiasm-for-Retail-and-Focus-on-Price.-Depict-a-modern-.webp","twitter_misc":{"\u00c9crit par":"swissretail","Dur\u00e9e de lecture estim\u00e9e":"4 minutes"},"schema":{"@context":"https:\/\/schema.org","@graph":[{"@type":"WebSite","@id":"https:\/\/www.swiss-retail.ch\/#website","url":"https:\/\/www.swiss-retail.ch\/","name":"","description":"Verband der Mittel- und Grossbetriebe des schweizerischen Detailhandels","potentialAction":[{"@type":"SearchAction","target":{"@type":"EntryPoint","urlTemplate":"https:\/\/www.swiss-retail.ch\/?s={search_term_string}"},"query-input":"required name=search_term_string"}],"inLanguage":"fr-FR"},{"@type":"ImageObject","@id":"https:\/\/www.swiss-retail.ch\/fr\/news-fr\/plus-de-pragmatisme-que-demotion-faute-denthousiasme-dans-leurs-emplettes-les-clients-se-tournent-vers-les-prix\/#primaryimage","inLanguage":"fr-FR","url":"https:\/\/www.swiss-retail.ch\/wp-content\/uploads\/2024\/11\/DALL\u00b7E-2024-11-12-11.43.36-Create-an-image-for-a-press-release-titled-Pragmatic-over-Emotional_-Swiss-Consumers-Lack-Enthusiasm-for-Retail-and-Focus-on-Price.-Depict-a-modern-.webp","contentUrl":"https:\/\/www.swiss-retail.ch\/wp-content\/uploads\/2024\/11\/DALL\u00b7E-2024-11-12-11.43.36-Create-an-image-for-a-press-release-titled-Pragmatic-over-Emotional_-Swiss-Consumers-Lack-Enthusiasm-for-Retail-and-Focus-on-Price.-Depict-a-modern-.webp","width":1792,"height":1024},{"@type":"WebPage","@id":"https:\/\/www.swiss-retail.ch\/fr\/news-fr\/plus-de-pragmatisme-que-demotion-faute-denthousiasme-dans-leurs-emplettes-les-clients-se-tournent-vers-les-prix\/#webpage","url":"https:\/\/www.swiss-retail.ch\/fr\/news-fr\/plus-de-pragmatisme-que-demotion-faute-denthousiasme-dans-leurs-emplettes-les-clients-se-tournent-vers-les-prix\/","name":"Plus de pragmatisme que d\u2019\u00e9motion : faute d\u2019enthousiasme dans leurs emplettes, les clients se tournent vers les prix -","isPartOf":{"@id":"https:\/\/www.swiss-retail.ch\/#website"},"primaryImageOfPage":{"@id":"https:\/\/www.swiss-retail.ch\/fr\/news-fr\/plus-de-pragmatisme-que-demotion-faute-denthousiasme-dans-leurs-emplettes-les-clients-se-tournent-vers-les-prix\/#primaryimage"},"datePublished":"2024-11-07T10:54:02+00:00","dateModified":"2024-11-15T11:04:36+00:00","author":{"@id":"https:\/\/www.swiss-retail.ch\/#\/schema\/person\/90a7fcdf88c0e2555aeadc29a168014b"},"breadcrumb":{"@id":"https:\/\/www.swiss-retail.ch\/fr\/news-fr\/plus-de-pragmatisme-que-demotion-faute-denthousiasme-dans-leurs-emplettes-les-clients-se-tournent-vers-les-prix\/#breadcrumb"},"inLanguage":"fr-FR","potentialAction":[{"@type":"ReadAction","target":["https:\/\/www.swiss-retail.ch\/fr\/news-fr\/plus-de-pragmatisme-que-demotion-faute-denthousiasme-dans-leurs-emplettes-les-clients-se-tournent-vers-les-prix\/"]}]},{"@type":"BreadcrumbList","@id":"https:\/\/www.swiss-retail.ch\/fr\/news-fr\/plus-de-pragmatisme-que-demotion-faute-denthousiasme-dans-leurs-emplettes-les-clients-se-tournent-vers-les-prix\/#breadcrumb","itemListElement":[{"@type":"ListItem","position":1,"name":"Startseite","item":"https:\/\/www.swiss-retail.ch\/fr\/homepage\/"},{"@type":"ListItem","position":2,"name":"Plus de pragmatisme que d\u2019\u00e9motion : faute d\u2019enthousiasme dans leurs emplettes, les clients se tournent vers les prix"}]},{"@type":"Person","@id":"https:\/\/www.swiss-retail.ch\/#\/schema\/person\/90a7fcdf88c0e2555aeadc29a168014b","name":"swissretail","url":"https:\/\/www.swiss-retail.ch\/fr\/author\/swissretail\/"}]}},"_links":{"self":[{"href":"https:\/\/www.swiss-retail.ch\/fr\/wp-json\/wp\/v2\/posts\/17552"}],"collection":[{"href":"https:\/\/www.swiss-retail.ch\/fr\/wp-json\/wp\/v2\/posts"}],"about":[{"href":"https:\/\/www.swiss-retail.ch\/fr\/wp-json\/wp\/v2\/types\/post"}],"author":[{"embeddable":true,"href":"https:\/\/www.swiss-retail.ch\/fr\/wp-json\/wp\/v2\/users\/5"}],"replies":[{"embeddable":true,"href":"https:\/\/www.swiss-retail.ch\/fr\/wp-json\/wp\/v2\/comments?post=17552"}],"version-history":[{"count":4,"href":"https:\/\/www.swiss-retail.ch\/fr\/wp-json\/wp\/v2\/posts\/17552\/revisions"}],"predecessor-version":[{"id":17663,"href":"https:\/\/www.swiss-retail.ch\/fr\/wp-json\/wp\/v2\/posts\/17552\/revisions\/17663"}],"wp:featuredmedia":[{"embeddable":true,"href":"https:\/\/www.swiss-retail.ch\/fr\/wp-json\/wp\/v2\/media\/17551"}],"wp:attachment":[{"href":"https:\/\/www.swiss-retail.ch\/fr\/wp-json\/wp\/v2\/media?parent=17552"}],"wp:term":[{"taxonomy":"category","embeddable":true,"href":"https:\/\/www.swiss-retail.ch\/fr\/wp-json\/wp\/v2\/categories?post=17552"},{"taxonomy":"post_tag","embeddable":true,"href":"https:\/\/www.swiss-retail.ch\/fr\/wp-json\/wp\/v2\/tags?post=17552"}],"curies":[{"name":"wp","href":"https:\/\/api.w.org\/{rel}","templated":true}]}}