{"id":18283,"date":"2025-05-01T10:16:29","date_gmt":"2025-05-01T08:16:29","guid":{"rendered":"https:\/\/www.swiss-retail.ch\/?p=18283"},"modified":"2025-05-01T10:18:21","modified_gmt":"2025-05-01T08:18:21","slug":"le-rapport-annuel-2024-de-swiss-retail-federation","status":"publish","type":"post","link":"https:\/\/www.swiss-retail.ch\/fr\/rapports-annuels\/le-rapport-annuel-2024-de-swiss-retail-federation\/","title":{"rendered":"LE RAPPORT ANNUEL 2024 DE SWISS RETAIL FEDERATION"},"content":{"rendered":"<p><!--more--><\/p>\n<p>&nbsp;<\/p>\n<p>SWISS RETAIL FEDERATION a publi\u00e9 son nouveau rapport annuel.<\/p>\n<p>Le rapport annuel peut \u00eatre obtenu <a href=\"https:\/\/www.swiss-retail.ch\/wp-content\/uploads\/2025\/05\/Jahresbericht-2024-FR.pdf\">ici en format PDF<\/a>. Pour obtenir des exemplaires physiques, veuillez vous adresser au secr\u00e9tariat.<\/p>\n","protected":false},"excerpt":{"rendered":"","protected":false},"author":5,"featured_media":0,"comment_status":"closed","ping_status":"closed","sticky":false,"template":"","format":"standard","meta":[],"categories":[59],"tags":[],"yoast_head":"<!-- This site is optimized with the Yoast SEO plugin v18.5.1 - https:\/\/yoast.com\/wordpress\/plugins\/seo\/ -->\n<title>LE RAPPORT ANNUEL 2024 DE SWISS RETAIL FEDERATION -<\/title>\n<meta name=\"robots\" content=\"index, follow, max-snippet:-1, max-image-preview:large, max-video-preview:-1\" \/>\n<link rel=\"canonical\" href=\"https:\/\/www.swiss-retail.ch\/fr\/rapports-annuels\/le-rapport-annuel-2024-de-swiss-retail-federation\/\" \/>\n<meta property=\"og:locale\" content=\"fr_FR\" \/>\n<meta property=\"og:type\" content=\"article\" \/>\n<meta property=\"og:title\" content=\"LE RAPPORT ANNUEL 2024 DE SWISS RETAIL FEDERATION -\" \/>\n<meta property=\"og:url\" content=\"https:\/\/www.swiss-retail.ch\/fr\/rapports-annuels\/le-rapport-annuel-2024-de-swiss-retail-federation\/\" \/>\n<meta property=\"article:published_time\" content=\"2025-05-01T08:16:29+00:00\" \/>\n<meta property=\"article:modified_time\" content=\"2025-05-01T08:18:21+00:00\" \/>\n<meta name=\"twitter:card\" content=\"summary_large_image\" \/>\n<meta name=\"twitter:label1\" content=\"\u00c9crit par\" \/>\n\t<meta name=\"twitter:data1\" content=\"swissretail\" \/>\n\t<meta name=\"twitter:label2\" content=\"Dur\u00e9e de lecture estim\u00e9e\" \/>\n\t<meta name=\"twitter:data2\" content=\"1 minute\" \/>\n<script type=\"application\/ld+json\" class=\"yoast-schema-graph\">{\"@context\":\"https:\/\/schema.org\",\"@graph\":[{\"@type\":\"WebSite\",\"@id\":\"https:\/\/www.swiss-retail.ch\/#website\",\"url\":\"https:\/\/www.swiss-retail.ch\/\",\"name\":\"\",\"description\":\"Verband der Mittel- und Grossbetriebe des schweizerischen Detailhandels\",\"potentialAction\":[{\"@type\":\"SearchAction\",\"target\":{\"@type\":\"EntryPoint\",\"urlTemplate\":\"https:\/\/www.swiss-retail.ch\/?s={search_term_string}\"},\"query-input\":\"required name=search_term_string\"}],\"inLanguage\":\"fr-FR\"},{\"@type\":\"WebPage\",\"@id\":\"https:\/\/www.swiss-retail.ch\/fr\/rapports-annuels\/le-rapport-annuel-2024-de-swiss-retail-federation\/#webpage\",\"url\":\"https:\/\/www.swiss-retail.ch\/fr\/rapports-annuels\/le-rapport-annuel-2024-de-swiss-retail-federation\/\",\"name\":\"LE RAPPORT ANNUEL 2024 DE SWISS RETAIL FEDERATION -\",\"isPartOf\":{\"@id\":\"https:\/\/www.swiss-retail.ch\/#website\"},\"datePublished\":\"2025-05-01T08:16:29+00:00\",\"dateModified\":\"2025-05-01T08:18:21+00:00\",\"author\":{\"@id\":\"https:\/\/www.swiss-retail.ch\/#\/schema\/person\/90a7fcdf88c0e2555aeadc29a168014b\"},\"breadcrumb\":{\"@id\":\"https:\/\/www.swiss-retail.ch\/fr\/rapports-annuels\/le-rapport-annuel-2024-de-swiss-retail-federation\/#breadcrumb\"},\"inLanguage\":\"fr-FR\",\"potentialAction\":[{\"@type\":\"ReadAction\",\"target\":[\"https:\/\/www.swiss-retail.ch\/fr\/rapports-annuels\/le-rapport-annuel-2024-de-swiss-retail-federation\/\"]}]},{\"@type\":\"BreadcrumbList\",\"@id\":\"https:\/\/www.swiss-retail.ch\/fr\/rapports-annuels\/le-rapport-annuel-2024-de-swiss-retail-federation\/#breadcrumb\",\"itemListElement\":[{\"@type\":\"ListItem\",\"position\":1,\"name\":\"Startseite\",\"item\":\"https:\/\/www.swiss-retail.ch\/fr\/homepage\/\"},{\"@type\":\"ListItem\",\"position\":2,\"name\":\"LE RAPPORT ANNUEL 2024 DE SWISS RETAIL FEDERATION\"}]},{\"@type\":\"Person\",\"@id\":\"https:\/\/www.swiss-retail.ch\/#\/schema\/person\/90a7fcdf88c0e2555aeadc29a168014b\",\"name\":\"swissretail\",\"url\":\"https:\/\/www.swiss-retail.ch\/fr\/author\/swissretail\/\"}]}<\/script>\n<!-- \/ Yoast SEO plugin. -->","yoast_head_json":{"title":"LE RAPPORT ANNUEL 2024 DE SWISS RETAIL FEDERATION -","robots":{"index":"index","follow":"follow","max-snippet":"max-snippet:-1","max-image-preview":"max-image-preview:large","max-video-preview":"max-video-preview:-1"},"canonical":"https:\/\/www.swiss-retail.ch\/fr\/rapports-annuels\/le-rapport-annuel-2024-de-swiss-retail-federation\/","og_locale":"fr_FR","og_type":"article","og_title":"LE RAPPORT ANNUEL 2024 DE SWISS RETAIL FEDERATION -","og_url":"https:\/\/www.swiss-retail.ch\/fr\/rapports-annuels\/le-rapport-annuel-2024-de-swiss-retail-federation\/","article_published_time":"2025-05-01T08:16:29+00:00","article_modified_time":"2025-05-01T08:18:21+00:00","twitter_card":"summary_large_image","twitter_misc":{"\u00c9crit par":"swissretail","Dur\u00e9e de lecture estim\u00e9e":"1 minute"},"schema":{"@context":"https:\/\/schema.org","@graph":[{"@type":"WebSite","@id":"https:\/\/www.swiss-retail.ch\/#website","url":"https:\/\/www.swiss-retail.ch\/","name":"","description":"Verband der Mittel- und Grossbetriebe des schweizerischen Detailhandels","potentialAction":[{"@type":"SearchAction","target":{"@type":"EntryPoint","urlTemplate":"https:\/\/www.swiss-retail.ch\/?s={search_term_string}"},"query-input":"required name=search_term_string"}],"inLanguage":"fr-FR"},{"@type":"WebPage","@id":"https:\/\/www.swiss-retail.ch\/fr\/rapports-annuels\/le-rapport-annuel-2024-de-swiss-retail-federation\/#webpage","url":"https:\/\/www.swiss-retail.ch\/fr\/rapports-annuels\/le-rapport-annuel-2024-de-swiss-retail-federation\/","name":"LE RAPPORT ANNUEL 2024 DE SWISS RETAIL FEDERATION -","isPartOf":{"@id":"https:\/\/www.swiss-retail.ch\/#website"},"datePublished":"2025-05-01T08:16:29+00:00","dateModified":"2025-05-01T08:18:21+00:00","author":{"@id":"https:\/\/www.swiss-retail.ch\/#\/schema\/person\/90a7fcdf88c0e2555aeadc29a168014b"},"breadcrumb":{"@id":"https:\/\/www.swiss-retail.ch\/fr\/rapports-annuels\/le-rapport-annuel-2024-de-swiss-retail-federation\/#breadcrumb"},"inLanguage":"fr-FR","potentialAction":[{"@type":"ReadAction","target":["https:\/\/www.swiss-retail.ch\/fr\/rapports-annuels\/le-rapport-annuel-2024-de-swiss-retail-federation\/"]}]},{"@type":"BreadcrumbList","@id":"https:\/\/www.swiss-retail.ch\/fr\/rapports-annuels\/le-rapport-annuel-2024-de-swiss-retail-federation\/#breadcrumb","itemListElement":[{"@type":"ListItem","position":1,"name":"Startseite","item":"https:\/\/www.swiss-retail.ch\/fr\/homepage\/"},{"@type":"ListItem","position":2,"name":"LE RAPPORT ANNUEL 2024 DE SWISS RETAIL FEDERATION"}]},{"@type":"Person","@id":"https:\/\/www.swiss-retail.ch\/#\/schema\/person\/90a7fcdf88c0e2555aeadc29a168014b","name":"swissretail","url":"https:\/\/www.swiss-retail.ch\/fr\/author\/swissretail\/"}]}},"_links":{"self":[{"href":"https:\/\/www.swiss-retail.ch\/fr\/wp-json\/wp\/v2\/posts\/18283"}],"collection":[{"href":"https:\/\/www.swiss-retail.ch\/fr\/wp-json\/wp\/v2\/posts"}],"about":[{"href":"https:\/\/www.swiss-retail.ch\/fr\/wp-json\/wp\/v2\/types\/post"}],"author":[{"embeddable":true,"href":"https:\/\/www.swiss-retail.ch\/fr\/wp-json\/wp\/v2\/users\/5"}],"replies":[{"embeddable":true,"href":"https:\/\/www.swiss-retail.ch\/fr\/wp-json\/wp\/v2\/comments?post=18283"}],"version-history":[{"count":3,"href":"https:\/\/www.swiss-retail.ch\/fr\/wp-json\/wp\/v2\/posts\/18283\/revisions"}],"predecessor-version":[{"id":18286,"href":"https:\/\/www.swiss-retail.ch\/fr\/wp-json\/wp\/v2\/posts\/18283\/revisions\/18286"}],"wp:attachment":[{"href":"https:\/\/www.swiss-retail.ch\/fr\/wp-json\/wp\/v2\/media?parent=18283"}],"wp:term":[{"taxonomy":"category","embeddable":true,"href":"https:\/\/www.swiss-retail.ch\/fr\/wp-json\/wp\/v2\/categories?post=18283"},{"taxonomy":"post_tag","embeddable":true,"href":"https:\/\/www.swiss-retail.ch\/fr\/wp-json\/wp\/v2\/tags?post=18283"}],"curies":[{"name":"wp","href":"https:\/\/api.w.org\/{rel}","templated":true}]}}