{"id":18491,"date":"2025-05-28T11:39:53","date_gmt":"2025-05-28T09:39:53","guid":{"rendered":"https:\/\/www.swiss-retail.ch\/?p=18491"},"modified":"2025-05-28T11:39:53","modified_gmt":"2025-05-28T09:39:53","slug":"86e-assemblee-generale-swiss-retail-day-2025","status":"publish","type":"post","link":"https:\/\/www.swiss-retail.ch\/fr\/medienmitteilung-fr\/86e-assemblee-generale-swiss-retail-day-2025\/","title":{"rendered":"86e assembl\u00e9e g\u00e9n\u00e9rale \/ SWISS RETAIL DAY 2025"},"content":{"rendered":"<section class=\"av_textblock_section \"  itemscope=\"itemscope\" itemtype=\"https:\/\/schema.org\/BlogPosting\" itemprop=\"blogPost\" ><div class='avia_textblock  '   itemprop=\"text\" ><h2>Impressions du SWISS RETAIL DAY de SWISS RETAIL FEDERATION du 27 mai 2025 &#8211; 86e assembl\u00e9e g\u00e9n\u00e9rale et congr\u00e8s sous le th\u00e8me \u00ab Retail Panorama &#8211; Nouvelles perspectives \u00bb.<\/h2>\n<\/div><\/section>\n<div  class='av-horizontal-gallery av-horizontal-gallery-large-gap av-horizontal-gallery-enlarge-effect av-horizontal-gallery-1  avia-builder-el-1  el_after_av_textblock  avia-builder-el-last  av-control-default '  itemprop=\"image\" itemscope=\"itemscope\" itemtype=\"https:\/\/schema.org\/ImageObject\"  style='padding: 3.75% 0px;' data-av-enlarge='1.3'  ><div class='avia-slideshow-arrows avia-slideshow-controls'><a href='#prev' class='prev-slide av-horizontal-gallery-prev' aria-hidden='true' data-av_icon='\ue87c' data-av_iconfont='entypo-fontello'>Pr\u00e9c\u00e9dent<\/a><a href='#next' class='next-slide av-horizontal-gallery-next' aria-hidden='true' data-av_icon='\ue87d' data-av_iconfont='entypo-fontello'>Suivant <\/a><\/div><div class='av-horizontal-gallery-inner' style='padding-bottom:25%' data-av-height='25'><div class='av-horizontal-gallery-slider'><div class='av-horizontal-gallery-wrap noHover'><img class='av-horizontal-gallery-img' width='1030' height='687' src='https:\/\/www.swiss-retail.ch\/wp-content\/uploads\/2025\/05\/MG_3834-1030x687.jpg' title='_MG_3834' alt='' \/><a href='https:\/\/www.swiss-retail.ch\/wp-content\/uploads\/2025\/05\/MG_3834-1030x687.jpg'  class='av-horizontal-gallery-link' aria-hidden='true' data-av_icon='\ue869' data-av_iconfont='entypo-fontello' title='_MG_3834'><\/a><\/div><div class='av-horizontal-gallery-wrap noHover'><img class='av-horizontal-gallery-img' width='1030' height='687' src='https:\/\/www.swiss-retail.ch\/wp-content\/uploads\/2025\/05\/MG_3844-1030x687.jpg' title='_MG_3844' alt='' \/><a href='https:\/\/www.swiss-retail.ch\/wp-content\/uploads\/2025\/05\/MG_3844-1030x687.jpg'  class='av-horizontal-gallery-link' aria-hidden='true' data-av_icon='\ue869' data-av_iconfont='entypo-fontello' title='_MG_3844'><\/a><\/div><div class='av-horizontal-gallery-wrap noHover'><img class='av-horizontal-gallery-img' width='1030' height='686' src='https:\/\/www.swiss-retail.ch\/wp-content\/uploads\/2025\/05\/MG_3868-1030x686.jpg' title='_MG_3868' alt='' \/><a href='https:\/\/www.swiss-retail.ch\/wp-content\/uploads\/2025\/05\/MG_3868-1030x686.jpg'  class='av-horizontal-gallery-link' aria-hidden='true' data-av_icon='\ue869' data-av_iconfont='entypo-fontello' title='_MG_3868'><\/a><\/div><div class='av-horizontal-gallery-wrap noHover'><img class='av-horizontal-gallery-img' width='1030' height='687' src='https:\/\/www.swiss-retail.ch\/wp-content\/uploads\/2025\/05\/MG_3919-1030x687.jpg' title='_MG_3919' alt='' \/><a href='https:\/\/www.swiss-retail.ch\/wp-content\/uploads\/2025\/05\/MG_3919-1030x687.jpg'  class='av-horizontal-gallery-link' aria-hidden='true' data-av_icon='\ue869' data-av_iconfont='entypo-fontello' title='_MG_3919'><\/a><\/div><div class='av-horizontal-gallery-wrap noHover'><img class='av-horizontal-gallery-img' width='1030' height='687' src='https:\/\/www.swiss-retail.ch\/wp-content\/uploads\/2025\/05\/MG_3951-1030x687.jpg' title='_MG_3951' alt='' \/><a href='https:\/\/www.swiss-retail.ch\/wp-content\/uploads\/2025\/05\/MG_3951-1030x687.jpg'  class='av-horizontal-gallery-link' aria-hidden='true' data-av_icon='\ue869' data-av_iconfont='entypo-fontello' title='_MG_3951'><\/a><\/div><div class='av-horizontal-gallery-wrap noHover'><img class='av-horizontal-gallery-img' width='1030' height='686' src='https:\/\/www.swiss-retail.ch\/wp-content\/uploads\/2025\/05\/MG_3966-1030x686.jpg' title='_MG_3966' alt='' \/><a href='https:\/\/www.swiss-retail.ch\/wp-content\/uploads\/2025\/05\/MG_3966-1030x686.jpg'  class='av-horizontal-gallery-link' aria-hidden='true' data-av_icon='\ue869' data-av_iconfont='entypo-fontello' title='_MG_3966'><\/a><\/div><div class='av-horizontal-gallery-wrap noHover'><img class='av-horizontal-gallery-img' width='1030' height='687' src='https:\/\/www.swiss-retail.ch\/wp-content\/uploads\/2025\/05\/MG_4030-1030x687.jpg' title='_MG_4030' alt='' \/><a href='https:\/\/www.swiss-retail.ch\/wp-content\/uploads\/2025\/05\/MG_4030-1030x687.jpg'  class='av-horizontal-gallery-link' aria-hidden='true' data-av_icon='\ue869' data-av_iconfont='entypo-fontello' title='_MG_4030'><\/a><\/div><div class='av-horizontal-gallery-wrap noHover'><img class='av-horizontal-gallery-img' width='1030' height='687' src='https:\/\/www.swiss-retail.ch\/wp-content\/uploads\/2025\/05\/MG_4038-1030x687.jpg' title='_MG_4038' alt='' \/><a href='https:\/\/www.swiss-retail.ch\/wp-content\/uploads\/2025\/05\/MG_4038-1030x687.jpg'  class='av-horizontal-gallery-link' aria-hidden='true' data-av_icon='\ue869' data-av_iconfont='entypo-fontello' title='_MG_4038'><\/a><\/div><div class='av-horizontal-gallery-wrap noHover'><img class='av-horizontal-gallery-img' width='1030' height='687' src='https:\/\/www.swiss-retail.ch\/wp-content\/uploads\/2025\/05\/MG_4040-1030x687.jpg' title='_MG_4040' alt='' \/><a href='https:\/\/www.swiss-retail.ch\/wp-content\/uploads\/2025\/05\/MG_4040-1030x687.jpg'  class='av-horizontal-gallery-link' aria-hidden='true' data-av_icon='\ue869' data-av_iconfont='entypo-fontello' title='_MG_4040'><\/a><\/div><div class='av-horizontal-gallery-wrap noHover'><img class='av-horizontal-gallery-img' width='687' height='1030' src='https:\/\/www.swiss-retail.ch\/wp-content\/uploads\/2025\/05\/MG_4044-687x1030.jpg' title='_MG_4044' alt='' \/><a href='https:\/\/www.swiss-retail.ch\/wp-content\/uploads\/2025\/05\/MG_4044-687x1030.jpg'  class='av-horizontal-gallery-link' aria-hidden='true' data-av_icon='\ue869' data-av_iconfont='entypo-fontello' title='_MG_4044'><\/a><\/div><div class='av-horizontal-gallery-wrap noHover'><img class='av-horizontal-gallery-img' width='1030' height='686' src='https:\/\/www.swiss-retail.ch\/wp-content\/uploads\/2025\/05\/MG_4048-1030x686.jpg' title='_MG_4048' alt='' \/><a href='https:\/\/www.swiss-retail.ch\/wp-content\/uploads\/2025\/05\/MG_4048-1030x686.jpg'  class='av-horizontal-gallery-link' aria-hidden='true' data-av_icon='\ue869' data-av_iconfont='entypo-fontello' title='_MG_4048'><\/a><\/div><div class='av-horizontal-gallery-wrap noHover'><img class='av-horizontal-gallery-img' width='1030' height='687' src='https:\/\/www.swiss-retail.ch\/wp-content\/uploads\/2025\/05\/MG_4049-1030x687.jpg' title='_MG_4049' alt='' \/><a href='https:\/\/www.swiss-retail.ch\/wp-content\/uploads\/2025\/05\/MG_4049-1030x687.jpg'  class='av-horizontal-gallery-link' aria-hidden='true' data-av_icon='\ue869' data-av_iconfont='entypo-fontello' title='_MG_4049'><\/a><\/div><div class='av-horizontal-gallery-wrap noHover'><img class='av-horizontal-gallery-img' width='1030' height='687' src='https:\/\/www.swiss-retail.ch\/wp-content\/uploads\/2025\/05\/MG_4059-1030x687.jpg' title='_MG_4059' alt='' \/><a href='https:\/\/www.swiss-retail.ch\/wp-content\/uploads\/2025\/05\/MG_4059-1030x687.jpg'  class='av-horizontal-gallery-link' aria-hidden='true' data-av_icon='\ue869' data-av_iconfont='entypo-fontello' title='_MG_4059'><\/a><\/div><div class='av-horizontal-gallery-wrap noHover'><img class='av-horizontal-gallery-img' width='1030' height='687' src='https:\/\/www.swiss-retail.ch\/wp-content\/uploads\/2025\/05\/MG_4068-1030x687.jpg' title='_MG_4068' alt='' \/><a href='https:\/\/www.swiss-retail.ch\/wp-content\/uploads\/2025\/05\/MG_4068-1030x687.jpg'  class='av-horizontal-gallery-link' aria-hidden='true' data-av_icon='\ue869' data-av_iconfont='entypo-fontello' title='_MG_4068'><\/a><\/div><div class='av-horizontal-gallery-wrap noHover'><img class='av-horizontal-gallery-img' width='1030' height='686' src='https:\/\/www.swiss-retail.ch\/wp-content\/uploads\/2025\/05\/MG_4104-1030x686.jpg' title='_MG_4104' alt='' \/><a href='https:\/\/www.swiss-retail.ch\/wp-content\/uploads\/2025\/05\/MG_4104-1030x686.jpg'  class='av-horizontal-gallery-link' aria-hidden='true' data-av_icon='\ue869' data-av_iconfont='entypo-fontello' title='_MG_4104'><\/a><\/div><div class='av-horizontal-gallery-wrap noHover'><img class='av-horizontal-gallery-img' width='1030' height='687' src='https:\/\/www.swiss-retail.ch\/wp-content\/uploads\/2025\/05\/MG_4134-1030x687.jpg' title='_MG_4134' alt='' \/><a href='https:\/\/www.swiss-retail.ch\/wp-content\/uploads\/2025\/05\/MG_4134-1030x687.jpg'  class='av-horizontal-gallery-link' aria-hidden='true' data-av_icon='\ue869' data-av_iconfont='entypo-fontello' title='_MG_4134'><\/a><\/div><div class='av-horizontal-gallery-wrap noHover'><img class='av-horizontal-gallery-img' width='1030' height='687' src='https:\/\/www.swiss-retail.ch\/wp-content\/uploads\/2025\/05\/MG_4158-1030x687.jpg' title='_MG_4158' alt='' \/><a href='https:\/\/www.swiss-retail.ch\/wp-content\/uploads\/2025\/05\/MG_4158-1030x687.jpg'  class='av-horizontal-gallery-link' aria-hidden='true' data-av_icon='\ue869' data-av_iconfont='entypo-fontello' title='_MG_4158'><\/a><\/div><div class='av-horizontal-gallery-wrap noHover'><img class='av-horizontal-gallery-img' width='1030' height='687' src='https:\/\/www.swiss-retail.ch\/wp-content\/uploads\/2025\/05\/MG_4179-1030x687.jpg' title='_MG_4179' alt='' \/><a href='https:\/\/www.swiss-retail.ch\/wp-content\/uploads\/2025\/05\/MG_4179-1030x687.jpg'  class='av-horizontal-gallery-link' aria-hidden='true' data-av_icon='\ue869' data-av_iconfont='entypo-fontello' title='_MG_4179'><\/a><\/div><div class='av-horizontal-gallery-wrap noHover'><img class='av-horizontal-gallery-img' width='1030' height='687' src='https:\/\/www.swiss-retail.ch\/wp-content\/uploads\/2025\/05\/MG_4192-1030x687.jpg' title='_MG_4192' alt='' \/><a href='https:\/\/www.swiss-retail.ch\/wp-content\/uploads\/2025\/05\/MG_4192-1030x687.jpg'  class='av-horizontal-gallery-link' aria-hidden='true' data-av_icon='\ue869' data-av_iconfont='entypo-fontello' title='_MG_4192'><\/a><\/div><div class='av-horizontal-gallery-wrap noHover'><img class='av-horizontal-gallery-img' width='1030' height='687' src='https:\/\/www.swiss-retail.ch\/wp-content\/uploads\/2025\/05\/MG_4194-1030x687.jpg' title='_MG_4194' alt='' \/><a href='https:\/\/www.swiss-retail.ch\/wp-content\/uploads\/2025\/05\/MG_4194-1030x687.jpg'  class='av-horizontal-gallery-link' aria-hidden='true' data-av_icon='\ue869' data-av_iconfont='entypo-fontello' title='_MG_4194'><\/a><\/div><div class='av-horizontal-gallery-wrap noHover'><img class='av-horizontal-gallery-img' width='1030' height='686' src='https:\/\/www.swiss-retail.ch\/wp-content\/uploads\/2025\/05\/MG_4202-1030x686.jpg' title='_MG_4202' alt='' \/><a href='https:\/\/www.swiss-retail.ch\/wp-content\/uploads\/2025\/05\/MG_4202-1030x686.jpg'  class='av-horizontal-gallery-link' aria-hidden='true' data-av_icon='\ue869' data-av_iconfont='entypo-fontello' title='_MG_4202'><\/a><\/div><div class='av-horizontal-gallery-wrap noHover'><img class='av-horizontal-gallery-img' width='1030' height='687' src='https:\/\/www.swiss-retail.ch\/wp-content\/uploads\/2025\/05\/MG_4240-1030x687.jpg' title='_MG_4240' alt='' \/><a href='https:\/\/www.swiss-retail.ch\/wp-content\/uploads\/2025\/05\/MG_4240-1030x687.jpg'  class='av-horizontal-gallery-link' aria-hidden='true' data-av_icon='\ue869' data-av_iconfont='entypo-fontello' title='_MG_4240'><\/a><\/div><div class='av-horizontal-gallery-wrap noHover'><img class='av-horizontal-gallery-img' width='1030' height='687' src='https:\/\/www.swiss-retail.ch\/wp-content\/uploads\/2025\/05\/MG_4312-1030x687.jpg' title='_MG_4312' alt='' \/><a href='https:\/\/www.swiss-retail.ch\/wp-content\/uploads\/2025\/05\/MG_4312-1030x687.jpg'  class='av-horizontal-gallery-link' aria-hidden='true' data-av_icon='\ue869' data-av_iconfont='entypo-fontello' title='_MG_4312'><\/a><\/div><div class='av-horizontal-gallery-wrap noHover'><img class='av-horizontal-gallery-img' width='1030' height='687' src='https:\/\/www.swiss-retail.ch\/wp-content\/uploads\/2025\/05\/MG_4328-1030x687.jpg' title='_MG_4328' alt='' \/><a href='https:\/\/www.swiss-retail.ch\/wp-content\/uploads\/2025\/05\/MG_4328-1030x687.jpg'  class='av-horizontal-gallery-link' aria-hidden='true' data-av_icon='\ue869' data-av_iconfont='entypo-fontello' title='_MG_4328'><\/a><\/div><div class='av-horizontal-gallery-wrap noHover'><img class='av-horizontal-gallery-img' width='1030' height='687' src='https:\/\/www.swiss-retail.ch\/wp-content\/uploads\/2025\/05\/MG_4369-1030x687.jpg' title='_MG_4369' alt='' \/><a href='https:\/\/www.swiss-retail.ch\/wp-content\/uploads\/2025\/05\/MG_4369-1030x687.jpg'  class='av-horizontal-gallery-link' aria-hidden='true' data-av_icon='\ue869' data-av_iconfont='entypo-fontello' title='_MG_4369'><\/a><\/div><div class='av-horizontal-gallery-wrap noHover'><img class='av-horizontal-gallery-img' width='1030' height='687' src='https:\/\/www.swiss-retail.ch\/wp-content\/uploads\/2025\/05\/MG_4385-1030x687.jpg' title='_MG_4385' alt='' \/><a href='https:\/\/www.swiss-retail.ch\/wp-content\/uploads\/2025\/05\/MG_4385-1030x687.jpg'  class='av-horizontal-gallery-link' aria-hidden='true' data-av_icon='\ue869' data-av_iconfont='entypo-fontello' title='_MG_4385'><\/a><\/div><div class='av-horizontal-gallery-wrap noHover'><img class='av-horizontal-gallery-img' width='1030' height='686' src='https:\/\/www.swiss-retail.ch\/wp-content\/uploads\/2025\/05\/MG_4396-1030x686.jpg' title='_MG_4396' alt='' \/><a href='https:\/\/www.swiss-retail.ch\/wp-content\/uploads\/2025\/05\/MG_4396-1030x686.jpg'  class='av-horizontal-gallery-link' aria-hidden='true' data-av_icon='\ue869' data-av_iconfont='entypo-fontello' title='_MG_4396'><\/a><\/div><div class='av-horizontal-gallery-wrap noHover'><img class='av-horizontal-gallery-img' width='687' height='1030' src='https:\/\/www.swiss-retail.ch\/wp-content\/uploads\/2025\/05\/MG_4416-687x1030.jpg' title='_MG_4416' alt='' \/><a href='https:\/\/www.swiss-retail.ch\/wp-content\/uploads\/2025\/05\/MG_4416-687x1030.jpg'  class='av-horizontal-gallery-link' aria-hidden='true' data-av_icon='\ue869' data-av_iconfont='entypo-fontello' title='_MG_4416'><\/a><\/div><div class='av-horizontal-gallery-wrap noHover'><img class='av-horizontal-gallery-img' width='1030' height='687' src='https:\/\/www.swiss-retail.ch\/wp-content\/uploads\/2025\/05\/MG_4427-1030x687.jpg' title='_MG_4427' alt='' \/><a href='https:\/\/www.swiss-retail.ch\/wp-content\/uploads\/2025\/05\/MG_4427-1030x687.jpg'  class='av-horizontal-gallery-link' aria-hidden='true' data-av_icon='\ue869' data-av_iconfont='entypo-fontello' title='_MG_4427'><\/a><\/div><div class='av-horizontal-gallery-wrap noHover'><img class='av-horizontal-gallery-img' width='1030' height='686' src='https:\/\/www.swiss-retail.ch\/wp-content\/uploads\/2025\/05\/MG_4428-1030x686.jpg' title='_MG_4428' alt='' \/><a href='https:\/\/www.swiss-retail.ch\/wp-content\/uploads\/2025\/05\/MG_4428-1030x686.jpg'  class='av-horizontal-gallery-link' aria-hidden='true' data-av_icon='\ue869' data-av_iconfont='entypo-fontello' title='_MG_4428'><\/a><\/div><div class='av-horizontal-gallery-wrap noHover'><img class='av-horizontal-gallery-img' width='1030' height='687' src='https:\/\/www.swiss-retail.ch\/wp-content\/uploads\/2025\/05\/MG_4435-1030x687.jpg' title='_MG_4435' alt='' \/><a href='https:\/\/www.swiss-retail.ch\/wp-content\/uploads\/2025\/05\/MG_4435-1030x687.jpg'  class='av-horizontal-gallery-link' aria-hidden='true' data-av_icon='\ue869' data-av_iconfont='entypo-fontello' title='_MG_4435'><\/a><\/div><div class='av-horizontal-gallery-wrap noHover'><img class='av-horizontal-gallery-img' width='1030' height='686' src='https:\/\/www.swiss-retail.ch\/wp-content\/uploads\/2025\/05\/MG_4455-1030x686.jpg' title='_MG_4455' alt='' \/><a href='https:\/\/www.swiss-retail.ch\/wp-content\/uploads\/2025\/05\/MG_4455-1030x686.jpg'  class='av-horizontal-gallery-link' aria-hidden='true' data-av_icon='\ue869' data-av_iconfont='entypo-fontello' title='_MG_4455'><\/a><\/div><div class='av-horizontal-gallery-wrap noHover'><img class='av-horizontal-gallery-img' width='1030' height='686' src='https:\/\/www.swiss-retail.ch\/wp-content\/uploads\/2025\/05\/MG_4475-1030x686.jpg' title='_MG_4475' alt='' \/><a href='https:\/\/www.swiss-retail.ch\/wp-content\/uploads\/2025\/05\/MG_4475-1030x686.jpg'  class='av-horizontal-gallery-link' aria-hidden='true' data-av_icon='\ue869' data-av_iconfont='entypo-fontello' title='_MG_4475'><\/a><\/div><div class='av-horizontal-gallery-wrap noHover'><img class='av-horizontal-gallery-img' width='687' height='1030' src='https:\/\/www.swiss-retail.ch\/wp-content\/uploads\/2025\/05\/MG_4533-687x1030.jpg' title='_MG_4533' alt='' \/><a href='https:\/\/www.swiss-retail.ch\/wp-content\/uploads\/2025\/05\/MG_4533-687x1030.jpg'  class='av-horizontal-gallery-link' aria-hidden='true' data-av_icon='\ue869' data-av_iconfont='entypo-fontello' title='_MG_4533'><\/a><\/div><div class='av-horizontal-gallery-wrap noHover'><img class='av-horizontal-gallery-img' width='1030' height='687' src='https:\/\/www.swiss-retail.ch\/wp-content\/uploads\/2025\/05\/MG_4543-1030x687.jpg' title='_MG_4543' alt='' \/><a href='https:\/\/www.swiss-retail.ch\/wp-content\/uploads\/2025\/05\/MG_4543-1030x687.jpg'  class='av-horizontal-gallery-link' aria-hidden='true' data-av_icon='\ue869' data-av_iconfont='entypo-fontello' title='_MG_4543'><\/a><\/div><\/div><\/div><\/div>\n","protected":false},"excerpt":{"rendered":"","protected":false},"author":5,"featured_media":18431,"comment_status":"closed","ping_status":"closed","sticky":false,"template":"","format":"standard","meta":[],"categories":[69,64],"tags":[],"yoast_head":"<!-- This site is optimized with the Yoast SEO plugin v18.5.1 - https:\/\/yoast.com\/wordpress\/plugins\/seo\/ -->\n<title>86e assembl\u00e9e g\u00e9n\u00e9rale \/ SWISS RETAIL DAY 2025 -<\/title>\n<meta name=\"robots\" content=\"index, follow, max-snippet:-1, max-image-preview:large, max-video-preview:-1\" \/>\n<link rel=\"canonical\" href=\"https:\/\/www.swiss-retail.ch\/fr\/medienmitteilung-fr\/86e-assemblee-generale-swiss-retail-day-2025\/\" \/>\n<meta property=\"og:locale\" content=\"fr_FR\" \/>\n<meta property=\"og:type\" content=\"article\" \/>\n<meta property=\"og:title\" content=\"86e assembl\u00e9e g\u00e9n\u00e9rale \/ SWISS RETAIL DAY 2025 -\" \/>\n<meta property=\"og:url\" content=\"https:\/\/www.swiss-retail.ch\/fr\/medienmitteilung-fr\/86e-assemblee-generale-swiss-retail-day-2025\/\" \/>\n<meta property=\"article:published_time\" content=\"2025-05-28T09:39:53+00:00\" \/>\n<meta property=\"og:image\" content=\"https:\/\/www.swiss-retail.ch\/wp-content\/uploads\/2025\/05\/MG_4030-1030x687.jpg\" \/>\n\t<meta property=\"og:image:width\" content=\"1030\" \/>\n\t<meta property=\"og:image:height\" content=\"687\" \/>\n\t<meta property=\"og:image:type\" content=\"image\/jpeg\" \/>\n<meta name=\"twitter:card\" content=\"summary_large_image\" \/>\n<meta name=\"twitter:label1\" content=\"\u00c9crit par\" \/>\n\t<meta name=\"twitter:data1\" content=\"swissretail\" \/>\n<script type=\"application\/ld+json\" class=\"yoast-schema-graph\">{\"@context\":\"https:\/\/schema.org\",\"@graph\":[{\"@type\":\"WebSite\",\"@id\":\"https:\/\/www.swiss-retail.ch\/#website\",\"url\":\"https:\/\/www.swiss-retail.ch\/\",\"name\":\"\",\"description\":\"Verband der Mittel- und Grossbetriebe des schweizerischen Detailhandels\",\"potentialAction\":[{\"@type\":\"SearchAction\",\"target\":{\"@type\":\"EntryPoint\",\"urlTemplate\":\"https:\/\/www.swiss-retail.ch\/?s={search_term_string}\"},\"query-input\":\"required name=search_term_string\"}],\"inLanguage\":\"fr-FR\"},{\"@type\":\"ImageObject\",\"@id\":\"https:\/\/www.swiss-retail.ch\/fr\/medienmitteilung-fr\/86e-assemblee-generale-swiss-retail-day-2025\/#primaryimage\",\"inLanguage\":\"fr-FR\",\"url\":\"https:\/\/www.swiss-retail.ch\/wp-content\/uploads\/2025\/05\/MG_4030-scaled.jpg\",\"contentUrl\":\"https:\/\/www.swiss-retail.ch\/wp-content\/uploads\/2025\/05\/MG_4030-scaled.jpg\",\"width\":2560,\"height\":1706},{\"@type\":\"WebPage\",\"@id\":\"https:\/\/www.swiss-retail.ch\/fr\/medienmitteilung-fr\/86e-assemblee-generale-swiss-retail-day-2025\/#webpage\",\"url\":\"https:\/\/www.swiss-retail.ch\/fr\/medienmitteilung-fr\/86e-assemblee-generale-swiss-retail-day-2025\/\",\"name\":\"86e assembl\u00e9e g\u00e9n\u00e9rale \/ SWISS RETAIL DAY 2025 -\",\"isPartOf\":{\"@id\":\"https:\/\/www.swiss-retail.ch\/#website\"},\"primaryImageOfPage\":{\"@id\":\"https:\/\/www.swiss-retail.ch\/fr\/medienmitteilung-fr\/86e-assemblee-generale-swiss-retail-day-2025\/#primaryimage\"},\"datePublished\":\"2025-05-28T09:39:53+00:00\",\"dateModified\":\"2025-05-28T09:39:53+00:00\",\"author\":{\"@id\":\"https:\/\/www.swiss-retail.ch\/#\/schema\/person\/90a7fcdf88c0e2555aeadc29a168014b\"},\"breadcrumb\":{\"@id\":\"https:\/\/www.swiss-retail.ch\/fr\/medienmitteilung-fr\/86e-assemblee-generale-swiss-retail-day-2025\/#breadcrumb\"},\"inLanguage\":\"fr-FR\",\"potentialAction\":[{\"@type\":\"ReadAction\",\"target\":[\"https:\/\/www.swiss-retail.ch\/fr\/medienmitteilung-fr\/86e-assemblee-generale-swiss-retail-day-2025\/\"]}]},{\"@type\":\"BreadcrumbList\",\"@id\":\"https:\/\/www.swiss-retail.ch\/fr\/medienmitteilung-fr\/86e-assemblee-generale-swiss-retail-day-2025\/#breadcrumb\",\"itemListElement\":[{\"@type\":\"ListItem\",\"position\":1,\"name\":\"Startseite\",\"item\":\"https:\/\/www.swiss-retail.ch\/fr\/homepage\/\"},{\"@type\":\"ListItem\",\"position\":2,\"name\":\"86e assembl\u00e9e g\u00e9n\u00e9rale \/ SWISS RETAIL DAY 2025\"}]},{\"@type\":\"Person\",\"@id\":\"https:\/\/www.swiss-retail.ch\/#\/schema\/person\/90a7fcdf88c0e2555aeadc29a168014b\",\"name\":\"swissretail\",\"url\":\"https:\/\/www.swiss-retail.ch\/fr\/author\/swissretail\/\"}]}<\/script>\n<!-- \/ Yoast SEO plugin. -->","yoast_head_json":{"title":"86e assembl\u00e9e g\u00e9n\u00e9rale \/ SWISS RETAIL DAY 2025 -","robots":{"index":"index","follow":"follow","max-snippet":"max-snippet:-1","max-image-preview":"max-image-preview:large","max-video-preview":"max-video-preview:-1"},"canonical":"https:\/\/www.swiss-retail.ch\/fr\/medienmitteilung-fr\/86e-assemblee-generale-swiss-retail-day-2025\/","og_locale":"fr_FR","og_type":"article","og_title":"86e assembl\u00e9e g\u00e9n\u00e9rale \/ SWISS RETAIL DAY 2025 -","og_url":"https:\/\/www.swiss-retail.ch\/fr\/medienmitteilung-fr\/86e-assemblee-generale-swiss-retail-day-2025\/","article_published_time":"2025-05-28T09:39:53+00:00","og_image":[{"width":1030,"height":687,"url":"https:\/\/www.swiss-retail.ch\/wp-content\/uploads\/2025\/05\/MG_4030-1030x687.jpg","type":"image\/jpeg"}],"twitter_card":"summary_large_image","twitter_misc":{"\u00c9crit par":"swissretail"},"schema":{"@context":"https:\/\/schema.org","@graph":[{"@type":"WebSite","@id":"https:\/\/www.swiss-retail.ch\/#website","url":"https:\/\/www.swiss-retail.ch\/","name":"","description":"Verband der Mittel- und Grossbetriebe des schweizerischen Detailhandels","potentialAction":[{"@type":"SearchAction","target":{"@type":"EntryPoint","urlTemplate":"https:\/\/www.swiss-retail.ch\/?s={search_term_string}"},"query-input":"required name=search_term_string"}],"inLanguage":"fr-FR"},{"@type":"ImageObject","@id":"https:\/\/www.swiss-retail.ch\/fr\/medienmitteilung-fr\/86e-assemblee-generale-swiss-retail-day-2025\/#primaryimage","inLanguage":"fr-FR","url":"https:\/\/www.swiss-retail.ch\/wp-content\/uploads\/2025\/05\/MG_4030-scaled.jpg","contentUrl":"https:\/\/www.swiss-retail.ch\/wp-content\/uploads\/2025\/05\/MG_4030-scaled.jpg","width":2560,"height":1706},{"@type":"WebPage","@id":"https:\/\/www.swiss-retail.ch\/fr\/medienmitteilung-fr\/86e-assemblee-generale-swiss-retail-day-2025\/#webpage","url":"https:\/\/www.swiss-retail.ch\/fr\/medienmitteilung-fr\/86e-assemblee-generale-swiss-retail-day-2025\/","name":"86e assembl\u00e9e g\u00e9n\u00e9rale \/ SWISS RETAIL DAY 2025 -","isPartOf":{"@id":"https:\/\/www.swiss-retail.ch\/#website"},"primaryImageOfPage":{"@id":"https:\/\/www.swiss-retail.ch\/fr\/medienmitteilung-fr\/86e-assemblee-generale-swiss-retail-day-2025\/#primaryimage"},"datePublished":"2025-05-28T09:39:53+00:00","dateModified":"2025-05-28T09:39:53+00:00","author":{"@id":"https:\/\/www.swiss-retail.ch\/#\/schema\/person\/90a7fcdf88c0e2555aeadc29a168014b"},"breadcrumb":{"@id":"https:\/\/www.swiss-retail.ch\/fr\/medienmitteilung-fr\/86e-assemblee-generale-swiss-retail-day-2025\/#breadcrumb"},"inLanguage":"fr-FR","potentialAction":[{"@type":"ReadAction","target":["https:\/\/www.swiss-retail.ch\/fr\/medienmitteilung-fr\/86e-assemblee-generale-swiss-retail-day-2025\/"]}]},{"@type":"BreadcrumbList","@id":"https:\/\/www.swiss-retail.ch\/fr\/medienmitteilung-fr\/86e-assemblee-generale-swiss-retail-day-2025\/#breadcrumb","itemListElement":[{"@type":"ListItem","position":1,"name":"Startseite","item":"https:\/\/www.swiss-retail.ch\/fr\/homepage\/"},{"@type":"ListItem","position":2,"name":"86e assembl\u00e9e g\u00e9n\u00e9rale \/ SWISS RETAIL DAY 2025"}]},{"@type":"Person","@id":"https:\/\/www.swiss-retail.ch\/#\/schema\/person\/90a7fcdf88c0e2555aeadc29a168014b","name":"swissretail","url":"https:\/\/www.swiss-retail.ch\/fr\/author\/swissretail\/"}]}},"_links":{"self":[{"href":"https:\/\/www.swiss-retail.ch\/fr\/wp-json\/wp\/v2\/posts\/18491"}],"collection":[{"href":"https:\/\/www.swiss-retail.ch\/fr\/wp-json\/wp\/v2\/posts"}],"about":[{"href":"https:\/\/www.swiss-retail.ch\/fr\/wp-json\/wp\/v2\/types\/post"}],"author":[{"embeddable":true,"href":"https:\/\/www.swiss-retail.ch\/fr\/wp-json\/wp\/v2\/users\/5"}],"replies":[{"embeddable":true,"href":"https:\/\/www.swiss-retail.ch\/fr\/wp-json\/wp\/v2\/comments?post=18491"}],"version-history":[{"count":2,"href":"https:\/\/www.swiss-retail.ch\/fr\/wp-json\/wp\/v2\/posts\/18491\/revisions"}],"predecessor-version":[{"id":18493,"href":"https:\/\/www.swiss-retail.ch\/fr\/wp-json\/wp\/v2\/posts\/18491\/revisions\/18493"}],"wp:featuredmedia":[{"embeddable":true,"href":"https:\/\/www.swiss-retail.ch\/fr\/wp-json\/wp\/v2\/media\/18431"}],"wp:attachment":[{"href":"https:\/\/www.swiss-retail.ch\/fr\/wp-json\/wp\/v2\/media?parent=18491"}],"wp:term":[{"taxonomy":"category","embeddable":true,"href":"https:\/\/www.swiss-retail.ch\/fr\/wp-json\/wp\/v2\/categories?post=18491"},{"taxonomy":"post_tag","embeddable":true,"href":"https:\/\/www.swiss-retail.ch\/fr\/wp-json\/wp\/v2\/tags?post=18491"}],"curies":[{"name":"wp","href":"https:\/\/api.w.org\/{rel}","templated":true}]}}