{"id":19412,"date":"2025-12-08T12:42:40","date_gmt":"2025-12-08T11:42:40","guid":{"rendered":"https:\/\/www.swiss-retail.ch\/?p=19412"},"modified":"2025-12-08T12:42:40","modified_gmt":"2025-12-08T11:42:40","slug":"comment-le-commerce-chinois-grignote-le-marche-suisse","status":"publish","type":"post","link":"https:\/\/www.swiss-retail.ch\/fr\/swiss-retail-dans-les-medias\/comment-le-commerce-chinois-grignote-le-marche-suisse\/","title":{"rendered":"Comment l\u2019e-commerce chinois grignote le march\u00e9 suisse"},"content":{"rendered":"<section class=\"av_textblock_section \"  itemscope=\"itemscope\" itemtype=\"https:\/\/schema.org\/BlogPosting\" itemprop=\"blogPost\" ><div class='avia_textblock  '   itemprop=\"text\" ><h1><strong>Comment l\u2019e-commerce chinois grignote le march\u00e9 suisse<br \/>\n<\/strong><\/h1>\n<\/div><\/section>\n<div   class='hr hr-default   avia-builder-el-1  el_after_av_textblock  el_before_av_textblock '><span class='hr-inner ' ><span class='hr-inner-style'><\/span><\/span><\/div>\n<section class=\"av_textblock_section \"  itemscope=\"itemscope\" itemtype=\"https:\/\/schema.org\/BlogPosting\" itemprop=\"blogPost\" ><div class='avia_textblock  '   itemprop=\"text\" ><p><em>28 novembre 2025<br \/>\n<\/em><\/p>\n<p>Les g\u00e9ants asiatiques du commerce en ligne continuent de tisser leur toile. Alors que les d\u00e9taillants helv\u00e9tiques d\u00e9noncent une distorsion de concurrence, une r\u00e9gulation efficace de ces plateformes tarde \u00e0 se d\u00e9ployer.<\/p>\n<p><a href=\"https:\/\/www.letemps.ch\/economie\/comment-l-e-commerce-chinois-grignote-le-marche-suisse?srsltid=AfmBOoo1C3bG5OKB508RfjyfMwRpbrMVXRyHEZg3-x7SIJ1Bwp4usvgG\">Comment l\u2019e-commerce chinois grignote le march\u00e9 suisse &#8211; Le Temps<\/a><\/p>\n<\/div><\/section>\n<div   class='hr hr-default   avia-builder-el-3  el_after_av_textblock  el_before_av_social_share '><span class='hr-inner ' ><span class='hr-inner-style'><\/span><\/span><\/div>\n<div  class='av-social-sharing-box  avia-builder-el-4  el_after_av_hr  avia-builder-el-last  '><div class='av-share-box'><h5 class='av-share-link-description av-no-toc '>Eintrag teilen<\/h5><ul class='av-share-box-list noLightbox'><li class='av-share-link av-social-link-facebook' ><a target=\"_blank\" aria-label=\"Partager sur Facebook\" href='https:\/\/www.facebook.com\/sharer.php?u=https:\/\/www.swiss-retail.ch\/fr\/swiss-retail-dans-les-medias\/comment-le-commerce-chinois-grignote-le-marche-suisse\/&#038;t=Comment%20l%E2%80%99e-commerce%20chinois%20grignote%20le%20march%C3%A9%20suisse' aria-hidden='false' data-av_icon='\ue8f3' data-av_iconfont='entypo-fontello' title='' data-avia-related-tooltip='Partager sur Facebook' rel=\"noopener\"><span class='avia_hidden_link_text'>Partager sur Facebook<\/span><\/a><\/li><li class='av-share-link av-social-link-twitter' ><a target=\"_blank\" aria-label=\"Partager sur Twitter\" href='https:\/\/twitter.com\/share?text=Comment%20l%E2%80%99e-commerce%20chinois%20grignote%20le%20march%C3%A9%20suisse&#038;url=https:\/\/www.swiss-retail.ch\/fr\/?p=19412' aria-hidden='false' data-av_icon='\ue8f1' data-av_iconfont='entypo-fontello' title='' data-avia-related-tooltip='Partager sur Twitter' rel=\"noopener\"><span class='avia_hidden_link_text'>Partager sur Twitter<\/span><\/a><\/li><li class='av-share-link av-social-link-whatsapp' ><a target=\"_blank\" aria-label=\"Share on WhatsApp\" href='https:\/\/api.whatsapp.com\/send?text=https:\/\/www.swiss-retail.ch\/fr\/swiss-retail-dans-les-medias\/comment-le-commerce-chinois-grignote-le-marche-suisse\/' aria-hidden='false' data-av_icon='\uf232' data-av_iconfont='entypo-fontello' title='' data-avia-related-tooltip='Share on WhatsApp' rel=\"noopener\"><span class='avia_hidden_link_text'>Share on WhatsApp<\/span><\/a><\/li><li class='av-share-link av-social-link-linkedin' ><a target=\"_blank\" aria-label=\"Partager sur LinkedIn\" href='https:\/\/linkedin.com\/shareArticle?mini=true&#038;title=Comment%20l%E2%80%99e-commerce%20chinois%20grignote%20le%20march%C3%A9%20suisse&#038;url=https:\/\/www.swiss-retail.ch\/fr\/swiss-retail-dans-les-medias\/comment-le-commerce-chinois-grignote-le-marche-suisse\/' aria-hidden='false' data-av_icon='\ue8fc' data-av_iconfont='entypo-fontello' title='' data-avia-related-tooltip='Partager sur LinkedIn' rel=\"noopener\"><span class='avia_hidden_link_text'>Partager sur LinkedIn<\/span><\/a><\/li><li class='av-share-link av-social-link-mail' ><a  aria-label=\"Partager par Mail\" href='mailto:?subject=Comment%20l%E2%80%99e-commerce%20chinois%20grignote%20le%20march%C3%A9%20suisse&#038;body=https:\/\/www.swiss-retail.ch\/fr\/swiss-retail-dans-les-medias\/comment-le-commerce-chinois-grignote-le-marche-suisse\/' aria-hidden='false' data-av_icon='\ue805' data-av_iconfont='entypo-fontello' title='' data-avia-related-tooltip='Partager par Mail'><span class='avia_hidden_link_text'>Partager par Mail<\/span><\/a><\/li><\/ul><\/div><\/div>\n","protected":false},"excerpt":{"rendered":"","protected":false},"author":5,"featured_media":0,"comment_status":"closed","ping_status":"closed","sticky":false,"template":"","format":"standard","meta":[],"categories":[72],"tags":[],"yoast_head":"<!-- This site is optimized with the Yoast SEO plugin v18.5.1 - https:\/\/yoast.com\/wordpress\/plugins\/seo\/ -->\n<title>Comment l\u2019e-commerce chinois grignote le march\u00e9 suisse -<\/title>\n<meta name=\"robots\" content=\"index, follow, max-snippet:-1, max-image-preview:large, max-video-preview:-1\" \/>\n<link rel=\"canonical\" href=\"https:\/\/www.swiss-retail.ch\/fr\/swiss-retail-dans-les-medias\/comment-le-commerce-chinois-grignote-le-marche-suisse\/\" \/>\n<meta property=\"og:locale\" content=\"fr_FR\" \/>\n<meta property=\"og:type\" content=\"article\" \/>\n<meta property=\"og:title\" content=\"Comment l\u2019e-commerce chinois grignote le march\u00e9 suisse -\" \/>\n<meta property=\"og:url\" content=\"https:\/\/www.swiss-retail.ch\/fr\/swiss-retail-dans-les-medias\/comment-le-commerce-chinois-grignote-le-marche-suisse\/\" \/>\n<meta property=\"article:published_time\" content=\"2025-12-08T11:42:40+00:00\" \/>\n<meta name=\"twitter:card\" content=\"summary_large_image\" \/>\n<meta name=\"twitter:label1\" content=\"\u00c9crit par\" \/>\n\t<meta name=\"twitter:data1\" content=\"swissretail\" \/>\n\t<meta name=\"twitter:label2\" content=\"Dur\u00e9e de lecture estim\u00e9e\" \/>\n\t<meta name=\"twitter:data2\" content=\"2 minutes\" \/>\n<script type=\"application\/ld+json\" class=\"yoast-schema-graph\">{\"@context\":\"https:\/\/schema.org\",\"@graph\":[{\"@type\":\"WebSite\",\"@id\":\"https:\/\/www.swiss-retail.ch\/#website\",\"url\":\"https:\/\/www.swiss-retail.ch\/\",\"name\":\"\",\"description\":\"Verband der Mittel- und Grossbetriebe des schweizerischen Detailhandels\",\"potentialAction\":[{\"@type\":\"SearchAction\",\"target\":{\"@type\":\"EntryPoint\",\"urlTemplate\":\"https:\/\/www.swiss-retail.ch\/?s={search_term_string}\"},\"query-input\":\"required name=search_term_string\"}],\"inLanguage\":\"fr-FR\"},{\"@type\":\"WebPage\",\"@id\":\"https:\/\/www.swiss-retail.ch\/fr\/swiss-retail-dans-les-medias\/comment-le-commerce-chinois-grignote-le-marche-suisse\/#webpage\",\"url\":\"https:\/\/www.swiss-retail.ch\/fr\/swiss-retail-dans-les-medias\/comment-le-commerce-chinois-grignote-le-marche-suisse\/\",\"name\":\"Comment l\u2019e-commerce chinois grignote le march\u00e9 suisse -\",\"isPartOf\":{\"@id\":\"https:\/\/www.swiss-retail.ch\/#website\"},\"datePublished\":\"2025-12-08T11:42:40+00:00\",\"dateModified\":\"2025-12-08T11:42:40+00:00\",\"author\":{\"@id\":\"https:\/\/www.swiss-retail.ch\/#\/schema\/person\/90a7fcdf88c0e2555aeadc29a168014b\"},\"breadcrumb\":{\"@id\":\"https:\/\/www.swiss-retail.ch\/fr\/swiss-retail-dans-les-medias\/comment-le-commerce-chinois-grignote-le-marche-suisse\/#breadcrumb\"},\"inLanguage\":\"fr-FR\",\"potentialAction\":[{\"@type\":\"ReadAction\",\"target\":[\"https:\/\/www.swiss-retail.ch\/fr\/swiss-retail-dans-les-medias\/comment-le-commerce-chinois-grignote-le-marche-suisse\/\"]}]},{\"@type\":\"BreadcrumbList\",\"@id\":\"https:\/\/www.swiss-retail.ch\/fr\/swiss-retail-dans-les-medias\/comment-le-commerce-chinois-grignote-le-marche-suisse\/#breadcrumb\",\"itemListElement\":[{\"@type\":\"ListItem\",\"position\":1,\"name\":\"Startseite\",\"item\":\"https:\/\/www.swiss-retail.ch\/fr\/homepage\/\"},{\"@type\":\"ListItem\",\"position\":2,\"name\":\"Comment l\u2019e-commerce chinois grignote le march\u00e9 suisse\"}]},{\"@type\":\"Person\",\"@id\":\"https:\/\/www.swiss-retail.ch\/#\/schema\/person\/90a7fcdf88c0e2555aeadc29a168014b\",\"name\":\"swissretail\",\"url\":\"https:\/\/www.swiss-retail.ch\/fr\/author\/swissretail\/\"}]}<\/script>\n<!-- \/ Yoast SEO plugin. -->","yoast_head_json":{"title":"Comment l\u2019e-commerce chinois grignote le march\u00e9 suisse -","robots":{"index":"index","follow":"follow","max-snippet":"max-snippet:-1","max-image-preview":"max-image-preview:large","max-video-preview":"max-video-preview:-1"},"canonical":"https:\/\/www.swiss-retail.ch\/fr\/swiss-retail-dans-les-medias\/comment-le-commerce-chinois-grignote-le-marche-suisse\/","og_locale":"fr_FR","og_type":"article","og_title":"Comment l\u2019e-commerce chinois grignote le march\u00e9 suisse -","og_url":"https:\/\/www.swiss-retail.ch\/fr\/swiss-retail-dans-les-medias\/comment-le-commerce-chinois-grignote-le-marche-suisse\/","article_published_time":"2025-12-08T11:42:40+00:00","twitter_card":"summary_large_image","twitter_misc":{"\u00c9crit par":"swissretail","Dur\u00e9e de lecture estim\u00e9e":"2 minutes"},"schema":{"@context":"https:\/\/schema.org","@graph":[{"@type":"WebSite","@id":"https:\/\/www.swiss-retail.ch\/#website","url":"https:\/\/www.swiss-retail.ch\/","name":"","description":"Verband der Mittel- und Grossbetriebe des schweizerischen Detailhandels","potentialAction":[{"@type":"SearchAction","target":{"@type":"EntryPoint","urlTemplate":"https:\/\/www.swiss-retail.ch\/?s={search_term_string}"},"query-input":"required name=search_term_string"}],"inLanguage":"fr-FR"},{"@type":"WebPage","@id":"https:\/\/www.swiss-retail.ch\/fr\/swiss-retail-dans-les-medias\/comment-le-commerce-chinois-grignote-le-marche-suisse\/#webpage","url":"https:\/\/www.swiss-retail.ch\/fr\/swiss-retail-dans-les-medias\/comment-le-commerce-chinois-grignote-le-marche-suisse\/","name":"Comment l\u2019e-commerce chinois grignote le march\u00e9 suisse -","isPartOf":{"@id":"https:\/\/www.swiss-retail.ch\/#website"},"datePublished":"2025-12-08T11:42:40+00:00","dateModified":"2025-12-08T11:42:40+00:00","author":{"@id":"https:\/\/www.swiss-retail.ch\/#\/schema\/person\/90a7fcdf88c0e2555aeadc29a168014b"},"breadcrumb":{"@id":"https:\/\/www.swiss-retail.ch\/fr\/swiss-retail-dans-les-medias\/comment-le-commerce-chinois-grignote-le-marche-suisse\/#breadcrumb"},"inLanguage":"fr-FR","potentialAction":[{"@type":"ReadAction","target":["https:\/\/www.swiss-retail.ch\/fr\/swiss-retail-dans-les-medias\/comment-le-commerce-chinois-grignote-le-marche-suisse\/"]}]},{"@type":"BreadcrumbList","@id":"https:\/\/www.swiss-retail.ch\/fr\/swiss-retail-dans-les-medias\/comment-le-commerce-chinois-grignote-le-marche-suisse\/#breadcrumb","itemListElement":[{"@type":"ListItem","position":1,"name":"Startseite","item":"https:\/\/www.swiss-retail.ch\/fr\/homepage\/"},{"@type":"ListItem","position":2,"name":"Comment l\u2019e-commerce chinois grignote le march\u00e9 suisse"}]},{"@type":"Person","@id":"https:\/\/www.swiss-retail.ch\/#\/schema\/person\/90a7fcdf88c0e2555aeadc29a168014b","name":"swissretail","url":"https:\/\/www.swiss-retail.ch\/fr\/author\/swissretail\/"}]}},"_links":{"self":[{"href":"https:\/\/www.swiss-retail.ch\/fr\/wp-json\/wp\/v2\/posts\/19412"}],"collection":[{"href":"https:\/\/www.swiss-retail.ch\/fr\/wp-json\/wp\/v2\/posts"}],"about":[{"href":"https:\/\/www.swiss-retail.ch\/fr\/wp-json\/wp\/v2\/types\/post"}],"author":[{"embeddable":true,"href":"https:\/\/www.swiss-retail.ch\/fr\/wp-json\/wp\/v2\/users\/5"}],"replies":[{"embeddable":true,"href":"https:\/\/www.swiss-retail.ch\/fr\/wp-json\/wp\/v2\/comments?post=19412"}],"version-history":[{"count":2,"href":"https:\/\/www.swiss-retail.ch\/fr\/wp-json\/wp\/v2\/posts\/19412\/revisions"}],"predecessor-version":[{"id":19414,"href":"https:\/\/www.swiss-retail.ch\/fr\/wp-json\/wp\/v2\/posts\/19412\/revisions\/19414"}],"wp:attachment":[{"href":"https:\/\/www.swiss-retail.ch\/fr\/wp-json\/wp\/v2\/media?parent=19412"}],"wp:term":[{"taxonomy":"category","embeddable":true,"href":"https:\/\/www.swiss-retail.ch\/fr\/wp-json\/wp\/v2\/categories?post=19412"},{"taxonomy":"post_tag","embeddable":true,"href":"https:\/\/www.swiss-retail.ch\/fr\/wp-json\/wp\/v2\/tags?post=19412"}],"curies":[{"name":"wp","href":"https:\/\/api.w.org\/{rel}","templated":true}]}}