{"id":19421,"date":"2025-12-09T09:47:34","date_gmt":"2025-12-09T08:47:34","guid":{"rendered":"https:\/\/www.swiss-retail.ch\/?p=19421"},"modified":"2025-12-09T12:32:02","modified_gmt":"2025-12-09T11:32:02","slug":"nouvelle-direction-pour-lassociation-faitiere-du-commerce-de-detail-swiss-retail-federation","status":"publish","type":"post","link":"https:\/\/www.swiss-retail.ch\/fr\/medienmitteilung-fr\/nouvelle-direction-pour-lassociation-faitiere-du-commerce-de-detail-swiss-retail-federation\/","title":{"rendered":"Nouvelle direction pour l&rsquo;association fa\u00eeti\u00e8re du commerce de d\u00e9tail SWISS RETAIL FEDERATION"},"content":{"rendered":"<section class=\"av_textblock_section \"  itemscope=\"itemscope\" itemtype=\"https:\/\/schema.org\/BlogPosting\" itemprop=\"blogPost\" ><div class='avia_textblock  '   itemprop=\"text\" ><h1><strong>Nouvelle direction pour l&rsquo;association fa\u00eeti\u00e8re du commerce de d\u00e9tail SWISS RETAIL FEDERATION\u00a0<\/strong><\/h1>\n<\/div><\/section>\n<div   class='hr hr-default   avia-builder-el-1  el_after_av_textblock  el_before_av_textblock '><span class='hr-inner ' ><span class='hr-inner-style'><\/span><\/span><\/div>\n<section class=\"av_textblock_section \"  itemscope=\"itemscope\" itemtype=\"https:\/\/schema.org\/BlogPosting\" itemprop=\"blogPost\" ><div class='avia_textblock  '   itemprop=\"text\" ><p>9 d\u00e9cembre 2025<\/p>\n<p><strong>Au printemps 2026, un changement de direction aura lieu chez SWISS RETAIL FEDERATION, l&rsquo;association fa\u00eeti\u00e8re du commerce de d\u00e9tail suisse : Patrick Erny (38 ans), l\u2019actuel directeur adjoint, succ\u00e9dera \u00e0 Dagmar Jenni (57 ans), directrice de longue date.<\/strong><\/p>\n<p>Apr\u00e8s dix ans \u00e0 la t\u00eate de l&rsquo;association du commerce de d\u00e9tail SWISS RETAIL FEDERATION et plusieurs ann\u00e9es comme suppl\u00e9ante, Dagmar Jenni passera le t\u00e9moin le 1er mars 2026. Son actuel adjoint, Patrick Erny, prendra d\u00e8s cette date la direction op\u00e9rationnelle de notre association. Ce changement a \u00e9t\u00e9 planifi\u00e9 de longue date afin d&rsquo;assurer une transition en douceur \u00e0 cet important \u00e9chelon de responsabilit\u00e9.<\/p>\n<p><strong>Le Comit\u00e9 remercie Dagmar Jenni pour son engagement de longue date\u00a0<\/strong><\/p>\n<p>Le Comit\u00e9 remercie chaleureusement Dagmar Jenni pour son approche d\u00e9licate et son engagement exceptionnel : \u00ab Dagmar Jenni a dirig\u00e9 et marqu\u00e9 l&rsquo;association de son empreinte gr\u00e2ce \u00e0 son sens politique aigu, sa grande pers\u00e9v\u00e9rance et son \u00e9nergie d\u00e9bordante. Au cours de ses dix ann\u00e9es \u00e0 la t\u00eate de l&rsquo;association, elle a r\u00e9ussi \u00e0 \u00e9largir notre base, qui est pass\u00e9e de quelque 25 \u00e0 plus de 2 300 entreprises de d\u00e9taillants, gr\u00e2ce \u00e0 des priorit\u00e9s politiques claires, des services associatifs innovants et un syst\u00e8me d&rsquo;adh\u00e9sion bien con\u00e7u. \u00bb Ce d\u00e9veloppement a consid\u00e9rablement renforc\u00e9 SWISS RETAIL FEDERATION, en lui conf\u00e9rant notamment beaucoup plus de poids politique en p\u00e9riodes de crise. Le Comit\u00e9 regrette vivement son d\u00e9part, mais comprend parfaitement le souhait de Dagmar Jenni de se concentrer d\u00e9sormais sur des t\u00e2ches non ex\u00e9cutives, telles que des mandats au sein de comit\u00e9s directeurs et d&rsquo;administrations. En assurant un positionnement de l\u2019association ind\u00e9pendant des canaux de distribution il y a pr\u00e8s de dix ans, avec l&rsquo;int\u00e9gration des commer\u00e7ants stationnaires, en ligne et omnicanaux qui en a r\u00e9sult\u00e9, et dans son combat pour des conditions de concurrence \u00e9quitables, Mme Jenni a \u00e9galement fait preuve d&rsquo;une grande sensibilit\u00e9 aux besoins et aux \u00e9volutions de notre branche.<\/p>\n<p><strong>Patrick Erny devient le nouveau directeur\u00a0<\/strong><\/p>\n<p>Pour assurer la direction future de l&rsquo;association, une solution durable a \u00e9t\u00e9 trouv\u00e9e en la personne de Patrick Erny. Comme se pla\u00eet \u00e0 le relever le Comit\u00e9, \u00ab M. Erny est directeur adjoint de SWISS RETAIL FEDERATION depuis plus de deux ans et conna\u00eet parfaitement l&rsquo;association et ses membres. Nous sommes convaincus d&rsquo;avoir l\u00e0 une personnalit\u00e9 \u00e9loquente qui saura maintenir avec finesse la recette gagnante de notre association, tout en lui insufflant une nouvelle dynamique. \u00bb Patrick Erny est politologue et poss\u00e8de une longue exp\u00e9rience du travail associatif politique. \u00ab Je me r\u00e9jouis beaucoup de cette nouvelle fonction et suis flatt\u00e9 de la confiance qui m&rsquo;est accord\u00e9e \u00bb, d\u00e9clare l\u2019int\u00e9ress\u00e9. Avant de rejoindre SWISS RETAIL FEDERATION, M. Erny \u00e9tait le directeur politique d&rsquo;une association \u00e9conomique r\u00e9gionale du nord-ouest de la Suisse de 2014 \u00e0 2023. Il est titulaire d&rsquo;un master en gestion publique et politique (MA PMP) obtenu aux universit\u00e9s de Berne et de Lausanne. Il est membre actif du PLR \u00e0 B\u00e2le-Ville.<\/p>\n<p>Dagmar Jenni fera officiellement ses adieux le 11 mai 2026 lors de l&rsquo;Assembl\u00e9e des membres.<\/p>\n<p><img loading=\"lazy\" class=\"alignleft size-full wp-image-19426\" src=\"https:\/\/www.swiss-retail.ch\/wp-content\/uploads\/2025\/12\/Uebergabe_DJ_PE_2x3.jpg\" alt=\"\" width=\"1667\" height=\"2473\" srcset=\"https:\/\/www.swiss-retail.ch\/wp-content\/uploads\/2025\/12\/Uebergabe_DJ_PE_2x3.jpg 1667w, https:\/\/www.swiss-retail.ch\/wp-content\/uploads\/2025\/12\/Uebergabe_DJ_PE_2x3-202x300.jpg 202w, https:\/\/www.swiss-retail.ch\/wp-content\/uploads\/2025\/12\/Uebergabe_DJ_PE_2x3-694x1030.jpg 694w, https:\/\/www.swiss-retail.ch\/wp-content\/uploads\/2025\/12\/Uebergabe_DJ_PE_2x3-768x1139.jpg 768w, https:\/\/www.swiss-retail.ch\/wp-content\/uploads\/2025\/12\/Uebergabe_DJ_PE_2x3-1035x1536.jpg 1035w, https:\/\/www.swiss-retail.ch\/wp-content\/uploads\/2025\/12\/Uebergabe_DJ_PE_2x3-1381x2048.jpg 1381w, https:\/\/www.swiss-retail.ch\/wp-content\/uploads\/2025\/12\/Uebergabe_DJ_PE_2x3-1011x1500.jpg 1011w, https:\/\/www.swiss-retail.ch\/wp-content\/uploads\/2025\/12\/Uebergabe_DJ_PE_2x3-475x705.jpg 475w, https:\/\/www.swiss-retail.ch\/wp-content\/uploads\/2025\/12\/Uebergabe_DJ_PE_2x3-500x742.jpg 500w, https:\/\/www.swiss-retail.ch\/wp-content\/uploads\/2025\/12\/Uebergabe_DJ_PE_2x3-750x1113.jpg 750w\" sizes=\"(max-width: 1667px) 100vw, 1667px\" \/><\/p>\n<\/div><\/section>\n<div  class='av-social-sharing-box  avia-builder-el-3  el_after_av_textblock  avia-builder-el-last  '><div class='av-share-box'><h5 class='av-share-link-description av-no-toc '>Eintrag teilen<\/h5><ul class='av-share-box-list noLightbox'><li class='av-share-link av-social-link-facebook' ><a target=\"_blank\" aria-label=\"Partager sur Facebook\" href='https:\/\/www.facebook.com\/sharer.php?u=https:\/\/www.swiss-retail.ch\/fr\/medienmitteilung-fr\/nouvelle-direction-pour-lassociation-faitiere-du-commerce-de-detail-swiss-retail-federation\/&#038;t=Nouvelle%20direction%20pour%20l%E2%80%99association%20fa%C3%AEti%C3%A8re%20du%20commerce%20de%20d%C3%A9tail%20SWISS%20RETAIL%20FEDERATION' aria-hidden='false' data-av_icon='\ue8f3' data-av_iconfont='entypo-fontello' title='' data-avia-related-tooltip='Partager sur Facebook' rel=\"noopener\"><span class='avia_hidden_link_text'>Partager sur Facebook<\/span><\/a><\/li><li class='av-share-link av-social-link-twitter' ><a target=\"_blank\" aria-label=\"Partager sur Twitter\" href='https:\/\/twitter.com\/share?text=Nouvelle%20direction%20pour%20l%E2%80%99association%20fa%C3%AEti%C3%A8re%20du%20commerce%20de%20d%C3%A9tail%20SWISS%20RETAIL%20FEDERATION&#038;url=https:\/\/www.swiss-retail.ch\/fr\/?p=19421' aria-hidden='false' data-av_icon='\ue8f1' data-av_iconfont='entypo-fontello' title='' data-avia-related-tooltip='Partager sur Twitter' rel=\"noopener\"><span class='avia_hidden_link_text'>Partager sur Twitter<\/span><\/a><\/li><li class='av-share-link av-social-link-whatsapp' ><a target=\"_blank\" aria-label=\"Share on WhatsApp\" href='https:\/\/api.whatsapp.com\/send?text=https:\/\/www.swiss-retail.ch\/fr\/medienmitteilung-fr\/nouvelle-direction-pour-lassociation-faitiere-du-commerce-de-detail-swiss-retail-federation\/' aria-hidden='false' data-av_icon='\uf232' data-av_iconfont='entypo-fontello' title='' data-avia-related-tooltip='Share on WhatsApp' rel=\"noopener\"><span class='avia_hidden_link_text'>Share on WhatsApp<\/span><\/a><\/li><li class='av-share-link av-social-link-linkedin' ><a target=\"_blank\" aria-label=\"Partager sur LinkedIn\" href='https:\/\/linkedin.com\/shareArticle?mini=true&#038;title=Nouvelle%20direction%20pour%20l%E2%80%99association%20fa%C3%AEti%C3%A8re%20du%20commerce%20de%20d%C3%A9tail%20SWISS%20RETAIL%20FEDERATION&#038;url=https:\/\/www.swiss-retail.ch\/fr\/medienmitteilung-fr\/nouvelle-direction-pour-lassociation-faitiere-du-commerce-de-detail-swiss-retail-federation\/' aria-hidden='false' data-av_icon='\ue8fc' data-av_iconfont='entypo-fontello' title='' data-avia-related-tooltip='Partager sur LinkedIn' rel=\"noopener\"><span class='avia_hidden_link_text'>Partager sur LinkedIn<\/span><\/a><\/li><li class='av-share-link av-social-link-mail' ><a  aria-label=\"Partager par Mail\" href='mailto:?subject=Nouvelle%20direction%20pour%20l%E2%80%99association%20fa%C3%AEti%C3%A8re%20du%20commerce%20de%20d%C3%A9tail%20SWISS%20RETAIL%20FEDERATION&#038;body=https:\/\/www.swiss-retail.ch\/fr\/medienmitteilung-fr\/nouvelle-direction-pour-lassociation-faitiere-du-commerce-de-detail-swiss-retail-federation\/' aria-hidden='false' data-av_icon='\ue805' data-av_iconfont='entypo-fontello' title='' data-avia-related-tooltip='Partager par Mail'><span class='avia_hidden_link_text'>Partager par Mail<\/span><\/a><\/li><\/ul><\/div><\/div>\n","protected":false},"excerpt":{"rendered":"","protected":false},"author":5,"featured_media":19432,"comment_status":"closed","ping_status":"closed","sticky":false,"template":"","format":"standard","meta":[],"categories":[69,64],"tags":[],"yoast_head":"<!-- This site is optimized with the Yoast SEO plugin v18.5.1 - https:\/\/yoast.com\/wordpress\/plugins\/seo\/ -->\n<title>Nouvelle direction pour l&#039;association fa\u00eeti\u00e8re du commerce de d\u00e9tail SWISS RETAIL FEDERATION -<\/title>\n<meta name=\"robots\" content=\"index, follow, max-snippet:-1, max-image-preview:large, max-video-preview:-1\" \/>\n<link rel=\"canonical\" href=\"https:\/\/www.swiss-retail.ch\/fr\/medienmitteilung-fr\/nouvelle-direction-pour-lassociation-faitiere-du-commerce-de-detail-swiss-retail-federation\/\" \/>\n<meta property=\"og:locale\" content=\"fr_FR\" \/>\n<meta property=\"og:type\" content=\"article\" \/>\n<meta property=\"og:title\" content=\"Nouvelle direction pour l&#039;association fa\u00eeti\u00e8re du commerce de d\u00e9tail SWISS RETAIL FEDERATION -\" \/>\n<meta property=\"og:url\" content=\"https:\/\/www.swiss-retail.ch\/fr\/medienmitteilung-fr\/nouvelle-direction-pour-lassociation-faitiere-du-commerce-de-detail-swiss-retail-federation\/\" \/>\n<meta property=\"article:published_time\" content=\"2025-12-09T08:47:34+00:00\" \/>\n<meta property=\"article:modified_time\" content=\"2025-12-09T11:32:02+00:00\" \/>\n<meta property=\"og:image\" content=\"https:\/\/www.swiss-retail.ch\/wp-content\/uploads\/2025\/12\/Uebergabe_DJ_PE_2x3_fuer-Webseite.jpg\" \/>\n\t<meta property=\"og:image:width\" content=\"1667\" \/>\n\t<meta property=\"og:image:height\" content=\"1109\" \/>\n\t<meta property=\"og:image:type\" content=\"image\/jpeg\" \/>\n<meta name=\"twitter:card\" content=\"summary_large_image\" \/>\n<meta name=\"twitter:label1\" content=\"\u00c9crit par\" \/>\n\t<meta name=\"twitter:data1\" content=\"swissretail\" \/>\n\t<meta name=\"twitter:label2\" content=\"Dur\u00e9e de lecture estim\u00e9e\" \/>\n\t<meta name=\"twitter:data2\" content=\"4 minutes\" \/>\n<script type=\"application\/ld+json\" class=\"yoast-schema-graph\">{\"@context\":\"https:\/\/schema.org\",\"@graph\":[{\"@type\":\"WebSite\",\"@id\":\"https:\/\/www.swiss-retail.ch\/#website\",\"url\":\"https:\/\/www.swiss-retail.ch\/\",\"name\":\"\",\"description\":\"Verband der Mittel- und Grossbetriebe des schweizerischen Detailhandels\",\"potentialAction\":[{\"@type\":\"SearchAction\",\"target\":{\"@type\":\"EntryPoint\",\"urlTemplate\":\"https:\/\/www.swiss-retail.ch\/?s={search_term_string}\"},\"query-input\":\"required name=search_term_string\"}],\"inLanguage\":\"fr-FR\"},{\"@type\":\"ImageObject\",\"@id\":\"https:\/\/www.swiss-retail.ch\/fr\/medienmitteilung-fr\/nouvelle-direction-pour-lassociation-faitiere-du-commerce-de-detail-swiss-retail-federation\/#primaryimage\",\"inLanguage\":\"fr-FR\",\"url\":\"https:\/\/www.swiss-retail.ch\/wp-content\/uploads\/2025\/12\/Uebergabe_DJ_PE_2x3_fuer-Webseite.jpg\",\"contentUrl\":\"https:\/\/www.swiss-retail.ch\/wp-content\/uploads\/2025\/12\/Uebergabe_DJ_PE_2x3_fuer-Webseite.jpg\",\"width\":1667,\"height\":1109},{\"@type\":\"WebPage\",\"@id\":\"https:\/\/www.swiss-retail.ch\/fr\/medienmitteilung-fr\/nouvelle-direction-pour-lassociation-faitiere-du-commerce-de-detail-swiss-retail-federation\/#webpage\",\"url\":\"https:\/\/www.swiss-retail.ch\/fr\/medienmitteilung-fr\/nouvelle-direction-pour-lassociation-faitiere-du-commerce-de-detail-swiss-retail-federation\/\",\"name\":\"Nouvelle direction pour l'association fa\u00eeti\u00e8re du commerce de d\u00e9tail SWISS RETAIL FEDERATION -\",\"isPartOf\":{\"@id\":\"https:\/\/www.swiss-retail.ch\/#website\"},\"primaryImageOfPage\":{\"@id\":\"https:\/\/www.swiss-retail.ch\/fr\/medienmitteilung-fr\/nouvelle-direction-pour-lassociation-faitiere-du-commerce-de-detail-swiss-retail-federation\/#primaryimage\"},\"datePublished\":\"2025-12-09T08:47:34+00:00\",\"dateModified\":\"2025-12-09T11:32:02+00:00\",\"author\":{\"@id\":\"https:\/\/www.swiss-retail.ch\/#\/schema\/person\/90a7fcdf88c0e2555aeadc29a168014b\"},\"breadcrumb\":{\"@id\":\"https:\/\/www.swiss-retail.ch\/fr\/medienmitteilung-fr\/nouvelle-direction-pour-lassociation-faitiere-du-commerce-de-detail-swiss-retail-federation\/#breadcrumb\"},\"inLanguage\":\"fr-FR\",\"potentialAction\":[{\"@type\":\"ReadAction\",\"target\":[\"https:\/\/www.swiss-retail.ch\/fr\/medienmitteilung-fr\/nouvelle-direction-pour-lassociation-faitiere-du-commerce-de-detail-swiss-retail-federation\/\"]}]},{\"@type\":\"BreadcrumbList\",\"@id\":\"https:\/\/www.swiss-retail.ch\/fr\/medienmitteilung-fr\/nouvelle-direction-pour-lassociation-faitiere-du-commerce-de-detail-swiss-retail-federation\/#breadcrumb\",\"itemListElement\":[{\"@type\":\"ListItem\",\"position\":1,\"name\":\"Startseite\",\"item\":\"https:\/\/www.swiss-retail.ch\/fr\/homepage\/\"},{\"@type\":\"ListItem\",\"position\":2,\"name\":\"Nouvelle direction pour l&#8217;association fa\u00eeti\u00e8re du commerce de d\u00e9tail SWISS RETAIL FEDERATION\"}]},{\"@type\":\"Person\",\"@id\":\"https:\/\/www.swiss-retail.ch\/#\/schema\/person\/90a7fcdf88c0e2555aeadc29a168014b\",\"name\":\"swissretail\",\"url\":\"https:\/\/www.swiss-retail.ch\/fr\/author\/swissretail\/\"}]}<\/script>\n<!-- \/ Yoast SEO plugin. -->","yoast_head_json":{"title":"Nouvelle direction pour l'association fa\u00eeti\u00e8re du commerce de d\u00e9tail SWISS RETAIL FEDERATION -","robots":{"index":"index","follow":"follow","max-snippet":"max-snippet:-1","max-image-preview":"max-image-preview:large","max-video-preview":"max-video-preview:-1"},"canonical":"https:\/\/www.swiss-retail.ch\/fr\/medienmitteilung-fr\/nouvelle-direction-pour-lassociation-faitiere-du-commerce-de-detail-swiss-retail-federation\/","og_locale":"fr_FR","og_type":"article","og_title":"Nouvelle direction pour l'association fa\u00eeti\u00e8re du commerce de d\u00e9tail SWISS RETAIL FEDERATION -","og_url":"https:\/\/www.swiss-retail.ch\/fr\/medienmitteilung-fr\/nouvelle-direction-pour-lassociation-faitiere-du-commerce-de-detail-swiss-retail-federation\/","article_published_time":"2025-12-09T08:47:34+00:00","article_modified_time":"2025-12-09T11:32:02+00:00","og_image":[{"width":1667,"height":1109,"url":"https:\/\/www.swiss-retail.ch\/wp-content\/uploads\/2025\/12\/Uebergabe_DJ_PE_2x3_fuer-Webseite.jpg","type":"image\/jpeg"}],"twitter_card":"summary_large_image","twitter_misc":{"\u00c9crit par":"swissretail","Dur\u00e9e de lecture estim\u00e9e":"4 minutes"},"schema":{"@context":"https:\/\/schema.org","@graph":[{"@type":"WebSite","@id":"https:\/\/www.swiss-retail.ch\/#website","url":"https:\/\/www.swiss-retail.ch\/","name":"","description":"Verband der Mittel- und Grossbetriebe des schweizerischen Detailhandels","potentialAction":[{"@type":"SearchAction","target":{"@type":"EntryPoint","urlTemplate":"https:\/\/www.swiss-retail.ch\/?s={search_term_string}"},"query-input":"required name=search_term_string"}],"inLanguage":"fr-FR"},{"@type":"ImageObject","@id":"https:\/\/www.swiss-retail.ch\/fr\/medienmitteilung-fr\/nouvelle-direction-pour-lassociation-faitiere-du-commerce-de-detail-swiss-retail-federation\/#primaryimage","inLanguage":"fr-FR","url":"https:\/\/www.swiss-retail.ch\/wp-content\/uploads\/2025\/12\/Uebergabe_DJ_PE_2x3_fuer-Webseite.jpg","contentUrl":"https:\/\/www.swiss-retail.ch\/wp-content\/uploads\/2025\/12\/Uebergabe_DJ_PE_2x3_fuer-Webseite.jpg","width":1667,"height":1109},{"@type":"WebPage","@id":"https:\/\/www.swiss-retail.ch\/fr\/medienmitteilung-fr\/nouvelle-direction-pour-lassociation-faitiere-du-commerce-de-detail-swiss-retail-federation\/#webpage","url":"https:\/\/www.swiss-retail.ch\/fr\/medienmitteilung-fr\/nouvelle-direction-pour-lassociation-faitiere-du-commerce-de-detail-swiss-retail-federation\/","name":"Nouvelle direction pour l'association fa\u00eeti\u00e8re du commerce de d\u00e9tail SWISS RETAIL FEDERATION -","isPartOf":{"@id":"https:\/\/www.swiss-retail.ch\/#website"},"primaryImageOfPage":{"@id":"https:\/\/www.swiss-retail.ch\/fr\/medienmitteilung-fr\/nouvelle-direction-pour-lassociation-faitiere-du-commerce-de-detail-swiss-retail-federation\/#primaryimage"},"datePublished":"2025-12-09T08:47:34+00:00","dateModified":"2025-12-09T11:32:02+00:00","author":{"@id":"https:\/\/www.swiss-retail.ch\/#\/schema\/person\/90a7fcdf88c0e2555aeadc29a168014b"},"breadcrumb":{"@id":"https:\/\/www.swiss-retail.ch\/fr\/medienmitteilung-fr\/nouvelle-direction-pour-lassociation-faitiere-du-commerce-de-detail-swiss-retail-federation\/#breadcrumb"},"inLanguage":"fr-FR","potentialAction":[{"@type":"ReadAction","target":["https:\/\/www.swiss-retail.ch\/fr\/medienmitteilung-fr\/nouvelle-direction-pour-lassociation-faitiere-du-commerce-de-detail-swiss-retail-federation\/"]}]},{"@type":"BreadcrumbList","@id":"https:\/\/www.swiss-retail.ch\/fr\/medienmitteilung-fr\/nouvelle-direction-pour-lassociation-faitiere-du-commerce-de-detail-swiss-retail-federation\/#breadcrumb","itemListElement":[{"@type":"ListItem","position":1,"name":"Startseite","item":"https:\/\/www.swiss-retail.ch\/fr\/homepage\/"},{"@type":"ListItem","position":2,"name":"Nouvelle direction pour l&#8217;association fa\u00eeti\u00e8re du commerce de d\u00e9tail SWISS RETAIL FEDERATION"}]},{"@type":"Person","@id":"https:\/\/www.swiss-retail.ch\/#\/schema\/person\/90a7fcdf88c0e2555aeadc29a168014b","name":"swissretail","url":"https:\/\/www.swiss-retail.ch\/fr\/author\/swissretail\/"}]}},"_links":{"self":[{"href":"https:\/\/www.swiss-retail.ch\/fr\/wp-json\/wp\/v2\/posts\/19421"}],"collection":[{"href":"https:\/\/www.swiss-retail.ch\/fr\/wp-json\/wp\/v2\/posts"}],"about":[{"href":"https:\/\/www.swiss-retail.ch\/fr\/wp-json\/wp\/v2\/types\/post"}],"author":[{"embeddable":true,"href":"https:\/\/www.swiss-retail.ch\/fr\/wp-json\/wp\/v2\/users\/5"}],"replies":[{"embeddable":true,"href":"https:\/\/www.swiss-retail.ch\/fr\/wp-json\/wp\/v2\/comments?post=19421"}],"version-history":[{"count":3,"href":"https:\/\/www.swiss-retail.ch\/fr\/wp-json\/wp\/v2\/posts\/19421\/revisions"}],"predecessor-version":[{"id":19423,"href":"https:\/\/www.swiss-retail.ch\/fr\/wp-json\/wp\/v2\/posts\/19421\/revisions\/19423"}],"wp:featuredmedia":[{"embeddable":true,"href":"https:\/\/www.swiss-retail.ch\/fr\/wp-json\/wp\/v2\/media\/19432"}],"wp:attachment":[{"href":"https:\/\/www.swiss-retail.ch\/fr\/wp-json\/wp\/v2\/media?parent=19421"}],"wp:term":[{"taxonomy":"category","embeddable":true,"href":"https:\/\/www.swiss-retail.ch\/fr\/wp-json\/wp\/v2\/categories?post=19421"},{"taxonomy":"post_tag","embeddable":true,"href":"https:\/\/www.swiss-retail.ch\/fr\/wp-json\/wp\/v2\/tags?post=19421"}],"curies":[{"name":"wp","href":"https:\/\/api.w.org\/{rel}","templated":true}]}}