{"id":19512,"date":"2026-01-13T10:11:32","date_gmt":"2026-01-13T09:11:32","guid":{"rendered":"https:\/\/www.swiss-retail.ch\/?p=19512"},"modified":"2026-01-13T10:11:32","modified_gmt":"2026-01-13T09:11:32","slug":"de-bonnes-ventes-de-noel-mais-un-resultat-annuel-inferieur-au-precedent","status":"publish","type":"post","link":"https:\/\/www.swiss-retail.ch\/fr\/news-fr\/de-bonnes-ventes-de-noel-mais-un-resultat-annuel-inferieur-au-precedent\/","title":{"rendered":"De bonnes ventes de No\u00ebl, mais un r\u00e9sultat annuel inf\u00e9rieur au pr\u00e9c\u00e9dent"},"content":{"rendered":"<section class=\"av_textblock_section \"  itemscope=\"itemscope\" itemtype=\"https:\/\/schema.org\/BlogPosting\" itemprop=\"blogPost\" ><div class='avia_textblock  '   itemprop=\"text\" ><h1><strong>De bonnes ventes de No\u00ebl, mais un r\u00e9sultat annuel inf\u00e9rieur au pr\u00e9c\u00e9dent<\/strong><\/h1>\n<\/div><\/section>\n<div   class='hr hr-default   avia-builder-el-1  el_after_av_textblock  el_before_av_textblock '><span class='hr-inner ' ><span class='hr-inner-style'><\/span><\/span><\/div>\n<section class=\"av_textblock_section \"  itemscope=\"itemscope\" itemtype=\"https:\/\/schema.org\/BlogPosting\" itemprop=\"blogPost\" ><div class='avia_textblock  '   itemprop=\"text\" ><p>13 janvier 2026<\/p>\n<p><strong>Les r\u00e9jouissantes ventes de No\u00ebl 2025 n&rsquo;ont pas permis \u00e0 compenser la tendance au recul qui s\u2019est amorc\u00e9e trimestre apr\u00e8s trimestre jusqu\u2019\u00e0 cette date dans le commerce de d\u00e9tail. Malgr\u00e9 quelques signes positifs donn\u00e9s par les achats de No\u00ebl et certains groupes de produits, la situation sur l\u2019ensemble de l\u2019ann\u00e9e n\u2019a pas \u00e9t\u00e9 tr\u00e8s satisfaisante. Et pour 2026, les perspectives sont plut\u00f4t maussades.<\/strong><\/p>\n<p><strong>Commerce de d\u00e9tail 2025 : \u00e9volution n\u00e9gative malgr\u00e9 les bons r\u00e9sultats de No\u00ebl\u00a0<\/strong><\/p>\n<p>Les signaux positifs li\u00e9s aux ventes de No\u00ebl (<a href=\"https:\/\/www.swiss-retail.ch\/fr\/medienmitteilung-fr\/les-suisses-depensent-a-nouveau-nettement-plus-pour-les-cadeaux-de-noel-mais-achetent-moins-de-produits-americains-2\/\">\u00e9tude SWISS RETAIL FEDERATION \/ EY<\/a>) se sont confirm\u00e9s en grande partie. Ces ventes ont \u00e9t\u00e9 particuli\u00e8rement r\u00e9jouissantes \u00e0 partir de la mi-d\u00e9cembre, deux tiers de nos membres les jugeant sup\u00e9rieures \u00e0 la moyenne, d\u2019apr\u00e8s les enqu\u00eates effectu\u00e9es parmi eux. On est frapp\u00e9 par le fait qu&rsquo;une partie consid\u00e9rable des chiffres de No\u00ebl s&rsquo;est concentr\u00e9e cette ann\u00e9e sur les quelques jours pr\u00e9c\u00e9dant cette f\u00eate. La p\u00e9riode allant de No\u00ebl \u00e0 Nouvel An a \u00e9t\u00e9 tr\u00e8s bonne, elle aussi. Toutefois, malgr\u00e9 le remarquable sprint final enregistr\u00e9 en fin d&rsquo;ann\u00e9e, cette dynamique n&rsquo;a pas suffi pour d\u00e9passer le r\u00e9sultat global de l\u2019ann\u00e9e pr\u00e9c\u00e9dente. A ce stade, on estime que le chiffre d&rsquo;affaires du commerce de d\u00e9tail sera en 2025 globalement \u00e9quivalent, voire inf\u00e9rieur \u00e0 celui de l&rsquo;ann\u00e9e pr\u00e9c\u00e9dente. Les premi\u00e8res \u00e9valuations (1) et pr\u00e9visions pour l&rsquo;ann\u00e9e 2025 pointent une baisse nominale allant jusqu\u2019\u00e0 1,3 % par rapport \u00e0 2024. En progression de plus de 2,5 %, la branche alimentaire s&rsquo;est montr\u00e9e tr\u00e8s r\u00e9sistante, contrairement au secteur non alimentaire, qui a subi un ralentissement marqu\u00e9 de 4 %.<\/p>\n<p><strong>Pas de revirement en vue\u00a0<\/strong><\/p>\n<p>Pour le commerce de d\u00e9tail suisse, l\u2019avenir para\u00eet plut\u00f4t morose et l\u2019on ne discerne aucun revirement de tendance \u00e0 br\u00e8ve \u00e9ch\u00e9ance, malgr\u00e9 une inflation proche de z\u00e9ro, des hausses de salaires r\u00e9els et une intense guerre des prix dans le commerce de d\u00e9tail. Au redressement esp\u00e9r\u00e9 s&rsquo;opposent notamment la progression des primes d&rsquo;assurance maladie ainsi que des prix qui continuent d&rsquo;\u00eatre per\u00e7us comme \u00e9lev\u00e9s, en d\u00e9pit de nouvelles baisses. Divers facteurs, comme le moral des consommateurs et les incertitudes g\u00e9opolitiques persistantes, donnent \u00e0 penser que les m\u00e9nages continueront \u00e0 freiner leurs d\u00e9penses et que la dynamique de consommation restera sous pression en 2026. Dans le meilleur des cas, on peut s&rsquo;attendre \u00e0 une \u00e9volution stagnante. Comme le souligne la directrice Dagmar Jenni, \u00ab nous sommes pr\u00e9occup\u00e9s par le fait que la consommation \u2013 donc le commerce de d\u00e9tail, important pilier et stabilisateur \u00e9conomique du march\u00e9 int\u00e9rieur \u2013 continue de stagner \u00bb.<\/p>\n<p>(1) L\u2019indicateur SWISS RETAIL bas\u00e9 sur les paiements par carte de d\u00e9bit, carte de cr\u00e9dit et paiement mobile de Worldline<\/p>\n<\/div><\/section>\n<div  class='av-social-sharing-box  avia-builder-el-3  el_after_av_textblock  avia-builder-el-last  '><div class='av-share-box'><h5 class='av-share-link-description av-no-toc '>Eintrag teilen<\/h5><ul class='av-share-box-list noLightbox'><li class='av-share-link av-social-link-facebook' ><a target=\"_blank\" aria-label=\"Partager sur Facebook\" href='https:\/\/www.facebook.com\/sharer.php?u=https:\/\/www.swiss-retail.ch\/fr\/news-fr\/de-bonnes-ventes-de-noel-mais-un-resultat-annuel-inferieur-au-precedent\/&#038;t=De%20bonnes%20ventes%20de%20No%C3%ABl%2C%20mais%20un%20r%C3%A9sultat%20annuel%20inf%C3%A9rieur%20au%20pr%C3%A9c%C3%A9dent' aria-hidden='false' data-av_icon='\ue8f3' data-av_iconfont='entypo-fontello' title='' data-avia-related-tooltip='Partager sur Facebook' rel=\"noopener\"><span class='avia_hidden_link_text'>Partager sur Facebook<\/span><\/a><\/li><li class='av-share-link av-social-link-twitter' ><a target=\"_blank\" aria-label=\"Partager sur Twitter\" href='https:\/\/twitter.com\/share?text=De%20bonnes%20ventes%20de%20No%C3%ABl%2C%20mais%20un%20r%C3%A9sultat%20annuel%20inf%C3%A9rieur%20au%20pr%C3%A9c%C3%A9dent&#038;url=https:\/\/www.swiss-retail.ch\/fr\/?p=19512' aria-hidden='false' data-av_icon='\ue8f1' data-av_iconfont='entypo-fontello' title='' data-avia-related-tooltip='Partager sur Twitter' rel=\"noopener\"><span class='avia_hidden_link_text'>Partager sur Twitter<\/span><\/a><\/li><li class='av-share-link av-social-link-whatsapp' ><a target=\"_blank\" aria-label=\"Share on WhatsApp\" href='https:\/\/api.whatsapp.com\/send?text=https:\/\/www.swiss-retail.ch\/fr\/news-fr\/de-bonnes-ventes-de-noel-mais-un-resultat-annuel-inferieur-au-precedent\/' aria-hidden='false' data-av_icon='\uf232' data-av_iconfont='entypo-fontello' title='' data-avia-related-tooltip='Share on WhatsApp' rel=\"noopener\"><span class='avia_hidden_link_text'>Share on WhatsApp<\/span><\/a><\/li><li class='av-share-link av-social-link-linkedin' ><a target=\"_blank\" aria-label=\"Partager sur LinkedIn\" href='https:\/\/linkedin.com\/shareArticle?mini=true&#038;title=De%20bonnes%20ventes%20de%20No%C3%ABl%2C%20mais%20un%20r%C3%A9sultat%20annuel%20inf%C3%A9rieur%20au%20pr%C3%A9c%C3%A9dent&#038;url=https:\/\/www.swiss-retail.ch\/fr\/news-fr\/de-bonnes-ventes-de-noel-mais-un-resultat-annuel-inferieur-au-precedent\/' aria-hidden='false' data-av_icon='\ue8fc' data-av_iconfont='entypo-fontello' title='' data-avia-related-tooltip='Partager sur LinkedIn' rel=\"noopener\"><span class='avia_hidden_link_text'>Partager sur LinkedIn<\/span><\/a><\/li><li class='av-share-link av-social-link-mail' ><a  aria-label=\"Partager par Mail\" href='mailto:?subject=De%20bonnes%20ventes%20de%20No%C3%ABl%2C%20mais%20un%20r%C3%A9sultat%20annuel%20inf%C3%A9rieur%20au%20pr%C3%A9c%C3%A9dent&#038;body=https:\/\/www.swiss-retail.ch\/fr\/news-fr\/de-bonnes-ventes-de-noel-mais-un-resultat-annuel-inferieur-au-precedent\/' aria-hidden='false' data-av_icon='\ue805' data-av_iconfont='entypo-fontello' title='' data-avia-related-tooltip='Partager par Mail'><span class='avia_hidden_link_text'>Partager par Mail<\/span><\/a><\/li><\/ul><\/div><\/div>\n","protected":false},"excerpt":{"rendered":"","protected":false},"author":5,"featured_media":19509,"comment_status":"closed","ping_status":"closed","sticky":false,"template":"","format":"standard","meta":[],"categories":[69,64],"tags":[],"yoast_head":"<!-- This site is optimized with the Yoast SEO plugin v18.5.1 - https:\/\/yoast.com\/wordpress\/plugins\/seo\/ -->\n<title>De bonnes ventes de No\u00ebl, mais un r\u00e9sultat annuel inf\u00e9rieur au pr\u00e9c\u00e9dent -<\/title>\n<meta name=\"robots\" content=\"index, follow, max-snippet:-1, max-image-preview:large, max-video-preview:-1\" \/>\n<link rel=\"canonical\" href=\"https:\/\/www.swiss-retail.ch\/fr\/news-fr\/de-bonnes-ventes-de-noel-mais-un-resultat-annuel-inferieur-au-precedent\/\" \/>\n<meta property=\"og:locale\" content=\"fr_FR\" \/>\n<meta property=\"og:type\" content=\"article\" \/>\n<meta property=\"og:title\" content=\"De bonnes ventes de No\u00ebl, mais un r\u00e9sultat annuel inf\u00e9rieur au pr\u00e9c\u00e9dent -\" \/>\n<meta property=\"og:url\" content=\"https:\/\/www.swiss-retail.ch\/fr\/news-fr\/de-bonnes-ventes-de-noel-mais-un-resultat-annuel-inferieur-au-precedent\/\" \/>\n<meta property=\"article:published_time\" content=\"2026-01-13T09:11:32+00:00\" \/>\n<meta property=\"og:image\" content=\"https:\/\/www.swiss-retail.ch\/wp-content\/uploads\/2026\/01\/shutterstock_2524550281-scaled.jpg\" \/>\n\t<meta property=\"og:image:width\" content=\"2560\" \/>\n\t<meta property=\"og:image:height\" content=\"1752\" \/>\n\t<meta property=\"og:image:type\" content=\"image\/jpeg\" \/>\n<meta name=\"twitter:card\" content=\"summary_large_image\" \/>\n<meta name=\"twitter:label1\" content=\"\u00c9crit par\" \/>\n\t<meta name=\"twitter:data1\" content=\"swissretail\" \/>\n\t<meta name=\"twitter:label2\" content=\"Dur\u00e9e de lecture estim\u00e9e\" \/>\n\t<meta name=\"twitter:data2\" content=\"3 minutes\" \/>\n<script type=\"application\/ld+json\" class=\"yoast-schema-graph\">{\"@context\":\"https:\/\/schema.org\",\"@graph\":[{\"@type\":\"WebSite\",\"@id\":\"https:\/\/www.swiss-retail.ch\/#website\",\"url\":\"https:\/\/www.swiss-retail.ch\/\",\"name\":\"\",\"description\":\"Verband der Mittel- und Grossbetriebe des schweizerischen Detailhandels\",\"potentialAction\":[{\"@type\":\"SearchAction\",\"target\":{\"@type\":\"EntryPoint\",\"urlTemplate\":\"https:\/\/www.swiss-retail.ch\/?s={search_term_string}\"},\"query-input\":\"required name=search_term_string\"}],\"inLanguage\":\"fr-FR\"},{\"@type\":\"ImageObject\",\"@id\":\"https:\/\/www.swiss-retail.ch\/fr\/news-fr\/de-bonnes-ventes-de-noel-mais-un-resultat-annuel-inferieur-au-precedent\/#primaryimage\",\"inLanguage\":\"fr-FR\",\"url\":\"https:\/\/www.swiss-retail.ch\/wp-content\/uploads\/2026\/01\/shutterstock_2524550281-scaled.jpg\",\"contentUrl\":\"https:\/\/www.swiss-retail.ch\/wp-content\/uploads\/2026\/01\/shutterstock_2524550281-scaled.jpg\",\"width\":2560,\"height\":1752},{\"@type\":\"WebPage\",\"@id\":\"https:\/\/www.swiss-retail.ch\/fr\/news-fr\/de-bonnes-ventes-de-noel-mais-un-resultat-annuel-inferieur-au-precedent\/#webpage\",\"url\":\"https:\/\/www.swiss-retail.ch\/fr\/news-fr\/de-bonnes-ventes-de-noel-mais-un-resultat-annuel-inferieur-au-precedent\/\",\"name\":\"De bonnes ventes de No\u00ebl, mais un r\u00e9sultat annuel inf\u00e9rieur au pr\u00e9c\u00e9dent -\",\"isPartOf\":{\"@id\":\"https:\/\/www.swiss-retail.ch\/#website\"},\"primaryImageOfPage\":{\"@id\":\"https:\/\/www.swiss-retail.ch\/fr\/news-fr\/de-bonnes-ventes-de-noel-mais-un-resultat-annuel-inferieur-au-precedent\/#primaryimage\"},\"datePublished\":\"2026-01-13T09:11:32+00:00\",\"dateModified\":\"2026-01-13T09:11:32+00:00\",\"author\":{\"@id\":\"https:\/\/www.swiss-retail.ch\/#\/schema\/person\/90a7fcdf88c0e2555aeadc29a168014b\"},\"breadcrumb\":{\"@id\":\"https:\/\/www.swiss-retail.ch\/fr\/news-fr\/de-bonnes-ventes-de-noel-mais-un-resultat-annuel-inferieur-au-precedent\/#breadcrumb\"},\"inLanguage\":\"fr-FR\",\"potentialAction\":[{\"@type\":\"ReadAction\",\"target\":[\"https:\/\/www.swiss-retail.ch\/fr\/news-fr\/de-bonnes-ventes-de-noel-mais-un-resultat-annuel-inferieur-au-precedent\/\"]}]},{\"@type\":\"BreadcrumbList\",\"@id\":\"https:\/\/www.swiss-retail.ch\/fr\/news-fr\/de-bonnes-ventes-de-noel-mais-un-resultat-annuel-inferieur-au-precedent\/#breadcrumb\",\"itemListElement\":[{\"@type\":\"ListItem\",\"position\":1,\"name\":\"Startseite\",\"item\":\"https:\/\/www.swiss-retail.ch\/fr\/homepage\/\"},{\"@type\":\"ListItem\",\"position\":2,\"name\":\"De bonnes ventes de No\u00ebl, mais un r\u00e9sultat annuel inf\u00e9rieur au pr\u00e9c\u00e9dent\"}]},{\"@type\":\"Person\",\"@id\":\"https:\/\/www.swiss-retail.ch\/#\/schema\/person\/90a7fcdf88c0e2555aeadc29a168014b\",\"name\":\"swissretail\",\"url\":\"https:\/\/www.swiss-retail.ch\/fr\/author\/swissretail\/\"}]}<\/script>\n<!-- \/ Yoast SEO plugin. -->","yoast_head_json":{"title":"De bonnes ventes de No\u00ebl, mais un r\u00e9sultat annuel inf\u00e9rieur au pr\u00e9c\u00e9dent -","robots":{"index":"index","follow":"follow","max-snippet":"max-snippet:-1","max-image-preview":"max-image-preview:large","max-video-preview":"max-video-preview:-1"},"canonical":"https:\/\/www.swiss-retail.ch\/fr\/news-fr\/de-bonnes-ventes-de-noel-mais-un-resultat-annuel-inferieur-au-precedent\/","og_locale":"fr_FR","og_type":"article","og_title":"De bonnes ventes de No\u00ebl, mais un r\u00e9sultat annuel inf\u00e9rieur au pr\u00e9c\u00e9dent -","og_url":"https:\/\/www.swiss-retail.ch\/fr\/news-fr\/de-bonnes-ventes-de-noel-mais-un-resultat-annuel-inferieur-au-precedent\/","article_published_time":"2026-01-13T09:11:32+00:00","og_image":[{"width":2560,"height":1752,"url":"https:\/\/www.swiss-retail.ch\/wp-content\/uploads\/2026\/01\/shutterstock_2524550281-scaled.jpg","type":"image\/jpeg"}],"twitter_card":"summary_large_image","twitter_misc":{"\u00c9crit par":"swissretail","Dur\u00e9e de lecture estim\u00e9e":"3 minutes"},"schema":{"@context":"https:\/\/schema.org","@graph":[{"@type":"WebSite","@id":"https:\/\/www.swiss-retail.ch\/#website","url":"https:\/\/www.swiss-retail.ch\/","name":"","description":"Verband der Mittel- und Grossbetriebe des schweizerischen Detailhandels","potentialAction":[{"@type":"SearchAction","target":{"@type":"EntryPoint","urlTemplate":"https:\/\/www.swiss-retail.ch\/?s={search_term_string}"},"query-input":"required name=search_term_string"}],"inLanguage":"fr-FR"},{"@type":"ImageObject","@id":"https:\/\/www.swiss-retail.ch\/fr\/news-fr\/de-bonnes-ventes-de-noel-mais-un-resultat-annuel-inferieur-au-precedent\/#primaryimage","inLanguage":"fr-FR","url":"https:\/\/www.swiss-retail.ch\/wp-content\/uploads\/2026\/01\/shutterstock_2524550281-scaled.jpg","contentUrl":"https:\/\/www.swiss-retail.ch\/wp-content\/uploads\/2026\/01\/shutterstock_2524550281-scaled.jpg","width":2560,"height":1752},{"@type":"WebPage","@id":"https:\/\/www.swiss-retail.ch\/fr\/news-fr\/de-bonnes-ventes-de-noel-mais-un-resultat-annuel-inferieur-au-precedent\/#webpage","url":"https:\/\/www.swiss-retail.ch\/fr\/news-fr\/de-bonnes-ventes-de-noel-mais-un-resultat-annuel-inferieur-au-precedent\/","name":"De bonnes ventes de No\u00ebl, mais un r\u00e9sultat annuel inf\u00e9rieur au pr\u00e9c\u00e9dent -","isPartOf":{"@id":"https:\/\/www.swiss-retail.ch\/#website"},"primaryImageOfPage":{"@id":"https:\/\/www.swiss-retail.ch\/fr\/news-fr\/de-bonnes-ventes-de-noel-mais-un-resultat-annuel-inferieur-au-precedent\/#primaryimage"},"datePublished":"2026-01-13T09:11:32+00:00","dateModified":"2026-01-13T09:11:32+00:00","author":{"@id":"https:\/\/www.swiss-retail.ch\/#\/schema\/person\/90a7fcdf88c0e2555aeadc29a168014b"},"breadcrumb":{"@id":"https:\/\/www.swiss-retail.ch\/fr\/news-fr\/de-bonnes-ventes-de-noel-mais-un-resultat-annuel-inferieur-au-precedent\/#breadcrumb"},"inLanguage":"fr-FR","potentialAction":[{"@type":"ReadAction","target":["https:\/\/www.swiss-retail.ch\/fr\/news-fr\/de-bonnes-ventes-de-noel-mais-un-resultat-annuel-inferieur-au-precedent\/"]}]},{"@type":"BreadcrumbList","@id":"https:\/\/www.swiss-retail.ch\/fr\/news-fr\/de-bonnes-ventes-de-noel-mais-un-resultat-annuel-inferieur-au-precedent\/#breadcrumb","itemListElement":[{"@type":"ListItem","position":1,"name":"Startseite","item":"https:\/\/www.swiss-retail.ch\/fr\/homepage\/"},{"@type":"ListItem","position":2,"name":"De bonnes ventes de No\u00ebl, mais un r\u00e9sultat annuel inf\u00e9rieur au pr\u00e9c\u00e9dent"}]},{"@type":"Person","@id":"https:\/\/www.swiss-retail.ch\/#\/schema\/person\/90a7fcdf88c0e2555aeadc29a168014b","name":"swissretail","url":"https:\/\/www.swiss-retail.ch\/fr\/author\/swissretail\/"}]}},"_links":{"self":[{"href":"https:\/\/www.swiss-retail.ch\/fr\/wp-json\/wp\/v2\/posts\/19512"}],"collection":[{"href":"https:\/\/www.swiss-retail.ch\/fr\/wp-json\/wp\/v2\/posts"}],"about":[{"href":"https:\/\/www.swiss-retail.ch\/fr\/wp-json\/wp\/v2\/types\/post"}],"author":[{"embeddable":true,"href":"https:\/\/www.swiss-retail.ch\/fr\/wp-json\/wp\/v2\/users\/5"}],"replies":[{"embeddable":true,"href":"https:\/\/www.swiss-retail.ch\/fr\/wp-json\/wp\/v2\/comments?post=19512"}],"version-history":[{"count":2,"href":"https:\/\/www.swiss-retail.ch\/fr\/wp-json\/wp\/v2\/posts\/19512\/revisions"}],"predecessor-version":[{"id":19514,"href":"https:\/\/www.swiss-retail.ch\/fr\/wp-json\/wp\/v2\/posts\/19512\/revisions\/19514"}],"wp:featuredmedia":[{"embeddable":true,"href":"https:\/\/www.swiss-retail.ch\/fr\/wp-json\/wp\/v2\/media\/19509"}],"wp:attachment":[{"href":"https:\/\/www.swiss-retail.ch\/fr\/wp-json\/wp\/v2\/media?parent=19512"}],"wp:term":[{"taxonomy":"category","embeddable":true,"href":"https:\/\/www.swiss-retail.ch\/fr\/wp-json\/wp\/v2\/categories?post=19512"},{"taxonomy":"post_tag","embeddable":true,"href":"https:\/\/www.swiss-retail.ch\/fr\/wp-json\/wp\/v2\/tags?post=19512"}],"curies":[{"name":"wp","href":"https:\/\/api.w.org\/{rel}","templated":true}]}}