{"id":19907,"date":"2026-04-30T12:34:14","date_gmt":"2026-04-30T10:34:14","guid":{"rendered":"https:\/\/www.swiss-retail.ch\/?p=19907"},"modified":"2026-04-30T12:34:14","modified_gmt":"2026-04-30T10:34:14","slug":"consommateurs-et-commercants-saluent-la-decision-dinstaurer-des-regles-claires-pour-les-plateformes-de-commerce-en-ligne","status":"publish","type":"post","link":"https:\/\/www.swiss-retail.ch\/fr\/medienmitteilung-fr\/consommateurs-et-commercants-saluent-la-decision-dinstaurer-des-regles-claires-pour-les-plateformes-de-commerce-en-ligne\/","title":{"rendered":"Consommateurs et commer\u00e7ants saluent la d\u00e9cision d&rsquo;instaurer des r\u00e8gles claires pour les plateformes de commerce en ligne"},"content":{"rendered":"<section class=\"av_textblock_section \"  itemscope=\"itemscope\" itemtype=\"https:\/\/schema.org\/BlogPosting\" itemprop=\"blogPost\" ><div class='avia_textblock  '   itemprop=\"text\" ><h1>Consommateurs et commer\u00e7ants saluent la d\u00e9cision d&rsquo;instaurer des r\u00e8gles claires pour les plateformes de commerce en ligne<\/h1>\n<\/div><\/section>\n<div   class='hr hr-default   avia-builder-el-1  el_after_av_textblock  el_before_av_textblock '><span class='hr-inner ' ><span class='hr-inner-style'><\/span><\/span><\/div>\n<section class=\"av_textblock_section \"  itemscope=\"itemscope\" itemtype=\"https:\/\/schema.org\/BlogPosting\" itemprop=\"blogPost\" ><div class='avia_textblock  '   itemprop=\"text\" ><p>30. avril 2026<\/p>\n<p><strong>Au cours de cette session extraordinaire, le Conseil national a adopt\u00e9 deux interventions qui int\u00e9ressent \u00e0 la fois l\u2019\u00e9conomie et les consommateurs. La motion 24.3687 de Sophie Michaud Gigon (Les Verts\/Vaud) vise \u00e0 obliger les plateformes de commerce en ligne ayant leur si\u00e8ge dans un pays tiers \u00e0 d\u00e9signer un repr\u00e9sentant juridique en Suisse. Quant \u00e0 la motion 24.4240 de Benjamin Roduit (Le Centre\/Valais), elle exige que la s\u00e9curit\u00e9 des produits soit \u00e9galement garantie lors de l&rsquo;importation d&rsquo;articles destin\u00e9s \u00e0 un usage personnel. Le National a ainsi envoy\u00e9 un signal plus que jamais n\u00e9cessaire et r\u00e9jouissant, tant en faveur des consommateurs que d\u2019une concurrence loyale.<\/strong><\/p>\n<p>Le National a adopt\u00e9 la motion Michaud Gigon, qui vise \u00e0 obliger chacune des grandes plateformes de commerce en ligne \u00e9trang\u00e8res actives sur le march\u00e9 suisse \u00e0 d\u00e9signer un repr\u00e9sentant juridique sur place. Cela permettra aux consommateurs ainsi qu&rsquo;aux concurrents de faire valoir leurs droits plus facilement. Les plateformes concern\u00e9es ne pourront donc plus se cacher derri\u00e8re l\u2019\u00abanonymat\u00bb de leurs si\u00e8ges \u00e9trangers. Et les autorit\u00e9s disposeront enfin d\u2019un interlocuteur, ce qui facilitera l\u2019application effective du droit.<\/p>\n<p>En acceptant la motion Roduit, le National montre sa volont\u00e9 de combler une lacune juridique, en garantissant que les produits destin\u00e9s aux consommateurs en Suisse et vendus via des plateformes en ligne \u00e9trang\u00e8res r\u00e9pondent aux exigences du droit suisse (notamment la Loi sur la s\u00e9curit\u00e9 des produits, la Loi sur les denr\u00e9es alimentaires ou l\u2019Ordonnance sur les jouets). Il s\u2019agit de garantir des conditions \u00e9quitables entre les plateformes de commerce en ligne \u00e9trang\u00e8res et les commer\u00e7ants suisses. L\u2019adoption de cette motion est donc une victoire en faveur d\u2019une concurrence loyale. De plus, les consommateurs seront mieux prot\u00e9g\u00e9s contre des produits potentiellement dangereux.<\/p>\n<p>Une large coalition d&rsquo;organisations \u00e9conomiques et de consommateurs (voir en-t\u00eate) se r\u00e9jouit de ces deux d\u00e9cisions du Conseil national. Celles-ci montrent que le Parlement prend enfin au s\u00e9rieux les pr\u00e9occupations des consommateurs et des commer\u00e7ants suisses.<\/p>\n<p>Depuis plusieurs ann\u00e9es d\u00e9j\u00e0, de nombreuses organisations \u00e9conomiques et de consommateurs r\u00e9clament l&rsquo;instauration de conditions \u00e9quitables dans le commerce en ligne. Les plateformes de vente internationales telles que Temu et Shein profitent depuis longtemps de lacunes juridiques. Ces derni\u00e8res permettent \u00e0 ces commer\u00e7ants, principalement chinois, de livrer en Suisse, l\u00e9galement et massivement, des marchandises souvent de mauvaise qualit\u00e9, dangereuses et m\u00eame toxiques. Et ce, sans payer de taxes de recyclage.<\/p>\n<p>Chaque jour, jusqu\u2019\u00e0 500 000 colis en provenance d\u2019Asie arrivent en Suisse, dont beaucoup contiennent des produits qui ne r\u00e9pondent pas aux normes de s\u00e9curit\u00e9 helv\u00e9tiques. Une enqu\u00eate men\u00e9e par l\u2019Association suisse des jouets montre que 15 jouets sur 18 command\u00e9s sur Temu et Shein ne seraient pas commercialisables. Les r\u00e9sultats des tests europ\u00e9ens sont \u00e9galement alarmants: plus de 80% des jouets \u00e9valu\u00e9s pr\u00e9sentent des d\u00e9fauts de s\u00e9curit\u00e9 et contiennent des substances nocives interdites et dangereuses pour la sant\u00e9. De plus, les produits de ces plateformes de vente en ligne, exp\u00e9di\u00e9s individuellement par fret a\u00e9rien, causent des dommages environnementaux consid\u00e9rables. Cette pratique g\u00e9n\u00e8re des \u00e9missions de CO\u2082 jusqu&rsquo;\u00e0 50 fois sup\u00e9rieures \u00e0 celles du transport conventionnel par conteneurs.<\/p>\n<p>Les deux motions sont d\u00e9sormais transmises au Conseil des \u00c9tats.<\/p>\n<p><strong><em>Communiqu\u00e9 de presse commun de SWISS RETAIL FEDERATION, de l\u2019Association Suisse des jouets, Commerce Suisse, Swiss Textiles, Promarca, ASMAS, Union Suisse des Papeteries, Association Suisse des D\u00e9taillants en Jouets, Schweizerisches Konsumentenforum, F\u00e9d\u00e9ration romande des consommateurs, PBS und Grusskarten Schweiz <\/em><\/strong><\/p>\n<\/div><\/section>\n<div  class='av-social-sharing-box  avia-builder-el-3  el_after_av_textblock  avia-builder-el-last  '><div class='av-share-box'><h5 class='av-share-link-description av-no-toc '>Eintrag teilen<\/h5><ul class='av-share-box-list noLightbox'><li class='av-share-link av-social-link-facebook' ><a target=\"_blank\" aria-label=\"Partager sur Facebook\" href='https:\/\/www.facebook.com\/sharer.php?u=https:\/\/www.swiss-retail.ch\/fr\/medienmitteilung-fr\/consommateurs-et-commercants-saluent-la-decision-dinstaurer-des-regles-claires-pour-les-plateformes-de-commerce-en-ligne\/&#038;t=Consommateurs%20et%20commer%C3%A7ants%20saluent%20la%20d%C3%A9cision%20d%E2%80%99instaurer%20des%20r%C3%A8gles%20claires%20pour%20les%20plateformes%20de%20commerce%20en%20ligne' aria-hidden='false' data-av_icon='\ue8f3' data-av_iconfont='entypo-fontello' title='' data-avia-related-tooltip='Partager sur Facebook' rel=\"noopener\"><span class='avia_hidden_link_text'>Partager sur Facebook<\/span><\/a><\/li><li class='av-share-link av-social-link-twitter' ><a target=\"_blank\" aria-label=\"Partager sur Twitter\" href='https:\/\/twitter.com\/share?text=Consommateurs%20et%20commer%C3%A7ants%20saluent%20la%20d%C3%A9cision%20d%E2%80%99instaurer%20des%20r%C3%A8gles%20claires%20pour%20les%20plateformes%20de%20commerce%20en%20ligne&#038;url=https:\/\/www.swiss-retail.ch\/fr\/?p=19907' aria-hidden='false' data-av_icon='\ue8f1' data-av_iconfont='entypo-fontello' title='' data-avia-related-tooltip='Partager sur Twitter' rel=\"noopener\"><span class='avia_hidden_link_text'>Partager sur Twitter<\/span><\/a><\/li><li class='av-share-link av-social-link-whatsapp' ><a target=\"_blank\" aria-label=\"Share on WhatsApp\" href='https:\/\/api.whatsapp.com\/send?text=https:\/\/www.swiss-retail.ch\/fr\/medienmitteilung-fr\/consommateurs-et-commercants-saluent-la-decision-dinstaurer-des-regles-claires-pour-les-plateformes-de-commerce-en-ligne\/' aria-hidden='false' data-av_icon='\uf232' data-av_iconfont='entypo-fontello' title='' data-avia-related-tooltip='Share on WhatsApp' rel=\"noopener\"><span class='avia_hidden_link_text'>Share on WhatsApp<\/span><\/a><\/li><li class='av-share-link av-social-link-linkedin' ><a target=\"_blank\" aria-label=\"Partager sur LinkedIn\" href='https:\/\/linkedin.com\/shareArticle?mini=true&#038;title=Consommateurs%20et%20commer%C3%A7ants%20saluent%20la%20d%C3%A9cision%20d%E2%80%99instaurer%20des%20r%C3%A8gles%20claires%20pour%20les%20plateformes%20de%20commerce%20en%20ligne&#038;url=https:\/\/www.swiss-retail.ch\/fr\/medienmitteilung-fr\/consommateurs-et-commercants-saluent-la-decision-dinstaurer-des-regles-claires-pour-les-plateformes-de-commerce-en-ligne\/' aria-hidden='false' data-av_icon='\ue8fc' data-av_iconfont='entypo-fontello' title='' data-avia-related-tooltip='Partager sur LinkedIn' rel=\"noopener\"><span class='avia_hidden_link_text'>Partager sur LinkedIn<\/span><\/a><\/li><li class='av-share-link av-social-link-mail' ><a  aria-label=\"Partager par Mail\" href='mailto:?subject=Consommateurs%20et%20commer%C3%A7ants%20saluent%20la%20d%C3%A9cision%20d%E2%80%99instaurer%20des%20r%C3%A8gles%20claires%20pour%20les%20plateformes%20de%20commerce%20en%20ligne&#038;body=https:\/\/www.swiss-retail.ch\/fr\/medienmitteilung-fr\/consommateurs-et-commercants-saluent-la-decision-dinstaurer-des-regles-claires-pour-les-plateformes-de-commerce-en-ligne\/' aria-hidden='false' data-av_icon='\ue805' data-av_iconfont='entypo-fontello' title='' data-avia-related-tooltip='Partager par Mail'><span class='avia_hidden_link_text'>Partager par Mail<\/span><\/a><\/li><\/ul><\/div><\/div>\n","protected":false},"excerpt":{"rendered":"","protected":false},"author":5,"featured_media":19900,"comment_status":"closed","ping_status":"closed","sticky":false,"template":"","format":"standard","meta":[],"categories":[69,64],"tags":[],"yoast_head":"<!-- This site is optimized with the Yoast SEO plugin v18.5.1 - https:\/\/yoast.com\/wordpress\/plugins\/seo\/ -->\n<title>Consommateurs et commer\u00e7ants saluent la d\u00e9cision d&#039;instaurer des r\u00e8gles claires pour les plateformes de commerce en ligne -<\/title>\n<meta name=\"robots\" content=\"index, follow, max-snippet:-1, max-image-preview:large, max-video-preview:-1\" \/>\n<link rel=\"canonical\" href=\"https:\/\/www.swiss-retail.ch\/fr\/medienmitteilung-fr\/consommateurs-et-commercants-saluent-la-decision-dinstaurer-des-regles-claires-pour-les-plateformes-de-commerce-en-ligne\/\" \/>\n<meta property=\"og:locale\" content=\"fr_FR\" \/>\n<meta property=\"og:type\" content=\"article\" \/>\n<meta property=\"og:title\" content=\"Consommateurs et commer\u00e7ants saluent la d\u00e9cision d&#039;instaurer des r\u00e8gles claires pour les plateformes de commerce en ligne -\" \/>\n<meta property=\"og:url\" content=\"https:\/\/www.swiss-retail.ch\/fr\/medienmitteilung-fr\/consommateurs-et-commercants-saluent-la-decision-dinstaurer-des-regles-claires-pour-les-plateformes-de-commerce-en-ligne\/\" \/>\n<meta property=\"article:published_time\" content=\"2026-04-30T10:34:14+00:00\" \/>\n<meta property=\"og:image\" content=\"https:\/\/www.swiss-retail.ch\/wp-content\/uploads\/2026\/04\/Temu-1030x687.jpg\" \/>\n\t<meta property=\"og:image:width\" content=\"1030\" \/>\n\t<meta property=\"og:image:height\" content=\"687\" \/>\n\t<meta property=\"og:image:type\" content=\"image\/jpeg\" \/>\n<meta name=\"twitter:card\" content=\"summary_large_image\" \/>\n<meta name=\"twitter:label1\" content=\"\u00c9crit par\" \/>\n\t<meta name=\"twitter:data1\" content=\"swissretail\" \/>\n\t<meta name=\"twitter:label2\" content=\"Dur\u00e9e de lecture estim\u00e9e\" \/>\n\t<meta name=\"twitter:data2\" content=\"4 minutes\" \/>\n<script type=\"application\/ld+json\" class=\"yoast-schema-graph\">{\"@context\":\"https:\/\/schema.org\",\"@graph\":[{\"@type\":\"WebSite\",\"@id\":\"https:\/\/www.swiss-retail.ch\/#website\",\"url\":\"https:\/\/www.swiss-retail.ch\/\",\"name\":\"\",\"description\":\"Verband der Mittel- und Grossbetriebe des schweizerischen Detailhandels\",\"potentialAction\":[{\"@type\":\"SearchAction\",\"target\":{\"@type\":\"EntryPoint\",\"urlTemplate\":\"https:\/\/www.swiss-retail.ch\/?s={search_term_string}\"},\"query-input\":\"required name=search_term_string\"}],\"inLanguage\":\"fr-FR\"},{\"@type\":\"ImageObject\",\"@id\":\"https:\/\/www.swiss-retail.ch\/fr\/medienmitteilung-fr\/consommateurs-et-commercants-saluent-la-decision-dinstaurer-des-regles-claires-pour-les-plateformes-de-commerce-en-ligne\/#primaryimage\",\"inLanguage\":\"fr-FR\",\"url\":\"https:\/\/www.swiss-retail.ch\/wp-content\/uploads\/2026\/04\/Temu-scaled.jpg\",\"contentUrl\":\"https:\/\/www.swiss-retail.ch\/wp-content\/uploads\/2026\/04\/Temu-scaled.jpg\",\"width\":2560,\"height\":1708},{\"@type\":\"WebPage\",\"@id\":\"https:\/\/www.swiss-retail.ch\/fr\/medienmitteilung-fr\/consommateurs-et-commercants-saluent-la-decision-dinstaurer-des-regles-claires-pour-les-plateformes-de-commerce-en-ligne\/#webpage\",\"url\":\"https:\/\/www.swiss-retail.ch\/fr\/medienmitteilung-fr\/consommateurs-et-commercants-saluent-la-decision-dinstaurer-des-regles-claires-pour-les-plateformes-de-commerce-en-ligne\/\",\"name\":\"Consommateurs et commer\u00e7ants saluent la d\u00e9cision d'instaurer des r\u00e8gles claires pour les plateformes de commerce en ligne -\",\"isPartOf\":{\"@id\":\"https:\/\/www.swiss-retail.ch\/#website\"},\"primaryImageOfPage\":{\"@id\":\"https:\/\/www.swiss-retail.ch\/fr\/medienmitteilung-fr\/consommateurs-et-commercants-saluent-la-decision-dinstaurer-des-regles-claires-pour-les-plateformes-de-commerce-en-ligne\/#primaryimage\"},\"datePublished\":\"2026-04-30T10:34:14+00:00\",\"dateModified\":\"2026-04-30T10:34:14+00:00\",\"author\":{\"@id\":\"https:\/\/www.swiss-retail.ch\/#\/schema\/person\/90a7fcdf88c0e2555aeadc29a168014b\"},\"breadcrumb\":{\"@id\":\"https:\/\/www.swiss-retail.ch\/fr\/medienmitteilung-fr\/consommateurs-et-commercants-saluent-la-decision-dinstaurer-des-regles-claires-pour-les-plateformes-de-commerce-en-ligne\/#breadcrumb\"},\"inLanguage\":\"fr-FR\",\"potentialAction\":[{\"@type\":\"ReadAction\",\"target\":[\"https:\/\/www.swiss-retail.ch\/fr\/medienmitteilung-fr\/consommateurs-et-commercants-saluent-la-decision-dinstaurer-des-regles-claires-pour-les-plateformes-de-commerce-en-ligne\/\"]}]},{\"@type\":\"BreadcrumbList\",\"@id\":\"https:\/\/www.swiss-retail.ch\/fr\/medienmitteilung-fr\/consommateurs-et-commercants-saluent-la-decision-dinstaurer-des-regles-claires-pour-les-plateformes-de-commerce-en-ligne\/#breadcrumb\",\"itemListElement\":[{\"@type\":\"ListItem\",\"position\":1,\"name\":\"Startseite\",\"item\":\"https:\/\/www.swiss-retail.ch\/fr\/homepage\/\"},{\"@type\":\"ListItem\",\"position\":2,\"name\":\"Consommateurs et commer\u00e7ants saluent la d\u00e9cision d&#8217;instaurer des r\u00e8gles claires pour les plateformes de commerce en ligne\"}]},{\"@type\":\"Person\",\"@id\":\"https:\/\/www.swiss-retail.ch\/#\/schema\/person\/90a7fcdf88c0e2555aeadc29a168014b\",\"name\":\"swissretail\",\"url\":\"https:\/\/www.swiss-retail.ch\/fr\/author\/swissretail\/\"}]}<\/script>\n<!-- \/ Yoast SEO plugin. -->","yoast_head_json":{"title":"Consommateurs et commer\u00e7ants saluent la d\u00e9cision d'instaurer des r\u00e8gles claires pour les plateformes de commerce en ligne -","robots":{"index":"index","follow":"follow","max-snippet":"max-snippet:-1","max-image-preview":"max-image-preview:large","max-video-preview":"max-video-preview:-1"},"canonical":"https:\/\/www.swiss-retail.ch\/fr\/medienmitteilung-fr\/consommateurs-et-commercants-saluent-la-decision-dinstaurer-des-regles-claires-pour-les-plateformes-de-commerce-en-ligne\/","og_locale":"fr_FR","og_type":"article","og_title":"Consommateurs et commer\u00e7ants saluent la d\u00e9cision d'instaurer des r\u00e8gles claires pour les plateformes de commerce en ligne -","og_url":"https:\/\/www.swiss-retail.ch\/fr\/medienmitteilung-fr\/consommateurs-et-commercants-saluent-la-decision-dinstaurer-des-regles-claires-pour-les-plateformes-de-commerce-en-ligne\/","article_published_time":"2026-04-30T10:34:14+00:00","og_image":[{"width":1030,"height":687,"url":"https:\/\/www.swiss-retail.ch\/wp-content\/uploads\/2026\/04\/Temu-1030x687.jpg","type":"image\/jpeg"}],"twitter_card":"summary_large_image","twitter_misc":{"\u00c9crit par":"swissretail","Dur\u00e9e de lecture estim\u00e9e":"4 minutes"},"schema":{"@context":"https:\/\/schema.org","@graph":[{"@type":"WebSite","@id":"https:\/\/www.swiss-retail.ch\/#website","url":"https:\/\/www.swiss-retail.ch\/","name":"","description":"Verband der Mittel- und Grossbetriebe des schweizerischen Detailhandels","potentialAction":[{"@type":"SearchAction","target":{"@type":"EntryPoint","urlTemplate":"https:\/\/www.swiss-retail.ch\/?s={search_term_string}"},"query-input":"required name=search_term_string"}],"inLanguage":"fr-FR"},{"@type":"ImageObject","@id":"https:\/\/www.swiss-retail.ch\/fr\/medienmitteilung-fr\/consommateurs-et-commercants-saluent-la-decision-dinstaurer-des-regles-claires-pour-les-plateformes-de-commerce-en-ligne\/#primaryimage","inLanguage":"fr-FR","url":"https:\/\/www.swiss-retail.ch\/wp-content\/uploads\/2026\/04\/Temu-scaled.jpg","contentUrl":"https:\/\/www.swiss-retail.ch\/wp-content\/uploads\/2026\/04\/Temu-scaled.jpg","width":2560,"height":1708},{"@type":"WebPage","@id":"https:\/\/www.swiss-retail.ch\/fr\/medienmitteilung-fr\/consommateurs-et-commercants-saluent-la-decision-dinstaurer-des-regles-claires-pour-les-plateformes-de-commerce-en-ligne\/#webpage","url":"https:\/\/www.swiss-retail.ch\/fr\/medienmitteilung-fr\/consommateurs-et-commercants-saluent-la-decision-dinstaurer-des-regles-claires-pour-les-plateformes-de-commerce-en-ligne\/","name":"Consommateurs et commer\u00e7ants saluent la d\u00e9cision d'instaurer des r\u00e8gles claires pour les plateformes de commerce en ligne -","isPartOf":{"@id":"https:\/\/www.swiss-retail.ch\/#website"},"primaryImageOfPage":{"@id":"https:\/\/www.swiss-retail.ch\/fr\/medienmitteilung-fr\/consommateurs-et-commercants-saluent-la-decision-dinstaurer-des-regles-claires-pour-les-plateformes-de-commerce-en-ligne\/#primaryimage"},"datePublished":"2026-04-30T10:34:14+00:00","dateModified":"2026-04-30T10:34:14+00:00","author":{"@id":"https:\/\/www.swiss-retail.ch\/#\/schema\/person\/90a7fcdf88c0e2555aeadc29a168014b"},"breadcrumb":{"@id":"https:\/\/www.swiss-retail.ch\/fr\/medienmitteilung-fr\/consommateurs-et-commercants-saluent-la-decision-dinstaurer-des-regles-claires-pour-les-plateformes-de-commerce-en-ligne\/#breadcrumb"},"inLanguage":"fr-FR","potentialAction":[{"@type":"ReadAction","target":["https:\/\/www.swiss-retail.ch\/fr\/medienmitteilung-fr\/consommateurs-et-commercants-saluent-la-decision-dinstaurer-des-regles-claires-pour-les-plateformes-de-commerce-en-ligne\/"]}]},{"@type":"BreadcrumbList","@id":"https:\/\/www.swiss-retail.ch\/fr\/medienmitteilung-fr\/consommateurs-et-commercants-saluent-la-decision-dinstaurer-des-regles-claires-pour-les-plateformes-de-commerce-en-ligne\/#breadcrumb","itemListElement":[{"@type":"ListItem","position":1,"name":"Startseite","item":"https:\/\/www.swiss-retail.ch\/fr\/homepage\/"},{"@type":"ListItem","position":2,"name":"Consommateurs et commer\u00e7ants saluent la d\u00e9cision d&#8217;instaurer des r\u00e8gles claires pour les plateformes de commerce en ligne"}]},{"@type":"Person","@id":"https:\/\/www.swiss-retail.ch\/#\/schema\/person\/90a7fcdf88c0e2555aeadc29a168014b","name":"swissretail","url":"https:\/\/www.swiss-retail.ch\/fr\/author\/swissretail\/"}]}},"_links":{"self":[{"href":"https:\/\/www.swiss-retail.ch\/fr\/wp-json\/wp\/v2\/posts\/19907"}],"collection":[{"href":"https:\/\/www.swiss-retail.ch\/fr\/wp-json\/wp\/v2\/posts"}],"about":[{"href":"https:\/\/www.swiss-retail.ch\/fr\/wp-json\/wp\/v2\/types\/post"}],"author":[{"embeddable":true,"href":"https:\/\/www.swiss-retail.ch\/fr\/wp-json\/wp\/v2\/users\/5"}],"replies":[{"embeddable":true,"href":"https:\/\/www.swiss-retail.ch\/fr\/wp-json\/wp\/v2\/comments?post=19907"}],"version-history":[{"count":2,"href":"https:\/\/www.swiss-retail.ch\/fr\/wp-json\/wp\/v2\/posts\/19907\/revisions"}],"predecessor-version":[{"id":19909,"href":"https:\/\/www.swiss-retail.ch\/fr\/wp-json\/wp\/v2\/posts\/19907\/revisions\/19909"}],"wp:featuredmedia":[{"embeddable":true,"href":"https:\/\/www.swiss-retail.ch\/fr\/wp-json\/wp\/v2\/media\/19900"}],"wp:attachment":[{"href":"https:\/\/www.swiss-retail.ch\/fr\/wp-json\/wp\/v2\/media?parent=19907"}],"wp:term":[{"taxonomy":"category","embeddable":true,"href":"https:\/\/www.swiss-retail.ch\/fr\/wp-json\/wp\/v2\/categories?post=19907"},{"taxonomy":"post_tag","embeddable":true,"href":"https:\/\/www.swiss-retail.ch\/fr\/wp-json\/wp\/v2\/tags?post=19907"}],"curies":[{"name":"wp","href":"https:\/\/api.w.org\/{rel}","templated":true}]}}