{"id":20133,"date":"2026-06-11T09:39:04","date_gmt":"2026-06-11T07:39:04","guid":{"rendered":"https:\/\/www.swiss-retail.ch\/?p=20133"},"modified":"2026-06-11T10:09:11","modified_gmt":"2026-06-11T08:09:11","slug":"rencherir-le-vin-sans-soulager-la-viticulture-suisse","status":"publish","type":"post","link":"https:\/\/www.swiss-retail.ch\/fr\/news-fr\/rencherir-le-vin-sans-soulager-la-viticulture-suisse\/","title":{"rendered":"Rench\u00e9rir le vin sans soulager la viticulture suisse"},"content":{"rendered":"<section class=\"av_textblock_section \"  itemscope=\"itemscope\" itemtype=\"https:\/\/schema.org\/BlogPosting\" itemprop=\"blogPost\" ><div class='avia_textblock  '   itemprop=\"text\" ><h1><strong>Rench\u00e9rir le vin sans soulager la viticulture suisse\u00a0<\/strong><\/h1>\n<\/div><\/section>\n<div   class='hr hr-default   avia-builder-el-1  el_after_av_textblock  el_before_av_textblock '><span class='hr-inner ' ><span class='hr-inner-style'><\/span><\/span><\/div>\n<section class=\"av_textblock_section \"  itemscope=\"itemscope\" itemtype=\"https:\/\/schema.org\/BlogPosting\" itemprop=\"blogPost\" ><div class='avia_textblock  '   itemprop=\"text\" ><p>11 juin 2026<\/p>\n<p><strong>Le Conseil f\u00e9d\u00e9ral souhaite d\u00e9sormais attribuer les droits d&rsquo;importation de vin en fonction de prestations favorables \u00e0 la production suisse et non plus selon le principe \u00ab premier arriv\u00e9, premier servi \u00bb. SWISS RETAIL FEDERATION est fermement oppos\u00e9e \u00e0 cette modification de l&rsquo;ordonnance sur le vin. Le nouveau r\u00e9gime de r\u00e9partition du contingent tarifaire se traduirait par une hausse g\u00e9n\u00e9rale des prix du vin, affaiblirait la concurrence et alourdirait la charge administrative des commer\u00e7ants. Un tel projet p\u00e9nalise les consommateurs et les entreprises sans r\u00e9soudre les probl\u00e8mes de la branche viticole suisse\u00a0!<\/strong><\/p>\n<p>Le recul de la consommation de vin dans nos soci\u00e9t\u00e9s pose incontestablement des d\u00e9fis au secteur. Il touche aussi bien les vins suisses que les vins \u00e9trangers et traduit une \u00e9volution longue des habitudes de consommation. Mais la modification propos\u00e9e par le Conseil f\u00e9d\u00e9ral ne s\u2019attaque pas aux causes du probl\u00e8me et il est \u00e9vident que ceux qui souhaitent boire un vin italien, espagnol ou portugais ne se tourneront pas automatiquement vers des vins suisses si les prix augmentent. De plus, il y a des ann\u00e9es d\u00e9j\u00e0 que le contingent tarifaire existant se renouvelle sans \u00eatre \u00e9puis\u00e9, de sorte qu\u2019objectivement, un changement de syst\u00e8me n\u2019a pas de raison d\u2019\u00eatre. Pour SWISS RETAIL FEDERATION, aucune base s\u00e9rieuse ne justifie un chamboulement d\u2019une telle ampleur.<\/p>\n<p>\u00ab Ce projet s&rsquo;attaque aux sympt\u00f4mes et non aux causes. Le rench\u00e9rissement des vins import\u00e9s ne fera pas automatiquement progresser la demande de vins suisses. Au contraire, le vin devenant globalement plus cher pour les consommateurs, il pourrait encore accentuer le fl\u00e9chissement de la consommation \u00bb, signale Patrick Erny, directeur de SWISS RETAIL FEDERATION.<\/p>\n<p><strong>Hausse des prix et bureaucratie alourdie !\u00a0 <\/strong><\/p>\n<p>La nouvelle r\u00e9glementation propos\u00e9e se traduirait par un fort rench\u00e9rissement des vins import\u00e9s. Selon les estimations de la branche, il faut s&rsquo;attendre \u00e0 des hausses sensibles, en l\u2019occurrence de plus d\u2019un franc \u00e0 deux francs par bouteille selon les cat\u00e9gories. Les vins bon march\u00e9 des segments d\u2019entr\u00e9e et de milieu de gamme seraient particuli\u00e8rement touch\u00e9s. Pour de nombreux marchands de vins et entreprises du commerce de d\u00e9tail, le projet entra\u00eenerait des co\u00fbts suppl\u00e9mentaires annuels se chiffrant en millions.<\/p>\n<p>De plus, il alourdirait la charge administrative, obligeant les entreprises \u00e0 se plier \u00e0 un syst\u00e8me d\u2019attribution de quotas plus compliqu\u00e9, qui p\u00e8serait sur la planification des achats et de l\u2019assortiment et occasionnerait un surcro\u00eet de d\u00e9penses administratives et de contr\u00f4le.<\/p>\n<p><strong>Rude \u00e9preuve pour la concurrence et le march\u00e9 int\u00e9rieur<\/strong><\/p>\n<p>Pour SWISS RETAIL FEDERATION, ce projet pose \u00e9galement probl\u00e8me d\u2019un point de vue de politique fondamentale. Le syst\u00e8me actuel fonctionne bien. Il garantit la concurrence et assure un large choix de vins \u00e0 des prix \u00e9quitables. Au contraire, le nouveau r\u00e8glement pr\u00e9vu d\u00e9savantage certains acteurs du march\u00e9 et cr\u00e9e de nouvelles barri\u00e8res d\u2019entr\u00e9e, sans avantage perceptible pour la branche. En renfor\u00e7ant le pouvoir de n\u00e9gociation des entreprises qui ach\u00e8tent et vinifient des raisins suisses, le projet favorisera le commerce des quotas au d\u00e9triment d\u2019un commerce du vin qui fonctionne convenablement.<\/p>\n<p>Enfin, la hausse des prix en Suisse stimulerait encore le tourisme d\u2019achat et les commandes en ligne \u00e0 l\u2019\u00e9tranger. Sans compter que le rench\u00e9rissement de l\u2019offre risquerait d\u2019acc\u00e9l\u00e9rer encore la baisse d\u00e9j\u00e0 sensible de la consommation de vin. Au final, c\u2019est toute la gamme de produits qui en p\u00e2tirait, vins suisses compris.<\/p>\n<p>En un mot, \u00ab ce projet entra\u00eenera une hausse des prix et alourdira les formalit\u00e9s administratives, sans renforcer la viticulture suisse \u00bb, conclut Patrick Erny.<\/p>\n<p><a href=\"https:\/\/www.swiss-retail.ch\/wp-content\/uploads\/2026\/06\/260611_Stellungnahme_SWISS-RETAIL-FEDERATION_def.pdf\">Lien<\/a> vers la prise de position (en allemand).<\/p>\n<\/div><\/section>\n<div  class='av-social-sharing-box  avia-builder-el-3  el_after_av_textblock  avia-builder-el-last  '><div class='av-share-box'><h5 class='av-share-link-description av-no-toc '>Eintrag teilen<\/h5><ul class='av-share-box-list noLightbox'><li class='av-share-link av-social-link-facebook' ><a target=\"_blank\" aria-label=\"Partager sur Facebook\" href='https:\/\/www.facebook.com\/sharer.php?u=https:\/\/www.swiss-retail.ch\/fr\/news-fr\/rencherir-le-vin-sans-soulager-la-viticulture-suisse\/&#038;t=Rench%C3%A9rir%20le%20vin%20sans%20soulager%20la%20viticulture%20suisse' aria-hidden='false' data-av_icon='\ue8f3' data-av_iconfont='entypo-fontello' title='' data-avia-related-tooltip='Partager sur Facebook' rel=\"noopener\"><span class='avia_hidden_link_text'>Partager sur Facebook<\/span><\/a><\/li><li class='av-share-link av-social-link-twitter' ><a target=\"_blank\" aria-label=\"Partager sur Twitter\" href='https:\/\/twitter.com\/share?text=Rench%C3%A9rir%20le%20vin%20sans%20soulager%20la%20viticulture%20suisse&#038;url=https:\/\/www.swiss-retail.ch\/fr\/?p=20133' aria-hidden='false' data-av_icon='\ue8f1' data-av_iconfont='entypo-fontello' title='' data-avia-related-tooltip='Partager sur Twitter' rel=\"noopener\"><span class='avia_hidden_link_text'>Partager sur Twitter<\/span><\/a><\/li><li class='av-share-link av-social-link-whatsapp' ><a target=\"_blank\" aria-label=\"Share on WhatsApp\" href='https:\/\/api.whatsapp.com\/send?text=https:\/\/www.swiss-retail.ch\/fr\/news-fr\/rencherir-le-vin-sans-soulager-la-viticulture-suisse\/' aria-hidden='false' data-av_icon='\uf232' data-av_iconfont='entypo-fontello' title='' data-avia-related-tooltip='Share on WhatsApp' rel=\"noopener\"><span class='avia_hidden_link_text'>Share on WhatsApp<\/span><\/a><\/li><li class='av-share-link av-social-link-linkedin' ><a target=\"_blank\" aria-label=\"Partager sur LinkedIn\" href='https:\/\/linkedin.com\/shareArticle?mini=true&#038;title=Rench%C3%A9rir%20le%20vin%20sans%20soulager%20la%20viticulture%20suisse&#038;url=https:\/\/www.swiss-retail.ch\/fr\/news-fr\/rencherir-le-vin-sans-soulager-la-viticulture-suisse\/' aria-hidden='false' data-av_icon='\ue8fc' data-av_iconfont='entypo-fontello' title='' data-avia-related-tooltip='Partager sur LinkedIn' rel=\"noopener\"><span class='avia_hidden_link_text'>Partager sur LinkedIn<\/span><\/a><\/li><li class='av-share-link av-social-link-mail' ><a  aria-label=\"Partager par Mail\" href='mailto:?subject=Rench%C3%A9rir%20le%20vin%20sans%20soulager%20la%20viticulture%20suisse&#038;body=https:\/\/www.swiss-retail.ch\/fr\/news-fr\/rencherir-le-vin-sans-soulager-la-viticulture-suisse\/' aria-hidden='false' data-av_icon='\ue805' data-av_iconfont='entypo-fontello' title='' data-avia-related-tooltip='Partager par Mail'><span class='avia_hidden_link_text'>Partager par Mail<\/span><\/a><\/li><\/ul><\/div><\/div>\n","protected":false},"excerpt":{"rendered":"","protected":false},"author":5,"featured_media":20130,"comment_status":"closed","ping_status":"closed","sticky":false,"template":"","format":"standard","meta":[],"categories":[69,64],"tags":[],"yoast_head":"<!-- This site is optimized with the Yoast SEO plugin v18.5.1 - https:\/\/yoast.com\/wordpress\/plugins\/seo\/ -->\n<title>Rench\u00e9rir le vin sans soulager la viticulture suisse -<\/title>\n<meta name=\"robots\" content=\"index, follow, max-snippet:-1, max-image-preview:large, max-video-preview:-1\" \/>\n<link rel=\"canonical\" href=\"https:\/\/www.swiss-retail.ch\/fr\/news-fr\/rencherir-le-vin-sans-soulager-la-viticulture-suisse\/\" \/>\n<meta property=\"og:locale\" content=\"fr_FR\" \/>\n<meta property=\"og:type\" content=\"article\" \/>\n<meta property=\"og:title\" content=\"Rench\u00e9rir le vin sans soulager la viticulture suisse -\" \/>\n<meta property=\"og:url\" content=\"https:\/\/www.swiss-retail.ch\/fr\/news-fr\/rencherir-le-vin-sans-soulager-la-viticulture-suisse\/\" \/>\n<meta property=\"article:published_time\" content=\"2026-06-11T07:39:04+00:00\" \/>\n<meta property=\"article:modified_time\" content=\"2026-06-11T08:09:11+00:00\" \/>\n<meta property=\"og:image\" content=\"https:\/\/www.swiss-retail.ch\/wp-content\/uploads\/2026\/06\/shutterstock_1904890330-1030x687.jpg\" \/>\n\t<meta property=\"og:image:width\" content=\"1030\" \/>\n\t<meta property=\"og:image:height\" content=\"687\" \/>\n\t<meta property=\"og:image:type\" content=\"image\/jpeg\" \/>\n<meta name=\"twitter:card\" content=\"summary_large_image\" \/>\n<meta name=\"twitter:label1\" content=\"\u00c9crit par\" \/>\n\t<meta name=\"twitter:data1\" content=\"swissretail\" \/>\n\t<meta name=\"twitter:label2\" content=\"Dur\u00e9e de lecture estim\u00e9e\" \/>\n\t<meta name=\"twitter:data2\" content=\"4 minutes\" \/>\n<script type=\"application\/ld+json\" class=\"yoast-schema-graph\">{\"@context\":\"https:\/\/schema.org\",\"@graph\":[{\"@type\":\"WebSite\",\"@id\":\"https:\/\/www.swiss-retail.ch\/#website\",\"url\":\"https:\/\/www.swiss-retail.ch\/\",\"name\":\"\",\"description\":\"Verband der Mittel- und Grossbetriebe des schweizerischen Detailhandels\",\"potentialAction\":[{\"@type\":\"SearchAction\",\"target\":{\"@type\":\"EntryPoint\",\"urlTemplate\":\"https:\/\/www.swiss-retail.ch\/?s={search_term_string}\"},\"query-input\":\"required name=search_term_string\"}],\"inLanguage\":\"fr-FR\"},{\"@type\":\"ImageObject\",\"@id\":\"https:\/\/www.swiss-retail.ch\/fr\/news-fr\/rencherir-le-vin-sans-soulager-la-viticulture-suisse\/#primaryimage\",\"inLanguage\":\"fr-FR\",\"url\":\"https:\/\/www.swiss-retail.ch\/wp-content\/uploads\/2026\/06\/shutterstock_1904890330-scaled.jpg\",\"contentUrl\":\"https:\/\/www.swiss-retail.ch\/wp-content\/uploads\/2026\/06\/shutterstock_1904890330-scaled.jpg\",\"width\":2560,\"height\":1709},{\"@type\":\"WebPage\",\"@id\":\"https:\/\/www.swiss-retail.ch\/fr\/news-fr\/rencherir-le-vin-sans-soulager-la-viticulture-suisse\/#webpage\",\"url\":\"https:\/\/www.swiss-retail.ch\/fr\/news-fr\/rencherir-le-vin-sans-soulager-la-viticulture-suisse\/\",\"name\":\"Rench\u00e9rir le vin sans soulager la viticulture suisse -\",\"isPartOf\":{\"@id\":\"https:\/\/www.swiss-retail.ch\/#website\"},\"primaryImageOfPage\":{\"@id\":\"https:\/\/www.swiss-retail.ch\/fr\/news-fr\/rencherir-le-vin-sans-soulager-la-viticulture-suisse\/#primaryimage\"},\"datePublished\":\"2026-06-11T07:39:04+00:00\",\"dateModified\":\"2026-06-11T08:09:11+00:00\",\"author\":{\"@id\":\"https:\/\/www.swiss-retail.ch\/#\/schema\/person\/90a7fcdf88c0e2555aeadc29a168014b\"},\"breadcrumb\":{\"@id\":\"https:\/\/www.swiss-retail.ch\/fr\/news-fr\/rencherir-le-vin-sans-soulager-la-viticulture-suisse\/#breadcrumb\"},\"inLanguage\":\"fr-FR\",\"potentialAction\":[{\"@type\":\"ReadAction\",\"target\":[\"https:\/\/www.swiss-retail.ch\/fr\/news-fr\/rencherir-le-vin-sans-soulager-la-viticulture-suisse\/\"]}]},{\"@type\":\"BreadcrumbList\",\"@id\":\"https:\/\/www.swiss-retail.ch\/fr\/news-fr\/rencherir-le-vin-sans-soulager-la-viticulture-suisse\/#breadcrumb\",\"itemListElement\":[{\"@type\":\"ListItem\",\"position\":1,\"name\":\"Startseite\",\"item\":\"https:\/\/www.swiss-retail.ch\/fr\/homepage\/\"},{\"@type\":\"ListItem\",\"position\":2,\"name\":\"Rench\u00e9rir le vin sans soulager la viticulture suisse\"}]},{\"@type\":\"Person\",\"@id\":\"https:\/\/www.swiss-retail.ch\/#\/schema\/person\/90a7fcdf88c0e2555aeadc29a168014b\",\"name\":\"swissretail\",\"url\":\"https:\/\/www.swiss-retail.ch\/fr\/author\/swissretail\/\"}]}<\/script>\n<!-- \/ Yoast SEO plugin. -->","yoast_head_json":{"title":"Rench\u00e9rir le vin sans soulager la viticulture suisse -","robots":{"index":"index","follow":"follow","max-snippet":"max-snippet:-1","max-image-preview":"max-image-preview:large","max-video-preview":"max-video-preview:-1"},"canonical":"https:\/\/www.swiss-retail.ch\/fr\/news-fr\/rencherir-le-vin-sans-soulager-la-viticulture-suisse\/","og_locale":"fr_FR","og_type":"article","og_title":"Rench\u00e9rir le vin sans soulager la viticulture suisse -","og_url":"https:\/\/www.swiss-retail.ch\/fr\/news-fr\/rencherir-le-vin-sans-soulager-la-viticulture-suisse\/","article_published_time":"2026-06-11T07:39:04+00:00","article_modified_time":"2026-06-11T08:09:11+00:00","og_image":[{"width":1030,"height":687,"url":"https:\/\/www.swiss-retail.ch\/wp-content\/uploads\/2026\/06\/shutterstock_1904890330-1030x687.jpg","type":"image\/jpeg"}],"twitter_card":"summary_large_image","twitter_misc":{"\u00c9crit par":"swissretail","Dur\u00e9e de lecture estim\u00e9e":"4 minutes"},"schema":{"@context":"https:\/\/schema.org","@graph":[{"@type":"WebSite","@id":"https:\/\/www.swiss-retail.ch\/#website","url":"https:\/\/www.swiss-retail.ch\/","name":"","description":"Verband der Mittel- und Grossbetriebe des schweizerischen Detailhandels","potentialAction":[{"@type":"SearchAction","target":{"@type":"EntryPoint","urlTemplate":"https:\/\/www.swiss-retail.ch\/?s={search_term_string}"},"query-input":"required name=search_term_string"}],"inLanguage":"fr-FR"},{"@type":"ImageObject","@id":"https:\/\/www.swiss-retail.ch\/fr\/news-fr\/rencherir-le-vin-sans-soulager-la-viticulture-suisse\/#primaryimage","inLanguage":"fr-FR","url":"https:\/\/www.swiss-retail.ch\/wp-content\/uploads\/2026\/06\/shutterstock_1904890330-scaled.jpg","contentUrl":"https:\/\/www.swiss-retail.ch\/wp-content\/uploads\/2026\/06\/shutterstock_1904890330-scaled.jpg","width":2560,"height":1709},{"@type":"WebPage","@id":"https:\/\/www.swiss-retail.ch\/fr\/news-fr\/rencherir-le-vin-sans-soulager-la-viticulture-suisse\/#webpage","url":"https:\/\/www.swiss-retail.ch\/fr\/news-fr\/rencherir-le-vin-sans-soulager-la-viticulture-suisse\/","name":"Rench\u00e9rir le vin sans soulager la viticulture suisse -","isPartOf":{"@id":"https:\/\/www.swiss-retail.ch\/#website"},"primaryImageOfPage":{"@id":"https:\/\/www.swiss-retail.ch\/fr\/news-fr\/rencherir-le-vin-sans-soulager-la-viticulture-suisse\/#primaryimage"},"datePublished":"2026-06-11T07:39:04+00:00","dateModified":"2026-06-11T08:09:11+00:00","author":{"@id":"https:\/\/www.swiss-retail.ch\/#\/schema\/person\/90a7fcdf88c0e2555aeadc29a168014b"},"breadcrumb":{"@id":"https:\/\/www.swiss-retail.ch\/fr\/news-fr\/rencherir-le-vin-sans-soulager-la-viticulture-suisse\/#breadcrumb"},"inLanguage":"fr-FR","potentialAction":[{"@type":"ReadAction","target":["https:\/\/www.swiss-retail.ch\/fr\/news-fr\/rencherir-le-vin-sans-soulager-la-viticulture-suisse\/"]}]},{"@type":"BreadcrumbList","@id":"https:\/\/www.swiss-retail.ch\/fr\/news-fr\/rencherir-le-vin-sans-soulager-la-viticulture-suisse\/#breadcrumb","itemListElement":[{"@type":"ListItem","position":1,"name":"Startseite","item":"https:\/\/www.swiss-retail.ch\/fr\/homepage\/"},{"@type":"ListItem","position":2,"name":"Rench\u00e9rir le vin sans soulager la viticulture suisse"}]},{"@type":"Person","@id":"https:\/\/www.swiss-retail.ch\/#\/schema\/person\/90a7fcdf88c0e2555aeadc29a168014b","name":"swissretail","url":"https:\/\/www.swiss-retail.ch\/fr\/author\/swissretail\/"}]}},"_links":{"self":[{"href":"https:\/\/www.swiss-retail.ch\/fr\/wp-json\/wp\/v2\/posts\/20133"}],"collection":[{"href":"https:\/\/www.swiss-retail.ch\/fr\/wp-json\/wp\/v2\/posts"}],"about":[{"href":"https:\/\/www.swiss-retail.ch\/fr\/wp-json\/wp\/v2\/types\/post"}],"author":[{"embeddable":true,"href":"https:\/\/www.swiss-retail.ch\/fr\/wp-json\/wp\/v2\/users\/5"}],"replies":[{"embeddable":true,"href":"https:\/\/www.swiss-retail.ch\/fr\/wp-json\/wp\/v2\/comments?post=20133"}],"version-history":[{"count":3,"href":"https:\/\/www.swiss-retail.ch\/fr\/wp-json\/wp\/v2\/posts\/20133\/revisions"}],"predecessor-version":[{"id":20139,"href":"https:\/\/www.swiss-retail.ch\/fr\/wp-json\/wp\/v2\/posts\/20133\/revisions\/20139"}],"wp:featuredmedia":[{"embeddable":true,"href":"https:\/\/www.swiss-retail.ch\/fr\/wp-json\/wp\/v2\/media\/20130"}],"wp:attachment":[{"href":"https:\/\/www.swiss-retail.ch\/fr\/wp-json\/wp\/v2\/media?parent=20133"}],"wp:term":[{"taxonomy":"category","embeddable":true,"href":"https:\/\/www.swiss-retail.ch\/fr\/wp-json\/wp\/v2\/categories?post=20133"},{"taxonomy":"post_tag","embeddable":true,"href":"https:\/\/www.swiss-retail.ch\/fr\/wp-json\/wp\/v2\/tags?post=20133"}],"curies":[{"name":"wp","href":"https:\/\/api.w.org\/{rel}","templated":true}]}}