{"id":4740,"date":"2016-11-22T22:33:03","date_gmt":"2016-11-22T21:33:03","guid":{"rendered":"http:\/\/www.swiss-retail.ch\/?p=4740\/"},"modified":"2017-02-23T13:07:11","modified_gmt":"2017-02-23T12:07:11","slug":"nouveau-membre-outdoor-trading","status":"publish","type":"post","link":"https:\/\/www.swiss-retail.ch\/fr\/news-fr\/nouveau-membre-outdoor-trading\/","title":{"rendered":"Nouveau membre : Outdoor Trading"},"content":{"rendered":"<div class=\"flex_column av_one_full  flex_column_div av-zero-column-padding first  avia-builder-el-0  avia-builder-el-no-sibling  \" style='border-radius:0px; '><section class=\"av_textblock_section \"  itemscope=\"itemscope\" itemtype=\"https:\/\/schema.org\/BlogPosting\" itemprop=\"blogPost\" ><div class='avia_textblock  '   itemprop=\"text\" ><h2>Nouveau membre : Outdoor Trading<\/h2>\n<p>\u00ab\u00a0<em>Le commerce de d\u00e9tail\u00a0a besoin de\u00a0\u00a0conditions-cadre dans lesquelles il peut continuer de prosp\u00e9rer. Il\u00a0est d&rsquo;une importance capitale de continuer \u00e0 s&rsquo;engager en ce sens. <\/em>\u00bb Interview\u00a0avec J\u00fcrg L\u00fcthi, Directeur de Outdoor Trading AG.<\/p>\n<\/div><\/section><br \/>\n<div   class='hr hr-default   avia-builder-el-2  el_after_av_textblock  el_before_av_image '><span class='hr-inner ' ><span class='hr-inner-style'><\/span><\/span><\/div><br \/>\n<div  class='avia-image-container  av-styling-    avia-builder-el-3  el_after_av_hr  el_before_av_hr  avia-align-center '  itemprop=\"image\" itemscope=\"itemscope\" itemtype=\"https:\/\/schema.org\/ImageObject\"  ><div class='avia-image-container-inner'><div class='avia-image-overlay-wrap'><img class='avia_image' src='https:\/\/www.swiss-retail.ch\/wp-content\/uploads\/2017\/02\/Capture-d\u2019\u00e9cran-2017-02-21-\u00e0-08.40.50-180x180.png' alt='' title='SRF_Outdoor_Trading_Bild' height=\"180\" width=\"180\"  itemprop=\"thumbnailUrl\"  \/><\/div><\/div><\/div><br \/>\n<div   class='hr hr-default   avia-builder-el-4  el_after_av_image  el_before_av_textblock '><span class='hr-inner ' ><span class='hr-inner-style'><\/span><\/span><\/div><br \/>\n<section class=\"av_textblock_section \"  itemscope=\"itemscope\" itemtype=\"https:\/\/schema.org\/BlogPosting\" itemprop=\"blogPost\" ><div class='avia_textblock  '   itemprop=\"text\" ><p><strong>M. L\u00fcthi, pr\u00e9sentez-nous d&rsquo;un mot Outdoor Trading SA<\/strong> !<br \/>\nOutdoor Trading est un partenaire franchis\u00e9 de la marque Jack Wolfskin, avec si\u00e8ge \u00e0 Zurich. Nous exploitons des filiales Jack Wolfskin \u00e0 Z\u00fcrich, Winterthur, Berne, B\u00e2le, Lucerne, Olten et Coire, ainsi qu&rsquo;un outlet \u00e0 Sch\u00f6nenwerd. Nous occupons 50 personnes.<\/p>\n<p><strong>Pourquoi Outdoor Trading a-t-il d\u00e9cid\u00e9 de rejoindre Swiss Retail Federation ?<\/strong>Jusqu&rsquo;en 2015, nous en \u00e9tions d\u00e9j\u00e0 un membre indirect en tant que filiale de Transa Backpacking SA. Parce que nous connaissions de ce fait les avantages d&rsquo;une affiliation, l&rsquo;adh\u00e9sion en tant qu&rsquo;entreprise ind\u00e9pendante nous est apparue comme allant de soi.<\/p>\n<p><strong>Quelle prestation de notre association trouvez-vous particuli\u00e8rement importante ?<\/strong><br \/>\nC&rsquo;est l&rsquo;engagement de Swiss Retail en faveur du commerce de d\u00e9tail en g\u00e9n\u00e9ral sur les plans \u00e9conomique, politique et social. Le commerce de d\u00e9tail a besoin de conditions g\u00e9n\u00e9rales d&rsquo;activit\u00e9 qui lui permettent de continuer \u00e0 prosp\u00e9rer. Cet engagement a toujours \u00e9t\u00e9 pr\u00e9cieux jusqu&rsquo;ici : pour le futur, il est tout simplement vital. De plus, nous b\u00e9n\u00e9ficions des avantages \u00e9conomiques li\u00e9s \u00e0 une adh\u00e9sion, par exemple de la caisse de compensation, dont nous faisons partie depuis longtemps.<\/p>\n<p><strong>O\u00f9 voyez-vous le principal d\u00e9fi du commerce de d\u00e9tail ?<\/strong><br \/>\nDans la gestion du num\u00e9rique, qui nous offre des opportunit\u00e9s consid\u00e9rables. Nous devons cependant cr\u00e9er les indispensables conditions d&rsquo;une adaptation rapide et constante aux d\u00e9veloppements de ce domaine. Tel est dor\u00e9navant le d\u00e9fi majeur non seulement du commerce en g\u00e9n\u00e9ral, mais de tr\u00e8s nombreux autres secteurs aussi. Nous devons \u00eatre extr\u00eamement mobiles &#8211; bien plus que nous pouvions l&rsquo;imaginer jusqu&rsquo;ici.<\/p>\n<\/div><\/section><\/p><\/div>\n","protected":false},"excerpt":{"rendered":"","protected":false},"author":5,"featured_media":4367,"comment_status":"closed","ping_status":"closed","sticky":false,"template":"","format":"standard","meta":[],"categories":[64],"tags":[],"yoast_head":"<!-- This site is optimized with the Yoast SEO plugin v18.5.1 - https:\/\/yoast.com\/wordpress\/plugins\/seo\/ -->\n<title>Nouveau membre : Outdoor Trading -<\/title>\n<meta name=\"robots\" content=\"index, follow, max-snippet:-1, max-image-preview:large, max-video-preview:-1\" \/>\n<link rel=\"canonical\" href=\"https:\/\/www.swiss-retail.ch\/fr\/news-fr\/nouveau-membre-outdoor-trading\/\" \/>\n<meta property=\"og:locale\" content=\"fr_FR\" \/>\n<meta property=\"og:type\" content=\"article\" \/>\n<meta property=\"og:title\" content=\"Nouveau membre : Outdoor Trading -\" \/>\n<meta property=\"og:url\" content=\"https:\/\/www.swiss-retail.ch\/fr\/news-fr\/nouveau-membre-outdoor-trading\/\" \/>\n<meta property=\"article:published_time\" content=\"2016-11-22T21:33:03+00:00\" \/>\n<meta property=\"article:modified_time\" content=\"2017-02-23T12:07:11+00:00\" \/>\n<meta property=\"og:image\" content=\"https:\/\/www.swiss-retail.ch\/wp-content\/uploads\/2017\/02\/Capture-d\u2019\u00e9cran-2017-02-21-\u00e0-08.40.50.png\" \/>\n\t<meta property=\"og:image:width\" content=\"539\" \/>\n\t<meta property=\"og:image:height\" content=\"356\" \/>\n\t<meta property=\"og:image:type\" content=\"image\/png\" \/>\n<meta name=\"twitter:card\" content=\"summary_large_image\" \/>\n<meta name=\"twitter:label1\" content=\"\u00c9crit par\" \/>\n\t<meta name=\"twitter:data1\" content=\"swissretail\" \/>\n\t<meta name=\"twitter:label2\" content=\"Dur\u00e9e de lecture estim\u00e9e\" \/>\n\t<meta name=\"twitter:data2\" content=\"3 minutes\" \/>\n<script type=\"application\/ld+json\" class=\"yoast-schema-graph\">{\"@context\":\"https:\/\/schema.org\",\"@graph\":[{\"@type\":\"WebSite\",\"@id\":\"https:\/\/www.swiss-retail.ch\/#website\",\"url\":\"https:\/\/www.swiss-retail.ch\/\",\"name\":\"\",\"description\":\"Verband der Mittel- und Grossbetriebe des schweizerischen Detailhandels\",\"potentialAction\":[{\"@type\":\"SearchAction\",\"target\":{\"@type\":\"EntryPoint\",\"urlTemplate\":\"https:\/\/www.swiss-retail.ch\/?s={search_term_string}\"},\"query-input\":\"required name=search_term_string\"}],\"inLanguage\":\"fr-FR\"},{\"@type\":\"ImageObject\",\"@id\":\"https:\/\/www.swiss-retail.ch\/fr\/news-fr\/nouveau-membre-outdoor-trading\/#primaryimage\",\"inLanguage\":\"fr-FR\",\"url\":\"https:\/\/www.swiss-retail.ch\/wp-content\/uploads\/2017\/02\/Capture-d\u2019\u00e9cran-2017-02-21-\u00e0-08.40.50.png\",\"contentUrl\":\"https:\/\/www.swiss-retail.ch\/wp-content\/uploads\/2017\/02\/Capture-d\u2019\u00e9cran-2017-02-21-\u00e0-08.40.50.png\",\"width\":539,\"height\":356},{\"@type\":\"WebPage\",\"@id\":\"https:\/\/www.swiss-retail.ch\/fr\/news-fr\/nouveau-membre-outdoor-trading\/#webpage\",\"url\":\"https:\/\/www.swiss-retail.ch\/fr\/news-fr\/nouveau-membre-outdoor-trading\/\",\"name\":\"Nouveau membre : Outdoor Trading -\",\"isPartOf\":{\"@id\":\"https:\/\/www.swiss-retail.ch\/#website\"},\"primaryImageOfPage\":{\"@id\":\"https:\/\/www.swiss-retail.ch\/fr\/news-fr\/nouveau-membre-outdoor-trading\/#primaryimage\"},\"datePublished\":\"2016-11-22T21:33:03+00:00\",\"dateModified\":\"2017-02-23T12:07:11+00:00\",\"author\":{\"@id\":\"https:\/\/www.swiss-retail.ch\/#\/schema\/person\/90a7fcdf88c0e2555aeadc29a168014b\"},\"breadcrumb\":{\"@id\":\"https:\/\/www.swiss-retail.ch\/fr\/news-fr\/nouveau-membre-outdoor-trading\/#breadcrumb\"},\"inLanguage\":\"fr-FR\",\"potentialAction\":[{\"@type\":\"ReadAction\",\"target\":[\"https:\/\/www.swiss-retail.ch\/fr\/news-fr\/nouveau-membre-outdoor-trading\/\"]}]},{\"@type\":\"BreadcrumbList\",\"@id\":\"https:\/\/www.swiss-retail.ch\/fr\/news-fr\/nouveau-membre-outdoor-trading\/#breadcrumb\",\"itemListElement\":[{\"@type\":\"ListItem\",\"position\":1,\"name\":\"Startseite\",\"item\":\"https:\/\/www.swiss-retail.ch\/fr\/homepage\/\"},{\"@type\":\"ListItem\",\"position\":2,\"name\":\"Nouveau membre : Outdoor Trading\"}]},{\"@type\":\"Person\",\"@id\":\"https:\/\/www.swiss-retail.ch\/#\/schema\/person\/90a7fcdf88c0e2555aeadc29a168014b\",\"name\":\"swissretail\",\"url\":\"https:\/\/www.swiss-retail.ch\/fr\/author\/swissretail\/\"}]}<\/script>\n<!-- \/ Yoast SEO plugin. -->","yoast_head_json":{"title":"Nouveau membre : Outdoor Trading -","robots":{"index":"index","follow":"follow","max-snippet":"max-snippet:-1","max-image-preview":"max-image-preview:large","max-video-preview":"max-video-preview:-1"},"canonical":"https:\/\/www.swiss-retail.ch\/fr\/news-fr\/nouveau-membre-outdoor-trading\/","og_locale":"fr_FR","og_type":"article","og_title":"Nouveau membre : Outdoor Trading -","og_url":"https:\/\/www.swiss-retail.ch\/fr\/news-fr\/nouveau-membre-outdoor-trading\/","article_published_time":"2016-11-22T21:33:03+00:00","article_modified_time":"2017-02-23T12:07:11+00:00","og_image":[{"width":539,"height":356,"url":"https:\/\/www.swiss-retail.ch\/wp-content\/uploads\/2017\/02\/Capture-d\u2019\u00e9cran-2017-02-21-\u00e0-08.40.50.png","type":"image\/png"}],"twitter_card":"summary_large_image","twitter_misc":{"\u00c9crit par":"swissretail","Dur\u00e9e de lecture estim\u00e9e":"3 minutes"},"schema":{"@context":"https:\/\/schema.org","@graph":[{"@type":"WebSite","@id":"https:\/\/www.swiss-retail.ch\/#website","url":"https:\/\/www.swiss-retail.ch\/","name":"","description":"Verband der Mittel- und Grossbetriebe des schweizerischen Detailhandels","potentialAction":[{"@type":"SearchAction","target":{"@type":"EntryPoint","urlTemplate":"https:\/\/www.swiss-retail.ch\/?s={search_term_string}"},"query-input":"required name=search_term_string"}],"inLanguage":"fr-FR"},{"@type":"ImageObject","@id":"https:\/\/www.swiss-retail.ch\/fr\/news-fr\/nouveau-membre-outdoor-trading\/#primaryimage","inLanguage":"fr-FR","url":"https:\/\/www.swiss-retail.ch\/wp-content\/uploads\/2017\/02\/Capture-d\u2019\u00e9cran-2017-02-21-\u00e0-08.40.50.png","contentUrl":"https:\/\/www.swiss-retail.ch\/wp-content\/uploads\/2017\/02\/Capture-d\u2019\u00e9cran-2017-02-21-\u00e0-08.40.50.png","width":539,"height":356},{"@type":"WebPage","@id":"https:\/\/www.swiss-retail.ch\/fr\/news-fr\/nouveau-membre-outdoor-trading\/#webpage","url":"https:\/\/www.swiss-retail.ch\/fr\/news-fr\/nouveau-membre-outdoor-trading\/","name":"Nouveau membre : Outdoor Trading -","isPartOf":{"@id":"https:\/\/www.swiss-retail.ch\/#website"},"primaryImageOfPage":{"@id":"https:\/\/www.swiss-retail.ch\/fr\/news-fr\/nouveau-membre-outdoor-trading\/#primaryimage"},"datePublished":"2016-11-22T21:33:03+00:00","dateModified":"2017-02-23T12:07:11+00:00","author":{"@id":"https:\/\/www.swiss-retail.ch\/#\/schema\/person\/90a7fcdf88c0e2555aeadc29a168014b"},"breadcrumb":{"@id":"https:\/\/www.swiss-retail.ch\/fr\/news-fr\/nouveau-membre-outdoor-trading\/#breadcrumb"},"inLanguage":"fr-FR","potentialAction":[{"@type":"ReadAction","target":["https:\/\/www.swiss-retail.ch\/fr\/news-fr\/nouveau-membre-outdoor-trading\/"]}]},{"@type":"BreadcrumbList","@id":"https:\/\/www.swiss-retail.ch\/fr\/news-fr\/nouveau-membre-outdoor-trading\/#breadcrumb","itemListElement":[{"@type":"ListItem","position":1,"name":"Startseite","item":"https:\/\/www.swiss-retail.ch\/fr\/homepage\/"},{"@type":"ListItem","position":2,"name":"Nouveau membre : Outdoor Trading"}]},{"@type":"Person","@id":"https:\/\/www.swiss-retail.ch\/#\/schema\/person\/90a7fcdf88c0e2555aeadc29a168014b","name":"swissretail","url":"https:\/\/www.swiss-retail.ch\/fr\/author\/swissretail\/"}]}},"_links":{"self":[{"href":"https:\/\/www.swiss-retail.ch\/fr\/wp-json\/wp\/v2\/posts\/4740"}],"collection":[{"href":"https:\/\/www.swiss-retail.ch\/fr\/wp-json\/wp\/v2\/posts"}],"about":[{"href":"https:\/\/www.swiss-retail.ch\/fr\/wp-json\/wp\/v2\/types\/post"}],"author":[{"embeddable":true,"href":"https:\/\/www.swiss-retail.ch\/fr\/wp-json\/wp\/v2\/users\/5"}],"replies":[{"embeddable":true,"href":"https:\/\/www.swiss-retail.ch\/fr\/wp-json\/wp\/v2\/comments?post=4740"}],"version-history":[{"count":5,"href":"https:\/\/www.swiss-retail.ch\/fr\/wp-json\/wp\/v2\/posts\/4740\/revisions"}],"predecessor-version":[{"id":4987,"href":"https:\/\/www.swiss-retail.ch\/fr\/wp-json\/wp\/v2\/posts\/4740\/revisions\/4987"}],"wp:featuredmedia":[{"embeddable":true,"href":"https:\/\/www.swiss-retail.ch\/fr\/wp-json\/wp\/v2\/media\/4367"}],"wp:attachment":[{"href":"https:\/\/www.swiss-retail.ch\/fr\/wp-json\/wp\/v2\/media?parent=4740"}],"wp:term":[{"taxonomy":"category","embeddable":true,"href":"https:\/\/www.swiss-retail.ch\/fr\/wp-json\/wp\/v2\/categories?post=4740"},{"taxonomy":"post_tag","embeddable":true,"href":"https:\/\/www.swiss-retail.ch\/fr\/wp-json\/wp\/v2\/tags?post=4740"}],"curies":[{"name":"wp","href":"https:\/\/api.w.org\/{rel}","templated":true}]}}