{"id":4746,"date":"2016-09-03T22:00:04","date_gmt":"2016-09-03T21:00:04","guid":{"rendered":"http:\/\/www.swiss-retail.ch\/?p=4746\/"},"modified":"2017-02-23T13:07:32","modified_gmt":"2017-02-23T12:07:32","slug":"sacs-en-plastique-a-usage-unique-la-voie-est-libre","status":"publish","type":"post","link":"https:\/\/www.swiss-retail.ch\/fr\/news-fr\/sacs-en-plastique-a-usage-unique-la-voie-est-libre\/","title":{"rendered":"Sacs en plastique \u00e0 usage unique: la voie est libre"},"content":{"rendered":"<div class=\"flex_column av_one_full  flex_column_div av-zero-column-padding first  avia-builder-el-0  avia-builder-el-no-sibling  \" style='border-radius:0px; '><p><div  style='height:50px' class='hr hr-invisible   avia-builder-el-1  el_before_av_textblock  avia-builder-el-first '><span class='hr-inner ' ><span class='hr-inner-style'><\/span><\/span><\/div><br \/>\n<section class=\"av_textblock_section \"  itemscope=\"itemscope\" itemtype=\"https:\/\/schema.org\/BlogPosting\" itemprop=\"blogPost\" ><div class='avia_textblock  '   itemprop=\"text\" ><h2 style=\"text-align: center;\">Sacs en plastique \u00e0 usage unique: la voie est libre<\/h2>\n<\/div><\/section><br \/>\n<div   class='hr hr-default   avia-builder-el-3  el_after_av_textblock  el_before_av_textblock '><span class='hr-inner ' ><span class='hr-inner-style'><\/span><\/span><\/div><br \/>\n<section class=\"av_textblock_section \"  itemscope=\"itemscope\" itemtype=\"https:\/\/schema.org\/BlogPosting\" itemprop=\"blogPost\" ><div class='avia_textblock  '   itemprop=\"text\" ><p><span style=\"font-size: medium;\"><em>Communiqu\u00e9 de presse du 22 septembre 2016<\/em> <\/span><\/p>\n<p><strong>Apr\u00e8s que le Conseil national a class\u00e9 la motion de Buman durant la session d&rsquo;\u00e9t\u00e9, le Conseil des Etats a maintenant suivi cette d\u00e9cision. La voix est libre pour la mise en \u0153uvre de l&rsquo;accord de branche volontaire.<\/strong><\/p>\n<p>En 2012, les Chambres f\u00e9d\u00e9rales avaient transmis la motion \u00abHalte \u00e0 la pollution des sacs plastiques\u00bb du Conseiller national Dominique de Buman qui demandait l&rsquo;interdiction des sacs en plastique \u00e0 usage unique. La Communaut\u00e9 d\u2019int\u00e9r\u00eat du commerce de d\u00e9tail suisse (CI CDS) et la Swiss Retail Federation (Swiss Retail) ont pr\u00e9sent\u00e9 au parlement un accord de branche comme contre-projet, gr\u00e2ce auquel l&rsquo;objectif r\u00e9el de la motion (moins de d\u00e9chets plastiques et une meilleure protection de l\u2019environnement) pourra \u00eatre atteint sans r\u00e9gulation disproportionn\u00e9e de la part de la Conf\u00e9d\u00e9ration. Apr\u00e8s que le Conseil national s&rsquo;est prononc\u00e9 en faveur de ce contre-projet et a class\u00e9 la motion de Buman, le Conseil des Etats a maintenant suivi cette d\u00e9cision. La voie est d\u00e9finitivement libre pour une rapide mise en oeuvre de l&rsquo;accord de branche.<\/p>\n<p>L&rsquo;accord de branche pr\u00e9voit que le commerce de d\u00e9tail renonce de plein gr\u00e9 \u00e0 distribuer gratuitement des sacs en plastique \u00e0 usage unique aux caisses o\u00f9 sont vendus essentiellement des produits alimentaires. Les sacs en plastique \u00e0 usage unique existeront donc toujours, dans la mesure o\u00f9 ils r\u00e9pondent \u00e0 un besoin de la client\u00e8le, mais ils ne seront plus gratuits. D&rsquo;apr\u00e8s des essais pilotes et diff\u00e9rents commerces de d\u00e9tail ayant d\u00e9j\u00e0 effectu\u00e9 leur conversion, il est possible d&rsquo;obtenir ainsi une r\u00e9duction de la quantit\u00e9 distribu\u00e9e de 80 pour cent. Il serait ainsi possible d\u2019atteindre un objectif de r\u00e9duction \u00e9quivalent \u00e0 celui fix\u00e9 par l\u2019UE jusqu\u2019en 2025.<\/p>\n<p><strong>Une m\u00e9thode pragmatique, efficace et conviviale pour atteindre l&rsquo;objectif \u00e9cologique <\/strong><\/p>\n<p>Les sacs en plastique \u00e0 usage unique continueront d&rsquo;\u00eatre distribu\u00e9s gratuitement l\u00e0 o\u00f9 ils sont utiles ou n\u00e9cessaires au niveau de la vente en vrac comme solution d&#8217;emballage ou pour des raisons d\u2019hygi\u00e8ne. Les sacs en plastique \u00e0 usage unique resteront \u00e9galement gratuits dans le secteur Convenience. Les magasins de proximit\u00e9 enregistrent essentiellement des achats spontan\u00e9s pour lesquels il est pratiquement impossible de changer les habitudes de la client\u00e8le: dans ce cas, les clients ne prendraient pas moins de sacs en plastique \u00e0 usage unique si ces derniers \u00e9taient payants. Les entreprises membres de la CI CDS et de Swiss Retail distribuent en outre moins de 10 pour cent de tous les sacs plastiques \u00e0 usage unique dans les magasins de proximit\u00e9. Dans le domaine non alimentaire, on ne distribue pour ainsi dire uniquement que des sacs plastiques r\u00e9utilisables. De plus, il s\u2019agit souvent d\u2019achats r\u00e9flexes. Un renoncement \u00e0 la remise gratuite ne contribuerait que de mani\u00e8re infime \u00e0 r\u00e9duire le nombre des sacs plastiques \u00e0 usage unique.<\/p>\n<p>L&rsquo;accord de branche agit l\u00e0 o\u00f9 le potentiel de r\u00e9duction est le plus important et atteint l&rsquo;objectif \u00e9cologique de fa\u00e7on pragmatique et conviviale. IG DHS et Swiss Retail desservent une grande partie du commerce de d\u00e9tail alimentaire, garantissant ainsi l\u2019efficacit\u00e9 de cet accord. De plus, \u00e0 titre de mesure de contr\u00f4le des r\u00e9sultats, des chiffres relatifs \u00e0 la consommation seront r\u00e9guli\u00e8rement transmis \u00e0 l\u2019Office f\u00e9d\u00e9ral de l\u2019environnement.<\/p>\n<p>La d\u00e9cision positive du Conseil des Etats va permettre de mettre rapidement en oeuvre l&rsquo;accord de branche, au plus tard d&rsquo;ici d\u00e9but 2018.<\/p>\n<\/div><\/section><\/p><\/div>\n","protected":false},"excerpt":{"rendered":"","protected":false},"author":5,"featured_media":4066,"comment_status":"closed","ping_status":"closed","sticky":false,"template":"","format":"standard","meta":[],"categories":[64],"tags":[],"yoast_head":"<!-- This site is optimized with the Yoast SEO plugin v18.5.1 - https:\/\/yoast.com\/wordpress\/plugins\/seo\/ -->\n<title>Sacs en plastique \u00e0 usage unique: la voie est libre -<\/title>\n<meta name=\"robots\" content=\"index, follow, max-snippet:-1, max-image-preview:large, max-video-preview:-1\" \/>\n<link rel=\"canonical\" href=\"https:\/\/www.swiss-retail.ch\/fr\/news-fr\/sacs-en-plastique-a-usage-unique-la-voie-est-libre\/\" \/>\n<meta property=\"og:locale\" content=\"fr_FR\" \/>\n<meta property=\"og:type\" content=\"article\" \/>\n<meta property=\"og:title\" content=\"Sacs en plastique \u00e0 usage unique: la voie est libre -\" \/>\n<meta property=\"og:url\" content=\"https:\/\/www.swiss-retail.ch\/fr\/news-fr\/sacs-en-plastique-a-usage-unique-la-voie-est-libre\/\" \/>\n<meta property=\"article:published_time\" content=\"2016-09-03T21:00:04+00:00\" \/>\n<meta property=\"article:modified_time\" content=\"2017-02-23T12:07:32+00:00\" \/>\n<meta property=\"og:image\" content=\"https:\/\/www.swiss-retail.ch\/wp-content\/uploads\/2016\/09\/PlastikSaeke.jpg\" \/>\n\t<meta property=\"og:image:width\" content=\"1024\" \/>\n\t<meta property=\"og:image:height\" content=\"576\" \/>\n\t<meta property=\"og:image:type\" content=\"image\/jpeg\" \/>\n<meta name=\"twitter:card\" content=\"summary_large_image\" \/>\n<meta name=\"twitter:label1\" content=\"\u00c9crit par\" \/>\n\t<meta name=\"twitter:data1\" content=\"swissretail\" \/>\n\t<meta name=\"twitter:label2\" content=\"Dur\u00e9e de lecture estim\u00e9e\" \/>\n\t<meta name=\"twitter:data2\" content=\"4 minutes\" \/>\n<script type=\"application\/ld+json\" class=\"yoast-schema-graph\">{\"@context\":\"https:\/\/schema.org\",\"@graph\":[{\"@type\":\"WebSite\",\"@id\":\"https:\/\/www.swiss-retail.ch\/#website\",\"url\":\"https:\/\/www.swiss-retail.ch\/\",\"name\":\"\",\"description\":\"Verband der Mittel- und Grossbetriebe des schweizerischen Detailhandels\",\"potentialAction\":[{\"@type\":\"SearchAction\",\"target\":{\"@type\":\"EntryPoint\",\"urlTemplate\":\"https:\/\/www.swiss-retail.ch\/?s={search_term_string}\"},\"query-input\":\"required name=search_term_string\"}],\"inLanguage\":\"fr-FR\"},{\"@type\":\"ImageObject\",\"@id\":\"https:\/\/www.swiss-retail.ch\/fr\/news-fr\/sacs-en-plastique-a-usage-unique-la-voie-est-libre\/#primaryimage\",\"inLanguage\":\"fr-FR\",\"url\":\"https:\/\/www.swiss-retail.ch\/wp-content\/uploads\/2016\/09\/PlastikSaeke.jpg\",\"contentUrl\":\"https:\/\/www.swiss-retail.ch\/wp-content\/uploads\/2016\/09\/PlastikSaeke.jpg\",\"width\":1024,\"height\":576},{\"@type\":\"WebPage\",\"@id\":\"https:\/\/www.swiss-retail.ch\/fr\/news-fr\/sacs-en-plastique-a-usage-unique-la-voie-est-libre\/#webpage\",\"url\":\"https:\/\/www.swiss-retail.ch\/fr\/news-fr\/sacs-en-plastique-a-usage-unique-la-voie-est-libre\/\",\"name\":\"Sacs en plastique \u00e0 usage unique: la voie est libre -\",\"isPartOf\":{\"@id\":\"https:\/\/www.swiss-retail.ch\/#website\"},\"primaryImageOfPage\":{\"@id\":\"https:\/\/www.swiss-retail.ch\/fr\/news-fr\/sacs-en-plastique-a-usage-unique-la-voie-est-libre\/#primaryimage\"},\"datePublished\":\"2016-09-03T21:00:04+00:00\",\"dateModified\":\"2017-02-23T12:07:32+00:00\",\"author\":{\"@id\":\"https:\/\/www.swiss-retail.ch\/#\/schema\/person\/90a7fcdf88c0e2555aeadc29a168014b\"},\"breadcrumb\":{\"@id\":\"https:\/\/www.swiss-retail.ch\/fr\/news-fr\/sacs-en-plastique-a-usage-unique-la-voie-est-libre\/#breadcrumb\"},\"inLanguage\":\"fr-FR\",\"potentialAction\":[{\"@type\":\"ReadAction\",\"target\":[\"https:\/\/www.swiss-retail.ch\/fr\/news-fr\/sacs-en-plastique-a-usage-unique-la-voie-est-libre\/\"]}]},{\"@type\":\"BreadcrumbList\",\"@id\":\"https:\/\/www.swiss-retail.ch\/fr\/news-fr\/sacs-en-plastique-a-usage-unique-la-voie-est-libre\/#breadcrumb\",\"itemListElement\":[{\"@type\":\"ListItem\",\"position\":1,\"name\":\"Startseite\",\"item\":\"https:\/\/www.swiss-retail.ch\/fr\/homepage\/\"},{\"@type\":\"ListItem\",\"position\":2,\"name\":\"Sacs en plastique \u00e0 usage unique: la voie est libre\"}]},{\"@type\":\"Person\",\"@id\":\"https:\/\/www.swiss-retail.ch\/#\/schema\/person\/90a7fcdf88c0e2555aeadc29a168014b\",\"name\":\"swissretail\",\"url\":\"https:\/\/www.swiss-retail.ch\/fr\/author\/swissretail\/\"}]}<\/script>\n<!-- \/ Yoast SEO plugin. -->","yoast_head_json":{"title":"Sacs en plastique \u00e0 usage unique: la voie est libre -","robots":{"index":"index","follow":"follow","max-snippet":"max-snippet:-1","max-image-preview":"max-image-preview:large","max-video-preview":"max-video-preview:-1"},"canonical":"https:\/\/www.swiss-retail.ch\/fr\/news-fr\/sacs-en-plastique-a-usage-unique-la-voie-est-libre\/","og_locale":"fr_FR","og_type":"article","og_title":"Sacs en plastique \u00e0 usage unique: la voie est libre -","og_url":"https:\/\/www.swiss-retail.ch\/fr\/news-fr\/sacs-en-plastique-a-usage-unique-la-voie-est-libre\/","article_published_time":"2016-09-03T21:00:04+00:00","article_modified_time":"2017-02-23T12:07:32+00:00","og_image":[{"width":1024,"height":576,"url":"https:\/\/www.swiss-retail.ch\/wp-content\/uploads\/2016\/09\/PlastikSaeke.jpg","type":"image\/jpeg"}],"twitter_card":"summary_large_image","twitter_misc":{"\u00c9crit par":"swissretail","Dur\u00e9e de lecture estim\u00e9e":"4 minutes"},"schema":{"@context":"https:\/\/schema.org","@graph":[{"@type":"WebSite","@id":"https:\/\/www.swiss-retail.ch\/#website","url":"https:\/\/www.swiss-retail.ch\/","name":"","description":"Verband der Mittel- und Grossbetriebe des schweizerischen Detailhandels","potentialAction":[{"@type":"SearchAction","target":{"@type":"EntryPoint","urlTemplate":"https:\/\/www.swiss-retail.ch\/?s={search_term_string}"},"query-input":"required name=search_term_string"}],"inLanguage":"fr-FR"},{"@type":"ImageObject","@id":"https:\/\/www.swiss-retail.ch\/fr\/news-fr\/sacs-en-plastique-a-usage-unique-la-voie-est-libre\/#primaryimage","inLanguage":"fr-FR","url":"https:\/\/www.swiss-retail.ch\/wp-content\/uploads\/2016\/09\/PlastikSaeke.jpg","contentUrl":"https:\/\/www.swiss-retail.ch\/wp-content\/uploads\/2016\/09\/PlastikSaeke.jpg","width":1024,"height":576},{"@type":"WebPage","@id":"https:\/\/www.swiss-retail.ch\/fr\/news-fr\/sacs-en-plastique-a-usage-unique-la-voie-est-libre\/#webpage","url":"https:\/\/www.swiss-retail.ch\/fr\/news-fr\/sacs-en-plastique-a-usage-unique-la-voie-est-libre\/","name":"Sacs en plastique \u00e0 usage unique: la voie est libre -","isPartOf":{"@id":"https:\/\/www.swiss-retail.ch\/#website"},"primaryImageOfPage":{"@id":"https:\/\/www.swiss-retail.ch\/fr\/news-fr\/sacs-en-plastique-a-usage-unique-la-voie-est-libre\/#primaryimage"},"datePublished":"2016-09-03T21:00:04+00:00","dateModified":"2017-02-23T12:07:32+00:00","author":{"@id":"https:\/\/www.swiss-retail.ch\/#\/schema\/person\/90a7fcdf88c0e2555aeadc29a168014b"},"breadcrumb":{"@id":"https:\/\/www.swiss-retail.ch\/fr\/news-fr\/sacs-en-plastique-a-usage-unique-la-voie-est-libre\/#breadcrumb"},"inLanguage":"fr-FR","potentialAction":[{"@type":"ReadAction","target":["https:\/\/www.swiss-retail.ch\/fr\/news-fr\/sacs-en-plastique-a-usage-unique-la-voie-est-libre\/"]}]},{"@type":"BreadcrumbList","@id":"https:\/\/www.swiss-retail.ch\/fr\/news-fr\/sacs-en-plastique-a-usage-unique-la-voie-est-libre\/#breadcrumb","itemListElement":[{"@type":"ListItem","position":1,"name":"Startseite","item":"https:\/\/www.swiss-retail.ch\/fr\/homepage\/"},{"@type":"ListItem","position":2,"name":"Sacs en plastique \u00e0 usage unique: la voie est libre"}]},{"@type":"Person","@id":"https:\/\/www.swiss-retail.ch\/#\/schema\/person\/90a7fcdf88c0e2555aeadc29a168014b","name":"swissretail","url":"https:\/\/www.swiss-retail.ch\/fr\/author\/swissretail\/"}]}},"_links":{"self":[{"href":"https:\/\/www.swiss-retail.ch\/fr\/wp-json\/wp\/v2\/posts\/4746"}],"collection":[{"href":"https:\/\/www.swiss-retail.ch\/fr\/wp-json\/wp\/v2\/posts"}],"about":[{"href":"https:\/\/www.swiss-retail.ch\/fr\/wp-json\/wp\/v2\/types\/post"}],"author":[{"embeddable":true,"href":"https:\/\/www.swiss-retail.ch\/fr\/wp-json\/wp\/v2\/users\/5"}],"replies":[{"embeddable":true,"href":"https:\/\/www.swiss-retail.ch\/fr\/wp-json\/wp\/v2\/comments?post=4746"}],"version-history":[{"count":3,"href":"https:\/\/www.swiss-retail.ch\/fr\/wp-json\/wp\/v2\/posts\/4746\/revisions"}],"predecessor-version":[{"id":4988,"href":"https:\/\/www.swiss-retail.ch\/fr\/wp-json\/wp\/v2\/posts\/4746\/revisions\/4988"}],"wp:featuredmedia":[{"embeddable":true,"href":"https:\/\/www.swiss-retail.ch\/fr\/wp-json\/wp\/v2\/media\/4066"}],"wp:attachment":[{"href":"https:\/\/www.swiss-retail.ch\/fr\/wp-json\/wp\/v2\/media?parent=4746"}],"wp:term":[{"taxonomy":"category","embeddable":true,"href":"https:\/\/www.swiss-retail.ch\/fr\/wp-json\/wp\/v2\/categories?post=4746"},{"taxonomy":"post_tag","embeddable":true,"href":"https:\/\/www.swiss-retail.ch\/fr\/wp-json\/wp\/v2\/tags?post=4746"}],"curies":[{"name":"wp","href":"https:\/\/api.w.org\/{rel}","templated":true}]}}