{"id":4757,"date":"2016-05-15T23:25:56","date_gmt":"2016-05-15T22:25:56","guid":{"rendered":"http:\/\/www.swiss-retail.ch\/?p=4757\/"},"modified":"2022-04-29T10:51:33","modified_gmt":"2022-04-29T08:51:33","slug":"rapport-annuel-2015","status":"publish","type":"post","link":"https:\/\/www.swiss-retail.ch\/fr\/rapports-annuels\/rapport-annuel-2015\/","title":{"rendered":"Le Rapport annuel 2015 de Swiss Retail Federation"},"content":{"rendered":"<section class=\"av_textblock_section \"  itemscope=\"itemscope\" itemtype=\"https:\/\/schema.org\/BlogPosting\" itemprop=\"blogPost\" ><div class='avia_textblock  '   itemprop=\"text\" ><h2 style=\"text-align: center;\">Rapport annuel 2015<\/h2>\n<\/div><\/section>\n<div   class='hr hr-default   avia-builder-el-1  el_after_av_textblock  el_before_av_textblock '><span class='hr-inner ' ><span class='hr-inner-style'><\/span><\/span><\/div>\n<section class=\"av_textblock_section \"  itemscope=\"itemscope\" itemtype=\"https:\/\/schema.org\/BlogPosting\" itemprop=\"blogPost\" ><div class='avia_textblock  '   itemprop=\"text\" ><p>Sommaire:<\/p>\n<ul>\n<li>\u201eUne branche en pleine mutation\u201c\u00a0de la Conseill\u00e8re aux Etats\u00a0Karin Keller-Sutter, Pr\u00e9sidente Swiss Retail<\/li>\n<li>\u201eMutations structurelles dans le commerce de d\u00e9tail\u201c d&rsquo;Alexander Graf, Auteur de nombreux articles et ouvrages sur la strat\u00e9gie des mod\u00e8les d\u2019affaires de l\u2019\u00e9conomie num\u00e9rique.<\/li>\n<li>Politique: Priorit\u00e9s et objectifs de l&rsquo;association<\/li>\n<li>Economie politique: Le r\u00f4le essentiel du commerce de d\u00e9tail dans l\u2019\u00e9conomie suisse.<\/li>\n<li>Informations sur les organes de l&rsquo;association<\/li>\n<\/ul>\n<\/div><\/section>\n<div  class='avia-button-wrap avia-button-right  avia-builder-el-3  el_after_av_textblock  avia-builder-el-last ' ><a href='http:\/\/www.swiss-retail.ch\/wp-content\/uploads\/2017\/02\/srf_Jahresbericht_2015_FR.pdf' class='avia-button av-icon-on-hover  avia-icon_select-yes-left-icon avia-color-theme-color-subtle avia-size-small avia-position-right ' target=\"_blank\" rel=\"noopener\"><span class='avia_button_icon avia_button_icon_left ' aria-hidden='true' data-av_icon='\ue84b' data-av_iconfont='entypo-fontello'><\/span><span class='avia_iconbox_title' >Lien vers le rapport annuel 2015 (pdf)<\/span><\/a><\/div>\n","protected":false},"excerpt":{"rendered":"","protected":false},"author":5,"featured_media":0,"comment_status":"closed","ping_status":"closed","sticky":false,"template":"","format":"standard","meta":[],"categories":[59],"tags":[],"yoast_head":"<!-- This site is optimized with the Yoast SEO plugin v18.5.1 - https:\/\/yoast.com\/wordpress\/plugins\/seo\/ -->\n<title>Le Rapport annuel 2015 de Swiss Retail Federation -<\/title>\n<meta name=\"robots\" content=\"index, follow, max-snippet:-1, max-image-preview:large, max-video-preview:-1\" \/>\n<link rel=\"canonical\" href=\"https:\/\/www.swiss-retail.ch\/fr\/rapports-annuels\/rapport-annuel-2015\/\" \/>\n<meta property=\"og:locale\" content=\"fr_FR\" \/>\n<meta property=\"og:type\" content=\"article\" \/>\n<meta property=\"og:title\" content=\"Le Rapport annuel 2015 de Swiss Retail Federation -\" \/>\n<meta property=\"og:url\" content=\"https:\/\/www.swiss-retail.ch\/fr\/rapports-annuels\/rapport-annuel-2015\/\" \/>\n<meta property=\"article:published_time\" content=\"2016-05-15T22:25:56+00:00\" \/>\n<meta property=\"article:modified_time\" content=\"2022-04-29T08:51:33+00:00\" \/>\n<meta name=\"twitter:card\" content=\"summary_large_image\" \/>\n<meta name=\"twitter:label1\" content=\"\u00c9crit par\" \/>\n\t<meta name=\"twitter:data1\" content=\"swissretail\" \/>\n\t<meta name=\"twitter:label2\" content=\"Dur\u00e9e de lecture estim\u00e9e\" \/>\n\t<meta name=\"twitter:data2\" content=\"1 minute\" \/>\n<script type=\"application\/ld+json\" class=\"yoast-schema-graph\">{\"@context\":\"https:\/\/schema.org\",\"@graph\":[{\"@type\":\"WebSite\",\"@id\":\"https:\/\/www.swiss-retail.ch\/#website\",\"url\":\"https:\/\/www.swiss-retail.ch\/\",\"name\":\"\",\"description\":\"Verband der Mittel- und Grossbetriebe des schweizerischen Detailhandels\",\"potentialAction\":[{\"@type\":\"SearchAction\",\"target\":{\"@type\":\"EntryPoint\",\"urlTemplate\":\"https:\/\/www.swiss-retail.ch\/?s={search_term_string}\"},\"query-input\":\"required name=search_term_string\"}],\"inLanguage\":\"fr-FR\"},{\"@type\":\"WebPage\",\"@id\":\"https:\/\/www.swiss-retail.ch\/fr\/rapports-annuels\/rapport-annuel-2015\/#webpage\",\"url\":\"https:\/\/www.swiss-retail.ch\/fr\/rapports-annuels\/rapport-annuel-2015\/\",\"name\":\"Le Rapport annuel 2015 de Swiss Retail Federation -\",\"isPartOf\":{\"@id\":\"https:\/\/www.swiss-retail.ch\/#website\"},\"datePublished\":\"2016-05-15T22:25:56+00:00\",\"dateModified\":\"2022-04-29T08:51:33+00:00\",\"author\":{\"@id\":\"https:\/\/www.swiss-retail.ch\/#\/schema\/person\/90a7fcdf88c0e2555aeadc29a168014b\"},\"breadcrumb\":{\"@id\":\"https:\/\/www.swiss-retail.ch\/fr\/rapports-annuels\/rapport-annuel-2015\/#breadcrumb\"},\"inLanguage\":\"fr-FR\",\"potentialAction\":[{\"@type\":\"ReadAction\",\"target\":[\"https:\/\/www.swiss-retail.ch\/fr\/rapports-annuels\/rapport-annuel-2015\/\"]}]},{\"@type\":\"BreadcrumbList\",\"@id\":\"https:\/\/www.swiss-retail.ch\/fr\/rapports-annuels\/rapport-annuel-2015\/#breadcrumb\",\"itemListElement\":[{\"@type\":\"ListItem\",\"position\":1,\"name\":\"Startseite\",\"item\":\"https:\/\/www.swiss-retail.ch\/fr\/homepage\/\"},{\"@type\":\"ListItem\",\"position\":2,\"name\":\"Le Rapport annuel 2015 de Swiss Retail Federation\"}]},{\"@type\":\"Person\",\"@id\":\"https:\/\/www.swiss-retail.ch\/#\/schema\/person\/90a7fcdf88c0e2555aeadc29a168014b\",\"name\":\"swissretail\",\"url\":\"https:\/\/www.swiss-retail.ch\/fr\/author\/swissretail\/\"}]}<\/script>\n<!-- \/ Yoast SEO plugin. -->","yoast_head_json":{"title":"Le Rapport annuel 2015 de Swiss Retail Federation -","robots":{"index":"index","follow":"follow","max-snippet":"max-snippet:-1","max-image-preview":"max-image-preview:large","max-video-preview":"max-video-preview:-1"},"canonical":"https:\/\/www.swiss-retail.ch\/fr\/rapports-annuels\/rapport-annuel-2015\/","og_locale":"fr_FR","og_type":"article","og_title":"Le Rapport annuel 2015 de Swiss Retail Federation -","og_url":"https:\/\/www.swiss-retail.ch\/fr\/rapports-annuels\/rapport-annuel-2015\/","article_published_time":"2016-05-15T22:25:56+00:00","article_modified_time":"2022-04-29T08:51:33+00:00","twitter_card":"summary_large_image","twitter_misc":{"\u00c9crit par":"swissretail","Dur\u00e9e de lecture estim\u00e9e":"1 minute"},"schema":{"@context":"https:\/\/schema.org","@graph":[{"@type":"WebSite","@id":"https:\/\/www.swiss-retail.ch\/#website","url":"https:\/\/www.swiss-retail.ch\/","name":"","description":"Verband der Mittel- und Grossbetriebe des schweizerischen Detailhandels","potentialAction":[{"@type":"SearchAction","target":{"@type":"EntryPoint","urlTemplate":"https:\/\/www.swiss-retail.ch\/?s={search_term_string}"},"query-input":"required name=search_term_string"}],"inLanguage":"fr-FR"},{"@type":"WebPage","@id":"https:\/\/www.swiss-retail.ch\/fr\/rapports-annuels\/rapport-annuel-2015\/#webpage","url":"https:\/\/www.swiss-retail.ch\/fr\/rapports-annuels\/rapport-annuel-2015\/","name":"Le Rapport annuel 2015 de Swiss Retail Federation -","isPartOf":{"@id":"https:\/\/www.swiss-retail.ch\/#website"},"datePublished":"2016-05-15T22:25:56+00:00","dateModified":"2022-04-29T08:51:33+00:00","author":{"@id":"https:\/\/www.swiss-retail.ch\/#\/schema\/person\/90a7fcdf88c0e2555aeadc29a168014b"},"breadcrumb":{"@id":"https:\/\/www.swiss-retail.ch\/fr\/rapports-annuels\/rapport-annuel-2015\/#breadcrumb"},"inLanguage":"fr-FR","potentialAction":[{"@type":"ReadAction","target":["https:\/\/www.swiss-retail.ch\/fr\/rapports-annuels\/rapport-annuel-2015\/"]}]},{"@type":"BreadcrumbList","@id":"https:\/\/www.swiss-retail.ch\/fr\/rapports-annuels\/rapport-annuel-2015\/#breadcrumb","itemListElement":[{"@type":"ListItem","position":1,"name":"Startseite","item":"https:\/\/www.swiss-retail.ch\/fr\/homepage\/"},{"@type":"ListItem","position":2,"name":"Le Rapport annuel 2015 de Swiss Retail Federation"}]},{"@type":"Person","@id":"https:\/\/www.swiss-retail.ch\/#\/schema\/person\/90a7fcdf88c0e2555aeadc29a168014b","name":"swissretail","url":"https:\/\/www.swiss-retail.ch\/fr\/author\/swissretail\/"}]}},"_links":{"self":[{"href":"https:\/\/www.swiss-retail.ch\/fr\/wp-json\/wp\/v2\/posts\/4757"}],"collection":[{"href":"https:\/\/www.swiss-retail.ch\/fr\/wp-json\/wp\/v2\/posts"}],"about":[{"href":"https:\/\/www.swiss-retail.ch\/fr\/wp-json\/wp\/v2\/types\/post"}],"author":[{"embeddable":true,"href":"https:\/\/www.swiss-retail.ch\/fr\/wp-json\/wp\/v2\/users\/5"}],"replies":[{"embeddable":true,"href":"https:\/\/www.swiss-retail.ch\/fr\/wp-json\/wp\/v2\/comments?post=4757"}],"version-history":[{"count":4,"href":"https:\/\/www.swiss-retail.ch\/fr\/wp-json\/wp\/v2\/posts\/4757\/revisions"}],"predecessor-version":[{"id":13436,"href":"https:\/\/www.swiss-retail.ch\/fr\/wp-json\/wp\/v2\/posts\/4757\/revisions\/13436"}],"wp:attachment":[{"href":"https:\/\/www.swiss-retail.ch\/fr\/wp-json\/wp\/v2\/media?parent=4757"}],"wp:term":[{"taxonomy":"category","embeddable":true,"href":"https:\/\/www.swiss-retail.ch\/fr\/wp-json\/wp\/v2\/categories?post=4757"},{"taxonomy":"post_tag","embeddable":true,"href":"https:\/\/www.swiss-retail.ch\/fr\/wp-json\/wp\/v2\/tags?post=4757"}],"curies":[{"name":"wp","href":"https:\/\/api.w.org\/{rel}","templated":true}]}}