{"id":4818,"date":"2017-02-23T01:29:00","date_gmt":"2017-02-23T00:29:00","guid":{"rendered":"http:\/\/www.swiss-retail.ch\/?p=4818\/"},"modified":"2017-02-23T13:02:09","modified_gmt":"2017-02-23T12:02:09","slug":"interview-avec-dagmar-jenni-dans-handel-heute","status":"publish","type":"post","link":"https:\/\/www.swiss-retail.ch\/fr\/news-fr\/interview-avec-dagmar-jenni-dans-handel-heute\/","title":{"rendered":"Interview avec Dagmar Jenni dans Handel Heute"},"content":{"rendered":"<div class=\"flex_column av_one_full  flex_column_div av-zero-column-padding first  avia-builder-el-0  avia-builder-el-no-sibling  \" style='border-radius:0px; '><p><div  style='height:50px' class='hr hr-invisible   avia-builder-el-1  el_before_av_textblock  avia-builder-el-first '><span class='hr-inner ' ><span class='hr-inner-style'><\/span><\/span><\/div><br \/>\n<section class=\"av_textblock_section \"  itemscope=\"itemscope\" itemtype=\"https:\/\/schema.org\/BlogPosting\" itemprop=\"blogPost\" ><div class='avia_textblock  '   itemprop=\"text\" ><h2 style=\"text-align: center;\"><strong>Interview\u00a0avec Dagmar Jenni\u00a0dans Handel Heute <\/strong><\/h2>\n<\/div><\/section><br \/>\n<div   class='hr hr-short hr-center   avia-builder-el-3  el_after_av_textblock  el_before_av_textblock '><span class='hr-inner ' ><span class='hr-inner-style'><\/span><\/span><\/div><br \/>\n<section class=\"av_textblock_section \"  itemscope=\"itemscope\" itemtype=\"https:\/\/schema.org\/BlogPosting\" itemprop=\"blogPost\" ><div class='avia_textblock  '   itemprop=\"text\" ><p>Dans une interview, la directrice de Swiss Retail explique la strat\u00e9gie de Swiss Retail pour les ann\u00e9es \u00e0 venir.<\/p>\n<\/div><\/section><br \/>\n<div  class='avia-button-wrap avia-button-right  avia-builder-el-5  el_after_av_textblock  avia-builder-el-last ' ><a href='http:\/\/www.swiss-retail.ch\/wp-content\/uploads\/2017\/02\/srf_Beitrag_Jenni_HandelHeute_DE.pdf' class='avia-button av-icon-on-hover  avia-icon_select-yes-left-icon avia-color-theme-color-subtle avia-size-small avia-position-right ' target=\"_blank\" rel=\"noopener\"><span class='avia_button_icon avia_button_icon_left ' aria-hidden='true' data-av_icon='\ue84b' data-av_iconfont='entypo-fontello'><\/span><span class='avia_iconbox_title' >Lien vers l\u2019Article (pdf, en allemand uniquement)<\/span><\/a><\/div><\/p><\/div>\n","protected":false},"excerpt":{"rendered":"","protected":false},"author":5,"featured_media":4815,"comment_status":"closed","ping_status":"closed","sticky":false,"template":"","format":"standard","meta":[],"categories":[64],"tags":[],"yoast_head":"<!-- This site is optimized with the Yoast SEO plugin v18.5.1 - https:\/\/yoast.com\/wordpress\/plugins\/seo\/ -->\n<title>Interview avec Dagmar Jenni dans Handel Heute -<\/title>\n<meta name=\"robots\" content=\"index, follow, max-snippet:-1, max-image-preview:large, max-video-preview:-1\" \/>\n<link rel=\"canonical\" href=\"https:\/\/www.swiss-retail.ch\/fr\/news-fr\/interview-avec-dagmar-jenni-dans-handel-heute\/\" \/>\n<meta property=\"og:locale\" content=\"fr_FR\" \/>\n<meta property=\"og:type\" content=\"article\" \/>\n<meta property=\"og:title\" content=\"Interview avec Dagmar Jenni dans Handel Heute -\" \/>\n<meta property=\"og:url\" content=\"https:\/\/www.swiss-retail.ch\/fr\/news-fr\/interview-avec-dagmar-jenni-dans-handel-heute\/\" \/>\n<meta property=\"article:published_time\" content=\"2017-02-23T00:29:00+00:00\" \/>\n<meta property=\"article:modified_time\" content=\"2017-02-23T12:02:09+00:00\" \/>\n<meta property=\"og:image\" content=\"https:\/\/www.swiss-retail.ch\/wp-content\/uploads\/2017\/02\/Capture-d\u2019\u00e9cran-2017-02-23-\u00e0-01.25.20.png\" \/>\n\t<meta property=\"og:image:width\" content=\"789\" \/>\n\t<meta property=\"og:image:height\" content=\"761\" \/>\n\t<meta property=\"og:image:type\" content=\"image\/png\" \/>\n<meta name=\"twitter:card\" content=\"summary_large_image\" \/>\n<meta name=\"twitter:label1\" content=\"\u00c9crit par\" \/>\n\t<meta name=\"twitter:data1\" content=\"swissretail\" \/>\n\t<meta name=\"twitter:label2\" content=\"Dur\u00e9e de lecture estim\u00e9e\" \/>\n\t<meta name=\"twitter:data2\" content=\"1 minute\" \/>\n<script type=\"application\/ld+json\" class=\"yoast-schema-graph\">{\"@context\":\"https:\/\/schema.org\",\"@graph\":[{\"@type\":\"WebSite\",\"@id\":\"https:\/\/www.swiss-retail.ch\/#website\",\"url\":\"https:\/\/www.swiss-retail.ch\/\",\"name\":\"\",\"description\":\"Verband der Mittel- und Grossbetriebe des schweizerischen Detailhandels\",\"potentialAction\":[{\"@type\":\"SearchAction\",\"target\":{\"@type\":\"EntryPoint\",\"urlTemplate\":\"https:\/\/www.swiss-retail.ch\/?s={search_term_string}\"},\"query-input\":\"required name=search_term_string\"}],\"inLanguage\":\"fr-FR\"},{\"@type\":\"ImageObject\",\"@id\":\"https:\/\/www.swiss-retail.ch\/fr\/news-fr\/interview-avec-dagmar-jenni-dans-handel-heute\/#primaryimage\",\"inLanguage\":\"fr-FR\",\"url\":\"https:\/\/www.swiss-retail.ch\/wp-content\/uploads\/2017\/02\/Capture-d\u2019\u00e9cran-2017-02-23-\u00e0-01.25.20.png\",\"contentUrl\":\"https:\/\/www.swiss-retail.ch\/wp-content\/uploads\/2017\/02\/Capture-d\u2019\u00e9cran-2017-02-23-\u00e0-01.25.20.png\",\"width\":789,\"height\":761},{\"@type\":\"WebPage\",\"@id\":\"https:\/\/www.swiss-retail.ch\/fr\/news-fr\/interview-avec-dagmar-jenni-dans-handel-heute\/#webpage\",\"url\":\"https:\/\/www.swiss-retail.ch\/fr\/news-fr\/interview-avec-dagmar-jenni-dans-handel-heute\/\",\"name\":\"Interview avec Dagmar Jenni dans Handel Heute -\",\"isPartOf\":{\"@id\":\"https:\/\/www.swiss-retail.ch\/#website\"},\"primaryImageOfPage\":{\"@id\":\"https:\/\/www.swiss-retail.ch\/fr\/news-fr\/interview-avec-dagmar-jenni-dans-handel-heute\/#primaryimage\"},\"datePublished\":\"2017-02-23T00:29:00+00:00\",\"dateModified\":\"2017-02-23T12:02:09+00:00\",\"author\":{\"@id\":\"https:\/\/www.swiss-retail.ch\/#\/schema\/person\/90a7fcdf88c0e2555aeadc29a168014b\"},\"breadcrumb\":{\"@id\":\"https:\/\/www.swiss-retail.ch\/fr\/news-fr\/interview-avec-dagmar-jenni-dans-handel-heute\/#breadcrumb\"},\"inLanguage\":\"fr-FR\",\"potentialAction\":[{\"@type\":\"ReadAction\",\"target\":[\"https:\/\/www.swiss-retail.ch\/fr\/news-fr\/interview-avec-dagmar-jenni-dans-handel-heute\/\"]}]},{\"@type\":\"BreadcrumbList\",\"@id\":\"https:\/\/www.swiss-retail.ch\/fr\/news-fr\/interview-avec-dagmar-jenni-dans-handel-heute\/#breadcrumb\",\"itemListElement\":[{\"@type\":\"ListItem\",\"position\":1,\"name\":\"Startseite\",\"item\":\"https:\/\/www.swiss-retail.ch\/fr\/homepage\/\"},{\"@type\":\"ListItem\",\"position\":2,\"name\":\"Interview avec Dagmar Jenni dans Handel Heute\"}]},{\"@type\":\"Person\",\"@id\":\"https:\/\/www.swiss-retail.ch\/#\/schema\/person\/90a7fcdf88c0e2555aeadc29a168014b\",\"name\":\"swissretail\",\"url\":\"https:\/\/www.swiss-retail.ch\/fr\/author\/swissretail\/\"}]}<\/script>\n<!-- \/ Yoast SEO plugin. -->","yoast_head_json":{"title":"Interview avec Dagmar Jenni dans Handel Heute -","robots":{"index":"index","follow":"follow","max-snippet":"max-snippet:-1","max-image-preview":"max-image-preview:large","max-video-preview":"max-video-preview:-1"},"canonical":"https:\/\/www.swiss-retail.ch\/fr\/news-fr\/interview-avec-dagmar-jenni-dans-handel-heute\/","og_locale":"fr_FR","og_type":"article","og_title":"Interview avec Dagmar Jenni dans Handel Heute -","og_url":"https:\/\/www.swiss-retail.ch\/fr\/news-fr\/interview-avec-dagmar-jenni-dans-handel-heute\/","article_published_time":"2017-02-23T00:29:00+00:00","article_modified_time":"2017-02-23T12:02:09+00:00","og_image":[{"width":789,"height":761,"url":"https:\/\/www.swiss-retail.ch\/wp-content\/uploads\/2017\/02\/Capture-d\u2019\u00e9cran-2017-02-23-\u00e0-01.25.20.png","type":"image\/png"}],"twitter_card":"summary_large_image","twitter_misc":{"\u00c9crit par":"swissretail","Dur\u00e9e de lecture estim\u00e9e":"1 minute"},"schema":{"@context":"https:\/\/schema.org","@graph":[{"@type":"WebSite","@id":"https:\/\/www.swiss-retail.ch\/#website","url":"https:\/\/www.swiss-retail.ch\/","name":"","description":"Verband der Mittel- und Grossbetriebe des schweizerischen Detailhandels","potentialAction":[{"@type":"SearchAction","target":{"@type":"EntryPoint","urlTemplate":"https:\/\/www.swiss-retail.ch\/?s={search_term_string}"},"query-input":"required name=search_term_string"}],"inLanguage":"fr-FR"},{"@type":"ImageObject","@id":"https:\/\/www.swiss-retail.ch\/fr\/news-fr\/interview-avec-dagmar-jenni-dans-handel-heute\/#primaryimage","inLanguage":"fr-FR","url":"https:\/\/www.swiss-retail.ch\/wp-content\/uploads\/2017\/02\/Capture-d\u2019\u00e9cran-2017-02-23-\u00e0-01.25.20.png","contentUrl":"https:\/\/www.swiss-retail.ch\/wp-content\/uploads\/2017\/02\/Capture-d\u2019\u00e9cran-2017-02-23-\u00e0-01.25.20.png","width":789,"height":761},{"@type":"WebPage","@id":"https:\/\/www.swiss-retail.ch\/fr\/news-fr\/interview-avec-dagmar-jenni-dans-handel-heute\/#webpage","url":"https:\/\/www.swiss-retail.ch\/fr\/news-fr\/interview-avec-dagmar-jenni-dans-handel-heute\/","name":"Interview avec Dagmar Jenni dans Handel Heute -","isPartOf":{"@id":"https:\/\/www.swiss-retail.ch\/#website"},"primaryImageOfPage":{"@id":"https:\/\/www.swiss-retail.ch\/fr\/news-fr\/interview-avec-dagmar-jenni-dans-handel-heute\/#primaryimage"},"datePublished":"2017-02-23T00:29:00+00:00","dateModified":"2017-02-23T12:02:09+00:00","author":{"@id":"https:\/\/www.swiss-retail.ch\/#\/schema\/person\/90a7fcdf88c0e2555aeadc29a168014b"},"breadcrumb":{"@id":"https:\/\/www.swiss-retail.ch\/fr\/news-fr\/interview-avec-dagmar-jenni-dans-handel-heute\/#breadcrumb"},"inLanguage":"fr-FR","potentialAction":[{"@type":"ReadAction","target":["https:\/\/www.swiss-retail.ch\/fr\/news-fr\/interview-avec-dagmar-jenni-dans-handel-heute\/"]}]},{"@type":"BreadcrumbList","@id":"https:\/\/www.swiss-retail.ch\/fr\/news-fr\/interview-avec-dagmar-jenni-dans-handel-heute\/#breadcrumb","itemListElement":[{"@type":"ListItem","position":1,"name":"Startseite","item":"https:\/\/www.swiss-retail.ch\/fr\/homepage\/"},{"@type":"ListItem","position":2,"name":"Interview avec Dagmar Jenni dans Handel Heute"}]},{"@type":"Person","@id":"https:\/\/www.swiss-retail.ch\/#\/schema\/person\/90a7fcdf88c0e2555aeadc29a168014b","name":"swissretail","url":"https:\/\/www.swiss-retail.ch\/fr\/author\/swissretail\/"}]}},"_links":{"self":[{"href":"https:\/\/www.swiss-retail.ch\/fr\/wp-json\/wp\/v2\/posts\/4818"}],"collection":[{"href":"https:\/\/www.swiss-retail.ch\/fr\/wp-json\/wp\/v2\/posts"}],"about":[{"href":"https:\/\/www.swiss-retail.ch\/fr\/wp-json\/wp\/v2\/types\/post"}],"author":[{"embeddable":true,"href":"https:\/\/www.swiss-retail.ch\/fr\/wp-json\/wp\/v2\/users\/5"}],"replies":[{"embeddable":true,"href":"https:\/\/www.swiss-retail.ch\/fr\/wp-json\/wp\/v2\/comments?post=4818"}],"version-history":[{"count":2,"href":"https:\/\/www.swiss-retail.ch\/fr\/wp-json\/wp\/v2\/posts\/4818\/revisions"}],"predecessor-version":[{"id":4980,"href":"https:\/\/www.swiss-retail.ch\/fr\/wp-json\/wp\/v2\/posts\/4818\/revisions\/4980"}],"wp:featuredmedia":[{"embeddable":true,"href":"https:\/\/www.swiss-retail.ch\/fr\/wp-json\/wp\/v2\/media\/4815"}],"wp:attachment":[{"href":"https:\/\/www.swiss-retail.ch\/fr\/wp-json\/wp\/v2\/media?parent=4818"}],"wp:term":[{"taxonomy":"category","embeddable":true,"href":"https:\/\/www.swiss-retail.ch\/fr\/wp-json\/wp\/v2\/categories?post=4818"},{"taxonomy":"post_tag","embeddable":true,"href":"https:\/\/www.swiss-retail.ch\/fr\/wp-json\/wp\/v2\/tags?post=4818"}],"curies":[{"name":"wp","href":"https:\/\/api.w.org\/{rel}","templated":true}]}}