{"id":5458,"date":"2017-05-02T15:29:38","date_gmt":"2017-05-02T14:29:38","guid":{"rendered":"http:\/\/www.swiss-retail.ch\/?p=5458\/"},"modified":"2017-05-02T15:36:05","modified_gmt":"2017-05-02T14:36:05","slug":"chiffres-daffaires-du-commerce-de-detail-en-mars-2017","status":"publish","type":"post","link":"https:\/\/www.swiss-retail.ch\/fr\/news-fr\/chiffres-daffaires-du-commerce-de-detail-en-mars-2017\/","title":{"rendered":"Chiffres d\u2019affaires du commerce de d\u00e9tail en mars 2017"},"content":{"rendered":"<div class=\"flex_column av_one_full  flex_column_div av-zero-column-padding first  avia-builder-el-0  avia-builder-el-no-sibling  \" style='border-radius:0px; '><p><div  style='height:50px' class='hr hr-invisible   avia-builder-el-1  el_before_av_textblock  avia-builder-el-first '><span class='hr-inner ' ><span class='hr-inner-style'><\/span><\/span><\/div><br \/>\n<section class=\"av_textblock_section \"  itemscope=\"itemscope\" itemtype=\"https:\/\/schema.org\/BlogPosting\" itemprop=\"blogPost\" ><div class='avia_textblock  '   itemprop=\"text\" ><h2 style=\"text-align: center;\">Chiffres d\u2019affaires du commerce de d\u00e9tail en mars 2017<\/h2>\n<\/div><\/section><br \/>\n<div   class='hr hr-short hr-center   avia-builder-el-3  el_after_av_textblock  el_before_av_textblock '><span class='hr-inner ' ><span class='hr-inner-style'><\/span><\/span><\/div><br \/>\n<section class=\"av_textblock_section \"  itemscope=\"itemscope\" itemtype=\"https:\/\/schema.org\/BlogPosting\" itemprop=\"blogPost\" ><div class='avia_textblock  '   itemprop=\"text\" ><p>Les chiffres d&rsquo;affaires du commerce de d\u00e9tail en Suisse ont augment\u00e9 en termes nominaux de 1,8% au mois de mars 2017 par rapport \u00e0 mars 2016. Il s\u2019agit de la plus forte hausse enregistr\u00e9e depuis juin 2014. Ajust\u00e9s des variations saisonni\u00e8res, les chiffres d\u2019affaires nominaux du commerce de d\u00e9tail ont progress\u00e9 de 0,6% par rapport au mois pr\u00e9c\u00e9dent. Ce sont l\u00e0 quelques r\u00e9sultats provisoires de l&rsquo;Office f\u00e9d\u00e9ral de la statistique (OFS).<\/p>\n<p>Vous trouverez davantage d\u2019informations dans le <a href=\"https:\/\/www.bfs.admin.ch\/bfs\/fr\/home\/actualites\/quoi-de-neuf.assetdetail.2380467.html\" target=\"_blank\" rel=\"noopener noreferrer\">Communiqu\u00e9 de presse <\/a>de l\u2019Office f\u00e9d\u00e9ral de la statistique.<\/p>\n<\/div><\/section><br \/>\n<div  style='height:50px' class='hr hr-invisible   avia-builder-el-5  el_after_av_textblock  avia-builder-el-last '><span class='hr-inner ' ><span class='hr-inner-style'><\/span><\/span><\/div><\/p><\/div>\n","protected":false},"excerpt":{"rendered":"","protected":false},"author":7,"featured_media":3572,"comment_status":"closed","ping_status":"closed","sticky":false,"template":"","format":"standard","meta":[],"categories":[64],"tags":[],"yoast_head":"<!-- This site is optimized with the Yoast SEO plugin v18.5.1 - https:\/\/yoast.com\/wordpress\/plugins\/seo\/ -->\n<title>Chiffres d\u2019affaires du commerce de d\u00e9tail en mars 2017 -<\/title>\n<meta name=\"robots\" content=\"index, follow, max-snippet:-1, max-image-preview:large, max-video-preview:-1\" \/>\n<link rel=\"canonical\" href=\"https:\/\/www.swiss-retail.ch\/fr\/news-fr\/chiffres-daffaires-du-commerce-de-detail-en-mars-2017\/\" \/>\n<meta property=\"og:locale\" content=\"fr_FR\" \/>\n<meta property=\"og:type\" content=\"article\" \/>\n<meta property=\"og:title\" content=\"Chiffres d\u2019affaires du commerce de d\u00e9tail en mars 2017 -\" \/>\n<meta property=\"og:url\" content=\"https:\/\/www.swiss-retail.ch\/fr\/news-fr\/chiffres-daffaires-du-commerce-de-detail-en-mars-2017\/\" \/>\n<meta property=\"article:published_time\" content=\"2017-05-02T14:29:38+00:00\" \/>\n<meta property=\"article:modified_time\" content=\"2017-05-02T14:36:05+00:00\" \/>\n<meta property=\"og:image\" content=\"https:\/\/www.swiss-retail.ch\/wp-content\/uploads\/2017\/02\/swissretail_dienstleistung_interessenvertretung.jpg\" \/>\n\t<meta property=\"og:image:width\" content=\"660\" \/>\n\t<meta property=\"og:image:height\" content=\"526\" \/>\n\t<meta property=\"og:image:type\" content=\"image\/jpeg\" \/>\n<meta name=\"twitter:card\" content=\"summary_large_image\" \/>\n<meta name=\"twitter:label1\" content=\"\u00c9crit par\" \/>\n\t<meta name=\"twitter:data1\" content=\"Claudio Looser\" \/>\n\t<meta name=\"twitter:label2\" content=\"Dur\u00e9e de lecture estim\u00e9e\" \/>\n\t<meta name=\"twitter:data2\" content=\"2 minutes\" \/>\n<script type=\"application\/ld+json\" class=\"yoast-schema-graph\">{\"@context\":\"https:\/\/schema.org\",\"@graph\":[{\"@type\":\"WebSite\",\"@id\":\"https:\/\/www.swiss-retail.ch\/#website\",\"url\":\"https:\/\/www.swiss-retail.ch\/\",\"name\":\"\",\"description\":\"Verband der Mittel- und Grossbetriebe des schweizerischen Detailhandels\",\"potentialAction\":[{\"@type\":\"SearchAction\",\"target\":{\"@type\":\"EntryPoint\",\"urlTemplate\":\"https:\/\/www.swiss-retail.ch\/?s={search_term_string}\"},\"query-input\":\"required name=search_term_string\"}],\"inLanguage\":\"fr-FR\"},{\"@type\":\"ImageObject\",\"@id\":\"https:\/\/www.swiss-retail.ch\/fr\/news-fr\/chiffres-daffaires-du-commerce-de-detail-en-mars-2017\/#primaryimage\",\"inLanguage\":\"fr-FR\",\"url\":\"https:\/\/www.swiss-retail.ch\/wp-content\/uploads\/2017\/02\/swissretail_dienstleistung_interessenvertretung.jpg\",\"contentUrl\":\"https:\/\/www.swiss-retail.ch\/wp-content\/uploads\/2017\/02\/swissretail_dienstleistung_interessenvertretung.jpg\",\"width\":660,\"height\":526},{\"@type\":\"WebPage\",\"@id\":\"https:\/\/www.swiss-retail.ch\/fr\/news-fr\/chiffres-daffaires-du-commerce-de-detail-en-mars-2017\/#webpage\",\"url\":\"https:\/\/www.swiss-retail.ch\/fr\/news-fr\/chiffres-daffaires-du-commerce-de-detail-en-mars-2017\/\",\"name\":\"Chiffres d\u2019affaires du commerce de d\u00e9tail en mars 2017 -\",\"isPartOf\":{\"@id\":\"https:\/\/www.swiss-retail.ch\/#website\"},\"primaryImageOfPage\":{\"@id\":\"https:\/\/www.swiss-retail.ch\/fr\/news-fr\/chiffres-daffaires-du-commerce-de-detail-en-mars-2017\/#primaryimage\"},\"datePublished\":\"2017-05-02T14:29:38+00:00\",\"dateModified\":\"2017-05-02T14:36:05+00:00\",\"author\":{\"@id\":\"https:\/\/www.swiss-retail.ch\/#\/schema\/person\/2d56f4201fb0be31cc400171a2615b34\"},\"breadcrumb\":{\"@id\":\"https:\/\/www.swiss-retail.ch\/fr\/news-fr\/chiffres-daffaires-du-commerce-de-detail-en-mars-2017\/#breadcrumb\"},\"inLanguage\":\"fr-FR\",\"potentialAction\":[{\"@type\":\"ReadAction\",\"target\":[\"https:\/\/www.swiss-retail.ch\/fr\/news-fr\/chiffres-daffaires-du-commerce-de-detail-en-mars-2017\/\"]}]},{\"@type\":\"BreadcrumbList\",\"@id\":\"https:\/\/www.swiss-retail.ch\/fr\/news-fr\/chiffres-daffaires-du-commerce-de-detail-en-mars-2017\/#breadcrumb\",\"itemListElement\":[{\"@type\":\"ListItem\",\"position\":1,\"name\":\"Startseite\",\"item\":\"https:\/\/www.swiss-retail.ch\/fr\/homepage\/\"},{\"@type\":\"ListItem\",\"position\":2,\"name\":\"Chiffres d\u2019affaires du commerce de d\u00e9tail en mars 2017\"}]},{\"@type\":\"Person\",\"@id\":\"https:\/\/www.swiss-retail.ch\/#\/schema\/person\/2d56f4201fb0be31cc400171a2615b34\",\"name\":\"Claudio Looser\",\"url\":\"https:\/\/www.swiss-retail.ch\/fr\/author\/claudiolooser\/\"}]}<\/script>\n<!-- \/ Yoast SEO plugin. -->","yoast_head_json":{"title":"Chiffres d\u2019affaires du commerce de d\u00e9tail en mars 2017 -","robots":{"index":"index","follow":"follow","max-snippet":"max-snippet:-1","max-image-preview":"max-image-preview:large","max-video-preview":"max-video-preview:-1"},"canonical":"https:\/\/www.swiss-retail.ch\/fr\/news-fr\/chiffres-daffaires-du-commerce-de-detail-en-mars-2017\/","og_locale":"fr_FR","og_type":"article","og_title":"Chiffres d\u2019affaires du commerce de d\u00e9tail en mars 2017 -","og_url":"https:\/\/www.swiss-retail.ch\/fr\/news-fr\/chiffres-daffaires-du-commerce-de-detail-en-mars-2017\/","article_published_time":"2017-05-02T14:29:38+00:00","article_modified_time":"2017-05-02T14:36:05+00:00","og_image":[{"width":660,"height":526,"url":"https:\/\/www.swiss-retail.ch\/wp-content\/uploads\/2017\/02\/swissretail_dienstleistung_interessenvertretung.jpg","type":"image\/jpeg"}],"twitter_card":"summary_large_image","twitter_misc":{"\u00c9crit par":"Claudio Looser","Dur\u00e9e de lecture estim\u00e9e":"2 minutes"},"schema":{"@context":"https:\/\/schema.org","@graph":[{"@type":"WebSite","@id":"https:\/\/www.swiss-retail.ch\/#website","url":"https:\/\/www.swiss-retail.ch\/","name":"","description":"Verband der Mittel- und Grossbetriebe des schweizerischen Detailhandels","potentialAction":[{"@type":"SearchAction","target":{"@type":"EntryPoint","urlTemplate":"https:\/\/www.swiss-retail.ch\/?s={search_term_string}"},"query-input":"required name=search_term_string"}],"inLanguage":"fr-FR"},{"@type":"ImageObject","@id":"https:\/\/www.swiss-retail.ch\/fr\/news-fr\/chiffres-daffaires-du-commerce-de-detail-en-mars-2017\/#primaryimage","inLanguage":"fr-FR","url":"https:\/\/www.swiss-retail.ch\/wp-content\/uploads\/2017\/02\/swissretail_dienstleistung_interessenvertretung.jpg","contentUrl":"https:\/\/www.swiss-retail.ch\/wp-content\/uploads\/2017\/02\/swissretail_dienstleistung_interessenvertretung.jpg","width":660,"height":526},{"@type":"WebPage","@id":"https:\/\/www.swiss-retail.ch\/fr\/news-fr\/chiffres-daffaires-du-commerce-de-detail-en-mars-2017\/#webpage","url":"https:\/\/www.swiss-retail.ch\/fr\/news-fr\/chiffres-daffaires-du-commerce-de-detail-en-mars-2017\/","name":"Chiffres d\u2019affaires du commerce de d\u00e9tail en mars 2017 -","isPartOf":{"@id":"https:\/\/www.swiss-retail.ch\/#website"},"primaryImageOfPage":{"@id":"https:\/\/www.swiss-retail.ch\/fr\/news-fr\/chiffres-daffaires-du-commerce-de-detail-en-mars-2017\/#primaryimage"},"datePublished":"2017-05-02T14:29:38+00:00","dateModified":"2017-05-02T14:36:05+00:00","author":{"@id":"https:\/\/www.swiss-retail.ch\/#\/schema\/person\/2d56f4201fb0be31cc400171a2615b34"},"breadcrumb":{"@id":"https:\/\/www.swiss-retail.ch\/fr\/news-fr\/chiffres-daffaires-du-commerce-de-detail-en-mars-2017\/#breadcrumb"},"inLanguage":"fr-FR","potentialAction":[{"@type":"ReadAction","target":["https:\/\/www.swiss-retail.ch\/fr\/news-fr\/chiffres-daffaires-du-commerce-de-detail-en-mars-2017\/"]}]},{"@type":"BreadcrumbList","@id":"https:\/\/www.swiss-retail.ch\/fr\/news-fr\/chiffres-daffaires-du-commerce-de-detail-en-mars-2017\/#breadcrumb","itemListElement":[{"@type":"ListItem","position":1,"name":"Startseite","item":"https:\/\/www.swiss-retail.ch\/fr\/homepage\/"},{"@type":"ListItem","position":2,"name":"Chiffres d\u2019affaires du commerce de d\u00e9tail en mars 2017"}]},{"@type":"Person","@id":"https:\/\/www.swiss-retail.ch\/#\/schema\/person\/2d56f4201fb0be31cc400171a2615b34","name":"Claudio Looser","url":"https:\/\/www.swiss-retail.ch\/fr\/author\/claudiolooser\/"}]}},"_links":{"self":[{"href":"https:\/\/www.swiss-retail.ch\/fr\/wp-json\/wp\/v2\/posts\/5458"}],"collection":[{"href":"https:\/\/www.swiss-retail.ch\/fr\/wp-json\/wp\/v2\/posts"}],"about":[{"href":"https:\/\/www.swiss-retail.ch\/fr\/wp-json\/wp\/v2\/types\/post"}],"author":[{"embeddable":true,"href":"https:\/\/www.swiss-retail.ch\/fr\/wp-json\/wp\/v2\/users\/7"}],"replies":[{"embeddable":true,"href":"https:\/\/www.swiss-retail.ch\/fr\/wp-json\/wp\/v2\/comments?post=5458"}],"version-history":[{"count":3,"href":"https:\/\/www.swiss-retail.ch\/fr\/wp-json\/wp\/v2\/posts\/5458\/revisions"}],"predecessor-version":[{"id":5469,"href":"https:\/\/www.swiss-retail.ch\/fr\/wp-json\/wp\/v2\/posts\/5458\/revisions\/5469"}],"wp:featuredmedia":[{"embeddable":true,"href":"https:\/\/www.swiss-retail.ch\/fr\/wp-json\/wp\/v2\/media\/3572"}],"wp:attachment":[{"href":"https:\/\/www.swiss-retail.ch\/fr\/wp-json\/wp\/v2\/media?parent=5458"}],"wp:term":[{"taxonomy":"category","embeddable":true,"href":"https:\/\/www.swiss-retail.ch\/fr\/wp-json\/wp\/v2\/categories?post=5458"},{"taxonomy":"post_tag","embeddable":true,"href":"https:\/\/www.swiss-retail.ch\/fr\/wp-json\/wp\/v2\/tags?post=5458"}],"curies":[{"name":"wp","href":"https:\/\/api.w.org\/{rel}","templated":true}]}}