{"id":5483,"date":"2017-05-05T09:31:31","date_gmt":"2017-05-05T08:31:31","guid":{"rendered":"http:\/\/www.swiss-retail.ch\/non-classifiee\/le-climat-de-consommation-affiche-une-valeur-moyenne\/"},"modified":"2017-05-05T09:32:20","modified_gmt":"2017-05-05T08:32:20","slug":"le-climat-de-consommation-affiche-une-valeur-moyenne","status":"publish","type":"post","link":"https:\/\/www.swiss-retail.ch\/fr\/news-fr\/le-climat-de-consommation-affiche-une-valeur-moyenne\/","title":{"rendered":"Le climat de consommation affiche une valeur moyenne"},"content":{"rendered":"<div class=\"flex_column av_one_full  flex_column_div av-zero-column-padding first  avia-builder-el-0  avia-builder-el-no-sibling  \" style='border-radius:0px; '><p><div  style='height:50px' class='hr hr-invisible   avia-builder-el-1  el_before_av_textblock  avia-builder-el-first '><span class='hr-inner ' ><span class='hr-inner-style'><\/span><\/span><\/div><br \/>\n<section class=\"av_textblock_section \"  itemscope=\"itemscope\" itemtype=\"https:\/\/schema.org\/BlogPosting\" itemprop=\"blogPost\" ><div class='avia_textblock  '   itemprop=\"text\" ><h2 style=\"text-align: center;\">Le climat de consommation affiche une valeur moyenne<\/h2>\n<\/div><\/section><br \/>\n<div   class='hr hr-short hr-center   avia-builder-el-3  el_after_av_textblock  el_before_av_textblock '><span class='hr-inner ' ><span class='hr-inner-style'><\/span><\/span><\/div><br \/>\n<section class=\"av_textblock_section \"  itemscope=\"itemscope\" itemtype=\"https:\/\/schema.org\/BlogPosting\" itemprop=\"blogPost\" ><div class='avia_textblock  '   itemprop=\"text\" ><p>Affichant une valeur de -8 points en avril 2017, le climat de consommation en Suisse correspond pratiquement \u00e0 la moyenne pluriannuelle. En janvier, il \u00e9tait l\u00e9g\u00e8rement meilleur (-3 points). L\u2019appr\u00e9ciation de l\u2019\u00e9volution de l\u2019\u00e9conomie en g\u00e9n\u00e9ral en avril est certes sup\u00e9rieure \u00e0 la moyenne, mais un peu moins optimiste qu\u2019en janvier. Par ailleurs, les attentes concernant la situation financi\u00e8re et la possibilit\u00e9 d\u2019\u00e9pargne des m\u00e9nages sont l\u00e9g\u00e8rement moins bonnes. En comparaison des trois derniers semestres, le climat de consommation reste n\u00e9anmoins robuste.<\/p>\n<p>Vous trouverez davantage d\u2019informations dans le <a href=\"https:\/\/www.admin.ch\/gov\/fr\/accueil\/documentation\/communiques.msg-id-66574.html\" target=\"_blank\" rel=\"noopener noreferrer\">Communiqu\u00e9 de presse <\/a>du Secr\u00e9tariat d&rsquo;Etat \u00e0 l&rsquo;\u00e9conomie.<\/p>\n<\/div><\/section><br \/>\n<div  style='height:50px' class='hr hr-invisible   avia-builder-el-5  el_after_av_textblock  avia-builder-el-last '><span class='hr-inner ' ><span class='hr-inner-style'><\/span><\/span><\/div><\/p><\/div>\n","protected":false},"excerpt":{"rendered":"","protected":false},"author":7,"featured_media":3650,"comment_status":"closed","ping_status":"closed","sticky":false,"template":"","format":"standard","meta":[],"categories":[64],"tags":[],"yoast_head":"<!-- This site is optimized with the Yoast SEO plugin v18.5.1 - https:\/\/yoast.com\/wordpress\/plugins\/seo\/ -->\n<title>Le climat de consommation affiche une valeur moyenne -<\/title>\n<meta name=\"robots\" content=\"index, follow, max-snippet:-1, max-image-preview:large, max-video-preview:-1\" \/>\n<link rel=\"canonical\" href=\"https:\/\/www.swiss-retail.ch\/fr\/news-fr\/le-climat-de-consommation-affiche-une-valeur-moyenne\/\" \/>\n<meta property=\"og:locale\" content=\"fr_FR\" \/>\n<meta property=\"og:type\" content=\"article\" \/>\n<meta property=\"og:title\" content=\"Le climat de consommation affiche une valeur moyenne -\" \/>\n<meta property=\"og:url\" content=\"https:\/\/www.swiss-retail.ch\/fr\/news-fr\/le-climat-de-consommation-affiche-une-valeur-moyenne\/\" \/>\n<meta property=\"article:published_time\" content=\"2017-05-05T08:31:31+00:00\" \/>\n<meta property=\"article:modified_time\" content=\"2017-05-05T08:32:20+00:00\" \/>\n<meta property=\"og:image\" content=\"https:\/\/www.swiss-retail.ch\/wp-content\/uploads\/2017\/02\/swissretail_dienstleistung_kauf.jpg\" \/>\n\t<meta property=\"og:image:width\" content=\"660\" \/>\n\t<meta property=\"og:image:height\" content=\"526\" \/>\n\t<meta property=\"og:image:type\" content=\"image\/jpeg\" \/>\n<meta name=\"twitter:card\" content=\"summary_large_image\" \/>\n<meta name=\"twitter:label1\" content=\"\u00c9crit par\" \/>\n\t<meta name=\"twitter:data1\" content=\"Claudio Looser\" \/>\n\t<meta name=\"twitter:label2\" content=\"Dur\u00e9e de lecture estim\u00e9e\" \/>\n\t<meta name=\"twitter:data2\" content=\"2 minutes\" \/>\n<script type=\"application\/ld+json\" class=\"yoast-schema-graph\">{\"@context\":\"https:\/\/schema.org\",\"@graph\":[{\"@type\":\"WebSite\",\"@id\":\"https:\/\/www.swiss-retail.ch\/#website\",\"url\":\"https:\/\/www.swiss-retail.ch\/\",\"name\":\"\",\"description\":\"Verband der Mittel- und Grossbetriebe des schweizerischen Detailhandels\",\"potentialAction\":[{\"@type\":\"SearchAction\",\"target\":{\"@type\":\"EntryPoint\",\"urlTemplate\":\"https:\/\/www.swiss-retail.ch\/?s={search_term_string}\"},\"query-input\":\"required name=search_term_string\"}],\"inLanguage\":\"fr-FR\"},{\"@type\":\"ImageObject\",\"@id\":\"https:\/\/www.swiss-retail.ch\/fr\/news-fr\/le-climat-de-consommation-affiche-une-valeur-moyenne\/#primaryimage\",\"inLanguage\":\"fr-FR\",\"url\":\"https:\/\/www.swiss-retail.ch\/wp-content\/uploads\/2017\/02\/swissretail_dienstleistung_kauf.jpg\",\"contentUrl\":\"https:\/\/www.swiss-retail.ch\/wp-content\/uploads\/2017\/02\/swissretail_dienstleistung_kauf.jpg\",\"width\":660,\"height\":526},{\"@type\":\"WebPage\",\"@id\":\"https:\/\/www.swiss-retail.ch\/fr\/news-fr\/le-climat-de-consommation-affiche-une-valeur-moyenne\/#webpage\",\"url\":\"https:\/\/www.swiss-retail.ch\/fr\/news-fr\/le-climat-de-consommation-affiche-une-valeur-moyenne\/\",\"name\":\"Le climat de consommation affiche une valeur moyenne -\",\"isPartOf\":{\"@id\":\"https:\/\/www.swiss-retail.ch\/#website\"},\"primaryImageOfPage\":{\"@id\":\"https:\/\/www.swiss-retail.ch\/fr\/news-fr\/le-climat-de-consommation-affiche-une-valeur-moyenne\/#primaryimage\"},\"datePublished\":\"2017-05-05T08:31:31+00:00\",\"dateModified\":\"2017-05-05T08:32:20+00:00\",\"author\":{\"@id\":\"https:\/\/www.swiss-retail.ch\/#\/schema\/person\/2d56f4201fb0be31cc400171a2615b34\"},\"breadcrumb\":{\"@id\":\"https:\/\/www.swiss-retail.ch\/fr\/news-fr\/le-climat-de-consommation-affiche-une-valeur-moyenne\/#breadcrumb\"},\"inLanguage\":\"fr-FR\",\"potentialAction\":[{\"@type\":\"ReadAction\",\"target\":[\"https:\/\/www.swiss-retail.ch\/fr\/news-fr\/le-climat-de-consommation-affiche-une-valeur-moyenne\/\"]}]},{\"@type\":\"BreadcrumbList\",\"@id\":\"https:\/\/www.swiss-retail.ch\/fr\/news-fr\/le-climat-de-consommation-affiche-une-valeur-moyenne\/#breadcrumb\",\"itemListElement\":[{\"@type\":\"ListItem\",\"position\":1,\"name\":\"Startseite\",\"item\":\"https:\/\/www.swiss-retail.ch\/fr\/homepage\/\"},{\"@type\":\"ListItem\",\"position\":2,\"name\":\"Le climat de consommation affiche une valeur moyenne\"}]},{\"@type\":\"Person\",\"@id\":\"https:\/\/www.swiss-retail.ch\/#\/schema\/person\/2d56f4201fb0be31cc400171a2615b34\",\"name\":\"Claudio Looser\",\"url\":\"https:\/\/www.swiss-retail.ch\/fr\/author\/claudiolooser\/\"}]}<\/script>\n<!-- \/ Yoast SEO plugin. -->","yoast_head_json":{"title":"Le climat de consommation affiche une valeur moyenne -","robots":{"index":"index","follow":"follow","max-snippet":"max-snippet:-1","max-image-preview":"max-image-preview:large","max-video-preview":"max-video-preview:-1"},"canonical":"https:\/\/www.swiss-retail.ch\/fr\/news-fr\/le-climat-de-consommation-affiche-une-valeur-moyenne\/","og_locale":"fr_FR","og_type":"article","og_title":"Le climat de consommation affiche une valeur moyenne -","og_url":"https:\/\/www.swiss-retail.ch\/fr\/news-fr\/le-climat-de-consommation-affiche-une-valeur-moyenne\/","article_published_time":"2017-05-05T08:31:31+00:00","article_modified_time":"2017-05-05T08:32:20+00:00","og_image":[{"width":660,"height":526,"url":"https:\/\/www.swiss-retail.ch\/wp-content\/uploads\/2017\/02\/swissretail_dienstleistung_kauf.jpg","type":"image\/jpeg"}],"twitter_card":"summary_large_image","twitter_misc":{"\u00c9crit par":"Claudio Looser","Dur\u00e9e de lecture estim\u00e9e":"2 minutes"},"schema":{"@context":"https:\/\/schema.org","@graph":[{"@type":"WebSite","@id":"https:\/\/www.swiss-retail.ch\/#website","url":"https:\/\/www.swiss-retail.ch\/","name":"","description":"Verband der Mittel- und Grossbetriebe des schweizerischen Detailhandels","potentialAction":[{"@type":"SearchAction","target":{"@type":"EntryPoint","urlTemplate":"https:\/\/www.swiss-retail.ch\/?s={search_term_string}"},"query-input":"required name=search_term_string"}],"inLanguage":"fr-FR"},{"@type":"ImageObject","@id":"https:\/\/www.swiss-retail.ch\/fr\/news-fr\/le-climat-de-consommation-affiche-une-valeur-moyenne\/#primaryimage","inLanguage":"fr-FR","url":"https:\/\/www.swiss-retail.ch\/wp-content\/uploads\/2017\/02\/swissretail_dienstleistung_kauf.jpg","contentUrl":"https:\/\/www.swiss-retail.ch\/wp-content\/uploads\/2017\/02\/swissretail_dienstleistung_kauf.jpg","width":660,"height":526},{"@type":"WebPage","@id":"https:\/\/www.swiss-retail.ch\/fr\/news-fr\/le-climat-de-consommation-affiche-une-valeur-moyenne\/#webpage","url":"https:\/\/www.swiss-retail.ch\/fr\/news-fr\/le-climat-de-consommation-affiche-une-valeur-moyenne\/","name":"Le climat de consommation affiche une valeur moyenne -","isPartOf":{"@id":"https:\/\/www.swiss-retail.ch\/#website"},"primaryImageOfPage":{"@id":"https:\/\/www.swiss-retail.ch\/fr\/news-fr\/le-climat-de-consommation-affiche-une-valeur-moyenne\/#primaryimage"},"datePublished":"2017-05-05T08:31:31+00:00","dateModified":"2017-05-05T08:32:20+00:00","author":{"@id":"https:\/\/www.swiss-retail.ch\/#\/schema\/person\/2d56f4201fb0be31cc400171a2615b34"},"breadcrumb":{"@id":"https:\/\/www.swiss-retail.ch\/fr\/news-fr\/le-climat-de-consommation-affiche-une-valeur-moyenne\/#breadcrumb"},"inLanguage":"fr-FR","potentialAction":[{"@type":"ReadAction","target":["https:\/\/www.swiss-retail.ch\/fr\/news-fr\/le-climat-de-consommation-affiche-une-valeur-moyenne\/"]}]},{"@type":"BreadcrumbList","@id":"https:\/\/www.swiss-retail.ch\/fr\/news-fr\/le-climat-de-consommation-affiche-une-valeur-moyenne\/#breadcrumb","itemListElement":[{"@type":"ListItem","position":1,"name":"Startseite","item":"https:\/\/www.swiss-retail.ch\/fr\/homepage\/"},{"@type":"ListItem","position":2,"name":"Le climat de consommation affiche une valeur moyenne"}]},{"@type":"Person","@id":"https:\/\/www.swiss-retail.ch\/#\/schema\/person\/2d56f4201fb0be31cc400171a2615b34","name":"Claudio Looser","url":"https:\/\/www.swiss-retail.ch\/fr\/author\/claudiolooser\/"}]}},"_links":{"self":[{"href":"https:\/\/www.swiss-retail.ch\/fr\/wp-json\/wp\/v2\/posts\/5483"}],"collection":[{"href":"https:\/\/www.swiss-retail.ch\/fr\/wp-json\/wp\/v2\/posts"}],"about":[{"href":"https:\/\/www.swiss-retail.ch\/fr\/wp-json\/wp\/v2\/types\/post"}],"author":[{"embeddable":true,"href":"https:\/\/www.swiss-retail.ch\/fr\/wp-json\/wp\/v2\/users\/7"}],"replies":[{"embeddable":true,"href":"https:\/\/www.swiss-retail.ch\/fr\/wp-json\/wp\/v2\/comments?post=5483"}],"version-history":[{"count":4,"href":"https:\/\/www.swiss-retail.ch\/fr\/wp-json\/wp\/v2\/posts\/5483\/revisions"}],"predecessor-version":[{"id":5487,"href":"https:\/\/www.swiss-retail.ch\/fr\/wp-json\/wp\/v2\/posts\/5483\/revisions\/5487"}],"wp:featuredmedia":[{"embeddable":true,"href":"https:\/\/www.swiss-retail.ch\/fr\/wp-json\/wp\/v2\/media\/3650"}],"wp:attachment":[{"href":"https:\/\/www.swiss-retail.ch\/fr\/wp-json\/wp\/v2\/media?parent=5483"}],"wp:term":[{"taxonomy":"category","embeddable":true,"href":"https:\/\/www.swiss-retail.ch\/fr\/wp-json\/wp\/v2\/categories?post=5483"},{"taxonomy":"post_tag","embeddable":true,"href":"https:\/\/www.swiss-retail.ch\/fr\/wp-json\/wp\/v2\/tags?post=5483"}],"curies":[{"name":"wp","href":"https:\/\/api.w.org\/{rel}","templated":true}]}}