{"id":5517,"date":"2017-05-19T09:00:07","date_gmt":"2017-05-19T08:00:07","guid":{"rendered":"http:\/\/www.swiss-retail.ch\/?p=5517\/"},"modified":"2017-05-19T09:35:22","modified_gmt":"2017-05-19T08:35:22","slug":"une-nouvelle-etude-le-confirme-le-commerce-de-detail-suisse-est-plombe-par-des-couts-eleves","status":"publish","type":"post","link":"https:\/\/www.swiss-retail.ch\/fr\/news-fr\/une-nouvelle-etude-le-confirme-le-commerce-de-detail-suisse-est-plombe-par-des-couts-eleves\/","title":{"rendered":"Une nouvelle \u00e9tude le confirme: le commerce de d\u00e9tail suisse est plomb\u00e9 par des co\u00fbts \u00e9lev\u00e9s"},"content":{"rendered":"<div class=\"flex_column av_one_full  flex_column_div av-zero-column-padding first  avia-builder-el-0  avia-builder-el-no-sibling  \" style='border-radius:0px; '><p><div  style='height:50px' class='hr hr-invisible   avia-builder-el-1  el_before_av_textblock  avia-builder-el-first '><span class='hr-inner ' ><span class='hr-inner-style'><\/span><\/span><\/div><br \/>\n<section class=\"av_textblock_section \"  itemscope=\"itemscope\" itemtype=\"https:\/\/schema.org\/BlogPosting\" itemprop=\"blogPost\" ><div class='avia_textblock  '   itemprop=\"text\" ><h2 style=\"text-align: center;\">Une nouvelle \u00e9tude le confirme: le commerce de d\u00e9tail suisse est plomb\u00e9 par des co\u00fbts \u00e9lev\u00e9s<\/h2>\n<\/div><\/section><br \/>\n<div   class='hr hr-short hr-center   avia-builder-el-3  el_after_av_textblock  el_before_av_textblock '><span class='hr-inner ' ><span class='hr-inner-style'><\/span><\/span><\/div><br \/>\n<section class=\"av_textblock_section \"  itemscope=\"itemscope\" itemtype=\"https:\/\/schema.org\/BlogPosting\" itemprop=\"blogPost\" ><div class='avia_textblock  '   itemprop=\"text\" ><p>D\u2019apr\u00e8s une nouvelle \u00e9tude de BAKBASEL, les acteurs du commerce de d\u00e9tail suisse doivent supporter des co\u00fbts sup\u00e9rieurs de 50 % en moyenne \u00e0 ceux de leurs concurrents en Allemagne, en France, en Italie et en Autriche. Afin que les emplois et la cr\u00e9ation de valeur restent en Suisse, la Swiss Retail r\u00e9clame l&rsquo;abandon de prescriptions inutiles.<\/p>\n<p><a href=\"http:\/\/www.swiss-retail.ch\/wp-content\/uploads\/2017\/05\/communique_swiss_retail_20170519.pdf\" target=\"_blank\" rel=\"noopener noreferrer\">Communiqu\u00e9 de presse \u00ab Une nouvelle \u00e9tude le confirme : le commerce de d\u00e9tail suisse est plomb\u00e9 par des co\u00fbts \u00e9lev\u00e9s \u00bb<\/a><br \/>\n<a href=\"http:\/\/www.swiss-retail.ch\/wp-content\/uploads\/2017\/05\/executive_summary_couts_du_commerce.pdf\" target=\"_blank\" rel=\"noopener noreferrer\">Executive Summary \u00ab Les co\u00fbts du commerce de d\u00e9tail suisse en comparaison internationale \u00bb<\/a><br \/>\n<a href=\"http:\/\/www.swiss-retail.ch\/wp-content\/uploads\/2017\/05\/studie_kosten_detailhandel.pdf\" target=\"_blank\" rel=\"noopener noreferrer\">Etude \u00abDie Kosten des Schweizer Detailhandels im internationalen Vergleich\u00bb<\/a> (en allemand)<\/p>\n<\/div><\/section><br \/>\n<div  style='height:50px' class='hr hr-invisible   avia-builder-el-5  el_after_av_textblock  avia-builder-el-last '><span class='hr-inner ' ><span class='hr-inner-style'><\/span><\/span><\/div><\/p><\/div>\n","protected":false},"excerpt":{"rendered":"","protected":false},"author":7,"featured_media":5527,"comment_status":"closed","ping_status":"closed","sticky":false,"template":"","format":"standard","meta":[],"categories":[64],"tags":[],"yoast_head":"<!-- This site is optimized with the Yoast SEO plugin v18.5.1 - https:\/\/yoast.com\/wordpress\/plugins\/seo\/ -->\n<title>Une nouvelle \u00e9tude le confirme: le commerce de d\u00e9tail suisse est plomb\u00e9 par des co\u00fbts \u00e9lev\u00e9s -<\/title>\n<meta name=\"robots\" content=\"index, follow, max-snippet:-1, max-image-preview:large, max-video-preview:-1\" \/>\n<link rel=\"canonical\" href=\"https:\/\/www.swiss-retail.ch\/fr\/news-fr\/une-nouvelle-etude-le-confirme-le-commerce-de-detail-suisse-est-plombe-par-des-couts-eleves\/\" \/>\n<meta property=\"og:locale\" content=\"fr_FR\" \/>\n<meta property=\"og:type\" content=\"article\" \/>\n<meta property=\"og:title\" content=\"Une nouvelle \u00e9tude le confirme: le commerce de d\u00e9tail suisse est plomb\u00e9 par des co\u00fbts \u00e9lev\u00e9s -\" \/>\n<meta property=\"og:url\" content=\"https:\/\/www.swiss-retail.ch\/fr\/news-fr\/une-nouvelle-etude-le-confirme-le-commerce-de-detail-suisse-est-plombe-par-des-couts-eleves\/\" \/>\n<meta property=\"article:published_time\" content=\"2017-05-19T08:00:07+00:00\" \/>\n<meta property=\"article:modified_time\" content=\"2017-05-19T08:35:22+00:00\" \/>\n<meta property=\"og:image\" content=\"https:\/\/www.swiss-retail.ch\/wp-content\/uploads\/2017\/05\/Studie-BAKBasel.jpg\" \/>\n\t<meta property=\"og:image:width\" content=\"660\" \/>\n\t<meta property=\"og:image:height\" content=\"526\" \/>\n\t<meta property=\"og:image:type\" content=\"image\/jpeg\" \/>\n<meta name=\"twitter:card\" content=\"summary_large_image\" \/>\n<meta name=\"twitter:label1\" content=\"\u00c9crit par\" \/>\n\t<meta name=\"twitter:data1\" content=\"Claudio Looser\" \/>\n\t<meta name=\"twitter:label2\" content=\"Dur\u00e9e de lecture estim\u00e9e\" \/>\n\t<meta name=\"twitter:data2\" content=\"2 minutes\" \/>\n<script type=\"application\/ld+json\" class=\"yoast-schema-graph\">{\"@context\":\"https:\/\/schema.org\",\"@graph\":[{\"@type\":\"WebSite\",\"@id\":\"https:\/\/www.swiss-retail.ch\/#website\",\"url\":\"https:\/\/www.swiss-retail.ch\/\",\"name\":\"\",\"description\":\"Verband der Mittel- und Grossbetriebe des schweizerischen Detailhandels\",\"potentialAction\":[{\"@type\":\"SearchAction\",\"target\":{\"@type\":\"EntryPoint\",\"urlTemplate\":\"https:\/\/www.swiss-retail.ch\/?s={search_term_string}\"},\"query-input\":\"required name=search_term_string\"}],\"inLanguage\":\"fr-FR\"},{\"@type\":\"ImageObject\",\"@id\":\"https:\/\/www.swiss-retail.ch\/fr\/news-fr\/une-nouvelle-etude-le-confirme-le-commerce-de-detail-suisse-est-plombe-par-des-couts-eleves\/#primaryimage\",\"inLanguage\":\"fr-FR\",\"url\":\"https:\/\/www.swiss-retail.ch\/wp-content\/uploads\/2017\/05\/Studie-BAKBasel.jpg\",\"contentUrl\":\"https:\/\/www.swiss-retail.ch\/wp-content\/uploads\/2017\/05\/Studie-BAKBasel.jpg\",\"width\":660,\"height\":526},{\"@type\":\"WebPage\",\"@id\":\"https:\/\/www.swiss-retail.ch\/fr\/news-fr\/une-nouvelle-etude-le-confirme-le-commerce-de-detail-suisse-est-plombe-par-des-couts-eleves\/#webpage\",\"url\":\"https:\/\/www.swiss-retail.ch\/fr\/news-fr\/une-nouvelle-etude-le-confirme-le-commerce-de-detail-suisse-est-plombe-par-des-couts-eleves\/\",\"name\":\"Une nouvelle \u00e9tude le confirme: le commerce de d\u00e9tail suisse est plomb\u00e9 par des co\u00fbts \u00e9lev\u00e9s -\",\"isPartOf\":{\"@id\":\"https:\/\/www.swiss-retail.ch\/#website\"},\"primaryImageOfPage\":{\"@id\":\"https:\/\/www.swiss-retail.ch\/fr\/news-fr\/une-nouvelle-etude-le-confirme-le-commerce-de-detail-suisse-est-plombe-par-des-couts-eleves\/#primaryimage\"},\"datePublished\":\"2017-05-19T08:00:07+00:00\",\"dateModified\":\"2017-05-19T08:35:22+00:00\",\"author\":{\"@id\":\"https:\/\/www.swiss-retail.ch\/#\/schema\/person\/2d56f4201fb0be31cc400171a2615b34\"},\"breadcrumb\":{\"@id\":\"https:\/\/www.swiss-retail.ch\/fr\/news-fr\/une-nouvelle-etude-le-confirme-le-commerce-de-detail-suisse-est-plombe-par-des-couts-eleves\/#breadcrumb\"},\"inLanguage\":\"fr-FR\",\"potentialAction\":[{\"@type\":\"ReadAction\",\"target\":[\"https:\/\/www.swiss-retail.ch\/fr\/news-fr\/une-nouvelle-etude-le-confirme-le-commerce-de-detail-suisse-est-plombe-par-des-couts-eleves\/\"]}]},{\"@type\":\"BreadcrumbList\",\"@id\":\"https:\/\/www.swiss-retail.ch\/fr\/news-fr\/une-nouvelle-etude-le-confirme-le-commerce-de-detail-suisse-est-plombe-par-des-couts-eleves\/#breadcrumb\",\"itemListElement\":[{\"@type\":\"ListItem\",\"position\":1,\"name\":\"Startseite\",\"item\":\"https:\/\/www.swiss-retail.ch\/fr\/homepage\/\"},{\"@type\":\"ListItem\",\"position\":2,\"name\":\"Une nouvelle \u00e9tude le confirme: le commerce de d\u00e9tail suisse est plomb\u00e9 par des co\u00fbts \u00e9lev\u00e9s\"}]},{\"@type\":\"Person\",\"@id\":\"https:\/\/www.swiss-retail.ch\/#\/schema\/person\/2d56f4201fb0be31cc400171a2615b34\",\"name\":\"Claudio Looser\",\"url\":\"https:\/\/www.swiss-retail.ch\/fr\/author\/claudiolooser\/\"}]}<\/script>\n<!-- \/ Yoast SEO plugin. -->","yoast_head_json":{"title":"Une nouvelle \u00e9tude le confirme: le commerce de d\u00e9tail suisse est plomb\u00e9 par des co\u00fbts \u00e9lev\u00e9s -","robots":{"index":"index","follow":"follow","max-snippet":"max-snippet:-1","max-image-preview":"max-image-preview:large","max-video-preview":"max-video-preview:-1"},"canonical":"https:\/\/www.swiss-retail.ch\/fr\/news-fr\/une-nouvelle-etude-le-confirme-le-commerce-de-detail-suisse-est-plombe-par-des-couts-eleves\/","og_locale":"fr_FR","og_type":"article","og_title":"Une nouvelle \u00e9tude le confirme: le commerce de d\u00e9tail suisse est plomb\u00e9 par des co\u00fbts \u00e9lev\u00e9s -","og_url":"https:\/\/www.swiss-retail.ch\/fr\/news-fr\/une-nouvelle-etude-le-confirme-le-commerce-de-detail-suisse-est-plombe-par-des-couts-eleves\/","article_published_time":"2017-05-19T08:00:07+00:00","article_modified_time":"2017-05-19T08:35:22+00:00","og_image":[{"width":660,"height":526,"url":"https:\/\/www.swiss-retail.ch\/wp-content\/uploads\/2017\/05\/Studie-BAKBasel.jpg","type":"image\/jpeg"}],"twitter_card":"summary_large_image","twitter_misc":{"\u00c9crit par":"Claudio Looser","Dur\u00e9e de lecture estim\u00e9e":"2 minutes"},"schema":{"@context":"https:\/\/schema.org","@graph":[{"@type":"WebSite","@id":"https:\/\/www.swiss-retail.ch\/#website","url":"https:\/\/www.swiss-retail.ch\/","name":"","description":"Verband der Mittel- und Grossbetriebe des schweizerischen Detailhandels","potentialAction":[{"@type":"SearchAction","target":{"@type":"EntryPoint","urlTemplate":"https:\/\/www.swiss-retail.ch\/?s={search_term_string}"},"query-input":"required name=search_term_string"}],"inLanguage":"fr-FR"},{"@type":"ImageObject","@id":"https:\/\/www.swiss-retail.ch\/fr\/news-fr\/une-nouvelle-etude-le-confirme-le-commerce-de-detail-suisse-est-plombe-par-des-couts-eleves\/#primaryimage","inLanguage":"fr-FR","url":"https:\/\/www.swiss-retail.ch\/wp-content\/uploads\/2017\/05\/Studie-BAKBasel.jpg","contentUrl":"https:\/\/www.swiss-retail.ch\/wp-content\/uploads\/2017\/05\/Studie-BAKBasel.jpg","width":660,"height":526},{"@type":"WebPage","@id":"https:\/\/www.swiss-retail.ch\/fr\/news-fr\/une-nouvelle-etude-le-confirme-le-commerce-de-detail-suisse-est-plombe-par-des-couts-eleves\/#webpage","url":"https:\/\/www.swiss-retail.ch\/fr\/news-fr\/une-nouvelle-etude-le-confirme-le-commerce-de-detail-suisse-est-plombe-par-des-couts-eleves\/","name":"Une nouvelle \u00e9tude le confirme: le commerce de d\u00e9tail suisse est plomb\u00e9 par des co\u00fbts \u00e9lev\u00e9s -","isPartOf":{"@id":"https:\/\/www.swiss-retail.ch\/#website"},"primaryImageOfPage":{"@id":"https:\/\/www.swiss-retail.ch\/fr\/news-fr\/une-nouvelle-etude-le-confirme-le-commerce-de-detail-suisse-est-plombe-par-des-couts-eleves\/#primaryimage"},"datePublished":"2017-05-19T08:00:07+00:00","dateModified":"2017-05-19T08:35:22+00:00","author":{"@id":"https:\/\/www.swiss-retail.ch\/#\/schema\/person\/2d56f4201fb0be31cc400171a2615b34"},"breadcrumb":{"@id":"https:\/\/www.swiss-retail.ch\/fr\/news-fr\/une-nouvelle-etude-le-confirme-le-commerce-de-detail-suisse-est-plombe-par-des-couts-eleves\/#breadcrumb"},"inLanguage":"fr-FR","potentialAction":[{"@type":"ReadAction","target":["https:\/\/www.swiss-retail.ch\/fr\/news-fr\/une-nouvelle-etude-le-confirme-le-commerce-de-detail-suisse-est-plombe-par-des-couts-eleves\/"]}]},{"@type":"BreadcrumbList","@id":"https:\/\/www.swiss-retail.ch\/fr\/news-fr\/une-nouvelle-etude-le-confirme-le-commerce-de-detail-suisse-est-plombe-par-des-couts-eleves\/#breadcrumb","itemListElement":[{"@type":"ListItem","position":1,"name":"Startseite","item":"https:\/\/www.swiss-retail.ch\/fr\/homepage\/"},{"@type":"ListItem","position":2,"name":"Une nouvelle \u00e9tude le confirme: le commerce de d\u00e9tail suisse est plomb\u00e9 par des co\u00fbts \u00e9lev\u00e9s"}]},{"@type":"Person","@id":"https:\/\/www.swiss-retail.ch\/#\/schema\/person\/2d56f4201fb0be31cc400171a2615b34","name":"Claudio Looser","url":"https:\/\/www.swiss-retail.ch\/fr\/author\/claudiolooser\/"}]}},"_links":{"self":[{"href":"https:\/\/www.swiss-retail.ch\/fr\/wp-json\/wp\/v2\/posts\/5517"}],"collection":[{"href":"https:\/\/www.swiss-retail.ch\/fr\/wp-json\/wp\/v2\/posts"}],"about":[{"href":"https:\/\/www.swiss-retail.ch\/fr\/wp-json\/wp\/v2\/types\/post"}],"author":[{"embeddable":true,"href":"https:\/\/www.swiss-retail.ch\/fr\/wp-json\/wp\/v2\/users\/7"}],"replies":[{"embeddable":true,"href":"https:\/\/www.swiss-retail.ch\/fr\/wp-json\/wp\/v2\/comments?post=5517"}],"version-history":[{"count":7,"href":"https:\/\/www.swiss-retail.ch\/fr\/wp-json\/wp\/v2\/posts\/5517\/revisions"}],"predecessor-version":[{"id":5580,"href":"https:\/\/www.swiss-retail.ch\/fr\/wp-json\/wp\/v2\/posts\/5517\/revisions\/5580"}],"wp:featuredmedia":[{"embeddable":true,"href":"https:\/\/www.swiss-retail.ch\/fr\/wp-json\/wp\/v2\/media\/5527"}],"wp:attachment":[{"href":"https:\/\/www.swiss-retail.ch\/fr\/wp-json\/wp\/v2\/media?parent=5517"}],"wp:term":[{"taxonomy":"category","embeddable":true,"href":"https:\/\/www.swiss-retail.ch\/fr\/wp-json\/wp\/v2\/categories?post=5517"},{"taxonomy":"post_tag","embeddable":true,"href":"https:\/\/www.swiss-retail.ch\/fr\/wp-json\/wp\/v2\/tags?post=5517"}],"curies":[{"name":"wp","href":"https:\/\/api.w.org\/{rel}","templated":true}]}}