{"id":5673,"date":"2017-06-21T13:41:22","date_gmt":"2017-06-21T11:41:22","guid":{"rendered":"http:\/\/www.swiss-retail.ch\/non-classifiee\/marche-du-travail-les-derniers-chiffres-du-seco\/"},"modified":"2017-12-11T17:17:19","modified_gmt":"2017-12-11T16:17:19","slug":"marche-du-travail-les-derniers-chiffres-du-seco","status":"publish","type":"post","link":"https:\/\/www.swiss-retail.ch\/fr\/news-fr\/marche-du-travail-les-derniers-chiffres-du-seco\/","title":{"rendered":"March\u00e9 du travail: les derniers chiffres du SECO"},"content":{"rendered":"<div class=\"flex_column av_one_full  flex_column_div av-zero-column-padding first  avia-builder-el-0  avia-builder-el-no-sibling  \" style='border-radius:0px; '><p><div  style='height:50px' class='hr hr-invisible   avia-builder-el-1  el_before_av_textblock  avia-builder-el-first '><span class='hr-inner ' ><span class='hr-inner-style'><\/span><\/span><\/div><br \/>\n<section class=\"av_textblock_section \"  itemscope=\"itemscope\" itemtype=\"https:\/\/schema.org\/BlogPosting\" itemprop=\"blogPost\" ><div class='avia_textblock  '   itemprop=\"text\" ><h2 style=\"text-align: center;\">March\u00e9 du travail: les derniers chiffres du SECO<\/h2>\n<\/div><\/section><br \/>\n<div   class='hr hr-short hr-center   avia-builder-el-3  el_after_av_textblock  el_before_av_textblock '><span class='hr-inner ' ><span class='hr-inner-style'><\/span><\/span><\/div><br \/>\n<section class=\"av_textblock_section \"  itemscope=\"itemscope\" itemtype=\"https:\/\/schema.org\/BlogPosting\" itemprop=\"blogPost\" ><div class='avia_textblock  '   itemprop=\"text\" ><p>Selon les derni\u00e8res enqu\u00eates du Secr\u00e9tariat d\u2019Etat \u00e0 l\u2019\u00e9conomie (SECO), 139\u2019778 ch\u00f4meurs \u00e9taient inscrits dans les Offices r\u00e9gionaux de placement (ORP) \u00e0 la fin mai 2017, soit 6549 de moins que le mois pr\u00e9c\u00e9dent et 2990 de moins qu\u2019en mai 2016. Le taux de ch\u00f4mage a ainsi baiss\u00e9 de 3,3% en avril 2017 \u00e0 3,1% pour le mois sous revue. Par rapport au m\u00eame mois de l\u2019ann\u00e9e pr\u00e9c\u00e9dente, le nombre de ch\u00f4meurs a recul\u00e9 de 5000 personnes (-3,5%).<\/p>\n<p>Dans le commerce de d\u00e9tail, 10&rsquo;804 personnes sont annonc\u00e9es au ch\u00f4mage pour le mois sous revue. Par rapport au mois pr\u00e9c\u00e9dent, le taux de ch\u00f4mage a diminu\u00e9 de 0,8%. Comparativement \u00e0 mai 2016, cependant, on enregistre 248 ch\u00f4meurs de plus, soit une hausse de 2,3%. Cette tendance est \u00e0 mettre au compte d&rsquo;une forte pression sur les co\u00fbts dans le commerce suisse de d\u00e9tail, qui subit toujours l&rsquo;\u00e2pre concurrence de l\u2019\u00e9tranger et une progression de la consolidation.<\/p>\n<p>D\u2019autres chiffres-cl\u00e9s figurent dans le rapport du Secr\u00e9tariat d\u2019Etat \u00e0 l\u2019\u00e9conomie (SECO) : \u00ab <a href=\"http:\/\/www.swiss-retail.ch\/wp-content\/uploads\/2017\/06\/La-situation-sur-le-march\u00e9-du-travail.pdf\" target=\"_blank\" rel=\"noopener\">La situation sur le march\u00e9 du travail<\/a> \u00bb.<\/p>\n<\/div><\/section><br \/>\n<div  style='height:50px' class='hr hr-invisible   avia-builder-el-5  el_after_av_textblock  avia-builder-el-last '><span class='hr-inner ' ><span class='hr-inner-style'><\/span><\/span><\/div><\/p><\/div>\n","protected":false},"excerpt":{"rendered":"","protected":false},"author":7,"featured_media":5670,"comment_status":"closed","ping_status":"closed","sticky":false,"template":"","format":"standard","meta":[],"categories":[64],"tags":[],"yoast_head":"<!-- This site is optimized with the Yoast SEO plugin v18.5.1 - https:\/\/yoast.com\/wordpress\/plugins\/seo\/ -->\n<title>March\u00e9 du travail: les derniers chiffres du SECO -<\/title>\n<meta name=\"robots\" content=\"index, follow, max-snippet:-1, max-image-preview:large, max-video-preview:-1\" \/>\n<link rel=\"canonical\" href=\"https:\/\/www.swiss-retail.ch\/fr\/news-fr\/marche-du-travail-les-derniers-chiffres-du-seco\/\" \/>\n<meta property=\"og:locale\" content=\"fr_FR\" \/>\n<meta property=\"og:type\" content=\"article\" \/>\n<meta property=\"og:title\" content=\"March\u00e9 du travail: les derniers chiffres du SECO -\" \/>\n<meta property=\"og:url\" content=\"https:\/\/www.swiss-retail.ch\/fr\/news-fr\/marche-du-travail-les-derniers-chiffres-du-seco\/\" \/>\n<meta property=\"article:published_time\" content=\"2017-06-21T11:41:22+00:00\" \/>\n<meta property=\"article:modified_time\" content=\"2017-12-11T16:17:19+00:00\" \/>\n<meta property=\"og:image\" content=\"https:\/\/www.swiss-retail.ch\/wp-content\/uploads\/2017\/06\/D4S_3788.jpg\" \/>\n\t<meta property=\"og:image:width\" content=\"660\" \/>\n\t<meta property=\"og:image:height\" content=\"526\" \/>\n\t<meta property=\"og:image:type\" content=\"image\/jpeg\" \/>\n<meta name=\"twitter:card\" content=\"summary_large_image\" \/>\n<meta name=\"twitter:label1\" content=\"\u00c9crit par\" \/>\n\t<meta name=\"twitter:data1\" content=\"Claudio Looser\" \/>\n\t<meta name=\"twitter:label2\" content=\"Dur\u00e9e de lecture estim\u00e9e\" \/>\n\t<meta name=\"twitter:data2\" content=\"2 minutes\" \/>\n<script type=\"application\/ld+json\" class=\"yoast-schema-graph\">{\"@context\":\"https:\/\/schema.org\",\"@graph\":[{\"@type\":\"WebSite\",\"@id\":\"https:\/\/www.swiss-retail.ch\/#website\",\"url\":\"https:\/\/www.swiss-retail.ch\/\",\"name\":\"\",\"description\":\"Verband der Mittel- und Grossbetriebe des schweizerischen Detailhandels\",\"potentialAction\":[{\"@type\":\"SearchAction\",\"target\":{\"@type\":\"EntryPoint\",\"urlTemplate\":\"https:\/\/www.swiss-retail.ch\/?s={search_term_string}\"},\"query-input\":\"required name=search_term_string\"}],\"inLanguage\":\"fr-FR\"},{\"@type\":\"ImageObject\",\"@id\":\"https:\/\/www.swiss-retail.ch\/fr\/news-fr\/marche-du-travail-les-derniers-chiffres-du-seco\/#primaryimage\",\"inLanguage\":\"fr-FR\",\"url\":\"https:\/\/www.swiss-retail.ch\/wp-content\/uploads\/2017\/06\/D4S_3788.jpg\",\"contentUrl\":\"https:\/\/www.swiss-retail.ch\/wp-content\/uploads\/2017\/06\/D4S_3788.jpg\",\"width\":660,\"height\":526},{\"@type\":\"WebPage\",\"@id\":\"https:\/\/www.swiss-retail.ch\/fr\/news-fr\/marche-du-travail-les-derniers-chiffres-du-seco\/#webpage\",\"url\":\"https:\/\/www.swiss-retail.ch\/fr\/news-fr\/marche-du-travail-les-derniers-chiffres-du-seco\/\",\"name\":\"March\u00e9 du travail: les derniers chiffres du SECO -\",\"isPartOf\":{\"@id\":\"https:\/\/www.swiss-retail.ch\/#website\"},\"primaryImageOfPage\":{\"@id\":\"https:\/\/www.swiss-retail.ch\/fr\/news-fr\/marche-du-travail-les-derniers-chiffres-du-seco\/#primaryimage\"},\"datePublished\":\"2017-06-21T11:41:22+00:00\",\"dateModified\":\"2017-12-11T16:17:19+00:00\",\"author\":{\"@id\":\"https:\/\/www.swiss-retail.ch\/#\/schema\/person\/2d56f4201fb0be31cc400171a2615b34\"},\"breadcrumb\":{\"@id\":\"https:\/\/www.swiss-retail.ch\/fr\/news-fr\/marche-du-travail-les-derniers-chiffres-du-seco\/#breadcrumb\"},\"inLanguage\":\"fr-FR\",\"potentialAction\":[{\"@type\":\"ReadAction\",\"target\":[\"https:\/\/www.swiss-retail.ch\/fr\/news-fr\/marche-du-travail-les-derniers-chiffres-du-seco\/\"]}]},{\"@type\":\"BreadcrumbList\",\"@id\":\"https:\/\/www.swiss-retail.ch\/fr\/news-fr\/marche-du-travail-les-derniers-chiffres-du-seco\/#breadcrumb\",\"itemListElement\":[{\"@type\":\"ListItem\",\"position\":1,\"name\":\"Startseite\",\"item\":\"https:\/\/www.swiss-retail.ch\/fr\/homepage\/\"},{\"@type\":\"ListItem\",\"position\":2,\"name\":\"March\u00e9 du travail: les derniers chiffres du SECO\"}]},{\"@type\":\"Person\",\"@id\":\"https:\/\/www.swiss-retail.ch\/#\/schema\/person\/2d56f4201fb0be31cc400171a2615b34\",\"name\":\"Claudio Looser\",\"url\":\"https:\/\/www.swiss-retail.ch\/fr\/author\/claudiolooser\/\"}]}<\/script>\n<!-- \/ Yoast SEO plugin. -->","yoast_head_json":{"title":"March\u00e9 du travail: les derniers chiffres du SECO -","robots":{"index":"index","follow":"follow","max-snippet":"max-snippet:-1","max-image-preview":"max-image-preview:large","max-video-preview":"max-video-preview:-1"},"canonical":"https:\/\/www.swiss-retail.ch\/fr\/news-fr\/marche-du-travail-les-derniers-chiffres-du-seco\/","og_locale":"fr_FR","og_type":"article","og_title":"March\u00e9 du travail: les derniers chiffres du SECO -","og_url":"https:\/\/www.swiss-retail.ch\/fr\/news-fr\/marche-du-travail-les-derniers-chiffres-du-seco\/","article_published_time":"2017-06-21T11:41:22+00:00","article_modified_time":"2017-12-11T16:17:19+00:00","og_image":[{"width":660,"height":526,"url":"https:\/\/www.swiss-retail.ch\/wp-content\/uploads\/2017\/06\/D4S_3788.jpg","type":"image\/jpeg"}],"twitter_card":"summary_large_image","twitter_misc":{"\u00c9crit par":"Claudio Looser","Dur\u00e9e de lecture estim\u00e9e":"2 minutes"},"schema":{"@context":"https:\/\/schema.org","@graph":[{"@type":"WebSite","@id":"https:\/\/www.swiss-retail.ch\/#website","url":"https:\/\/www.swiss-retail.ch\/","name":"","description":"Verband der Mittel- und Grossbetriebe des schweizerischen Detailhandels","potentialAction":[{"@type":"SearchAction","target":{"@type":"EntryPoint","urlTemplate":"https:\/\/www.swiss-retail.ch\/?s={search_term_string}"},"query-input":"required name=search_term_string"}],"inLanguage":"fr-FR"},{"@type":"ImageObject","@id":"https:\/\/www.swiss-retail.ch\/fr\/news-fr\/marche-du-travail-les-derniers-chiffres-du-seco\/#primaryimage","inLanguage":"fr-FR","url":"https:\/\/www.swiss-retail.ch\/wp-content\/uploads\/2017\/06\/D4S_3788.jpg","contentUrl":"https:\/\/www.swiss-retail.ch\/wp-content\/uploads\/2017\/06\/D4S_3788.jpg","width":660,"height":526},{"@type":"WebPage","@id":"https:\/\/www.swiss-retail.ch\/fr\/news-fr\/marche-du-travail-les-derniers-chiffres-du-seco\/#webpage","url":"https:\/\/www.swiss-retail.ch\/fr\/news-fr\/marche-du-travail-les-derniers-chiffres-du-seco\/","name":"March\u00e9 du travail: les derniers chiffres du SECO -","isPartOf":{"@id":"https:\/\/www.swiss-retail.ch\/#website"},"primaryImageOfPage":{"@id":"https:\/\/www.swiss-retail.ch\/fr\/news-fr\/marche-du-travail-les-derniers-chiffres-du-seco\/#primaryimage"},"datePublished":"2017-06-21T11:41:22+00:00","dateModified":"2017-12-11T16:17:19+00:00","author":{"@id":"https:\/\/www.swiss-retail.ch\/#\/schema\/person\/2d56f4201fb0be31cc400171a2615b34"},"breadcrumb":{"@id":"https:\/\/www.swiss-retail.ch\/fr\/news-fr\/marche-du-travail-les-derniers-chiffres-du-seco\/#breadcrumb"},"inLanguage":"fr-FR","potentialAction":[{"@type":"ReadAction","target":["https:\/\/www.swiss-retail.ch\/fr\/news-fr\/marche-du-travail-les-derniers-chiffres-du-seco\/"]}]},{"@type":"BreadcrumbList","@id":"https:\/\/www.swiss-retail.ch\/fr\/news-fr\/marche-du-travail-les-derniers-chiffres-du-seco\/#breadcrumb","itemListElement":[{"@type":"ListItem","position":1,"name":"Startseite","item":"https:\/\/www.swiss-retail.ch\/fr\/homepage\/"},{"@type":"ListItem","position":2,"name":"March\u00e9 du travail: les derniers chiffres du SECO"}]},{"@type":"Person","@id":"https:\/\/www.swiss-retail.ch\/#\/schema\/person\/2d56f4201fb0be31cc400171a2615b34","name":"Claudio Looser","url":"https:\/\/www.swiss-retail.ch\/fr\/author\/claudiolooser\/"}]}},"_links":{"self":[{"href":"https:\/\/www.swiss-retail.ch\/fr\/wp-json\/wp\/v2\/posts\/5673"}],"collection":[{"href":"https:\/\/www.swiss-retail.ch\/fr\/wp-json\/wp\/v2\/posts"}],"about":[{"href":"https:\/\/www.swiss-retail.ch\/fr\/wp-json\/wp\/v2\/types\/post"}],"author":[{"embeddable":true,"href":"https:\/\/www.swiss-retail.ch\/fr\/wp-json\/wp\/v2\/users\/7"}],"replies":[{"embeddable":true,"href":"https:\/\/www.swiss-retail.ch\/fr\/wp-json\/wp\/v2\/comments?post=5673"}],"version-history":[{"count":10,"href":"https:\/\/www.swiss-retail.ch\/fr\/wp-json\/wp\/v2\/posts\/5673\/revisions"}],"predecessor-version":[{"id":6049,"href":"https:\/\/www.swiss-retail.ch\/fr\/wp-json\/wp\/v2\/posts\/5673\/revisions\/6049"}],"wp:featuredmedia":[{"embeddable":true,"href":"https:\/\/www.swiss-retail.ch\/fr\/wp-json\/wp\/v2\/media\/5670"}],"wp:attachment":[{"href":"https:\/\/www.swiss-retail.ch\/fr\/wp-json\/wp\/v2\/media?parent=5673"}],"wp:term":[{"taxonomy":"category","embeddable":true,"href":"https:\/\/www.swiss-retail.ch\/fr\/wp-json\/wp\/v2\/categories?post=5673"},{"taxonomy":"post_tag","embeddable":true,"href":"https:\/\/www.swiss-retail.ch\/fr\/wp-json\/wp\/v2\/tags?post=5673"}],"curies":[{"name":"wp","href":"https:\/\/api.w.org\/{rel}","templated":true}]}}