{"id":5707,"date":"2017-06-26T09:50:53","date_gmt":"2017-06-26T07:50:53","guid":{"rendered":"http:\/\/www.swiss-retail.ch\/non-classifiee\/inutile-revision-de-la-lex-koller\/"},"modified":"2017-06-26T09:53:04","modified_gmt":"2017-06-26T07:53:04","slug":"inutile-revision-de-la-lex-koller","status":"publish","type":"post","link":"https:\/\/www.swiss-retail.ch\/fr\/news-fr\/inutile-revision-de-la-lex-koller\/","title":{"rendered":"Inutile r\u00e9vision de la Lex Koller"},"content":{"rendered":"<div class=\"flex_column av_one_full  flex_column_div av-zero-column-padding first  avia-builder-el-0  avia-builder-el-no-sibling  \" style='border-radius:0px; '><p><div  style='height:50px' class='hr hr-invisible   avia-builder-el-1  el_before_av_textblock  avia-builder-el-first '><span class='hr-inner ' ><span class='hr-inner-style'><\/span><\/span><\/div><br \/>\n<section class=\"av_textblock_section \"  itemscope=\"itemscope\" itemtype=\"https:\/\/schema.org\/BlogPosting\" itemprop=\"blogPost\" ><div class='avia_textblock  '   itemprop=\"text\" ><h2 style=\"text-align: center;\">Inutile r\u00e9vision de la Lex Koller<\/h2>\n<\/div><\/section><br \/>\n<div   class='hr hr-short hr-center   avia-builder-el-3  el_after_av_textblock  el_before_av_textblock '><span class='hr-inner ' ><span class='hr-inner-style'><\/span><\/span><\/div><br \/>\n<section class=\"av_textblock_section \"  itemscope=\"itemscope\" itemtype=\"https:\/\/schema.org\/BlogPosting\" itemprop=\"blogPost\" ><div class='avia_textblock  '   itemprop=\"text\" ><p>Le Conseil f\u00e9d\u00e9ral veut modifier la loi f\u00e9d\u00e9rale concernant l&rsquo;acquisition d&rsquo;immeubles par des personnes \u00e0 l&rsquo;\u00e9tranger (Lex Koller, \u00ab\u00a0Modification de la loi f\u00e9d\u00e9rale sur l\u2019acquisition d\u2019immeubles par des personnes \u00e0 l\u2019\u00e9tranger\u00a0\u00bb). A cette fin, il a ouvert en mars une proc\u00e9dure de consultation qui prendra fin le 30 juin 2017. Swiss Retail Federation y a particip\u00e9 et rejette int\u00e9gralement ce projet de r\u00e9vision.<\/p>\n<p>Aux yeux de Swiss Retail, rien ne justifie les extensions envisag\u00e9es au titre de la Lex Koller et soumises \u00e0 discussion. Swiss Retail est totalement oppos\u00e9e \u00e0 ce projet qu&rsquo;elle juge inutile, d\u00e9plac\u00e9, \u00e9conomiquement pr\u00e9judiciable. La r\u00e9vision propos\u00e9e entra\u00eenerait pour de nombreux commerces de d\u00e9tail en Suisse, comme pour d&rsquo;autres entreprises et pour les autorit\u00e9s des charges et des co\u00fbts administratifs suppl\u00e9mentaires. Elle mettrait des emplois en danger et r\u00e9duirait la cr\u00e9ation de richesse dans notre pays. Elle diminuerait aussi l&rsquo;attractivit\u00e9 de la Suisse et constituerait une menace pour des accords de libre-\u00e9change. Enfin elle n&rsquo;aurait pas l&rsquo;heureux effet souhait\u00e9 par le Conseil f\u00e9d\u00e9ral sur les prix de l&rsquo;immobilier et les loyers, mais occasionnerait, au contraire, de fortes distorsions de concurrence par rapport aux emplacements du centre-ville et rendrait souvent impossible l&rsquo;acquisition de surfaces par des d\u00e9taillants \u00e9trangers.<\/p>\n<p>Informations compl\u00e9mentaires:<\/p>\n<ul>\n<li><a href=\"http:\/\/www.swiss-retail.ch\/wp-content\/uploads\/2017\/06\/Swiss-Retail_Stellungnahme-Vernehmlassung-Lex-Koller.pdf\" target=\"_blank\" rel=\"noopener\">Prise de position compl\u00e8te de Swiss Retail sur la proc\u00e9dure de consultation<\/a> (en allemand)<\/li>\n<li><a href=\"https:\/\/www.ejpd.admin.ch\/ejpd\/fr\/home\/aktuell\/news\/2017\/2017-03-10.html\" target=\"_blank\" rel=\"noopener\">Communiqu\u00e9 de presse et documents du Conseil f\u00e9d\u00e9ral relatifs \u00e0 la proc\u00e9dure de consultation<\/a><\/li>\n<\/ul>\n<\/div><\/section><br \/>\n<div  style='height:50px' class='hr hr-invisible   avia-builder-el-5  el_after_av_textblock  avia-builder-el-last '><span class='hr-inner ' ><span class='hr-inner-style'><\/span><\/span><\/div><\/p><\/div>\n","protected":false},"excerpt":{"rendered":"","protected":false},"author":7,"featured_media":5691,"comment_status":"closed","ping_status":"closed","sticky":false,"template":"","format":"standard","meta":[],"categories":[64],"tags":[],"yoast_head":"<!-- This site is optimized with the Yoast SEO plugin v18.5.1 - https:\/\/yoast.com\/wordpress\/plugins\/seo\/ -->\n<title>Inutile r\u00e9vision de la Lex Koller -<\/title>\n<meta name=\"robots\" content=\"index, follow, max-snippet:-1, max-image-preview:large, max-video-preview:-1\" \/>\n<link rel=\"canonical\" href=\"https:\/\/www.swiss-retail.ch\/fr\/news-fr\/inutile-revision-de-la-lex-koller\/\" \/>\n<meta property=\"og:locale\" content=\"fr_FR\" \/>\n<meta property=\"og:type\" content=\"article\" \/>\n<meta property=\"og:title\" content=\"Inutile r\u00e9vision de la Lex Koller -\" \/>\n<meta property=\"og:url\" content=\"https:\/\/www.swiss-retail.ch\/fr\/news-fr\/inutile-revision-de-la-lex-koller\/\" \/>\n<meta property=\"article:published_time\" content=\"2017-06-26T07:50:53+00:00\" \/>\n<meta property=\"article:modified_time\" content=\"2017-06-26T07:53:04+00:00\" \/>\n<meta property=\"og:image\" content=\"https:\/\/www.swiss-retail.ch\/wp-content\/uploads\/2017\/06\/Erwerb-Grundst\u00fccke.jpg\" \/>\n\t<meta property=\"og:image:width\" content=\"660\" \/>\n\t<meta property=\"og:image:height\" content=\"526\" \/>\n\t<meta property=\"og:image:type\" content=\"image\/jpeg\" \/>\n<meta name=\"twitter:card\" content=\"summary_large_image\" \/>\n<meta name=\"twitter:label1\" content=\"\u00c9crit par\" \/>\n\t<meta name=\"twitter:data1\" content=\"Claudio Looser\" \/>\n\t<meta name=\"twitter:label2\" content=\"Dur\u00e9e de lecture estim\u00e9e\" \/>\n\t<meta name=\"twitter:data2\" content=\"2 minutes\" \/>\n<script type=\"application\/ld+json\" class=\"yoast-schema-graph\">{\"@context\":\"https:\/\/schema.org\",\"@graph\":[{\"@type\":\"WebSite\",\"@id\":\"https:\/\/www.swiss-retail.ch\/#website\",\"url\":\"https:\/\/www.swiss-retail.ch\/\",\"name\":\"\",\"description\":\"Verband der Mittel- und Grossbetriebe des schweizerischen Detailhandels\",\"potentialAction\":[{\"@type\":\"SearchAction\",\"target\":{\"@type\":\"EntryPoint\",\"urlTemplate\":\"https:\/\/www.swiss-retail.ch\/?s={search_term_string}\"},\"query-input\":\"required name=search_term_string\"}],\"inLanguage\":\"fr-FR\"},{\"@type\":\"ImageObject\",\"@id\":\"https:\/\/www.swiss-retail.ch\/fr\/news-fr\/inutile-revision-de-la-lex-koller\/#primaryimage\",\"inLanguage\":\"fr-FR\",\"url\":\"https:\/\/www.swiss-retail.ch\/wp-content\/uploads\/2017\/06\/Erwerb-Grundst\u00fccke.jpg\",\"contentUrl\":\"https:\/\/www.swiss-retail.ch\/wp-content\/uploads\/2017\/06\/Erwerb-Grundst\u00fccke.jpg\",\"width\":660,\"height\":526},{\"@type\":\"WebPage\",\"@id\":\"https:\/\/www.swiss-retail.ch\/fr\/news-fr\/inutile-revision-de-la-lex-koller\/#webpage\",\"url\":\"https:\/\/www.swiss-retail.ch\/fr\/news-fr\/inutile-revision-de-la-lex-koller\/\",\"name\":\"Inutile r\u00e9vision de la Lex Koller -\",\"isPartOf\":{\"@id\":\"https:\/\/www.swiss-retail.ch\/#website\"},\"primaryImageOfPage\":{\"@id\":\"https:\/\/www.swiss-retail.ch\/fr\/news-fr\/inutile-revision-de-la-lex-koller\/#primaryimage\"},\"datePublished\":\"2017-06-26T07:50:53+00:00\",\"dateModified\":\"2017-06-26T07:53:04+00:00\",\"author\":{\"@id\":\"https:\/\/www.swiss-retail.ch\/#\/schema\/person\/2d56f4201fb0be31cc400171a2615b34\"},\"breadcrumb\":{\"@id\":\"https:\/\/www.swiss-retail.ch\/fr\/news-fr\/inutile-revision-de-la-lex-koller\/#breadcrumb\"},\"inLanguage\":\"fr-FR\",\"potentialAction\":[{\"@type\":\"ReadAction\",\"target\":[\"https:\/\/www.swiss-retail.ch\/fr\/news-fr\/inutile-revision-de-la-lex-koller\/\"]}]},{\"@type\":\"BreadcrumbList\",\"@id\":\"https:\/\/www.swiss-retail.ch\/fr\/news-fr\/inutile-revision-de-la-lex-koller\/#breadcrumb\",\"itemListElement\":[{\"@type\":\"ListItem\",\"position\":1,\"name\":\"Startseite\",\"item\":\"https:\/\/www.swiss-retail.ch\/fr\/homepage\/\"},{\"@type\":\"ListItem\",\"position\":2,\"name\":\"Inutile r\u00e9vision de la Lex Koller\"}]},{\"@type\":\"Person\",\"@id\":\"https:\/\/www.swiss-retail.ch\/#\/schema\/person\/2d56f4201fb0be31cc400171a2615b34\",\"name\":\"Claudio Looser\",\"url\":\"https:\/\/www.swiss-retail.ch\/fr\/author\/claudiolooser\/\"}]}<\/script>\n<!-- \/ Yoast SEO plugin. -->","yoast_head_json":{"title":"Inutile r\u00e9vision de la Lex Koller -","robots":{"index":"index","follow":"follow","max-snippet":"max-snippet:-1","max-image-preview":"max-image-preview:large","max-video-preview":"max-video-preview:-1"},"canonical":"https:\/\/www.swiss-retail.ch\/fr\/news-fr\/inutile-revision-de-la-lex-koller\/","og_locale":"fr_FR","og_type":"article","og_title":"Inutile r\u00e9vision de la Lex Koller -","og_url":"https:\/\/www.swiss-retail.ch\/fr\/news-fr\/inutile-revision-de-la-lex-koller\/","article_published_time":"2017-06-26T07:50:53+00:00","article_modified_time":"2017-06-26T07:53:04+00:00","og_image":[{"width":660,"height":526,"url":"https:\/\/www.swiss-retail.ch\/wp-content\/uploads\/2017\/06\/Erwerb-Grundst\u00fccke.jpg","type":"image\/jpeg"}],"twitter_card":"summary_large_image","twitter_misc":{"\u00c9crit par":"Claudio Looser","Dur\u00e9e de lecture estim\u00e9e":"2 minutes"},"schema":{"@context":"https:\/\/schema.org","@graph":[{"@type":"WebSite","@id":"https:\/\/www.swiss-retail.ch\/#website","url":"https:\/\/www.swiss-retail.ch\/","name":"","description":"Verband der Mittel- und Grossbetriebe des schweizerischen Detailhandels","potentialAction":[{"@type":"SearchAction","target":{"@type":"EntryPoint","urlTemplate":"https:\/\/www.swiss-retail.ch\/?s={search_term_string}"},"query-input":"required name=search_term_string"}],"inLanguage":"fr-FR"},{"@type":"ImageObject","@id":"https:\/\/www.swiss-retail.ch\/fr\/news-fr\/inutile-revision-de-la-lex-koller\/#primaryimage","inLanguage":"fr-FR","url":"https:\/\/www.swiss-retail.ch\/wp-content\/uploads\/2017\/06\/Erwerb-Grundst\u00fccke.jpg","contentUrl":"https:\/\/www.swiss-retail.ch\/wp-content\/uploads\/2017\/06\/Erwerb-Grundst\u00fccke.jpg","width":660,"height":526},{"@type":"WebPage","@id":"https:\/\/www.swiss-retail.ch\/fr\/news-fr\/inutile-revision-de-la-lex-koller\/#webpage","url":"https:\/\/www.swiss-retail.ch\/fr\/news-fr\/inutile-revision-de-la-lex-koller\/","name":"Inutile r\u00e9vision de la Lex Koller -","isPartOf":{"@id":"https:\/\/www.swiss-retail.ch\/#website"},"primaryImageOfPage":{"@id":"https:\/\/www.swiss-retail.ch\/fr\/news-fr\/inutile-revision-de-la-lex-koller\/#primaryimage"},"datePublished":"2017-06-26T07:50:53+00:00","dateModified":"2017-06-26T07:53:04+00:00","author":{"@id":"https:\/\/www.swiss-retail.ch\/#\/schema\/person\/2d56f4201fb0be31cc400171a2615b34"},"breadcrumb":{"@id":"https:\/\/www.swiss-retail.ch\/fr\/news-fr\/inutile-revision-de-la-lex-koller\/#breadcrumb"},"inLanguage":"fr-FR","potentialAction":[{"@type":"ReadAction","target":["https:\/\/www.swiss-retail.ch\/fr\/news-fr\/inutile-revision-de-la-lex-koller\/"]}]},{"@type":"BreadcrumbList","@id":"https:\/\/www.swiss-retail.ch\/fr\/news-fr\/inutile-revision-de-la-lex-koller\/#breadcrumb","itemListElement":[{"@type":"ListItem","position":1,"name":"Startseite","item":"https:\/\/www.swiss-retail.ch\/fr\/homepage\/"},{"@type":"ListItem","position":2,"name":"Inutile r\u00e9vision de la Lex Koller"}]},{"@type":"Person","@id":"https:\/\/www.swiss-retail.ch\/#\/schema\/person\/2d56f4201fb0be31cc400171a2615b34","name":"Claudio Looser","url":"https:\/\/www.swiss-retail.ch\/fr\/author\/claudiolooser\/"}]}},"_links":{"self":[{"href":"https:\/\/www.swiss-retail.ch\/fr\/wp-json\/wp\/v2\/posts\/5707"}],"collection":[{"href":"https:\/\/www.swiss-retail.ch\/fr\/wp-json\/wp\/v2\/posts"}],"about":[{"href":"https:\/\/www.swiss-retail.ch\/fr\/wp-json\/wp\/v2\/types\/post"}],"author":[{"embeddable":true,"href":"https:\/\/www.swiss-retail.ch\/fr\/wp-json\/wp\/v2\/users\/7"}],"replies":[{"embeddable":true,"href":"https:\/\/www.swiss-retail.ch\/fr\/wp-json\/wp\/v2\/comments?post=5707"}],"version-history":[{"count":7,"href":"https:\/\/www.swiss-retail.ch\/fr\/wp-json\/wp\/v2\/posts\/5707\/revisions"}],"predecessor-version":[{"id":5713,"href":"https:\/\/www.swiss-retail.ch\/fr\/wp-json\/wp\/v2\/posts\/5707\/revisions\/5713"}],"wp:featuredmedia":[{"embeddable":true,"href":"https:\/\/www.swiss-retail.ch\/fr\/wp-json\/wp\/v2\/media\/5691"}],"wp:attachment":[{"href":"https:\/\/www.swiss-retail.ch\/fr\/wp-json\/wp\/v2\/media?parent=5707"}],"wp:term":[{"taxonomy":"category","embeddable":true,"href":"https:\/\/www.swiss-retail.ch\/fr\/wp-json\/wp\/v2\/categories?post=5707"},{"taxonomy":"post_tag","embeddable":true,"href":"https:\/\/www.swiss-retail.ch\/fr\/wp-json\/wp\/v2\/tags?post=5707"}],"curies":[{"name":"wp","href":"https:\/\/api.w.org\/{rel}","templated":true}]}}