{"id":5739,"date":"2017-07-05T11:19:48","date_gmt":"2017-07-05T09:19:48","guid":{"rendered":"http:\/\/www.swiss-retail.ch\/?p=5739\/"},"modified":"2017-07-05T11:29:37","modified_gmt":"2017-07-05T09:29:37","slug":"etude-deloitte-le-consommateur-a-lere-du-numerique","status":"publish","type":"post","link":"https:\/\/www.swiss-retail.ch\/fr\/news-fr\/etude-deloitte-le-consommateur-a-lere-du-numerique\/","title":{"rendered":"Etude Deloitte: Le consommateur \u00e0 l\u2019\u00e8re du num\u00e9rique"},"content":{"rendered":"<div class=\"flex_column av_one_full  flex_column_div av-zero-column-padding first  avia-builder-el-0  avia-builder-el-no-sibling  \" style='border-radius:0px; '><p><div  style='height:50px' class='hr hr-invisible   avia-builder-el-1  el_before_av_textblock  avia-builder-el-first '><span class='hr-inner ' ><span class='hr-inner-style'><\/span><\/span><\/div><br \/>\n<section class=\"av_textblock_section \"  itemscope=\"itemscope\" itemtype=\"https:\/\/schema.org\/BlogPosting\" itemprop=\"blogPost\" ><div class='avia_textblock  '   itemprop=\"text\" ><h2 style=\"text-align: center;\">Deloitte-Etude: Le consommateur \u00e0 l\u2019\u00e8re du num\u00e9rique<\/h2>\n<\/div><\/section><br \/>\n<div   class='hr hr-short hr-center   avia-builder-el-3  el_after_av_textblock  el_before_av_textblock '><span class='hr-inner ' ><span class='hr-inner-style'><\/span><\/span><\/div><br \/>\n<section class=\"av_textblock_section \"  itemscope=\"itemscope\" itemtype=\"https:\/\/schema.org\/BlogPosting\" itemprop=\"blogPost\" ><div class='avia_textblock  '   itemprop=\"text\" ><p>Ces dix derni\u00e8res ann\u00e9es, la num\u00e9risation a consid\u00e9rablement transform\u00e9 le comportement des clients dans le commerce de d\u00e9tail suisse. Les achats sont de plus en plus r\u00e9alis\u00e9s sur internet et g\u00e9n\u00e8rent des taux de croissance \u00e9lev\u00e9s. Parall\u00e8lement, la fronti\u00e8re entre commerce en et hors ligne s\u2019estompe, l\u2019utilisation des appareils num\u00e9riques et des circuits en ligne influant d\u00e9sormais aussi sur le commerce en magasin (ventes hors ligne). De nombreux clients se renseignent en ligne gr\u00e2ce \u00e0 leurs appareils num\u00e9riques (mobiles), notamment sur les prix, les notations ou la disponibilit\u00e9 de diff\u00e9rents produits, avant de se rendre en magasin ou alors m\u00eame qu\u2019ils s\u2019y trouvent.<\/p>\n<p>L\u2019\u00e9tude de Deloitte intitul\u00e9e \u00abLe consommateur \u00e0 l\u2019\u00e8re du num\u00e9rique\u00bb montre \u00e0 quel point et \u00e0 quelles fins les appareils num\u00e9riques sont utilis\u00e9s aujourd\u2019hui et les effets de cette utilisation sur les ventes en magasin dans le commerce de d\u00e9tail suisse.<\/p>\n<p>Plus d&rsquo;informations:<\/p>\n<ul>\n<li><a href=\"https:\/\/www2.deloitte.com\/ch\/fr\/pages\/consumer-industrial-products\/articles\/digital-consumers-swiss-retail.html\" target=\"_blank\" rel=\"noopener\">Vid\u00e9o et graphiques d&rsquo;information<\/a><\/li>\n<li><a href=\"http:\/\/www.swiss-retail.ch\/wp-content\/uploads\/2017\/07\/Le-consommateur-\u00e0-l\u2019\u00e8re-du-num\u00e9rique.pdf\" target=\"_blank\" rel=\"noopener\">Etude compl\u00e8te \u00abLe consommateur \u00e0 l\u2019\u00e8re du num\u00e9rique\u00bb<\/a><\/li>\n<\/ul>\n<\/div><\/section><br \/>\n<div  style='height:50px' class='hr hr-invisible   avia-builder-el-5  el_after_av_textblock  avia-builder-el-last '><span class='hr-inner ' ><span class='hr-inner-style'><\/span><\/span><\/div><\/p><\/div>\n","protected":false},"excerpt":{"rendered":"","protected":false},"author":7,"featured_media":5736,"comment_status":"closed","ping_status":"closed","sticky":false,"template":"","format":"standard","meta":[],"categories":[64],"tags":[],"yoast_head":"<!-- This site is optimized with the Yoast SEO plugin v18.5.1 - https:\/\/yoast.com\/wordpress\/plugins\/seo\/ -->\n<title>Etude Deloitte: Le consommateur \u00e0 l\u2019\u00e8re du num\u00e9rique -<\/title>\n<meta name=\"robots\" content=\"index, follow, max-snippet:-1, max-image-preview:large, max-video-preview:-1\" \/>\n<link rel=\"canonical\" href=\"https:\/\/www.swiss-retail.ch\/fr\/news-fr\/etude-deloitte-le-consommateur-a-lere-du-numerique\/\" \/>\n<meta property=\"og:locale\" content=\"fr_FR\" \/>\n<meta property=\"og:type\" content=\"article\" \/>\n<meta property=\"og:title\" content=\"Etude Deloitte: Le consommateur \u00e0 l\u2019\u00e8re du num\u00e9rique -\" \/>\n<meta property=\"og:url\" content=\"https:\/\/www.swiss-retail.ch\/fr\/news-fr\/etude-deloitte-le-consommateur-a-lere-du-numerique\/\" \/>\n<meta property=\"article:published_time\" content=\"2017-07-05T09:19:48+00:00\" \/>\n<meta property=\"article:modified_time\" content=\"2017-07-05T09:29:37+00:00\" \/>\n<meta property=\"og:image\" content=\"https:\/\/www.swiss-retail.ch\/wp-content\/uploads\/2017\/07\/Digitaler-Konsument.jpg\" \/>\n\t<meta property=\"og:image:width\" content=\"660\" \/>\n\t<meta property=\"og:image:height\" content=\"526\" \/>\n\t<meta property=\"og:image:type\" content=\"image\/jpeg\" \/>\n<meta name=\"twitter:card\" content=\"summary_large_image\" \/>\n<meta name=\"twitter:label1\" content=\"\u00c9crit par\" \/>\n\t<meta name=\"twitter:data1\" content=\"Claudio Looser\" \/>\n\t<meta name=\"twitter:label2\" content=\"Dur\u00e9e de lecture estim\u00e9e\" \/>\n\t<meta name=\"twitter:data2\" content=\"2 minutes\" \/>\n<script type=\"application\/ld+json\" class=\"yoast-schema-graph\">{\"@context\":\"https:\/\/schema.org\",\"@graph\":[{\"@type\":\"WebSite\",\"@id\":\"https:\/\/www.swiss-retail.ch\/#website\",\"url\":\"https:\/\/www.swiss-retail.ch\/\",\"name\":\"\",\"description\":\"Verband der Mittel- und Grossbetriebe des schweizerischen Detailhandels\",\"potentialAction\":[{\"@type\":\"SearchAction\",\"target\":{\"@type\":\"EntryPoint\",\"urlTemplate\":\"https:\/\/www.swiss-retail.ch\/?s={search_term_string}\"},\"query-input\":\"required name=search_term_string\"}],\"inLanguage\":\"fr-FR\"},{\"@type\":\"ImageObject\",\"@id\":\"https:\/\/www.swiss-retail.ch\/fr\/news-fr\/etude-deloitte-le-consommateur-a-lere-du-numerique\/#primaryimage\",\"inLanguage\":\"fr-FR\",\"url\":\"https:\/\/www.swiss-retail.ch\/wp-content\/uploads\/2017\/07\/Digitaler-Konsument.jpg\",\"contentUrl\":\"https:\/\/www.swiss-retail.ch\/wp-content\/uploads\/2017\/07\/Digitaler-Konsument.jpg\",\"width\":660,\"height\":526},{\"@type\":\"WebPage\",\"@id\":\"https:\/\/www.swiss-retail.ch\/fr\/news-fr\/etude-deloitte-le-consommateur-a-lere-du-numerique\/#webpage\",\"url\":\"https:\/\/www.swiss-retail.ch\/fr\/news-fr\/etude-deloitte-le-consommateur-a-lere-du-numerique\/\",\"name\":\"Etude Deloitte: Le consommateur \u00e0 l\u2019\u00e8re du num\u00e9rique -\",\"isPartOf\":{\"@id\":\"https:\/\/www.swiss-retail.ch\/#website\"},\"primaryImageOfPage\":{\"@id\":\"https:\/\/www.swiss-retail.ch\/fr\/news-fr\/etude-deloitte-le-consommateur-a-lere-du-numerique\/#primaryimage\"},\"datePublished\":\"2017-07-05T09:19:48+00:00\",\"dateModified\":\"2017-07-05T09:29:37+00:00\",\"author\":{\"@id\":\"https:\/\/www.swiss-retail.ch\/#\/schema\/person\/2d56f4201fb0be31cc400171a2615b34\"},\"breadcrumb\":{\"@id\":\"https:\/\/www.swiss-retail.ch\/fr\/news-fr\/etude-deloitte-le-consommateur-a-lere-du-numerique\/#breadcrumb\"},\"inLanguage\":\"fr-FR\",\"potentialAction\":[{\"@type\":\"ReadAction\",\"target\":[\"https:\/\/www.swiss-retail.ch\/fr\/news-fr\/etude-deloitte-le-consommateur-a-lere-du-numerique\/\"]}]},{\"@type\":\"BreadcrumbList\",\"@id\":\"https:\/\/www.swiss-retail.ch\/fr\/news-fr\/etude-deloitte-le-consommateur-a-lere-du-numerique\/#breadcrumb\",\"itemListElement\":[{\"@type\":\"ListItem\",\"position\":1,\"name\":\"Startseite\",\"item\":\"https:\/\/www.swiss-retail.ch\/fr\/homepage\/\"},{\"@type\":\"ListItem\",\"position\":2,\"name\":\"Etude Deloitte: Le consommateur \u00e0 l\u2019\u00e8re du num\u00e9rique\"}]},{\"@type\":\"Person\",\"@id\":\"https:\/\/www.swiss-retail.ch\/#\/schema\/person\/2d56f4201fb0be31cc400171a2615b34\",\"name\":\"Claudio Looser\",\"url\":\"https:\/\/www.swiss-retail.ch\/fr\/author\/claudiolooser\/\"}]}<\/script>\n<!-- \/ Yoast SEO plugin. -->","yoast_head_json":{"title":"Etude Deloitte: Le consommateur \u00e0 l\u2019\u00e8re du num\u00e9rique -","robots":{"index":"index","follow":"follow","max-snippet":"max-snippet:-1","max-image-preview":"max-image-preview:large","max-video-preview":"max-video-preview:-1"},"canonical":"https:\/\/www.swiss-retail.ch\/fr\/news-fr\/etude-deloitte-le-consommateur-a-lere-du-numerique\/","og_locale":"fr_FR","og_type":"article","og_title":"Etude Deloitte: Le consommateur \u00e0 l\u2019\u00e8re du num\u00e9rique -","og_url":"https:\/\/www.swiss-retail.ch\/fr\/news-fr\/etude-deloitte-le-consommateur-a-lere-du-numerique\/","article_published_time":"2017-07-05T09:19:48+00:00","article_modified_time":"2017-07-05T09:29:37+00:00","og_image":[{"width":660,"height":526,"url":"https:\/\/www.swiss-retail.ch\/wp-content\/uploads\/2017\/07\/Digitaler-Konsument.jpg","type":"image\/jpeg"}],"twitter_card":"summary_large_image","twitter_misc":{"\u00c9crit par":"Claudio Looser","Dur\u00e9e de lecture estim\u00e9e":"2 minutes"},"schema":{"@context":"https:\/\/schema.org","@graph":[{"@type":"WebSite","@id":"https:\/\/www.swiss-retail.ch\/#website","url":"https:\/\/www.swiss-retail.ch\/","name":"","description":"Verband der Mittel- und Grossbetriebe des schweizerischen Detailhandels","potentialAction":[{"@type":"SearchAction","target":{"@type":"EntryPoint","urlTemplate":"https:\/\/www.swiss-retail.ch\/?s={search_term_string}"},"query-input":"required name=search_term_string"}],"inLanguage":"fr-FR"},{"@type":"ImageObject","@id":"https:\/\/www.swiss-retail.ch\/fr\/news-fr\/etude-deloitte-le-consommateur-a-lere-du-numerique\/#primaryimage","inLanguage":"fr-FR","url":"https:\/\/www.swiss-retail.ch\/wp-content\/uploads\/2017\/07\/Digitaler-Konsument.jpg","contentUrl":"https:\/\/www.swiss-retail.ch\/wp-content\/uploads\/2017\/07\/Digitaler-Konsument.jpg","width":660,"height":526},{"@type":"WebPage","@id":"https:\/\/www.swiss-retail.ch\/fr\/news-fr\/etude-deloitte-le-consommateur-a-lere-du-numerique\/#webpage","url":"https:\/\/www.swiss-retail.ch\/fr\/news-fr\/etude-deloitte-le-consommateur-a-lere-du-numerique\/","name":"Etude Deloitte: Le consommateur \u00e0 l\u2019\u00e8re du num\u00e9rique -","isPartOf":{"@id":"https:\/\/www.swiss-retail.ch\/#website"},"primaryImageOfPage":{"@id":"https:\/\/www.swiss-retail.ch\/fr\/news-fr\/etude-deloitte-le-consommateur-a-lere-du-numerique\/#primaryimage"},"datePublished":"2017-07-05T09:19:48+00:00","dateModified":"2017-07-05T09:29:37+00:00","author":{"@id":"https:\/\/www.swiss-retail.ch\/#\/schema\/person\/2d56f4201fb0be31cc400171a2615b34"},"breadcrumb":{"@id":"https:\/\/www.swiss-retail.ch\/fr\/news-fr\/etude-deloitte-le-consommateur-a-lere-du-numerique\/#breadcrumb"},"inLanguage":"fr-FR","potentialAction":[{"@type":"ReadAction","target":["https:\/\/www.swiss-retail.ch\/fr\/news-fr\/etude-deloitte-le-consommateur-a-lere-du-numerique\/"]}]},{"@type":"BreadcrumbList","@id":"https:\/\/www.swiss-retail.ch\/fr\/news-fr\/etude-deloitte-le-consommateur-a-lere-du-numerique\/#breadcrumb","itemListElement":[{"@type":"ListItem","position":1,"name":"Startseite","item":"https:\/\/www.swiss-retail.ch\/fr\/homepage\/"},{"@type":"ListItem","position":2,"name":"Etude Deloitte: Le consommateur \u00e0 l\u2019\u00e8re du num\u00e9rique"}]},{"@type":"Person","@id":"https:\/\/www.swiss-retail.ch\/#\/schema\/person\/2d56f4201fb0be31cc400171a2615b34","name":"Claudio Looser","url":"https:\/\/www.swiss-retail.ch\/fr\/author\/claudiolooser\/"}]}},"_links":{"self":[{"href":"https:\/\/www.swiss-retail.ch\/fr\/wp-json\/wp\/v2\/posts\/5739"}],"collection":[{"href":"https:\/\/www.swiss-retail.ch\/fr\/wp-json\/wp\/v2\/posts"}],"about":[{"href":"https:\/\/www.swiss-retail.ch\/fr\/wp-json\/wp\/v2\/types\/post"}],"author":[{"embeddable":true,"href":"https:\/\/www.swiss-retail.ch\/fr\/wp-json\/wp\/v2\/users\/7"}],"replies":[{"embeddable":true,"href":"https:\/\/www.swiss-retail.ch\/fr\/wp-json\/wp\/v2\/comments?post=5739"}],"version-history":[{"count":6,"href":"https:\/\/www.swiss-retail.ch\/fr\/wp-json\/wp\/v2\/posts\/5739\/revisions"}],"predecessor-version":[{"id":5748,"href":"https:\/\/www.swiss-retail.ch\/fr\/wp-json\/wp\/v2\/posts\/5739\/revisions\/5748"}],"wp:featuredmedia":[{"embeddable":true,"href":"https:\/\/www.swiss-retail.ch\/fr\/wp-json\/wp\/v2\/media\/5736"}],"wp:attachment":[{"href":"https:\/\/www.swiss-retail.ch\/fr\/wp-json\/wp\/v2\/media?parent=5739"}],"wp:term":[{"taxonomy":"category","embeddable":true,"href":"https:\/\/www.swiss-retail.ch\/fr\/wp-json\/wp\/v2\/categories?post=5739"},{"taxonomy":"post_tag","embeddable":true,"href":"https:\/\/www.swiss-retail.ch\/fr\/wp-json\/wp\/v2\/tags?post=5739"}],"curies":[{"name":"wp","href":"https:\/\/api.w.org\/{rel}","templated":true}]}}