{"id":5875,"date":"2017-09-06T11:50:13","date_gmt":"2017-09-06T09:50:13","guid":{"rendered":"http:\/\/www.swiss-retail.ch\/non-classifiee\/le-produit-interieur-brut-les-chiffres-daffaires-du-commerce-de-detail-baissent\/"},"modified":"2017-09-06T13:27:15","modified_gmt":"2017-09-06T11:27:15","slug":"le-produit-interieur-brut-les-chiffres-daffaires-du-commerce-de-detail-baissent","status":"publish","type":"post","link":"https:\/\/www.swiss-retail.ch\/fr\/news-fr\/le-produit-interieur-brut-les-chiffres-daffaires-du-commerce-de-detail-baissent\/","title":{"rendered":"Le produit int\u00e9rieur brut, les chiffres d&rsquo;affaires du commerce de d\u00e9tail baissent"},"content":{"rendered":"<div class=\"flex_column av_one_full  flex_column_div av-zero-column-padding first  avia-builder-el-0  avia-builder-el-no-sibling  \" style='border-radius:0px; '><p><div  style='height:50px' class='hr hr-invisible   avia-builder-el-1  el_before_av_textblock  avia-builder-el-first '><span class='hr-inner ' ><span class='hr-inner-style'><\/span><\/span><\/div><br \/>\n<section class=\"av_textblock_section \"  itemscope=\"itemscope\" itemtype=\"https:\/\/schema.org\/BlogPosting\" itemprop=\"blogPost\" ><div class='avia_textblock  '   itemprop=\"text\" ><h2 style=\"text-align: center;\">Le produit int\u00e9rieur brut, les chiffres d&rsquo;affaires du commerce de d\u00e9tail baissent<\/h2>\n<\/div><\/section><br \/>\n<div   class='hr hr-short hr-center   avia-builder-el-3  el_after_av_textblock  el_before_av_textblock '><span class='hr-inner ' ><span class='hr-inner-style'><\/span><\/span><\/div><br \/>\n<section class=\"av_textblock_section \"  itemscope=\"itemscope\" itemtype=\"https:\/\/schema.org\/BlogPosting\" itemprop=\"blogPost\" ><div class='avia_textblock  '   itemprop=\"text\" ><p>Le produit int\u00e9rieur brut (PIB) r\u00e9el de la Suisse a progress\u00e9 de 0,3 % au 2e trimestre 2017. L\u2019industrie manufacturi\u00e8re, le secteur financier et l\u2019h\u00f4tellerie-restauration ont particuli\u00e8rement soutenu la croissance. Par contre, le commerce, l\u2019administration publique et le secteur de la sant\u00e9 ont \u00e9volu\u00e9 tr\u00e8s faiblement. Sous l\u2019angle des d\u00e9penses, la croissance a \u00e9t\u00e9 nourrie par la demande int\u00e9rieure, avec des impulsions positives provenant \u00e0 la fois de la consommation et des investissements. La balance commerciale a toutefois frein\u00e9 la croissance du PIB. Vous trouverez davantage d\u2019informations dans <a href=\"https:\/\/www.admin.ch\/gov\/fr\/accueil\/documentation\/communiques.msg-id-67977.html\" target=\"_blank\" rel=\"noopener\">le Communiqu\u00e9 de presse<\/a> du Secr\u00e9tariat d\u2019Etat \u00e0 l\u2019\u00e9conomie.<\/p>\n<p>Par ailleurs, il ressort des relev\u00e9s de l\u2019Office f\u00e9d\u00e9ral de la statistique (OFS) que les chiffres d&rsquo;affaires du commerce de d\u00e9tail en Suisse ont recul\u00e9 de 0,8% en termes nominaux au mois de juillet 2017 par rapport \u00e0 juillet 2016. Corrig\u00e9s des variations saisonni\u00e8res, les chiffres d\u2019affaires nominaux du commerce de d\u00e9tail ont diminu\u00e9 de 1,1% par rapport au mois pr\u00e9c\u00e9dent (<a href=\"https:\/\/www.admin.ch\/gov\/fr\/accueil\/documentation\/communiques.msg-id-67947.html\" target=\"_blank\" rel=\"noopener\">plus d&rsquo;informations<\/a>). En revanche, l&rsquo;indice des prix \u00e0 la consommation (IPC) est rest\u00e9 inchang\u00e9 en ao\u00fbt 2017 par rapport au mois pr\u00e9c\u00e9dent, pour s&rsquo;\u00e9tablir \u00e0 100,6 points (d\u00e9cembre 2015=100). Par rapport au mois correspondant de l&rsquo;ann\u00e9e pr\u00e9c\u00e9dente, le rench\u00e9rissement s&rsquo;est chiffr\u00e9 \u00e0 0,5% (<a href=\"https:\/\/www.admin.ch\/gov\/fr\/accueil\/documentation\/communiques.msg-id-67968.html\" target=\"_blank\" rel=\"noopener\">plus d&rsquo;informations<\/a>).<\/p>\n<\/div><\/section><br \/>\n<div  style='height:50px' class='hr hr-invisible   avia-builder-el-5  el_after_av_textblock  avia-builder-el-last '><span class='hr-inner ' ><span class='hr-inner-style'><\/span><\/span><\/div><\/p><\/div>\n","protected":false},"excerpt":{"rendered":"","protected":false},"author":7,"featured_media":5670,"comment_status":"closed","ping_status":"closed","sticky":false,"template":"","format":"standard","meta":[],"categories":[64],"tags":[],"yoast_head":"<!-- This site is optimized with the Yoast SEO plugin v18.5.1 - https:\/\/yoast.com\/wordpress\/plugins\/seo\/ -->\n<title>Le produit int\u00e9rieur brut, les chiffres d&#039;affaires du commerce de d\u00e9tail baissent -<\/title>\n<meta name=\"robots\" content=\"index, follow, max-snippet:-1, max-image-preview:large, max-video-preview:-1\" \/>\n<link rel=\"canonical\" href=\"https:\/\/www.swiss-retail.ch\/fr\/news-fr\/le-produit-interieur-brut-les-chiffres-daffaires-du-commerce-de-detail-baissent\/\" \/>\n<meta property=\"og:locale\" content=\"fr_FR\" \/>\n<meta property=\"og:type\" content=\"article\" \/>\n<meta property=\"og:title\" content=\"Le produit int\u00e9rieur brut, les chiffres d&#039;affaires du commerce de d\u00e9tail baissent -\" \/>\n<meta property=\"og:url\" content=\"https:\/\/www.swiss-retail.ch\/fr\/news-fr\/le-produit-interieur-brut-les-chiffres-daffaires-du-commerce-de-detail-baissent\/\" \/>\n<meta property=\"article:published_time\" content=\"2017-09-06T09:50:13+00:00\" \/>\n<meta property=\"article:modified_time\" content=\"2017-09-06T11:27:15+00:00\" \/>\n<meta property=\"og:image\" content=\"https:\/\/www.swiss-retail.ch\/wp-content\/uploads\/2017\/06\/D4S_3788.jpg\" \/>\n\t<meta property=\"og:image:width\" content=\"660\" \/>\n\t<meta property=\"og:image:height\" content=\"526\" \/>\n\t<meta property=\"og:image:type\" content=\"image\/jpeg\" \/>\n<meta name=\"twitter:card\" content=\"summary_large_image\" \/>\n<meta name=\"twitter:label1\" content=\"\u00c9crit par\" \/>\n\t<meta name=\"twitter:data1\" content=\"Claudio Looser\" \/>\n\t<meta name=\"twitter:label2\" content=\"Dur\u00e9e de lecture estim\u00e9e\" \/>\n\t<meta name=\"twitter:data2\" content=\"2 minutes\" \/>\n<script type=\"application\/ld+json\" class=\"yoast-schema-graph\">{\"@context\":\"https:\/\/schema.org\",\"@graph\":[{\"@type\":\"WebSite\",\"@id\":\"https:\/\/www.swiss-retail.ch\/#website\",\"url\":\"https:\/\/www.swiss-retail.ch\/\",\"name\":\"\",\"description\":\"Verband der Mittel- und Grossbetriebe des schweizerischen Detailhandels\",\"potentialAction\":[{\"@type\":\"SearchAction\",\"target\":{\"@type\":\"EntryPoint\",\"urlTemplate\":\"https:\/\/www.swiss-retail.ch\/?s={search_term_string}\"},\"query-input\":\"required name=search_term_string\"}],\"inLanguage\":\"fr-FR\"},{\"@type\":\"ImageObject\",\"@id\":\"https:\/\/www.swiss-retail.ch\/fr\/news-fr\/le-produit-interieur-brut-les-chiffres-daffaires-du-commerce-de-detail-baissent\/#primaryimage\",\"inLanguage\":\"fr-FR\",\"url\":\"https:\/\/www.swiss-retail.ch\/wp-content\/uploads\/2017\/06\/D4S_3788.jpg\",\"contentUrl\":\"https:\/\/www.swiss-retail.ch\/wp-content\/uploads\/2017\/06\/D4S_3788.jpg\",\"width\":660,\"height\":526},{\"@type\":\"WebPage\",\"@id\":\"https:\/\/www.swiss-retail.ch\/fr\/news-fr\/le-produit-interieur-brut-les-chiffres-daffaires-du-commerce-de-detail-baissent\/#webpage\",\"url\":\"https:\/\/www.swiss-retail.ch\/fr\/news-fr\/le-produit-interieur-brut-les-chiffres-daffaires-du-commerce-de-detail-baissent\/\",\"name\":\"Le produit int\u00e9rieur brut, les chiffres d'affaires du commerce de d\u00e9tail baissent -\",\"isPartOf\":{\"@id\":\"https:\/\/www.swiss-retail.ch\/#website\"},\"primaryImageOfPage\":{\"@id\":\"https:\/\/www.swiss-retail.ch\/fr\/news-fr\/le-produit-interieur-brut-les-chiffres-daffaires-du-commerce-de-detail-baissent\/#primaryimage\"},\"datePublished\":\"2017-09-06T09:50:13+00:00\",\"dateModified\":\"2017-09-06T11:27:15+00:00\",\"author\":{\"@id\":\"https:\/\/www.swiss-retail.ch\/#\/schema\/person\/2d56f4201fb0be31cc400171a2615b34\"},\"breadcrumb\":{\"@id\":\"https:\/\/www.swiss-retail.ch\/fr\/news-fr\/le-produit-interieur-brut-les-chiffres-daffaires-du-commerce-de-detail-baissent\/#breadcrumb\"},\"inLanguage\":\"fr-FR\",\"potentialAction\":[{\"@type\":\"ReadAction\",\"target\":[\"https:\/\/www.swiss-retail.ch\/fr\/news-fr\/le-produit-interieur-brut-les-chiffres-daffaires-du-commerce-de-detail-baissent\/\"]}]},{\"@type\":\"BreadcrumbList\",\"@id\":\"https:\/\/www.swiss-retail.ch\/fr\/news-fr\/le-produit-interieur-brut-les-chiffres-daffaires-du-commerce-de-detail-baissent\/#breadcrumb\",\"itemListElement\":[{\"@type\":\"ListItem\",\"position\":1,\"name\":\"Startseite\",\"item\":\"https:\/\/www.swiss-retail.ch\/fr\/homepage\/\"},{\"@type\":\"ListItem\",\"position\":2,\"name\":\"Le produit int\u00e9rieur brut, les chiffres d&rsquo;affaires du commerce de d\u00e9tail baissent\"}]},{\"@type\":\"Person\",\"@id\":\"https:\/\/www.swiss-retail.ch\/#\/schema\/person\/2d56f4201fb0be31cc400171a2615b34\",\"name\":\"Claudio Looser\",\"url\":\"https:\/\/www.swiss-retail.ch\/fr\/author\/claudiolooser\/\"}]}<\/script>\n<!-- \/ Yoast SEO plugin. -->","yoast_head_json":{"title":"Le produit int\u00e9rieur brut, les chiffres d'affaires du commerce de d\u00e9tail baissent -","robots":{"index":"index","follow":"follow","max-snippet":"max-snippet:-1","max-image-preview":"max-image-preview:large","max-video-preview":"max-video-preview:-1"},"canonical":"https:\/\/www.swiss-retail.ch\/fr\/news-fr\/le-produit-interieur-brut-les-chiffres-daffaires-du-commerce-de-detail-baissent\/","og_locale":"fr_FR","og_type":"article","og_title":"Le produit int\u00e9rieur brut, les chiffres d'affaires du commerce de d\u00e9tail baissent -","og_url":"https:\/\/www.swiss-retail.ch\/fr\/news-fr\/le-produit-interieur-brut-les-chiffres-daffaires-du-commerce-de-detail-baissent\/","article_published_time":"2017-09-06T09:50:13+00:00","article_modified_time":"2017-09-06T11:27:15+00:00","og_image":[{"width":660,"height":526,"url":"https:\/\/www.swiss-retail.ch\/wp-content\/uploads\/2017\/06\/D4S_3788.jpg","type":"image\/jpeg"}],"twitter_card":"summary_large_image","twitter_misc":{"\u00c9crit par":"Claudio Looser","Dur\u00e9e de lecture estim\u00e9e":"2 minutes"},"schema":{"@context":"https:\/\/schema.org","@graph":[{"@type":"WebSite","@id":"https:\/\/www.swiss-retail.ch\/#website","url":"https:\/\/www.swiss-retail.ch\/","name":"","description":"Verband der Mittel- und Grossbetriebe des schweizerischen Detailhandels","potentialAction":[{"@type":"SearchAction","target":{"@type":"EntryPoint","urlTemplate":"https:\/\/www.swiss-retail.ch\/?s={search_term_string}"},"query-input":"required name=search_term_string"}],"inLanguage":"fr-FR"},{"@type":"ImageObject","@id":"https:\/\/www.swiss-retail.ch\/fr\/news-fr\/le-produit-interieur-brut-les-chiffres-daffaires-du-commerce-de-detail-baissent\/#primaryimage","inLanguage":"fr-FR","url":"https:\/\/www.swiss-retail.ch\/wp-content\/uploads\/2017\/06\/D4S_3788.jpg","contentUrl":"https:\/\/www.swiss-retail.ch\/wp-content\/uploads\/2017\/06\/D4S_3788.jpg","width":660,"height":526},{"@type":"WebPage","@id":"https:\/\/www.swiss-retail.ch\/fr\/news-fr\/le-produit-interieur-brut-les-chiffres-daffaires-du-commerce-de-detail-baissent\/#webpage","url":"https:\/\/www.swiss-retail.ch\/fr\/news-fr\/le-produit-interieur-brut-les-chiffres-daffaires-du-commerce-de-detail-baissent\/","name":"Le produit int\u00e9rieur brut, les chiffres d'affaires du commerce de d\u00e9tail baissent -","isPartOf":{"@id":"https:\/\/www.swiss-retail.ch\/#website"},"primaryImageOfPage":{"@id":"https:\/\/www.swiss-retail.ch\/fr\/news-fr\/le-produit-interieur-brut-les-chiffres-daffaires-du-commerce-de-detail-baissent\/#primaryimage"},"datePublished":"2017-09-06T09:50:13+00:00","dateModified":"2017-09-06T11:27:15+00:00","author":{"@id":"https:\/\/www.swiss-retail.ch\/#\/schema\/person\/2d56f4201fb0be31cc400171a2615b34"},"breadcrumb":{"@id":"https:\/\/www.swiss-retail.ch\/fr\/news-fr\/le-produit-interieur-brut-les-chiffres-daffaires-du-commerce-de-detail-baissent\/#breadcrumb"},"inLanguage":"fr-FR","potentialAction":[{"@type":"ReadAction","target":["https:\/\/www.swiss-retail.ch\/fr\/news-fr\/le-produit-interieur-brut-les-chiffres-daffaires-du-commerce-de-detail-baissent\/"]}]},{"@type":"BreadcrumbList","@id":"https:\/\/www.swiss-retail.ch\/fr\/news-fr\/le-produit-interieur-brut-les-chiffres-daffaires-du-commerce-de-detail-baissent\/#breadcrumb","itemListElement":[{"@type":"ListItem","position":1,"name":"Startseite","item":"https:\/\/www.swiss-retail.ch\/fr\/homepage\/"},{"@type":"ListItem","position":2,"name":"Le produit int\u00e9rieur brut, les chiffres d&rsquo;affaires du commerce de d\u00e9tail baissent"}]},{"@type":"Person","@id":"https:\/\/www.swiss-retail.ch\/#\/schema\/person\/2d56f4201fb0be31cc400171a2615b34","name":"Claudio Looser","url":"https:\/\/www.swiss-retail.ch\/fr\/author\/claudiolooser\/"}]}},"_links":{"self":[{"href":"https:\/\/www.swiss-retail.ch\/fr\/wp-json\/wp\/v2\/posts\/5875"}],"collection":[{"href":"https:\/\/www.swiss-retail.ch\/fr\/wp-json\/wp\/v2\/posts"}],"about":[{"href":"https:\/\/www.swiss-retail.ch\/fr\/wp-json\/wp\/v2\/types\/post"}],"author":[{"embeddable":true,"href":"https:\/\/www.swiss-retail.ch\/fr\/wp-json\/wp\/v2\/users\/7"}],"replies":[{"embeddable":true,"href":"https:\/\/www.swiss-retail.ch\/fr\/wp-json\/wp\/v2\/comments?post=5875"}],"version-history":[{"count":5,"href":"https:\/\/www.swiss-retail.ch\/fr\/wp-json\/wp\/v2\/posts\/5875\/revisions"}],"predecessor-version":[{"id":5879,"href":"https:\/\/www.swiss-retail.ch\/fr\/wp-json\/wp\/v2\/posts\/5875\/revisions\/5879"}],"wp:featuredmedia":[{"embeddable":true,"href":"https:\/\/www.swiss-retail.ch\/fr\/wp-json\/wp\/v2\/media\/5670"}],"wp:attachment":[{"href":"https:\/\/www.swiss-retail.ch\/fr\/wp-json\/wp\/v2\/media?parent=5875"}],"wp:term":[{"taxonomy":"category","embeddable":true,"href":"https:\/\/www.swiss-retail.ch\/fr\/wp-json\/wp\/v2\/categories?post=5875"},{"taxonomy":"post_tag","embeddable":true,"href":"https:\/\/www.swiss-retail.ch\/fr\/wp-json\/wp\/v2\/tags?post=5875"}],"curies":[{"name":"wp","href":"https:\/\/api.w.org\/{rel}","templated":true}]}}