{"id":5902,"date":"2017-10-03T13:02:52","date_gmt":"2017-10-03T11:02:52","guid":{"rendered":"http:\/\/www.swiss-retail.ch\/non-classifiee\/journee-consacree-a-la-transition-numerique-dans-le-commerce-de-detail\/"},"modified":"2017-12-06T08:27:07","modified_gmt":"2017-12-06T07:27:07","slug":"journee-consacree-a-la-transition-numerique-dans-le-commerce-de-detail","status":"publish","type":"post","link":"https:\/\/www.swiss-retail.ch\/fr\/evenements\/journee-consacree-a-la-transition-numerique-dans-le-commerce-de-detail\/","title":{"rendered":"Journ\u00e9e consacr\u00e9e \u00e0 la transition num\u00e9rique dans le commerce de d\u00e9tail"},"content":{"rendered":"<div class=\"flex_column av_one_full  flex_column_div av-zero-column-padding first  avia-builder-el-0  avia-builder-el-no-sibling  \" style='border-radius:0px; '><p><div  style='height:50px' class='hr hr-invisible   avia-builder-el-1  el_before_av_textblock  avia-builder-el-first '><span class='hr-inner ' ><span class='hr-inner-style'><\/span><\/span><\/div><br \/>\n<section class=\"av_textblock_section \"  itemscope=\"itemscope\" itemtype=\"https:\/\/schema.org\/BlogPosting\" itemprop=\"blogPost\" ><div class='avia_textblock  '   itemprop=\"text\" ><h2>Journ\u00e9e consacr\u00e9e \u00e0 la transition num\u00e9rique dans le commerce de d\u00e9tail<\/h2>\n<\/div><\/section><br \/>\n<div   class='hr hr-short hr-center   avia-builder-el-3  el_after_av_textblock  el_before_av_textblock '><span class='hr-inner ' ><span class='hr-inner-style'><\/span><\/span><\/div><br \/>\n<section class=\"av_textblock_section \"  itemscope=\"itemscope\" itemtype=\"https:\/\/schema.org\/BlogPosting\" itemprop=\"blogPost\" ><div class='avia_textblock  '   itemprop=\"text\" ><p dir=\"LTR\" align=\"LEFT\">La r\u00e9volution num\u00e9rique annonce de grands bouleversements pour le commerce de d\u00e9tail. Comment les entreprises vont-elles la ma\u00eetriser tout en innovant? Quels d\u00e9fis leur impose-t-elle sur le plan des ressources humaines et des nouvelles formes de collaboration? Telles sont les questions que nous voudrions traiter dans le cadre d&rsquo;un colloque.\u3000 Il s&rsquo;agit d\u00e9j\u00e0 de notre deuxi\u00e8me rencontre consacr\u00e9e \u00e0 la num\u00e9risation, bien qu&rsquo;elle doive \u00eatre consid\u00e9r\u00e9e ind\u00e9pendamment\u3000 de la premi\u00e8re,\u3000 que nous avions organis\u00e9e en mars dernier.<\/p>\n<p dir=\"LTR\" align=\"LEFT\">La r\u00e9union aura lieu au <strong>Technopark Zurich le jeudi 26 octobre 2017, de 14 \u00e0 17 heures<\/strong>, et sera suivie d&rsquo;un ap\u00e9ritif de r\u00e9seautage (pour des informations sur l&rsquo;itin\u00e9raire: <a href=\"http:\/\/r2.newsbox.ch\/d329\/sh\/rd135786\/p482911\/c13731\/kontakt\"><span lang=\"DE-CH\">www.technopark.ch\/kontakt<\/span><\/a><span lang=\"DE-CH\">)<\/span><\/p>\n<p dir=\"LTR\" align=\"LEFT\">Trois expos\u00e9s seront prononc\u00e9s en s\u00e9ance pl\u00e9ni\u00e8re dans la premi\u00e8re moiti\u00e9 de l&rsquo;apr\u00e8s-midi; dans la seconde nous travaillerons en ateliers. Deux d&rsquo;entre eux sont d\u00e9j\u00e0 pr\u00e9cis\u00e9s dans le <span lang=\"DE-CH\">programme<\/span><span lang=\"DE-CH\">; un troisi\u00e8me est encore \u00e0 l&rsquo;\u00e9tude. Nous fournirons \u00e0 l&rsquo;avance aux participants annonc\u00e9s des informations plus d\u00e9taill\u00e9es sur les ateliers.<\/span><\/p>\n<p dir=\"LTR\" align=\"LEFT\">Nous serions heureux de pouvoir saluer votre pr\u00e9sence et\/ou celle de personnes repr\u00e9sentant votre entreprise \u00e0 cette journ\u00e9e. Merci de bien vouloir vous inscrire d&rsquo;ici au 30 septembre 2017 \u00e0 l&rsquo;adresse\u3000 <a href=\"mailto:info@swiss-retail.ch\"><span lang=\"DE-CH\">info@swiss-retail.ch<\/span><\/a><span lang=\"DE-CH\">. La finance d&rsquo;inscription est de 50 francs pour les membres, de 100 francs pour les non-membres. Le nombre de places \u00e9tant limit\u00e9, les inscriptions seront prises en compte par ordre d&rsquo;arriv\u00e9e.<\/span><\/p>\n<\/div><\/section><br \/>\n<div  class='avia-button-wrap avia-button-right  avia-builder-el-5  el_after_av_textblock  avia-builder-el-last ' ><a href='http:\/\/www.swiss-retail.ch\/download\/5888\/' class='avia-button av-icon-on-hover  avia-icon_select-yes-left-icon avia-color-theme-color-subtle avia-size-small avia-position-right ' target=\"_blank\" rel=\"noopener\"><span class='avia_button_icon avia_button_icon_left ' aria-hidden='true' data-av_icon='\ue84b' data-av_iconfont='entypo-fontello'><\/span><span class='avia_iconbox_title' >Lien vers le programme en allemand<\/span><\/a><\/div><\/p><\/div>\n","protected":false},"excerpt":{"rendered":"","protected":false},"author":5,"featured_media":4168,"comment_status":"closed","ping_status":"closed","sticky":false,"template":"","format":"standard","meta":[],"categories":[58,64],"tags":[],"yoast_head":"<!-- This site is optimized with the Yoast SEO plugin v18.5.1 - https:\/\/yoast.com\/wordpress\/plugins\/seo\/ -->\n<title>Journ\u00e9e consacr\u00e9e \u00e0 la transition num\u00e9rique dans le commerce de d\u00e9tail -<\/title>\n<meta name=\"robots\" content=\"index, follow, max-snippet:-1, max-image-preview:large, max-video-preview:-1\" \/>\n<link rel=\"canonical\" href=\"https:\/\/www.swiss-retail.ch\/fr\/evenements\/journee-consacree-a-la-transition-numerique-dans-le-commerce-de-detail\/\" \/>\n<meta property=\"og:locale\" content=\"fr_FR\" \/>\n<meta property=\"og:type\" content=\"article\" \/>\n<meta property=\"og:title\" content=\"Journ\u00e9e consacr\u00e9e \u00e0 la transition num\u00e9rique dans le commerce de d\u00e9tail -\" \/>\n<meta property=\"og:url\" content=\"https:\/\/www.swiss-retail.ch\/fr\/evenements\/journee-consacree-a-la-transition-numerique-dans-le-commerce-de-detail\/\" \/>\n<meta property=\"article:published_time\" content=\"2017-10-03T11:02:52+00:00\" \/>\n<meta property=\"article:modified_time\" content=\"2017-12-06T07:27:07+00:00\" \/>\n<meta property=\"og:image\" content=\"https:\/\/www.swiss-retail.ch\/wp-content\/uploads\/2017\/02\/Capture-d\u2019\u00e9cran-2017-02-16-\u00e0-09.40.04.png\" \/>\n\t<meta property=\"og:image:width\" content=\"783\" \/>\n\t<meta property=\"og:image:height\" content=\"563\" \/>\n\t<meta property=\"og:image:type\" content=\"image\/png\" \/>\n<meta name=\"twitter:card\" content=\"summary_large_image\" \/>\n<meta name=\"twitter:label1\" content=\"\u00c9crit par\" \/>\n\t<meta name=\"twitter:data1\" content=\"swissretail\" \/>\n\t<meta name=\"twitter:label2\" content=\"Dur\u00e9e de lecture estim\u00e9e\" \/>\n\t<meta name=\"twitter:data2\" content=\"2 minutes\" \/>\n<script type=\"application\/ld+json\" class=\"yoast-schema-graph\">{\"@context\":\"https:\/\/schema.org\",\"@graph\":[{\"@type\":\"WebSite\",\"@id\":\"https:\/\/www.swiss-retail.ch\/#website\",\"url\":\"https:\/\/www.swiss-retail.ch\/\",\"name\":\"\",\"description\":\"Verband der Mittel- und Grossbetriebe des schweizerischen Detailhandels\",\"potentialAction\":[{\"@type\":\"SearchAction\",\"target\":{\"@type\":\"EntryPoint\",\"urlTemplate\":\"https:\/\/www.swiss-retail.ch\/?s={search_term_string}\"},\"query-input\":\"required name=search_term_string\"}],\"inLanguage\":\"fr-FR\"},{\"@type\":\"ImageObject\",\"@id\":\"https:\/\/www.swiss-retail.ch\/fr\/evenements\/journee-consacree-a-la-transition-numerique-dans-le-commerce-de-detail\/#primaryimage\",\"inLanguage\":\"fr-FR\",\"url\":\"https:\/\/www.swiss-retail.ch\/wp-content\/uploads\/2017\/02\/Capture-d\u2019\u00e9cran-2017-02-16-\u00e0-09.40.04.png\",\"contentUrl\":\"https:\/\/www.swiss-retail.ch\/wp-content\/uploads\/2017\/02\/Capture-d\u2019\u00e9cran-2017-02-16-\u00e0-09.40.04.png\",\"width\":783,\"height\":563},{\"@type\":\"WebPage\",\"@id\":\"https:\/\/www.swiss-retail.ch\/fr\/evenements\/journee-consacree-a-la-transition-numerique-dans-le-commerce-de-detail\/#webpage\",\"url\":\"https:\/\/www.swiss-retail.ch\/fr\/evenements\/journee-consacree-a-la-transition-numerique-dans-le-commerce-de-detail\/\",\"name\":\"Journ\u00e9e consacr\u00e9e \u00e0 la transition num\u00e9rique dans le commerce de d\u00e9tail -\",\"isPartOf\":{\"@id\":\"https:\/\/www.swiss-retail.ch\/#website\"},\"primaryImageOfPage\":{\"@id\":\"https:\/\/www.swiss-retail.ch\/fr\/evenements\/journee-consacree-a-la-transition-numerique-dans-le-commerce-de-detail\/#primaryimage\"},\"datePublished\":\"2017-10-03T11:02:52+00:00\",\"dateModified\":\"2017-12-06T07:27:07+00:00\",\"author\":{\"@id\":\"https:\/\/www.swiss-retail.ch\/#\/schema\/person\/90a7fcdf88c0e2555aeadc29a168014b\"},\"breadcrumb\":{\"@id\":\"https:\/\/www.swiss-retail.ch\/fr\/evenements\/journee-consacree-a-la-transition-numerique-dans-le-commerce-de-detail\/#breadcrumb\"},\"inLanguage\":\"fr-FR\",\"potentialAction\":[{\"@type\":\"ReadAction\",\"target\":[\"https:\/\/www.swiss-retail.ch\/fr\/evenements\/journee-consacree-a-la-transition-numerique-dans-le-commerce-de-detail\/\"]}]},{\"@type\":\"BreadcrumbList\",\"@id\":\"https:\/\/www.swiss-retail.ch\/fr\/evenements\/journee-consacree-a-la-transition-numerique-dans-le-commerce-de-detail\/#breadcrumb\",\"itemListElement\":[{\"@type\":\"ListItem\",\"position\":1,\"name\":\"Startseite\",\"item\":\"https:\/\/www.swiss-retail.ch\/fr\/homepage\/\"},{\"@type\":\"ListItem\",\"position\":2,\"name\":\"Journ\u00e9e consacr\u00e9e \u00e0 la transition num\u00e9rique dans le commerce de d\u00e9tail\"}]},{\"@type\":\"Person\",\"@id\":\"https:\/\/www.swiss-retail.ch\/#\/schema\/person\/90a7fcdf88c0e2555aeadc29a168014b\",\"name\":\"swissretail\",\"url\":\"https:\/\/www.swiss-retail.ch\/fr\/author\/swissretail\/\"}]}<\/script>\n<!-- \/ Yoast SEO plugin. -->","yoast_head_json":{"title":"Journ\u00e9e consacr\u00e9e \u00e0 la transition num\u00e9rique dans le commerce de d\u00e9tail -","robots":{"index":"index","follow":"follow","max-snippet":"max-snippet:-1","max-image-preview":"max-image-preview:large","max-video-preview":"max-video-preview:-1"},"canonical":"https:\/\/www.swiss-retail.ch\/fr\/evenements\/journee-consacree-a-la-transition-numerique-dans-le-commerce-de-detail\/","og_locale":"fr_FR","og_type":"article","og_title":"Journ\u00e9e consacr\u00e9e \u00e0 la transition num\u00e9rique dans le commerce de d\u00e9tail -","og_url":"https:\/\/www.swiss-retail.ch\/fr\/evenements\/journee-consacree-a-la-transition-numerique-dans-le-commerce-de-detail\/","article_published_time":"2017-10-03T11:02:52+00:00","article_modified_time":"2017-12-06T07:27:07+00:00","og_image":[{"width":783,"height":563,"url":"https:\/\/www.swiss-retail.ch\/wp-content\/uploads\/2017\/02\/Capture-d\u2019\u00e9cran-2017-02-16-\u00e0-09.40.04.png","type":"image\/png"}],"twitter_card":"summary_large_image","twitter_misc":{"\u00c9crit par":"swissretail","Dur\u00e9e de lecture estim\u00e9e":"2 minutes"},"schema":{"@context":"https:\/\/schema.org","@graph":[{"@type":"WebSite","@id":"https:\/\/www.swiss-retail.ch\/#website","url":"https:\/\/www.swiss-retail.ch\/","name":"","description":"Verband der Mittel- und Grossbetriebe des schweizerischen Detailhandels","potentialAction":[{"@type":"SearchAction","target":{"@type":"EntryPoint","urlTemplate":"https:\/\/www.swiss-retail.ch\/?s={search_term_string}"},"query-input":"required name=search_term_string"}],"inLanguage":"fr-FR"},{"@type":"ImageObject","@id":"https:\/\/www.swiss-retail.ch\/fr\/evenements\/journee-consacree-a-la-transition-numerique-dans-le-commerce-de-detail\/#primaryimage","inLanguage":"fr-FR","url":"https:\/\/www.swiss-retail.ch\/wp-content\/uploads\/2017\/02\/Capture-d\u2019\u00e9cran-2017-02-16-\u00e0-09.40.04.png","contentUrl":"https:\/\/www.swiss-retail.ch\/wp-content\/uploads\/2017\/02\/Capture-d\u2019\u00e9cran-2017-02-16-\u00e0-09.40.04.png","width":783,"height":563},{"@type":"WebPage","@id":"https:\/\/www.swiss-retail.ch\/fr\/evenements\/journee-consacree-a-la-transition-numerique-dans-le-commerce-de-detail\/#webpage","url":"https:\/\/www.swiss-retail.ch\/fr\/evenements\/journee-consacree-a-la-transition-numerique-dans-le-commerce-de-detail\/","name":"Journ\u00e9e consacr\u00e9e \u00e0 la transition num\u00e9rique dans le commerce de d\u00e9tail -","isPartOf":{"@id":"https:\/\/www.swiss-retail.ch\/#website"},"primaryImageOfPage":{"@id":"https:\/\/www.swiss-retail.ch\/fr\/evenements\/journee-consacree-a-la-transition-numerique-dans-le-commerce-de-detail\/#primaryimage"},"datePublished":"2017-10-03T11:02:52+00:00","dateModified":"2017-12-06T07:27:07+00:00","author":{"@id":"https:\/\/www.swiss-retail.ch\/#\/schema\/person\/90a7fcdf88c0e2555aeadc29a168014b"},"breadcrumb":{"@id":"https:\/\/www.swiss-retail.ch\/fr\/evenements\/journee-consacree-a-la-transition-numerique-dans-le-commerce-de-detail\/#breadcrumb"},"inLanguage":"fr-FR","potentialAction":[{"@type":"ReadAction","target":["https:\/\/www.swiss-retail.ch\/fr\/evenements\/journee-consacree-a-la-transition-numerique-dans-le-commerce-de-detail\/"]}]},{"@type":"BreadcrumbList","@id":"https:\/\/www.swiss-retail.ch\/fr\/evenements\/journee-consacree-a-la-transition-numerique-dans-le-commerce-de-detail\/#breadcrumb","itemListElement":[{"@type":"ListItem","position":1,"name":"Startseite","item":"https:\/\/www.swiss-retail.ch\/fr\/homepage\/"},{"@type":"ListItem","position":2,"name":"Journ\u00e9e consacr\u00e9e \u00e0 la transition num\u00e9rique dans le commerce de d\u00e9tail"}]},{"@type":"Person","@id":"https:\/\/www.swiss-retail.ch\/#\/schema\/person\/90a7fcdf88c0e2555aeadc29a168014b","name":"swissretail","url":"https:\/\/www.swiss-retail.ch\/fr\/author\/swissretail\/"}]}},"_links":{"self":[{"href":"https:\/\/www.swiss-retail.ch\/fr\/wp-json\/wp\/v2\/posts\/5902"}],"collection":[{"href":"https:\/\/www.swiss-retail.ch\/fr\/wp-json\/wp\/v2\/posts"}],"about":[{"href":"https:\/\/www.swiss-retail.ch\/fr\/wp-json\/wp\/v2\/types\/post"}],"author":[{"embeddable":true,"href":"https:\/\/www.swiss-retail.ch\/fr\/wp-json\/wp\/v2\/users\/5"}],"replies":[{"embeddable":true,"href":"https:\/\/www.swiss-retail.ch\/fr\/wp-json\/wp\/v2\/comments?post=5902"}],"version-history":[{"count":5,"href":"https:\/\/www.swiss-retail.ch\/fr\/wp-json\/wp\/v2\/posts\/5902\/revisions"}],"predecessor-version":[{"id":6032,"href":"https:\/\/www.swiss-retail.ch\/fr\/wp-json\/wp\/v2\/posts\/5902\/revisions\/6032"}],"wp:featuredmedia":[{"embeddable":true,"href":"https:\/\/www.swiss-retail.ch\/fr\/wp-json\/wp\/v2\/media\/4168"}],"wp:attachment":[{"href":"https:\/\/www.swiss-retail.ch\/fr\/wp-json\/wp\/v2\/media?parent=5902"}],"wp:term":[{"taxonomy":"category","embeddable":true,"href":"https:\/\/www.swiss-retail.ch\/fr\/wp-json\/wp\/v2\/categories?post=5902"},{"taxonomy":"post_tag","embeddable":true,"href":"https:\/\/www.swiss-retail.ch\/fr\/wp-json\/wp\/v2\/tags?post=5902"}],"curies":[{"name":"wp","href":"https:\/\/api.w.org\/{rel}","templated":true}]}}