{"id":6005,"date":"2017-12-04T17:00:00","date_gmt":"2017-12-04T16:00:00","guid":{"rendered":"http:\/\/www.swiss-retail.ch\/non-classifiee\/symposium-de-swiss-retail-sur-la-transformation-du-commerce-de-detail-par-la-numerisation\/"},"modified":"2017-12-04T17:03:19","modified_gmt":"2017-12-04T16:03:19","slug":"symposium-de-swiss-retail-sur-la-transformation-du-commerce-de-detail-par-la-numerisation","status":"publish","type":"post","link":"https:\/\/www.swiss-retail.ch\/fr\/evenements\/symposium-de-swiss-retail-sur-la-transformation-du-commerce-de-detail-par-la-numerisation\/","title":{"rendered":"Symposium de Swiss Retail sur la transformation du commerce de d\u00e9tail par la num\u00e9risation"},"content":{"rendered":"<div class=\"flex_column av_one_full  flex_column_div av-zero-column-padding first  avia-builder-el-0  avia-builder-el-no-sibling  \" style='border-radius:0px; '><p><div  style='height:50px' class='hr hr-invisible   avia-builder-el-1  el_before_av_textblock  avia-builder-el-first '><span class='hr-inner ' ><span class='hr-inner-style'><\/span><\/span><\/div><br \/>\n<section class=\"av_textblock_section \"  itemscope=\"itemscope\" itemtype=\"https:\/\/schema.org\/BlogPosting\" itemprop=\"blogPost\" ><div class='avia_textblock  '   itemprop=\"text\" ><h2 style=\"text-align: center;\">Symposium de Swiss Retail sur la transformation du commerce de d\u00e9tail par la num\u00e9risation<\/h2>\n<\/div><\/section><br \/>\n<div   class='hr hr-short hr-center   avia-builder-el-3  el_after_av_textblock  el_before_av_textblock '><span class='hr-inner ' ><span class='hr-inner-style'><\/span><\/span><\/div><br \/>\n<section class=\"av_textblock_section \"  itemscope=\"itemscope\" itemtype=\"https:\/\/schema.org\/BlogPosting\" itemprop=\"blogPost\" ><div class='avia_textblock  '   itemprop=\"text\" ><p>La seconde rencontre organis\u00e9e par Swiss Retail le 26 octobre 2017 sur le th\u00e8me de la mutation num\u00e9rique a mis en lumi\u00e8re toute son importance pour le commerce de d\u00e9tail, \u00e0 l&rsquo;\u00e9gard de la client\u00e8le comme au sein des entreprises. On en trouvera les contenus et les\u00a0\u00e9clairages\u00a0essentiels dans le dernier\u00a0 num\u00e9ro de la revue sp\u00e9cialis\u00e9e \u00abHANDEL HEUTE\u00bb. L&rsquo;article (en allemand) peut \u00eatre t\u00e9l\u00e9charg\u00e9 <a href=\"http:\/\/www.swiss-retail.ch\/wp-content\/uploads\/2017\/12\/Swiss-Retail-Fachtagung_Digitalisierung-pfl\u00fcgt-Detailhandel-um.pdf\" target=\"_blank\" rel=\"noopener\">ici en format pdf<\/a>.<\/p>\n<\/div><\/section><br \/>\n<div  style='height:50px' class='hr hr-invisible   avia-builder-el-5  el_after_av_textblock  avia-builder-el-last '><span class='hr-inner ' ><span class='hr-inner-style'><\/span><\/span><\/div><\/p><\/div>\n","protected":false},"excerpt":{"rendered":"","protected":false},"author":7,"featured_media":5736,"comment_status":"closed","ping_status":"closed","sticky":false,"template":"","format":"standard","meta":[],"categories":[58],"tags":[],"yoast_head":"<!-- This site is optimized with the Yoast SEO plugin v18.5.1 - https:\/\/yoast.com\/wordpress\/plugins\/seo\/ -->\n<title>Symposium de Swiss Retail sur la transformation du commerce de d\u00e9tail par la num\u00e9risation -<\/title>\n<meta name=\"robots\" content=\"index, follow, max-snippet:-1, max-image-preview:large, max-video-preview:-1\" \/>\n<link rel=\"canonical\" href=\"https:\/\/www.swiss-retail.ch\/fr\/evenements\/symposium-de-swiss-retail-sur-la-transformation-du-commerce-de-detail-par-la-numerisation\/\" \/>\n<meta property=\"og:locale\" content=\"fr_FR\" \/>\n<meta property=\"og:type\" content=\"article\" \/>\n<meta property=\"og:title\" content=\"Symposium de Swiss Retail sur la transformation du commerce de d\u00e9tail par la num\u00e9risation -\" \/>\n<meta property=\"og:url\" content=\"https:\/\/www.swiss-retail.ch\/fr\/evenements\/symposium-de-swiss-retail-sur-la-transformation-du-commerce-de-detail-par-la-numerisation\/\" \/>\n<meta property=\"article:published_time\" content=\"2017-12-04T16:00:00+00:00\" \/>\n<meta property=\"article:modified_time\" content=\"2017-12-04T16:03:19+00:00\" \/>\n<meta property=\"og:image\" content=\"https:\/\/www.swiss-retail.ch\/wp-content\/uploads\/2017\/07\/Digitaler-Konsument.jpg\" \/>\n\t<meta property=\"og:image:width\" content=\"660\" \/>\n\t<meta property=\"og:image:height\" content=\"526\" \/>\n\t<meta property=\"og:image:type\" content=\"image\/jpeg\" \/>\n<meta name=\"twitter:card\" content=\"summary_large_image\" \/>\n<meta name=\"twitter:label1\" content=\"\u00c9crit par\" \/>\n\t<meta name=\"twitter:data1\" content=\"Claudio Looser\" \/>\n\t<meta name=\"twitter:label2\" content=\"Dur\u00e9e de lecture estim\u00e9e\" \/>\n\t<meta name=\"twitter:data2\" content=\"2 minutes\" \/>\n<script type=\"application\/ld+json\" class=\"yoast-schema-graph\">{\"@context\":\"https:\/\/schema.org\",\"@graph\":[{\"@type\":\"WebSite\",\"@id\":\"https:\/\/www.swiss-retail.ch\/#website\",\"url\":\"https:\/\/www.swiss-retail.ch\/\",\"name\":\"\",\"description\":\"Verband der Mittel- und Grossbetriebe des schweizerischen Detailhandels\",\"potentialAction\":[{\"@type\":\"SearchAction\",\"target\":{\"@type\":\"EntryPoint\",\"urlTemplate\":\"https:\/\/www.swiss-retail.ch\/?s={search_term_string}\"},\"query-input\":\"required name=search_term_string\"}],\"inLanguage\":\"fr-FR\"},{\"@type\":\"ImageObject\",\"@id\":\"https:\/\/www.swiss-retail.ch\/fr\/evenements\/symposium-de-swiss-retail-sur-la-transformation-du-commerce-de-detail-par-la-numerisation\/#primaryimage\",\"inLanguage\":\"fr-FR\",\"url\":\"https:\/\/www.swiss-retail.ch\/wp-content\/uploads\/2017\/07\/Digitaler-Konsument.jpg\",\"contentUrl\":\"https:\/\/www.swiss-retail.ch\/wp-content\/uploads\/2017\/07\/Digitaler-Konsument.jpg\",\"width\":660,\"height\":526},{\"@type\":\"WebPage\",\"@id\":\"https:\/\/www.swiss-retail.ch\/fr\/evenements\/symposium-de-swiss-retail-sur-la-transformation-du-commerce-de-detail-par-la-numerisation\/#webpage\",\"url\":\"https:\/\/www.swiss-retail.ch\/fr\/evenements\/symposium-de-swiss-retail-sur-la-transformation-du-commerce-de-detail-par-la-numerisation\/\",\"name\":\"Symposium de Swiss Retail sur la transformation du commerce de d\u00e9tail par la num\u00e9risation -\",\"isPartOf\":{\"@id\":\"https:\/\/www.swiss-retail.ch\/#website\"},\"primaryImageOfPage\":{\"@id\":\"https:\/\/www.swiss-retail.ch\/fr\/evenements\/symposium-de-swiss-retail-sur-la-transformation-du-commerce-de-detail-par-la-numerisation\/#primaryimage\"},\"datePublished\":\"2017-12-04T16:00:00+00:00\",\"dateModified\":\"2017-12-04T16:03:19+00:00\",\"author\":{\"@id\":\"https:\/\/www.swiss-retail.ch\/#\/schema\/person\/2d56f4201fb0be31cc400171a2615b34\"},\"breadcrumb\":{\"@id\":\"https:\/\/www.swiss-retail.ch\/fr\/evenements\/symposium-de-swiss-retail-sur-la-transformation-du-commerce-de-detail-par-la-numerisation\/#breadcrumb\"},\"inLanguage\":\"fr-FR\",\"potentialAction\":[{\"@type\":\"ReadAction\",\"target\":[\"https:\/\/www.swiss-retail.ch\/fr\/evenements\/symposium-de-swiss-retail-sur-la-transformation-du-commerce-de-detail-par-la-numerisation\/\"]}]},{\"@type\":\"BreadcrumbList\",\"@id\":\"https:\/\/www.swiss-retail.ch\/fr\/evenements\/symposium-de-swiss-retail-sur-la-transformation-du-commerce-de-detail-par-la-numerisation\/#breadcrumb\",\"itemListElement\":[{\"@type\":\"ListItem\",\"position\":1,\"name\":\"Startseite\",\"item\":\"https:\/\/www.swiss-retail.ch\/fr\/homepage\/\"},{\"@type\":\"ListItem\",\"position\":2,\"name\":\"Symposium de Swiss Retail sur la transformation du commerce de d\u00e9tail par la num\u00e9risation\"}]},{\"@type\":\"Person\",\"@id\":\"https:\/\/www.swiss-retail.ch\/#\/schema\/person\/2d56f4201fb0be31cc400171a2615b34\",\"name\":\"Claudio Looser\",\"url\":\"https:\/\/www.swiss-retail.ch\/fr\/author\/claudiolooser\/\"}]}<\/script>\n<!-- \/ Yoast SEO plugin. -->","yoast_head_json":{"title":"Symposium de Swiss Retail sur la transformation du commerce de d\u00e9tail par la num\u00e9risation -","robots":{"index":"index","follow":"follow","max-snippet":"max-snippet:-1","max-image-preview":"max-image-preview:large","max-video-preview":"max-video-preview:-1"},"canonical":"https:\/\/www.swiss-retail.ch\/fr\/evenements\/symposium-de-swiss-retail-sur-la-transformation-du-commerce-de-detail-par-la-numerisation\/","og_locale":"fr_FR","og_type":"article","og_title":"Symposium de Swiss Retail sur la transformation du commerce de d\u00e9tail par la num\u00e9risation -","og_url":"https:\/\/www.swiss-retail.ch\/fr\/evenements\/symposium-de-swiss-retail-sur-la-transformation-du-commerce-de-detail-par-la-numerisation\/","article_published_time":"2017-12-04T16:00:00+00:00","article_modified_time":"2017-12-04T16:03:19+00:00","og_image":[{"width":660,"height":526,"url":"https:\/\/www.swiss-retail.ch\/wp-content\/uploads\/2017\/07\/Digitaler-Konsument.jpg","type":"image\/jpeg"}],"twitter_card":"summary_large_image","twitter_misc":{"\u00c9crit par":"Claudio Looser","Dur\u00e9e de lecture estim\u00e9e":"2 minutes"},"schema":{"@context":"https:\/\/schema.org","@graph":[{"@type":"WebSite","@id":"https:\/\/www.swiss-retail.ch\/#website","url":"https:\/\/www.swiss-retail.ch\/","name":"","description":"Verband der Mittel- und Grossbetriebe des schweizerischen Detailhandels","potentialAction":[{"@type":"SearchAction","target":{"@type":"EntryPoint","urlTemplate":"https:\/\/www.swiss-retail.ch\/?s={search_term_string}"},"query-input":"required name=search_term_string"}],"inLanguage":"fr-FR"},{"@type":"ImageObject","@id":"https:\/\/www.swiss-retail.ch\/fr\/evenements\/symposium-de-swiss-retail-sur-la-transformation-du-commerce-de-detail-par-la-numerisation\/#primaryimage","inLanguage":"fr-FR","url":"https:\/\/www.swiss-retail.ch\/wp-content\/uploads\/2017\/07\/Digitaler-Konsument.jpg","contentUrl":"https:\/\/www.swiss-retail.ch\/wp-content\/uploads\/2017\/07\/Digitaler-Konsument.jpg","width":660,"height":526},{"@type":"WebPage","@id":"https:\/\/www.swiss-retail.ch\/fr\/evenements\/symposium-de-swiss-retail-sur-la-transformation-du-commerce-de-detail-par-la-numerisation\/#webpage","url":"https:\/\/www.swiss-retail.ch\/fr\/evenements\/symposium-de-swiss-retail-sur-la-transformation-du-commerce-de-detail-par-la-numerisation\/","name":"Symposium de Swiss Retail sur la transformation du commerce de d\u00e9tail par la num\u00e9risation -","isPartOf":{"@id":"https:\/\/www.swiss-retail.ch\/#website"},"primaryImageOfPage":{"@id":"https:\/\/www.swiss-retail.ch\/fr\/evenements\/symposium-de-swiss-retail-sur-la-transformation-du-commerce-de-detail-par-la-numerisation\/#primaryimage"},"datePublished":"2017-12-04T16:00:00+00:00","dateModified":"2017-12-04T16:03:19+00:00","author":{"@id":"https:\/\/www.swiss-retail.ch\/#\/schema\/person\/2d56f4201fb0be31cc400171a2615b34"},"breadcrumb":{"@id":"https:\/\/www.swiss-retail.ch\/fr\/evenements\/symposium-de-swiss-retail-sur-la-transformation-du-commerce-de-detail-par-la-numerisation\/#breadcrumb"},"inLanguage":"fr-FR","potentialAction":[{"@type":"ReadAction","target":["https:\/\/www.swiss-retail.ch\/fr\/evenements\/symposium-de-swiss-retail-sur-la-transformation-du-commerce-de-detail-par-la-numerisation\/"]}]},{"@type":"BreadcrumbList","@id":"https:\/\/www.swiss-retail.ch\/fr\/evenements\/symposium-de-swiss-retail-sur-la-transformation-du-commerce-de-detail-par-la-numerisation\/#breadcrumb","itemListElement":[{"@type":"ListItem","position":1,"name":"Startseite","item":"https:\/\/www.swiss-retail.ch\/fr\/homepage\/"},{"@type":"ListItem","position":2,"name":"Symposium de Swiss Retail sur la transformation du commerce de d\u00e9tail par la num\u00e9risation"}]},{"@type":"Person","@id":"https:\/\/www.swiss-retail.ch\/#\/schema\/person\/2d56f4201fb0be31cc400171a2615b34","name":"Claudio Looser","url":"https:\/\/www.swiss-retail.ch\/fr\/author\/claudiolooser\/"}]}},"_links":{"self":[{"href":"https:\/\/www.swiss-retail.ch\/fr\/wp-json\/wp\/v2\/posts\/6005"}],"collection":[{"href":"https:\/\/www.swiss-retail.ch\/fr\/wp-json\/wp\/v2\/posts"}],"about":[{"href":"https:\/\/www.swiss-retail.ch\/fr\/wp-json\/wp\/v2\/types\/post"}],"author":[{"embeddable":true,"href":"https:\/\/www.swiss-retail.ch\/fr\/wp-json\/wp\/v2\/users\/7"}],"replies":[{"embeddable":true,"href":"https:\/\/www.swiss-retail.ch\/fr\/wp-json\/wp\/v2\/comments?post=6005"}],"version-history":[{"count":4,"href":"https:\/\/www.swiss-retail.ch\/fr\/wp-json\/wp\/v2\/posts\/6005\/revisions"}],"predecessor-version":[{"id":6043,"href":"https:\/\/www.swiss-retail.ch\/fr\/wp-json\/wp\/v2\/posts\/6005\/revisions\/6043"}],"wp:featuredmedia":[{"embeddable":true,"href":"https:\/\/www.swiss-retail.ch\/fr\/wp-json\/wp\/v2\/media\/5736"}],"wp:attachment":[{"href":"https:\/\/www.swiss-retail.ch\/fr\/wp-json\/wp\/v2\/media?parent=6005"}],"wp:term":[{"taxonomy":"category","embeddable":true,"href":"https:\/\/www.swiss-retail.ch\/fr\/wp-json\/wp\/v2\/categories?post=6005"},{"taxonomy":"post_tag","embeddable":true,"href":"https:\/\/www.swiss-retail.ch\/fr\/wp-json\/wp\/v2\/tags?post=6005"}],"curies":[{"name":"wp","href":"https:\/\/api.w.org\/{rel}","templated":true}]}}