{"id":6054,"date":"2017-12-20T17:14:19","date_gmt":"2017-12-20T16:14:19","guid":{"rendered":"http:\/\/www.swiss-retail.ch\/?p=6054"},"modified":"2017-12-20T17:14:19","modified_gmt":"2017-12-20T16:14:19","slug":"le-conseil-federal-adopte-des-mesures-pour-lutter-contre-lilot-de-cherte","status":"publish","type":"post","link":"https:\/\/www.swiss-retail.ch\/fr\/news-fr\/le-conseil-federal-adopte-des-mesures-pour-lutter-contre-lilot-de-cherte\/","title":{"rendered":"Le Conseil f\u00e9d\u00e9ral adopte des mesures pour lutter contre l\u2019\u00eelot de chert\u00e9"},"content":{"rendered":"<div class=\"flex_column av_one_full  flex_column_div av-zero-column-padding first  avia-builder-el-0  avia-builder-el-no-sibling  \" style='border-radius:0px; '><p><div  style='height:50px' class='hr hr-invisible   avia-builder-el-1  el_before_av_textblock  avia-builder-el-first '><span class='hr-inner ' ><span class='hr-inner-style'><\/span><\/span><\/div><br \/>\n<section class=\"av_textblock_section \"  itemscope=\"itemscope\" itemtype=\"https:\/\/schema.org\/BlogPosting\" itemprop=\"blogPost\" ><div class='avia_textblock  '   itemprop=\"text\" ><h2 style=\"text-align: center;\">Le Conseil f\u00e9d\u00e9ral adopte des mesures pour lutter contre l\u2019\u00eelot de chert\u00e9<\/h2>\n<\/div><\/section><br \/>\n<div   class='hr hr-short hr-center   avia-builder-el-3  el_after_av_textblock  el_before_av_textblock '><span class='hr-inner ' ><span class='hr-inner-style'><\/span><\/span><\/div><br \/>\n<section class=\"av_textblock_section \"  itemscope=\"itemscope\" itemtype=\"https:\/\/schema.org\/BlogPosting\" itemprop=\"blogPost\" ><div class='avia_textblock  '   itemprop=\"text\" ><p>Le Conseil f\u00e9d\u00e9ral a d\u00e9cid\u00e9 de supprimer de mani\u00e8re unilat\u00e9rale les droits de douane \u00e0 l\u2019importation de certains biens industriels. Il entend en outre abaisser les droits de douane sur une s\u00e9lection de produits agricoles fabriqu\u00e9s au-del\u00e0 des fronti\u00e8res. De plus, il souhaite renforcer le principe \u00ab Cassis de Dijon \u00bb, en r\u00e9duisant le nombre d\u2019exceptions. L\u2019objectif est de g\u00e9n\u00e9rer des \u00e9conomies consid\u00e9rables s\u2019\u00e9levant \u00e0 pr\u00e8s de 900 millions de francs, au b\u00e9n\u00e9fice tant des entreprises que des consommateurs priv\u00e9s. Le 8 d\u00e9cembre 2017, le Conseil f\u00e9d\u00e9ral a ouvert une proc\u00e9dure de consultation pour la simplification de la proc\u00e9dure d\u2019autorisation applicable aux denr\u00e9es alimentaires mises sur le march\u00e9 conform\u00e9ment au principe \u00ab Cassis de Dijon \u00bb. <a href=\"https:\/\/www.admin.ch\/gov\/fr\/accueil\/documentation\/communiques.msg-id-69321.html\" target=\"_blank\" rel=\"noopener\">Plus d&rsquo;informations<\/a><\/p>\n<\/div><\/section><br \/>\n<div  style='height:50px' class='hr hr-invisible   avia-builder-el-5  el_after_av_textblock  avia-builder-el-last '><span class='hr-inner ' ><span class='hr-inner-style'><\/span><\/span><\/div><\/p><\/div>\n","protected":false},"excerpt":{"rendered":"","protected":false},"author":7,"featured_media":5724,"comment_status":"closed","ping_status":"closed","sticky":false,"template":"","format":"standard","meta":[],"categories":[64],"tags":[],"yoast_head":"<!-- This site is optimized with the Yoast SEO plugin v18.5.1 - https:\/\/yoast.com\/wordpress\/plugins\/seo\/ -->\n<title>Le Conseil f\u00e9d\u00e9ral adopte des mesures pour lutter contre l\u2019\u00eelot de chert\u00e9 -<\/title>\n<meta name=\"robots\" content=\"index, follow, max-snippet:-1, max-image-preview:large, max-video-preview:-1\" \/>\n<link rel=\"canonical\" href=\"https:\/\/www.swiss-retail.ch\/fr\/news-fr\/le-conseil-federal-adopte-des-mesures-pour-lutter-contre-lilot-de-cherte\/\" \/>\n<meta property=\"og:locale\" content=\"fr_FR\" \/>\n<meta property=\"og:type\" content=\"article\" \/>\n<meta property=\"og:title\" content=\"Le Conseil f\u00e9d\u00e9ral adopte des mesures pour lutter contre l\u2019\u00eelot de chert\u00e9 -\" \/>\n<meta property=\"og:url\" content=\"https:\/\/www.swiss-retail.ch\/fr\/news-fr\/le-conseil-federal-adopte-des-mesures-pour-lutter-contre-lilot-de-cherte\/\" \/>\n<meta property=\"article:published_time\" content=\"2017-12-20T16:14:19+00:00\" \/>\n<meta property=\"og:image\" content=\"https:\/\/www.swiss-retail.ch\/wp-content\/uploads\/2017\/06\/Handelshemmnisse.jpg\" \/>\n\t<meta property=\"og:image:width\" content=\"660\" \/>\n\t<meta property=\"og:image:height\" content=\"526\" \/>\n\t<meta property=\"og:image:type\" content=\"image\/jpeg\" \/>\n<meta name=\"twitter:card\" content=\"summary_large_image\" \/>\n<meta name=\"twitter:label1\" content=\"\u00c9crit par\" \/>\n\t<meta name=\"twitter:data1\" content=\"Claudio Looser\" \/>\n\t<meta name=\"twitter:label2\" content=\"Dur\u00e9e de lecture estim\u00e9e\" \/>\n\t<meta name=\"twitter:data2\" content=\"2 minutes\" \/>\n<script type=\"application\/ld+json\" class=\"yoast-schema-graph\">{\"@context\":\"https:\/\/schema.org\",\"@graph\":[{\"@type\":\"WebSite\",\"@id\":\"https:\/\/www.swiss-retail.ch\/#website\",\"url\":\"https:\/\/www.swiss-retail.ch\/\",\"name\":\"\",\"description\":\"Verband der Mittel- und Grossbetriebe des schweizerischen Detailhandels\",\"potentialAction\":[{\"@type\":\"SearchAction\",\"target\":{\"@type\":\"EntryPoint\",\"urlTemplate\":\"https:\/\/www.swiss-retail.ch\/?s={search_term_string}\"},\"query-input\":\"required name=search_term_string\"}],\"inLanguage\":\"fr-FR\"},{\"@type\":\"ImageObject\",\"@id\":\"https:\/\/www.swiss-retail.ch\/fr\/news-fr\/le-conseil-federal-adopte-des-mesures-pour-lutter-contre-lilot-de-cherte\/#primaryimage\",\"inLanguage\":\"fr-FR\",\"url\":\"https:\/\/www.swiss-retail.ch\/wp-content\/uploads\/2017\/06\/Handelshemmnisse.jpg\",\"contentUrl\":\"https:\/\/www.swiss-retail.ch\/wp-content\/uploads\/2017\/06\/Handelshemmnisse.jpg\",\"width\":660,\"height\":526},{\"@type\":\"WebPage\",\"@id\":\"https:\/\/www.swiss-retail.ch\/fr\/news-fr\/le-conseil-federal-adopte-des-mesures-pour-lutter-contre-lilot-de-cherte\/#webpage\",\"url\":\"https:\/\/www.swiss-retail.ch\/fr\/news-fr\/le-conseil-federal-adopte-des-mesures-pour-lutter-contre-lilot-de-cherte\/\",\"name\":\"Le Conseil f\u00e9d\u00e9ral adopte des mesures pour lutter contre l\u2019\u00eelot de chert\u00e9 -\",\"isPartOf\":{\"@id\":\"https:\/\/www.swiss-retail.ch\/#website\"},\"primaryImageOfPage\":{\"@id\":\"https:\/\/www.swiss-retail.ch\/fr\/news-fr\/le-conseil-federal-adopte-des-mesures-pour-lutter-contre-lilot-de-cherte\/#primaryimage\"},\"datePublished\":\"2017-12-20T16:14:19+00:00\",\"dateModified\":\"2017-12-20T16:14:19+00:00\",\"author\":{\"@id\":\"https:\/\/www.swiss-retail.ch\/#\/schema\/person\/2d56f4201fb0be31cc400171a2615b34\"},\"breadcrumb\":{\"@id\":\"https:\/\/www.swiss-retail.ch\/fr\/news-fr\/le-conseil-federal-adopte-des-mesures-pour-lutter-contre-lilot-de-cherte\/#breadcrumb\"},\"inLanguage\":\"fr-FR\",\"potentialAction\":[{\"@type\":\"ReadAction\",\"target\":[\"https:\/\/www.swiss-retail.ch\/fr\/news-fr\/le-conseil-federal-adopte-des-mesures-pour-lutter-contre-lilot-de-cherte\/\"]}]},{\"@type\":\"BreadcrumbList\",\"@id\":\"https:\/\/www.swiss-retail.ch\/fr\/news-fr\/le-conseil-federal-adopte-des-mesures-pour-lutter-contre-lilot-de-cherte\/#breadcrumb\",\"itemListElement\":[{\"@type\":\"ListItem\",\"position\":1,\"name\":\"Startseite\",\"item\":\"https:\/\/www.swiss-retail.ch\/fr\/homepage\/\"},{\"@type\":\"ListItem\",\"position\":2,\"name\":\"Le Conseil f\u00e9d\u00e9ral adopte des mesures pour lutter contre l\u2019\u00eelot de chert\u00e9\"}]},{\"@type\":\"Person\",\"@id\":\"https:\/\/www.swiss-retail.ch\/#\/schema\/person\/2d56f4201fb0be31cc400171a2615b34\",\"name\":\"Claudio Looser\",\"url\":\"https:\/\/www.swiss-retail.ch\/fr\/author\/claudiolooser\/\"}]}<\/script>\n<!-- \/ Yoast SEO plugin. -->","yoast_head_json":{"title":"Le Conseil f\u00e9d\u00e9ral adopte des mesures pour lutter contre l\u2019\u00eelot de chert\u00e9 -","robots":{"index":"index","follow":"follow","max-snippet":"max-snippet:-1","max-image-preview":"max-image-preview:large","max-video-preview":"max-video-preview:-1"},"canonical":"https:\/\/www.swiss-retail.ch\/fr\/news-fr\/le-conseil-federal-adopte-des-mesures-pour-lutter-contre-lilot-de-cherte\/","og_locale":"fr_FR","og_type":"article","og_title":"Le Conseil f\u00e9d\u00e9ral adopte des mesures pour lutter contre l\u2019\u00eelot de chert\u00e9 -","og_url":"https:\/\/www.swiss-retail.ch\/fr\/news-fr\/le-conseil-federal-adopte-des-mesures-pour-lutter-contre-lilot-de-cherte\/","article_published_time":"2017-12-20T16:14:19+00:00","og_image":[{"width":660,"height":526,"url":"https:\/\/www.swiss-retail.ch\/wp-content\/uploads\/2017\/06\/Handelshemmnisse.jpg","type":"image\/jpeg"}],"twitter_card":"summary_large_image","twitter_misc":{"\u00c9crit par":"Claudio Looser","Dur\u00e9e de lecture estim\u00e9e":"2 minutes"},"schema":{"@context":"https:\/\/schema.org","@graph":[{"@type":"WebSite","@id":"https:\/\/www.swiss-retail.ch\/#website","url":"https:\/\/www.swiss-retail.ch\/","name":"","description":"Verband der Mittel- und Grossbetriebe des schweizerischen Detailhandels","potentialAction":[{"@type":"SearchAction","target":{"@type":"EntryPoint","urlTemplate":"https:\/\/www.swiss-retail.ch\/?s={search_term_string}"},"query-input":"required name=search_term_string"}],"inLanguage":"fr-FR"},{"@type":"ImageObject","@id":"https:\/\/www.swiss-retail.ch\/fr\/news-fr\/le-conseil-federal-adopte-des-mesures-pour-lutter-contre-lilot-de-cherte\/#primaryimage","inLanguage":"fr-FR","url":"https:\/\/www.swiss-retail.ch\/wp-content\/uploads\/2017\/06\/Handelshemmnisse.jpg","contentUrl":"https:\/\/www.swiss-retail.ch\/wp-content\/uploads\/2017\/06\/Handelshemmnisse.jpg","width":660,"height":526},{"@type":"WebPage","@id":"https:\/\/www.swiss-retail.ch\/fr\/news-fr\/le-conseil-federal-adopte-des-mesures-pour-lutter-contre-lilot-de-cherte\/#webpage","url":"https:\/\/www.swiss-retail.ch\/fr\/news-fr\/le-conseil-federal-adopte-des-mesures-pour-lutter-contre-lilot-de-cherte\/","name":"Le Conseil f\u00e9d\u00e9ral adopte des mesures pour lutter contre l\u2019\u00eelot de chert\u00e9 -","isPartOf":{"@id":"https:\/\/www.swiss-retail.ch\/#website"},"primaryImageOfPage":{"@id":"https:\/\/www.swiss-retail.ch\/fr\/news-fr\/le-conseil-federal-adopte-des-mesures-pour-lutter-contre-lilot-de-cherte\/#primaryimage"},"datePublished":"2017-12-20T16:14:19+00:00","dateModified":"2017-12-20T16:14:19+00:00","author":{"@id":"https:\/\/www.swiss-retail.ch\/#\/schema\/person\/2d56f4201fb0be31cc400171a2615b34"},"breadcrumb":{"@id":"https:\/\/www.swiss-retail.ch\/fr\/news-fr\/le-conseil-federal-adopte-des-mesures-pour-lutter-contre-lilot-de-cherte\/#breadcrumb"},"inLanguage":"fr-FR","potentialAction":[{"@type":"ReadAction","target":["https:\/\/www.swiss-retail.ch\/fr\/news-fr\/le-conseil-federal-adopte-des-mesures-pour-lutter-contre-lilot-de-cherte\/"]}]},{"@type":"BreadcrumbList","@id":"https:\/\/www.swiss-retail.ch\/fr\/news-fr\/le-conseil-federal-adopte-des-mesures-pour-lutter-contre-lilot-de-cherte\/#breadcrumb","itemListElement":[{"@type":"ListItem","position":1,"name":"Startseite","item":"https:\/\/www.swiss-retail.ch\/fr\/homepage\/"},{"@type":"ListItem","position":2,"name":"Le Conseil f\u00e9d\u00e9ral adopte des mesures pour lutter contre l\u2019\u00eelot de chert\u00e9"}]},{"@type":"Person","@id":"https:\/\/www.swiss-retail.ch\/#\/schema\/person\/2d56f4201fb0be31cc400171a2615b34","name":"Claudio Looser","url":"https:\/\/www.swiss-retail.ch\/fr\/author\/claudiolooser\/"}]}},"_links":{"self":[{"href":"https:\/\/www.swiss-retail.ch\/fr\/wp-json\/wp\/v2\/posts\/6054"}],"collection":[{"href":"https:\/\/www.swiss-retail.ch\/fr\/wp-json\/wp\/v2\/posts"}],"about":[{"href":"https:\/\/www.swiss-retail.ch\/fr\/wp-json\/wp\/v2\/types\/post"}],"author":[{"embeddable":true,"href":"https:\/\/www.swiss-retail.ch\/fr\/wp-json\/wp\/v2\/users\/7"}],"replies":[{"embeddable":true,"href":"https:\/\/www.swiss-retail.ch\/fr\/wp-json\/wp\/v2\/comments?post=6054"}],"version-history":[{"count":2,"href":"https:\/\/www.swiss-retail.ch\/fr\/wp-json\/wp\/v2\/posts\/6054\/revisions"}],"predecessor-version":[{"id":6056,"href":"https:\/\/www.swiss-retail.ch\/fr\/wp-json\/wp\/v2\/posts\/6054\/revisions\/6056"}],"wp:featuredmedia":[{"embeddable":true,"href":"https:\/\/www.swiss-retail.ch\/fr\/wp-json\/wp\/v2\/media\/5724"}],"wp:attachment":[{"href":"https:\/\/www.swiss-retail.ch\/fr\/wp-json\/wp\/v2\/media?parent=6054"}],"wp:term":[{"taxonomy":"category","embeddable":true,"href":"https:\/\/www.swiss-retail.ch\/fr\/wp-json\/wp\/v2\/categories?post=6054"},{"taxonomy":"post_tag","embeddable":true,"href":"https:\/\/www.swiss-retail.ch\/fr\/wp-json\/wp\/v2\/tags?post=6054"}],"curies":[{"name":"wp","href":"https:\/\/api.w.org\/{rel}","templated":true}]}}