{"id":6067,"date":"2018-01-10T16:57:13","date_gmt":"2018-01-10T15:57:13","guid":{"rendered":"http:\/\/www.swiss-retail.ch\/?p=6067"},"modified":"2018-01-10T16:58:12","modified_gmt":"2018-01-10T15:58:12","slug":"6067","status":"publish","type":"post","link":"https:\/\/www.swiss-retail.ch\/fr\/news-fr\/6067\/","title":{"rendered":"Etude Retail Outlook: l\u00e9g\u00e8re croissance attendue en 2018 pour le commerce suisse de d\u00e9tail"},"content":{"rendered":"<div class=\"flex_column av_one_full  flex_column_div av-zero-column-padding first  avia-builder-el-0  avia-builder-el-no-sibling  \" style='border-radius:0px; '><p><div  style='height:50px' class='hr hr-invisible   avia-builder-el-1  el_before_av_textblock  avia-builder-el-first '><span class='hr-inner ' ><span class='hr-inner-style'><\/span><\/span><\/div><br \/>\n<section class=\"av_textblock_section \"  itemscope=\"itemscope\" itemtype=\"https:\/\/schema.org\/BlogPosting\" itemprop=\"blogPost\" ><div class='avia_textblock  '   itemprop=\"text\" ><h2 style=\"text-align: center;\">Etude Retail Outlook: l\u00e9g\u00e8re croissance attendue en 2018 pour le commerce suisse de d\u00e9tail<\/h2>\n<\/div><\/section><br \/>\n<div   class='hr hr-short hr-center   avia-builder-el-3  el_after_av_textblock  el_before_av_textblock '><span class='hr-inner ' ><span class='hr-inner-style'><\/span><\/span><\/div><br \/>\n<section class=\"av_textblock_section \"  itemscope=\"itemscope\" itemtype=\"https:\/\/schema.org\/BlogPosting\" itemprop=\"blogPost\" ><div class='avia_textblock  '   itemprop=\"text\" ><p>Apr\u00e8s deux ann\u00e9es de baisse, il semble que l&rsquo;\u00e9rosion du chiffre d&rsquo;affaires du commerce de d\u00e9tail ait \u00e9t\u00e9 endigu\u00e9e en 2017. Comme il l&rsquo;indique dans son tout dernier \u00ab\u00a0Retail Outlook 2018\u00a0\u00bb, Credit Suisse pr\u00e9voit pour 2018 un l\u00e9ger redressement, de 0,3 pour cent, du chiffre d&rsquo;affaires de la branche. La banque fonde ce pronostic de relative stagnation avant tout sur le d\u00e9veloppement toujours plus soutenu des soci\u00e9t\u00e9s \u00e9trang\u00e8res de vente en ligne, qui exercent une forte pression sur les prix du commerce suisse de d\u00e9tail. Tous les autres facteurs, en revanche, annoncent une progression des affaires. Ainsi le nombre de consommateurs li\u00e9s \u00e0 l&rsquo;immigration augmentera en 2018 \u00e9galement et la croissance \u00e9conomique escompt\u00e9e, de 1,7 pour cent, aura un impact positif sur le climat de consommation. Credit Suisse pr\u00e9voit toutefois une \u00e9volution in\u00e9gale entre les diff\u00e9rents segments. Le chiffre d&rsquo;affaires du secteur non alimentaire devrait stagner sous l&rsquo;influence des commerces en ligne \u00e9trangers. Dans le domaine alimentaire, en revanche, la banque s&rsquo;attend \u00e0 ce qu&rsquo;il gagne 0,5 pour cent.<\/p>\n<p>Pour de plus amples informations, consultez l&rsquo;\u00e9tude \u201e<a href=\"https:\/\/www.credit-suisse.com\/corporate\/fr\/articles\/news-and-expertise\/retail-outlook-2018-201801.html\" target=\"_blank\" rel=\"noopener\">Retail Outlook 2018 \u2013 le commerce de d\u00e9tail reste \u00e0 la tra\u00eene de la conjoncture<\/a>\u201c, dans la s\u00e9rie que publie annuellement Credit Suisse en collaboration avec la soci\u00e9t\u00e9 de conseil Fuhrer &amp; Hotz.<\/p>\n<\/div><\/section><\/p><\/div>\n","protected":false},"excerpt":{"rendered":"","protected":false},"author":7,"featured_media":5658,"comment_status":"closed","ping_status":"closed","sticky":false,"template":"","format":"standard","meta":[],"categories":[64],"tags":[],"yoast_head":"<!-- This site is optimized with the Yoast SEO plugin v18.5.1 - https:\/\/yoast.com\/wordpress\/plugins\/seo\/ -->\n<title>Etude Retail Outlook: l\u00e9g\u00e8re croissance attendue en 2018 pour le commerce suisse de d\u00e9tail -<\/title>\n<meta name=\"robots\" content=\"index, follow, max-snippet:-1, max-image-preview:large, max-video-preview:-1\" \/>\n<link rel=\"canonical\" href=\"https:\/\/www.swiss-retail.ch\/fr\/news-fr\/6067\/\" \/>\n<meta property=\"og:locale\" content=\"fr_FR\" \/>\n<meta property=\"og:type\" content=\"article\" \/>\n<meta property=\"og:title\" content=\"Etude Retail Outlook: l\u00e9g\u00e8re croissance attendue en 2018 pour le commerce suisse de d\u00e9tail -\" \/>\n<meta property=\"og:url\" content=\"https:\/\/www.swiss-retail.ch\/fr\/news-fr\/6067\/\" \/>\n<meta property=\"article:published_time\" content=\"2018-01-10T15:57:13+00:00\" \/>\n<meta property=\"article:modified_time\" content=\"2018-01-10T15:58:12+00:00\" \/>\n<meta property=\"og:image\" content=\"https:\/\/www.swiss-retail.ch\/wp-content\/uploads\/2017\/06\/Onlinehandel.jpg\" \/>\n\t<meta property=\"og:image:width\" content=\"660\" \/>\n\t<meta property=\"og:image:height\" content=\"526\" \/>\n\t<meta property=\"og:image:type\" content=\"image\/jpeg\" \/>\n<meta name=\"twitter:card\" content=\"summary_large_image\" \/>\n<meta name=\"twitter:label1\" content=\"\u00c9crit par\" \/>\n\t<meta name=\"twitter:data1\" content=\"Claudio Looser\" \/>\n\t<meta name=\"twitter:label2\" content=\"Dur\u00e9e de lecture estim\u00e9e\" \/>\n\t<meta name=\"twitter:data2\" content=\"2 minutes\" \/>\n<script type=\"application\/ld+json\" class=\"yoast-schema-graph\">{\"@context\":\"https:\/\/schema.org\",\"@graph\":[{\"@type\":\"WebSite\",\"@id\":\"https:\/\/www.swiss-retail.ch\/#website\",\"url\":\"https:\/\/www.swiss-retail.ch\/\",\"name\":\"\",\"description\":\"Verband der Mittel- und Grossbetriebe des schweizerischen Detailhandels\",\"potentialAction\":[{\"@type\":\"SearchAction\",\"target\":{\"@type\":\"EntryPoint\",\"urlTemplate\":\"https:\/\/www.swiss-retail.ch\/?s={search_term_string}\"},\"query-input\":\"required name=search_term_string\"}],\"inLanguage\":\"fr-FR\"},{\"@type\":\"ImageObject\",\"@id\":\"https:\/\/www.swiss-retail.ch\/fr\/news-fr\/6067\/#primaryimage\",\"inLanguage\":\"fr-FR\",\"url\":\"https:\/\/www.swiss-retail.ch\/wp-content\/uploads\/2017\/06\/Onlinehandel.jpg\",\"contentUrl\":\"https:\/\/www.swiss-retail.ch\/wp-content\/uploads\/2017\/06\/Onlinehandel.jpg\",\"width\":660,\"height\":526},{\"@type\":\"WebPage\",\"@id\":\"https:\/\/www.swiss-retail.ch\/fr\/news-fr\/6067\/#webpage\",\"url\":\"https:\/\/www.swiss-retail.ch\/fr\/news-fr\/6067\/\",\"name\":\"Etude Retail Outlook: l\u00e9g\u00e8re croissance attendue en 2018 pour le commerce suisse de d\u00e9tail -\",\"isPartOf\":{\"@id\":\"https:\/\/www.swiss-retail.ch\/#website\"},\"primaryImageOfPage\":{\"@id\":\"https:\/\/www.swiss-retail.ch\/fr\/news-fr\/6067\/#primaryimage\"},\"datePublished\":\"2018-01-10T15:57:13+00:00\",\"dateModified\":\"2018-01-10T15:58:12+00:00\",\"author\":{\"@id\":\"https:\/\/www.swiss-retail.ch\/#\/schema\/person\/2d56f4201fb0be31cc400171a2615b34\"},\"breadcrumb\":{\"@id\":\"https:\/\/www.swiss-retail.ch\/fr\/news-fr\/6067\/#breadcrumb\"},\"inLanguage\":\"fr-FR\",\"potentialAction\":[{\"@type\":\"ReadAction\",\"target\":[\"https:\/\/www.swiss-retail.ch\/fr\/news-fr\/6067\/\"]}]},{\"@type\":\"BreadcrumbList\",\"@id\":\"https:\/\/www.swiss-retail.ch\/fr\/news-fr\/6067\/#breadcrumb\",\"itemListElement\":[{\"@type\":\"ListItem\",\"position\":1,\"name\":\"Startseite\",\"item\":\"https:\/\/www.swiss-retail.ch\/fr\/homepage\/\"},{\"@type\":\"ListItem\",\"position\":2,\"name\":\"Etude Retail Outlook: l\u00e9g\u00e8re croissance attendue en 2018 pour le commerce suisse de d\u00e9tail\"}]},{\"@type\":\"Person\",\"@id\":\"https:\/\/www.swiss-retail.ch\/#\/schema\/person\/2d56f4201fb0be31cc400171a2615b34\",\"name\":\"Claudio Looser\",\"url\":\"https:\/\/www.swiss-retail.ch\/fr\/author\/claudiolooser\/\"}]}<\/script>\n<!-- \/ Yoast SEO plugin. -->","yoast_head_json":{"title":"Etude Retail Outlook: l\u00e9g\u00e8re croissance attendue en 2018 pour le commerce suisse de d\u00e9tail -","robots":{"index":"index","follow":"follow","max-snippet":"max-snippet:-1","max-image-preview":"max-image-preview:large","max-video-preview":"max-video-preview:-1"},"canonical":"https:\/\/www.swiss-retail.ch\/fr\/news-fr\/6067\/","og_locale":"fr_FR","og_type":"article","og_title":"Etude Retail Outlook: l\u00e9g\u00e8re croissance attendue en 2018 pour le commerce suisse de d\u00e9tail -","og_url":"https:\/\/www.swiss-retail.ch\/fr\/news-fr\/6067\/","article_published_time":"2018-01-10T15:57:13+00:00","article_modified_time":"2018-01-10T15:58:12+00:00","og_image":[{"width":660,"height":526,"url":"https:\/\/www.swiss-retail.ch\/wp-content\/uploads\/2017\/06\/Onlinehandel.jpg","type":"image\/jpeg"}],"twitter_card":"summary_large_image","twitter_misc":{"\u00c9crit par":"Claudio Looser","Dur\u00e9e de lecture estim\u00e9e":"2 minutes"},"schema":{"@context":"https:\/\/schema.org","@graph":[{"@type":"WebSite","@id":"https:\/\/www.swiss-retail.ch\/#website","url":"https:\/\/www.swiss-retail.ch\/","name":"","description":"Verband der Mittel- und Grossbetriebe des schweizerischen Detailhandels","potentialAction":[{"@type":"SearchAction","target":{"@type":"EntryPoint","urlTemplate":"https:\/\/www.swiss-retail.ch\/?s={search_term_string}"},"query-input":"required name=search_term_string"}],"inLanguage":"fr-FR"},{"@type":"ImageObject","@id":"https:\/\/www.swiss-retail.ch\/fr\/news-fr\/6067\/#primaryimage","inLanguage":"fr-FR","url":"https:\/\/www.swiss-retail.ch\/wp-content\/uploads\/2017\/06\/Onlinehandel.jpg","contentUrl":"https:\/\/www.swiss-retail.ch\/wp-content\/uploads\/2017\/06\/Onlinehandel.jpg","width":660,"height":526},{"@type":"WebPage","@id":"https:\/\/www.swiss-retail.ch\/fr\/news-fr\/6067\/#webpage","url":"https:\/\/www.swiss-retail.ch\/fr\/news-fr\/6067\/","name":"Etude Retail Outlook: l\u00e9g\u00e8re croissance attendue en 2018 pour le commerce suisse de d\u00e9tail -","isPartOf":{"@id":"https:\/\/www.swiss-retail.ch\/#website"},"primaryImageOfPage":{"@id":"https:\/\/www.swiss-retail.ch\/fr\/news-fr\/6067\/#primaryimage"},"datePublished":"2018-01-10T15:57:13+00:00","dateModified":"2018-01-10T15:58:12+00:00","author":{"@id":"https:\/\/www.swiss-retail.ch\/#\/schema\/person\/2d56f4201fb0be31cc400171a2615b34"},"breadcrumb":{"@id":"https:\/\/www.swiss-retail.ch\/fr\/news-fr\/6067\/#breadcrumb"},"inLanguage":"fr-FR","potentialAction":[{"@type":"ReadAction","target":["https:\/\/www.swiss-retail.ch\/fr\/news-fr\/6067\/"]}]},{"@type":"BreadcrumbList","@id":"https:\/\/www.swiss-retail.ch\/fr\/news-fr\/6067\/#breadcrumb","itemListElement":[{"@type":"ListItem","position":1,"name":"Startseite","item":"https:\/\/www.swiss-retail.ch\/fr\/homepage\/"},{"@type":"ListItem","position":2,"name":"Etude Retail Outlook: l\u00e9g\u00e8re croissance attendue en 2018 pour le commerce suisse de d\u00e9tail"}]},{"@type":"Person","@id":"https:\/\/www.swiss-retail.ch\/#\/schema\/person\/2d56f4201fb0be31cc400171a2615b34","name":"Claudio Looser","url":"https:\/\/www.swiss-retail.ch\/fr\/author\/claudiolooser\/"}]}},"_links":{"self":[{"href":"https:\/\/www.swiss-retail.ch\/fr\/wp-json\/wp\/v2\/posts\/6067"}],"collection":[{"href":"https:\/\/www.swiss-retail.ch\/fr\/wp-json\/wp\/v2\/posts"}],"about":[{"href":"https:\/\/www.swiss-retail.ch\/fr\/wp-json\/wp\/v2\/types\/post"}],"author":[{"embeddable":true,"href":"https:\/\/www.swiss-retail.ch\/fr\/wp-json\/wp\/v2\/users\/7"}],"replies":[{"embeddable":true,"href":"https:\/\/www.swiss-retail.ch\/fr\/wp-json\/wp\/v2\/comments?post=6067"}],"version-history":[{"count":3,"href":"https:\/\/www.swiss-retail.ch\/fr\/wp-json\/wp\/v2\/posts\/6067\/revisions"}],"predecessor-version":[{"id":6069,"href":"https:\/\/www.swiss-retail.ch\/fr\/wp-json\/wp\/v2\/posts\/6067\/revisions\/6069"}],"wp:featuredmedia":[{"embeddable":true,"href":"https:\/\/www.swiss-retail.ch\/fr\/wp-json\/wp\/v2\/media\/5658"}],"wp:attachment":[{"href":"https:\/\/www.swiss-retail.ch\/fr\/wp-json\/wp\/v2\/media?parent=6067"}],"wp:term":[{"taxonomy":"category","embeddable":true,"href":"https:\/\/www.swiss-retail.ch\/fr\/wp-json\/wp\/v2\/categories?post=6067"},{"taxonomy":"post_tag","embeddable":true,"href":"https:\/\/www.swiss-retail.ch\/fr\/wp-json\/wp\/v2\/tags?post=6067"}],"curies":[{"name":"wp","href":"https:\/\/api.w.org\/{rel}","templated":true}]}}