{"id":6146,"date":"2018-02-26T16:18:05","date_gmt":"2018-02-26T15:18:05","guid":{"rendered":"http:\/\/www.swiss-retail.ch\/?p=6146"},"modified":"2018-02-26T16:18:05","modified_gmt":"2018-02-26T15:18:05","slug":"article-de-handel-heute-sur-la-representation-politique-des-interets-de-swiss-retail","status":"publish","type":"post","link":"https:\/\/www.swiss-retail.ch\/fr\/news-fr\/article-de-handel-heute-sur-la-representation-politique-des-interets-de-swiss-retail\/","title":{"rendered":"Article de \u00abHandel heute\u00bb sur la repr\u00e9sentation politique des int\u00e9r\u00eats de Swiss Retail"},"content":{"rendered":"<div class=\"flex_column av_one_full  flex_column_div av-zero-column-padding first  avia-builder-el-0  avia-builder-el-no-sibling  \" style='border-radius:0px; '><p><div  style='height:50px' class='hr hr-invisible   avia-builder-el-1  el_before_av_textblock  avia-builder-el-first '><span class='hr-inner ' ><span class='hr-inner-style'><\/span><\/span><\/div><br \/>\n<section class=\"av_textblock_section \"  itemscope=\"itemscope\" itemtype=\"https:\/\/schema.org\/BlogPosting\" itemprop=\"blogPost\" ><div class='avia_textblock  '   itemprop=\"text\" ><h2 style=\"text-align: center;\">Article de \u00abHandel heute\u00bb sur la repr\u00e9sentation politique des int\u00e9r\u00eats de Swiss Retail<\/h2>\n<\/div><\/section><br \/>\n<div   class='hr hr-short hr-center   avia-builder-el-3  el_after_av_textblock  el_before_av_textblock '><span class='hr-inner ' ><span class='hr-inner-style'><\/span><\/span><\/div><br \/>\n<section class=\"av_textblock_section \"  itemscope=\"itemscope\" itemtype=\"https:\/\/schema.org\/BlogPosting\" itemprop=\"blogPost\" ><div class='avia_textblock  '   itemprop=\"text\" ><p>Le commerce de d\u00e9tail a besoin de stabilit\u00e9 et de s\u00e9curit\u00e9 juridique, tout comme de retenue et de discipline en mati\u00e8re de r\u00e9glementations et de politique financi\u00e8re. Sur le plan politique, Swiss Retail se bat pour que les besoins de la branche soient compris et reconnus. Dans la revue sp\u00e9cialis\u00e9e \u00ab\u00a0Handel heute\u00bb, la directrice de Swiss Retail Dagmar Jenni expose les principaux th\u00e8mes et activit\u00e9s de l&rsquo;association li\u00e9s \u00e0 la d\u00e9fense politique de ses int\u00e9r\u00eats. Vers l&rsquo;article, disponible en <a href=\"http:\/\/www.swiss-retail.ch\/wp-content\/uploads\/2018\/02\/handel_heute_interessenvertetung.pdf\" target=\"_blank\" rel=\"noopener\">format PDF<\/a> (seulement an allemand).<\/p>\n<\/div><\/section><\/p><\/div>\n","protected":false},"excerpt":{"rendered":"","protected":false},"author":7,"featured_media":6143,"comment_status":"closed","ping_status":"closed","sticky":false,"template":"","format":"standard","meta":[],"categories":[64,72],"tags":[],"yoast_head":"<!-- This site is optimized with the Yoast SEO plugin v18.5.1 - https:\/\/yoast.com\/wordpress\/plugins\/seo\/ -->\n<title>Article de \u00abHandel heute\u00bb sur la repr\u00e9sentation politique des int\u00e9r\u00eats de Swiss Retail -<\/title>\n<meta name=\"robots\" content=\"index, follow, max-snippet:-1, max-image-preview:large, max-video-preview:-1\" \/>\n<link rel=\"canonical\" href=\"https:\/\/www.swiss-retail.ch\/fr\/news-fr\/article-de-handel-heute-sur-la-representation-politique-des-interets-de-swiss-retail\/\" \/>\n<meta property=\"og:locale\" content=\"fr_FR\" \/>\n<meta property=\"og:type\" content=\"article\" \/>\n<meta property=\"og:title\" content=\"Article de \u00abHandel heute\u00bb sur la repr\u00e9sentation politique des int\u00e9r\u00eats de Swiss Retail -\" \/>\n<meta property=\"og:url\" content=\"https:\/\/www.swiss-retail.ch\/fr\/news-fr\/article-de-handel-heute-sur-la-representation-politique-des-interets-de-swiss-retail\/\" \/>\n<meta property=\"article:published_time\" content=\"2018-02-26T15:18:05+00:00\" \/>\n<meta property=\"og:image\" content=\"https:\/\/www.swiss-retail.ch\/wp-content\/uploads\/2018\/02\/Handel-heute.png\" \/>\n\t<meta property=\"og:image:width\" content=\"660\" \/>\n\t<meta property=\"og:image:height\" content=\"526\" \/>\n\t<meta property=\"og:image:type\" content=\"image\/png\" \/>\n<meta name=\"twitter:card\" content=\"summary_large_image\" \/>\n<meta name=\"twitter:label1\" content=\"\u00c9crit par\" \/>\n\t<meta name=\"twitter:data1\" content=\"Claudio Looser\" \/>\n\t<meta name=\"twitter:label2\" content=\"Dur\u00e9e de lecture estim\u00e9e\" \/>\n\t<meta name=\"twitter:data2\" content=\"1 minute\" \/>\n<script type=\"application\/ld+json\" class=\"yoast-schema-graph\">{\"@context\":\"https:\/\/schema.org\",\"@graph\":[{\"@type\":\"WebSite\",\"@id\":\"https:\/\/www.swiss-retail.ch\/#website\",\"url\":\"https:\/\/www.swiss-retail.ch\/\",\"name\":\"\",\"description\":\"Verband der Mittel- und Grossbetriebe des schweizerischen Detailhandels\",\"potentialAction\":[{\"@type\":\"SearchAction\",\"target\":{\"@type\":\"EntryPoint\",\"urlTemplate\":\"https:\/\/www.swiss-retail.ch\/?s={search_term_string}\"},\"query-input\":\"required name=search_term_string\"}],\"inLanguage\":\"fr-FR\"},{\"@type\":\"ImageObject\",\"@id\":\"https:\/\/www.swiss-retail.ch\/fr\/news-fr\/article-de-handel-heute-sur-la-representation-politique-des-interets-de-swiss-retail\/#primaryimage\",\"inLanguage\":\"fr-FR\",\"url\":\"https:\/\/www.swiss-retail.ch\/wp-content\/uploads\/2018\/02\/Handel-heute.png\",\"contentUrl\":\"https:\/\/www.swiss-retail.ch\/wp-content\/uploads\/2018\/02\/Handel-heute.png\",\"width\":660,\"height\":526},{\"@type\":\"WebPage\",\"@id\":\"https:\/\/www.swiss-retail.ch\/fr\/news-fr\/article-de-handel-heute-sur-la-representation-politique-des-interets-de-swiss-retail\/#webpage\",\"url\":\"https:\/\/www.swiss-retail.ch\/fr\/news-fr\/article-de-handel-heute-sur-la-representation-politique-des-interets-de-swiss-retail\/\",\"name\":\"Article de \u00abHandel heute\u00bb sur la repr\u00e9sentation politique des int\u00e9r\u00eats de Swiss Retail -\",\"isPartOf\":{\"@id\":\"https:\/\/www.swiss-retail.ch\/#website\"},\"primaryImageOfPage\":{\"@id\":\"https:\/\/www.swiss-retail.ch\/fr\/news-fr\/article-de-handel-heute-sur-la-representation-politique-des-interets-de-swiss-retail\/#primaryimage\"},\"datePublished\":\"2018-02-26T15:18:05+00:00\",\"dateModified\":\"2018-02-26T15:18:05+00:00\",\"author\":{\"@id\":\"https:\/\/www.swiss-retail.ch\/#\/schema\/person\/2d56f4201fb0be31cc400171a2615b34\"},\"breadcrumb\":{\"@id\":\"https:\/\/www.swiss-retail.ch\/fr\/news-fr\/article-de-handel-heute-sur-la-representation-politique-des-interets-de-swiss-retail\/#breadcrumb\"},\"inLanguage\":\"fr-FR\",\"potentialAction\":[{\"@type\":\"ReadAction\",\"target\":[\"https:\/\/www.swiss-retail.ch\/fr\/news-fr\/article-de-handel-heute-sur-la-representation-politique-des-interets-de-swiss-retail\/\"]}]},{\"@type\":\"BreadcrumbList\",\"@id\":\"https:\/\/www.swiss-retail.ch\/fr\/news-fr\/article-de-handel-heute-sur-la-representation-politique-des-interets-de-swiss-retail\/#breadcrumb\",\"itemListElement\":[{\"@type\":\"ListItem\",\"position\":1,\"name\":\"Startseite\",\"item\":\"https:\/\/www.swiss-retail.ch\/fr\/homepage\/\"},{\"@type\":\"ListItem\",\"position\":2,\"name\":\"Article de \u00abHandel heute\u00bb sur la repr\u00e9sentation politique des int\u00e9r\u00eats de Swiss Retail\"}]},{\"@type\":\"Person\",\"@id\":\"https:\/\/www.swiss-retail.ch\/#\/schema\/person\/2d56f4201fb0be31cc400171a2615b34\",\"name\":\"Claudio Looser\",\"url\":\"https:\/\/www.swiss-retail.ch\/fr\/author\/claudiolooser\/\"}]}<\/script>\n<!-- \/ Yoast SEO plugin. -->","yoast_head_json":{"title":"Article de \u00abHandel heute\u00bb sur la repr\u00e9sentation politique des int\u00e9r\u00eats de Swiss Retail -","robots":{"index":"index","follow":"follow","max-snippet":"max-snippet:-1","max-image-preview":"max-image-preview:large","max-video-preview":"max-video-preview:-1"},"canonical":"https:\/\/www.swiss-retail.ch\/fr\/news-fr\/article-de-handel-heute-sur-la-representation-politique-des-interets-de-swiss-retail\/","og_locale":"fr_FR","og_type":"article","og_title":"Article de \u00abHandel heute\u00bb sur la repr\u00e9sentation politique des int\u00e9r\u00eats de Swiss Retail -","og_url":"https:\/\/www.swiss-retail.ch\/fr\/news-fr\/article-de-handel-heute-sur-la-representation-politique-des-interets-de-swiss-retail\/","article_published_time":"2018-02-26T15:18:05+00:00","og_image":[{"width":660,"height":526,"url":"https:\/\/www.swiss-retail.ch\/wp-content\/uploads\/2018\/02\/Handel-heute.png","type":"image\/png"}],"twitter_card":"summary_large_image","twitter_misc":{"\u00c9crit par":"Claudio Looser","Dur\u00e9e de lecture estim\u00e9e":"1 minute"},"schema":{"@context":"https:\/\/schema.org","@graph":[{"@type":"WebSite","@id":"https:\/\/www.swiss-retail.ch\/#website","url":"https:\/\/www.swiss-retail.ch\/","name":"","description":"Verband der Mittel- und Grossbetriebe des schweizerischen Detailhandels","potentialAction":[{"@type":"SearchAction","target":{"@type":"EntryPoint","urlTemplate":"https:\/\/www.swiss-retail.ch\/?s={search_term_string}"},"query-input":"required name=search_term_string"}],"inLanguage":"fr-FR"},{"@type":"ImageObject","@id":"https:\/\/www.swiss-retail.ch\/fr\/news-fr\/article-de-handel-heute-sur-la-representation-politique-des-interets-de-swiss-retail\/#primaryimage","inLanguage":"fr-FR","url":"https:\/\/www.swiss-retail.ch\/wp-content\/uploads\/2018\/02\/Handel-heute.png","contentUrl":"https:\/\/www.swiss-retail.ch\/wp-content\/uploads\/2018\/02\/Handel-heute.png","width":660,"height":526},{"@type":"WebPage","@id":"https:\/\/www.swiss-retail.ch\/fr\/news-fr\/article-de-handel-heute-sur-la-representation-politique-des-interets-de-swiss-retail\/#webpage","url":"https:\/\/www.swiss-retail.ch\/fr\/news-fr\/article-de-handel-heute-sur-la-representation-politique-des-interets-de-swiss-retail\/","name":"Article de \u00abHandel heute\u00bb sur la repr\u00e9sentation politique des int\u00e9r\u00eats de Swiss Retail -","isPartOf":{"@id":"https:\/\/www.swiss-retail.ch\/#website"},"primaryImageOfPage":{"@id":"https:\/\/www.swiss-retail.ch\/fr\/news-fr\/article-de-handel-heute-sur-la-representation-politique-des-interets-de-swiss-retail\/#primaryimage"},"datePublished":"2018-02-26T15:18:05+00:00","dateModified":"2018-02-26T15:18:05+00:00","author":{"@id":"https:\/\/www.swiss-retail.ch\/#\/schema\/person\/2d56f4201fb0be31cc400171a2615b34"},"breadcrumb":{"@id":"https:\/\/www.swiss-retail.ch\/fr\/news-fr\/article-de-handel-heute-sur-la-representation-politique-des-interets-de-swiss-retail\/#breadcrumb"},"inLanguage":"fr-FR","potentialAction":[{"@type":"ReadAction","target":["https:\/\/www.swiss-retail.ch\/fr\/news-fr\/article-de-handel-heute-sur-la-representation-politique-des-interets-de-swiss-retail\/"]}]},{"@type":"BreadcrumbList","@id":"https:\/\/www.swiss-retail.ch\/fr\/news-fr\/article-de-handel-heute-sur-la-representation-politique-des-interets-de-swiss-retail\/#breadcrumb","itemListElement":[{"@type":"ListItem","position":1,"name":"Startseite","item":"https:\/\/www.swiss-retail.ch\/fr\/homepage\/"},{"@type":"ListItem","position":2,"name":"Article de \u00abHandel heute\u00bb sur la repr\u00e9sentation politique des int\u00e9r\u00eats de Swiss Retail"}]},{"@type":"Person","@id":"https:\/\/www.swiss-retail.ch\/#\/schema\/person\/2d56f4201fb0be31cc400171a2615b34","name":"Claudio Looser","url":"https:\/\/www.swiss-retail.ch\/fr\/author\/claudiolooser\/"}]}},"_links":{"self":[{"href":"https:\/\/www.swiss-retail.ch\/fr\/wp-json\/wp\/v2\/posts\/6146"}],"collection":[{"href":"https:\/\/www.swiss-retail.ch\/fr\/wp-json\/wp\/v2\/posts"}],"about":[{"href":"https:\/\/www.swiss-retail.ch\/fr\/wp-json\/wp\/v2\/types\/post"}],"author":[{"embeddable":true,"href":"https:\/\/www.swiss-retail.ch\/fr\/wp-json\/wp\/v2\/users\/7"}],"replies":[{"embeddable":true,"href":"https:\/\/www.swiss-retail.ch\/fr\/wp-json\/wp\/v2\/comments?post=6146"}],"version-history":[{"count":2,"href":"https:\/\/www.swiss-retail.ch\/fr\/wp-json\/wp\/v2\/posts\/6146\/revisions"}],"predecessor-version":[{"id":6148,"href":"https:\/\/www.swiss-retail.ch\/fr\/wp-json\/wp\/v2\/posts\/6146\/revisions\/6148"}],"wp:featuredmedia":[{"embeddable":true,"href":"https:\/\/www.swiss-retail.ch\/fr\/wp-json\/wp\/v2\/media\/6143"}],"wp:attachment":[{"href":"https:\/\/www.swiss-retail.ch\/fr\/wp-json\/wp\/v2\/media?parent=6146"}],"wp:term":[{"taxonomy":"category","embeddable":true,"href":"https:\/\/www.swiss-retail.ch\/fr\/wp-json\/wp\/v2\/categories?post=6146"},{"taxonomy":"post_tag","embeddable":true,"href":"https:\/\/www.swiss-retail.ch\/fr\/wp-json\/wp\/v2\/tags?post=6146"}],"curies":[{"name":"wp","href":"https:\/\/api.w.org\/{rel}","templated":true}]}}