{"id":6239,"date":"2018-04-04T15:17:37","date_gmt":"2018-04-04T13:17:37","guid":{"rendered":"http:\/\/www.swiss-retail.ch\/?p=6239"},"modified":"2018-04-04T15:18:33","modified_gmt":"2018-04-04T13:18:33","slug":"les-chiffres-daffaires-du-commerce-de-detail-en-suisse-restent-inchanges-en-fevrier-2018","status":"publish","type":"post","link":"https:\/\/www.swiss-retail.ch\/fr\/news-fr\/les-chiffres-daffaires-du-commerce-de-detail-en-suisse-restent-inchanges-en-fevrier-2018\/","title":{"rendered":"Les chiffres d&rsquo;affaires du commerce de d\u00e9tail en Suisse restent inchang\u00e9s en f\u00e9vrier 2018"},"content":{"rendered":"<section class=\"av_textblock_section \"  itemscope=\"itemscope\" itemtype=\"https:\/\/schema.org\/BlogPosting\" itemprop=\"blogPost\" ><div class='avia_textblock  '   itemprop=\"text\" ><\/div><\/section>\n<div class=\"flex_column av_one_full  flex_column_div av-zero-column-padding first  avia-builder-el-1  el_after_av_textblock  avia-builder-el-last  column-top-margin\" style='border-radius:0px; '><p><div  style='height:50px' class='hr hr-invisible   avia-builder-el-2  el_before_av_textblock  avia-builder-el-first '><span class='hr-inner ' ><span class='hr-inner-style'><\/span><\/span><\/div><br \/>\n<section class=\"av_textblock_section \"  itemscope=\"itemscope\" itemtype=\"https:\/\/schema.org\/BlogPosting\" itemprop=\"blogPost\" ><div class='avia_textblock  '   itemprop=\"text\" ><h2 style=\"text-align: center;\">Les chiffres d&rsquo;affaires du commerce de d\u00e9tail en Suisse restent inchang\u00e9s en f\u00e9vrier 2018<\/h2>\n<\/div><\/section><br \/>\n<div   class='hr hr-short hr-center   avia-builder-el-4  el_after_av_textblock  el_before_av_textblock '><span class='hr-inner ' ><span class='hr-inner-style'><\/span><\/span><\/div><br \/>\n<section class=\"av_textblock_section \"  itemscope=\"itemscope\" itemtype=\"https:\/\/schema.org\/BlogPosting\" itemprop=\"blogPost\" ><div class='avia_textblock  '   itemprop=\"text\" ><p>Les chiffres d&rsquo;affaires du commerce de d\u00e9tail en Suisse n&rsquo;ont pas vari\u00e9 en termes nominaux en f\u00e9vrier 2018 par rapport \u00e0 f\u00e9vrier 2017. Corrig\u00e9s des variations saisonni\u00e8res, les chiffres d&rsquo;affaires nominaux du commerce de d\u00e9tail ont progress\u00e9 de 0,3% par rapport au mois pr\u00e9c\u00e9dent. Ce sont l\u00e0 quelques r\u00e9sultats provisoires de l&rsquo;Office f\u00e9d\u00e9ral de la statistique (OFS). Vous trouverez davantage d\u2019informations dans le <a href=\"https:\/\/www.bfs.admin.ch\/bfs\/fr\/home\/actualites\/quoi-de-neuf.assetdetail.4922043.html\" target=\"_blank\" rel=\"noopener\">Communiqu\u00e9 de presse de l\u2019Office f\u00e9d\u00e9ral de la statistique.<\/a><\/p>\n<\/div><\/section><\/p><\/div>\n","protected":false},"excerpt":{"rendered":"","protected":false},"author":7,"featured_media":3572,"comment_status":"closed","ping_status":"closed","sticky":false,"template":"","format":"standard","meta":[],"categories":[64],"tags":[],"yoast_head":"<!-- This site is optimized with the Yoast SEO plugin v18.5.1 - https:\/\/yoast.com\/wordpress\/plugins\/seo\/ -->\n<title>Les chiffres d&#039;affaires du commerce de d\u00e9tail en Suisse restent inchang\u00e9s en f\u00e9vrier 2018 -<\/title>\n<meta name=\"robots\" content=\"index, follow, max-snippet:-1, max-image-preview:large, max-video-preview:-1\" \/>\n<link rel=\"canonical\" href=\"https:\/\/www.swiss-retail.ch\/fr\/news-fr\/les-chiffres-daffaires-du-commerce-de-detail-en-suisse-restent-inchanges-en-fevrier-2018\/\" \/>\n<meta property=\"og:locale\" content=\"fr_FR\" \/>\n<meta property=\"og:type\" content=\"article\" \/>\n<meta property=\"og:title\" content=\"Les chiffres d&#039;affaires du commerce de d\u00e9tail en Suisse restent inchang\u00e9s en f\u00e9vrier 2018 -\" \/>\n<meta property=\"og:url\" content=\"https:\/\/www.swiss-retail.ch\/fr\/news-fr\/les-chiffres-daffaires-du-commerce-de-detail-en-suisse-restent-inchanges-en-fevrier-2018\/\" \/>\n<meta property=\"article:published_time\" content=\"2018-04-04T13:17:37+00:00\" \/>\n<meta property=\"article:modified_time\" content=\"2018-04-04T13:18:33+00:00\" \/>\n<meta property=\"og:image\" content=\"https:\/\/www.swiss-retail.ch\/wp-content\/uploads\/2017\/02\/swissretail_dienstleistung_interessenvertretung.jpg\" \/>\n\t<meta property=\"og:image:width\" content=\"660\" \/>\n\t<meta property=\"og:image:height\" content=\"526\" \/>\n\t<meta property=\"og:image:type\" content=\"image\/jpeg\" \/>\n<meta name=\"twitter:card\" content=\"summary_large_image\" \/>\n<meta name=\"twitter:label1\" content=\"\u00c9crit par\" \/>\n\t<meta name=\"twitter:data1\" content=\"Claudio Looser\" \/>\n\t<meta name=\"twitter:label2\" content=\"Dur\u00e9e de lecture estim\u00e9e\" \/>\n\t<meta name=\"twitter:data2\" content=\"1 minute\" \/>\n<script type=\"application\/ld+json\" class=\"yoast-schema-graph\">{\"@context\":\"https:\/\/schema.org\",\"@graph\":[{\"@type\":\"WebSite\",\"@id\":\"https:\/\/www.swiss-retail.ch\/#website\",\"url\":\"https:\/\/www.swiss-retail.ch\/\",\"name\":\"\",\"description\":\"Verband der Mittel- und Grossbetriebe des schweizerischen Detailhandels\",\"potentialAction\":[{\"@type\":\"SearchAction\",\"target\":{\"@type\":\"EntryPoint\",\"urlTemplate\":\"https:\/\/www.swiss-retail.ch\/?s={search_term_string}\"},\"query-input\":\"required name=search_term_string\"}],\"inLanguage\":\"fr-FR\"},{\"@type\":\"ImageObject\",\"@id\":\"https:\/\/www.swiss-retail.ch\/fr\/news-fr\/les-chiffres-daffaires-du-commerce-de-detail-en-suisse-restent-inchanges-en-fevrier-2018\/#primaryimage\",\"inLanguage\":\"fr-FR\",\"url\":\"https:\/\/www.swiss-retail.ch\/wp-content\/uploads\/2017\/02\/swissretail_dienstleistung_interessenvertretung.jpg\",\"contentUrl\":\"https:\/\/www.swiss-retail.ch\/wp-content\/uploads\/2017\/02\/swissretail_dienstleistung_interessenvertretung.jpg\",\"width\":660,\"height\":526},{\"@type\":\"WebPage\",\"@id\":\"https:\/\/www.swiss-retail.ch\/fr\/news-fr\/les-chiffres-daffaires-du-commerce-de-detail-en-suisse-restent-inchanges-en-fevrier-2018\/#webpage\",\"url\":\"https:\/\/www.swiss-retail.ch\/fr\/news-fr\/les-chiffres-daffaires-du-commerce-de-detail-en-suisse-restent-inchanges-en-fevrier-2018\/\",\"name\":\"Les chiffres d'affaires du commerce de d\u00e9tail en Suisse restent inchang\u00e9s en f\u00e9vrier 2018 -\",\"isPartOf\":{\"@id\":\"https:\/\/www.swiss-retail.ch\/#website\"},\"primaryImageOfPage\":{\"@id\":\"https:\/\/www.swiss-retail.ch\/fr\/news-fr\/les-chiffres-daffaires-du-commerce-de-detail-en-suisse-restent-inchanges-en-fevrier-2018\/#primaryimage\"},\"datePublished\":\"2018-04-04T13:17:37+00:00\",\"dateModified\":\"2018-04-04T13:18:33+00:00\",\"author\":{\"@id\":\"https:\/\/www.swiss-retail.ch\/#\/schema\/person\/2d56f4201fb0be31cc400171a2615b34\"},\"breadcrumb\":{\"@id\":\"https:\/\/www.swiss-retail.ch\/fr\/news-fr\/les-chiffres-daffaires-du-commerce-de-detail-en-suisse-restent-inchanges-en-fevrier-2018\/#breadcrumb\"},\"inLanguage\":\"fr-FR\",\"potentialAction\":[{\"@type\":\"ReadAction\",\"target\":[\"https:\/\/www.swiss-retail.ch\/fr\/news-fr\/les-chiffres-daffaires-du-commerce-de-detail-en-suisse-restent-inchanges-en-fevrier-2018\/\"]}]},{\"@type\":\"BreadcrumbList\",\"@id\":\"https:\/\/www.swiss-retail.ch\/fr\/news-fr\/les-chiffres-daffaires-du-commerce-de-detail-en-suisse-restent-inchanges-en-fevrier-2018\/#breadcrumb\",\"itemListElement\":[{\"@type\":\"ListItem\",\"position\":1,\"name\":\"Startseite\",\"item\":\"https:\/\/www.swiss-retail.ch\/fr\/homepage\/\"},{\"@type\":\"ListItem\",\"position\":2,\"name\":\"Les chiffres d&rsquo;affaires du commerce de d\u00e9tail en Suisse restent inchang\u00e9s en f\u00e9vrier 2018\"}]},{\"@type\":\"Person\",\"@id\":\"https:\/\/www.swiss-retail.ch\/#\/schema\/person\/2d56f4201fb0be31cc400171a2615b34\",\"name\":\"Claudio Looser\",\"url\":\"https:\/\/www.swiss-retail.ch\/fr\/author\/claudiolooser\/\"}]}<\/script>\n<!-- \/ Yoast SEO plugin. -->","yoast_head_json":{"title":"Les chiffres d'affaires du commerce de d\u00e9tail en Suisse restent inchang\u00e9s en f\u00e9vrier 2018 -","robots":{"index":"index","follow":"follow","max-snippet":"max-snippet:-1","max-image-preview":"max-image-preview:large","max-video-preview":"max-video-preview:-1"},"canonical":"https:\/\/www.swiss-retail.ch\/fr\/news-fr\/les-chiffres-daffaires-du-commerce-de-detail-en-suisse-restent-inchanges-en-fevrier-2018\/","og_locale":"fr_FR","og_type":"article","og_title":"Les chiffres d'affaires du commerce de d\u00e9tail en Suisse restent inchang\u00e9s en f\u00e9vrier 2018 -","og_url":"https:\/\/www.swiss-retail.ch\/fr\/news-fr\/les-chiffres-daffaires-du-commerce-de-detail-en-suisse-restent-inchanges-en-fevrier-2018\/","article_published_time":"2018-04-04T13:17:37+00:00","article_modified_time":"2018-04-04T13:18:33+00:00","og_image":[{"width":660,"height":526,"url":"https:\/\/www.swiss-retail.ch\/wp-content\/uploads\/2017\/02\/swissretail_dienstleistung_interessenvertretung.jpg","type":"image\/jpeg"}],"twitter_card":"summary_large_image","twitter_misc":{"\u00c9crit par":"Claudio Looser","Dur\u00e9e de lecture estim\u00e9e":"1 minute"},"schema":{"@context":"https:\/\/schema.org","@graph":[{"@type":"WebSite","@id":"https:\/\/www.swiss-retail.ch\/#website","url":"https:\/\/www.swiss-retail.ch\/","name":"","description":"Verband der Mittel- und Grossbetriebe des schweizerischen Detailhandels","potentialAction":[{"@type":"SearchAction","target":{"@type":"EntryPoint","urlTemplate":"https:\/\/www.swiss-retail.ch\/?s={search_term_string}"},"query-input":"required name=search_term_string"}],"inLanguage":"fr-FR"},{"@type":"ImageObject","@id":"https:\/\/www.swiss-retail.ch\/fr\/news-fr\/les-chiffres-daffaires-du-commerce-de-detail-en-suisse-restent-inchanges-en-fevrier-2018\/#primaryimage","inLanguage":"fr-FR","url":"https:\/\/www.swiss-retail.ch\/wp-content\/uploads\/2017\/02\/swissretail_dienstleistung_interessenvertretung.jpg","contentUrl":"https:\/\/www.swiss-retail.ch\/wp-content\/uploads\/2017\/02\/swissretail_dienstleistung_interessenvertretung.jpg","width":660,"height":526},{"@type":"WebPage","@id":"https:\/\/www.swiss-retail.ch\/fr\/news-fr\/les-chiffres-daffaires-du-commerce-de-detail-en-suisse-restent-inchanges-en-fevrier-2018\/#webpage","url":"https:\/\/www.swiss-retail.ch\/fr\/news-fr\/les-chiffres-daffaires-du-commerce-de-detail-en-suisse-restent-inchanges-en-fevrier-2018\/","name":"Les chiffres d'affaires du commerce de d\u00e9tail en Suisse restent inchang\u00e9s en f\u00e9vrier 2018 -","isPartOf":{"@id":"https:\/\/www.swiss-retail.ch\/#website"},"primaryImageOfPage":{"@id":"https:\/\/www.swiss-retail.ch\/fr\/news-fr\/les-chiffres-daffaires-du-commerce-de-detail-en-suisse-restent-inchanges-en-fevrier-2018\/#primaryimage"},"datePublished":"2018-04-04T13:17:37+00:00","dateModified":"2018-04-04T13:18:33+00:00","author":{"@id":"https:\/\/www.swiss-retail.ch\/#\/schema\/person\/2d56f4201fb0be31cc400171a2615b34"},"breadcrumb":{"@id":"https:\/\/www.swiss-retail.ch\/fr\/news-fr\/les-chiffres-daffaires-du-commerce-de-detail-en-suisse-restent-inchanges-en-fevrier-2018\/#breadcrumb"},"inLanguage":"fr-FR","potentialAction":[{"@type":"ReadAction","target":["https:\/\/www.swiss-retail.ch\/fr\/news-fr\/les-chiffres-daffaires-du-commerce-de-detail-en-suisse-restent-inchanges-en-fevrier-2018\/"]}]},{"@type":"BreadcrumbList","@id":"https:\/\/www.swiss-retail.ch\/fr\/news-fr\/les-chiffres-daffaires-du-commerce-de-detail-en-suisse-restent-inchanges-en-fevrier-2018\/#breadcrumb","itemListElement":[{"@type":"ListItem","position":1,"name":"Startseite","item":"https:\/\/www.swiss-retail.ch\/fr\/homepage\/"},{"@type":"ListItem","position":2,"name":"Les chiffres d&rsquo;affaires du commerce de d\u00e9tail en Suisse restent inchang\u00e9s en f\u00e9vrier 2018"}]},{"@type":"Person","@id":"https:\/\/www.swiss-retail.ch\/#\/schema\/person\/2d56f4201fb0be31cc400171a2615b34","name":"Claudio Looser","url":"https:\/\/www.swiss-retail.ch\/fr\/author\/claudiolooser\/"}]}},"_links":{"self":[{"href":"https:\/\/www.swiss-retail.ch\/fr\/wp-json\/wp\/v2\/posts\/6239"}],"collection":[{"href":"https:\/\/www.swiss-retail.ch\/fr\/wp-json\/wp\/v2\/posts"}],"about":[{"href":"https:\/\/www.swiss-retail.ch\/fr\/wp-json\/wp\/v2\/types\/post"}],"author":[{"embeddable":true,"href":"https:\/\/www.swiss-retail.ch\/fr\/wp-json\/wp\/v2\/users\/7"}],"replies":[{"embeddable":true,"href":"https:\/\/www.swiss-retail.ch\/fr\/wp-json\/wp\/v2\/comments?post=6239"}],"version-history":[{"count":2,"href":"https:\/\/www.swiss-retail.ch\/fr\/wp-json\/wp\/v2\/posts\/6239\/revisions"}],"predecessor-version":[{"id":6241,"href":"https:\/\/www.swiss-retail.ch\/fr\/wp-json\/wp\/v2\/posts\/6239\/revisions\/6241"}],"wp:featuredmedia":[{"embeddable":true,"href":"https:\/\/www.swiss-retail.ch\/fr\/wp-json\/wp\/v2\/media\/3572"}],"wp:attachment":[{"href":"https:\/\/www.swiss-retail.ch\/fr\/wp-json\/wp\/v2\/media?parent=6239"}],"wp:term":[{"taxonomy":"category","embeddable":true,"href":"https:\/\/www.swiss-retail.ch\/fr\/wp-json\/wp\/v2\/categories?post=6239"},{"taxonomy":"post_tag","embeddable":true,"href":"https:\/\/www.swiss-retail.ch\/fr\/wp-json\/wp\/v2\/tags?post=6239"}],"curies":[{"name":"wp","href":"https:\/\/api.w.org\/{rel}","templated":true}]}}