{"id":6261,"date":"2018-04-10T08:30:02","date_gmt":"2018-04-10T06:30:02","guid":{"rendered":"http:\/\/www.swiss-retail.ch\/?p=6261"},"modified":"2018-04-10T08:06:53","modified_gmt":"2018-04-10T06:06:53","slug":"lobjectif-de-reduction-des-sacs-plastiques-jetables-est-deja-depasse","status":"publish","type":"post","link":"https:\/\/www.swiss-retail.ch\/fr\/news-fr\/lobjectif-de-reduction-des-sacs-plastiques-jetables-est-deja-depasse\/","title":{"rendered":"L&rsquo;objectif de r\u00e9duction des sacs plastiques jetables est d\u00e9j\u00e0 d\u00e9pass\u00e9"},"content":{"rendered":"<div class=\"flex_column av_one_full  flex_column_div av-zero-column-padding first  avia-builder-el-0  avia-builder-el-no-sibling  \" style='border-radius:0px; '><p><div  style='height:50px' class='hr hr-invisible   avia-builder-el-1  el_before_av_textblock  avia-builder-el-first '><span class='hr-inner ' ><span class='hr-inner-style'><\/span><\/span><\/div><br \/>\n<section class=\"av_textblock_section \"  itemscope=\"itemscope\" itemtype=\"https:\/\/schema.org\/BlogPosting\" itemprop=\"blogPost\" ><div class='avia_textblock  '   itemprop=\"text\" ><h2 style=\"text-align: center;\">L&rsquo;objectif de r\u00e9duction des sacs plastiques jetables est d\u00e9j\u00e0 d\u00e9pass\u00e9<\/h2>\n<\/div><\/section><br \/>\n<div   class='hr hr-short hr-center   avia-builder-el-3  el_after_av_textblock  el_before_av_textblock '><span class='hr-inner ' ><span class='hr-inner-style'><\/span><\/span><\/div><br \/>\n<section class=\"av_textblock_section \"  itemscope=\"itemscope\" itemtype=\"https:\/\/schema.org\/BlogPosting\" itemprop=\"blogPost\" ><div class='avia_textblock  '   itemprop=\"text\" ><p>En 2017, la consommation de sacs plastiques jetables s&rsquo;est r\u00e9duite de plus de 84 pour-cent par rapport \u00e0 2016. C&rsquo;est ce qu&rsquo;indiquent les chiffres relev\u00e9s dans le cadre d&rsquo;une convention de branche destin\u00e9e \u00e0 diminuer le volume des d\u00e9chets de plastique.<\/p>\n<p>En octobre 2016, Swiss Retail Federation et la CI commerce de d\u00e9tail suisse signaient la \u00ab\u00a0Convention de branche visant \u00e0 diminuer la consommation de sacs plastiques jetables\u00a0\u00bb. A ce jour, plus de 30 entreprises du commerce de d\u00e9tail alimentaire y ont adh\u00e9r\u00e9. Cet accord se proposait de faire baisser de 70 \u00e0 80 pour-cent, d&rsquo;ici \u00e0 2025, le nombre de sacs plastiques jetables remis aux caisses des magasins vendant principalement des denr\u00e9es alimentaires, gr\u00e2ce surtout \u00e0 l&rsquo;engagement des entreprises signataires de ne plus les distribuer gratuitement aux clients d\u00e8s le d\u00e9but de 2018.<\/p>\n<p>Or, selon les chiffres relev\u00e9s par les signataires, 417&rsquo;781&rsquo;000 sacs plastiques jetables ont \u00e9t\u00e9 remis aux clients en 2016, contre 66&rsquo;112\u2019000 en 2017, ce qui correspond \u00e0 une baisse d\u2019environ 84 pour cent. Le but de la r\u00e9duction a donc \u00e9t\u00e9 atteint &#8211; et d\u00e9pass\u00e9 &#8211; plus vite que pr\u00e9vu, avant que l&rsquo;engagement volontaire pris dans le cadre de la convention de branche n&rsquo;ait pu d\u00e9ployer tous ses effets.<\/p>\n<p>La branche du commerce de d\u00e9tail avait sign\u00e9 cette convention pour \u00e9viter l&rsquo;interdiction pure et simple r\u00e9clam\u00e9e par la motion \u00ab\u00a0Halte \u00e0 la pollution des sacs plastiques\u00a0\u00bb et proposer en \u00e9change une voie pragmatique et conviviale conduisant \u00e0 l&rsquo;objectif d&rsquo;une diminution des d\u00e9chets de plastique. Ces chiffres montrent donc qu&rsquo;une solution fond\u00e9e sur le volontariat a permis d&rsquo;obtenir en un temps tr\u00e8s court une r\u00e9duction massive de ces d\u00e9chets.<\/p>\n<\/div><\/section><\/p><\/div>\n","protected":false},"excerpt":{"rendered":"","protected":false},"author":7,"featured_media":6260,"comment_status":"closed","ping_status":"closed","sticky":false,"template":"","format":"standard","meta":[],"categories":[69,64],"tags":[],"yoast_head":"<!-- This site is optimized with the Yoast SEO plugin v18.5.1 - https:\/\/yoast.com\/wordpress\/plugins\/seo\/ -->\n<title>L&#039;objectif de r\u00e9duction des sacs plastiques jetables est d\u00e9j\u00e0 d\u00e9pass\u00e9 -<\/title>\n<meta name=\"robots\" content=\"index, follow, max-snippet:-1, max-image-preview:large, max-video-preview:-1\" \/>\n<link rel=\"canonical\" href=\"https:\/\/www.swiss-retail.ch\/fr\/news-fr\/lobjectif-de-reduction-des-sacs-plastiques-jetables-est-deja-depasse\/\" \/>\n<meta property=\"og:locale\" content=\"fr_FR\" \/>\n<meta property=\"og:type\" content=\"article\" \/>\n<meta property=\"og:title\" content=\"L&#039;objectif de r\u00e9duction des sacs plastiques jetables est d\u00e9j\u00e0 d\u00e9pass\u00e9 -\" \/>\n<meta property=\"og:url\" content=\"https:\/\/www.swiss-retail.ch\/fr\/news-fr\/lobjectif-de-reduction-des-sacs-plastiques-jetables-est-deja-depasse\/\" \/>\n<meta property=\"article:published_time\" content=\"2018-04-10T06:30:02+00:00\" \/>\n<meta property=\"article:modified_time\" content=\"2018-04-10T06:06:53+00:00\" \/>\n<meta property=\"og:image\" content=\"https:\/\/www.swiss-retail.ch\/wp-content\/uploads\/2018\/04\/PlastikSaeke.jpg\" \/>\n\t<meta property=\"og:image:width\" content=\"660\" \/>\n\t<meta property=\"og:image:height\" content=\"526\" \/>\n\t<meta property=\"og:image:type\" content=\"image\/jpeg\" \/>\n<meta name=\"twitter:card\" content=\"summary_large_image\" \/>\n<meta name=\"twitter:label1\" content=\"\u00c9crit par\" \/>\n\t<meta name=\"twitter:data1\" content=\"Claudio Looser\" \/>\n\t<meta name=\"twitter:label2\" content=\"Dur\u00e9e de lecture estim\u00e9e\" \/>\n\t<meta name=\"twitter:data2\" content=\"2 minutes\" \/>\n<script type=\"application\/ld+json\" class=\"yoast-schema-graph\">{\"@context\":\"https:\/\/schema.org\",\"@graph\":[{\"@type\":\"WebSite\",\"@id\":\"https:\/\/www.swiss-retail.ch\/#website\",\"url\":\"https:\/\/www.swiss-retail.ch\/\",\"name\":\"\",\"description\":\"Verband der Mittel- und Grossbetriebe des schweizerischen Detailhandels\",\"potentialAction\":[{\"@type\":\"SearchAction\",\"target\":{\"@type\":\"EntryPoint\",\"urlTemplate\":\"https:\/\/www.swiss-retail.ch\/?s={search_term_string}\"},\"query-input\":\"required name=search_term_string\"}],\"inLanguage\":\"fr-FR\"},{\"@type\":\"ImageObject\",\"@id\":\"https:\/\/www.swiss-retail.ch\/fr\/news-fr\/lobjectif-de-reduction-des-sacs-plastiques-jetables-est-deja-depasse\/#primaryimage\",\"inLanguage\":\"fr-FR\",\"url\":\"https:\/\/www.swiss-retail.ch\/wp-content\/uploads\/2018\/04\/PlastikSaeke.jpg\",\"contentUrl\":\"https:\/\/www.swiss-retail.ch\/wp-content\/uploads\/2018\/04\/PlastikSaeke.jpg\",\"width\":660,\"height\":526},{\"@type\":\"WebPage\",\"@id\":\"https:\/\/www.swiss-retail.ch\/fr\/news-fr\/lobjectif-de-reduction-des-sacs-plastiques-jetables-est-deja-depasse\/#webpage\",\"url\":\"https:\/\/www.swiss-retail.ch\/fr\/news-fr\/lobjectif-de-reduction-des-sacs-plastiques-jetables-est-deja-depasse\/\",\"name\":\"L'objectif de r\u00e9duction des sacs plastiques jetables est d\u00e9j\u00e0 d\u00e9pass\u00e9 -\",\"isPartOf\":{\"@id\":\"https:\/\/www.swiss-retail.ch\/#website\"},\"primaryImageOfPage\":{\"@id\":\"https:\/\/www.swiss-retail.ch\/fr\/news-fr\/lobjectif-de-reduction-des-sacs-plastiques-jetables-est-deja-depasse\/#primaryimage\"},\"datePublished\":\"2018-04-10T06:30:02+00:00\",\"dateModified\":\"2018-04-10T06:06:53+00:00\",\"author\":{\"@id\":\"https:\/\/www.swiss-retail.ch\/#\/schema\/person\/2d56f4201fb0be31cc400171a2615b34\"},\"breadcrumb\":{\"@id\":\"https:\/\/www.swiss-retail.ch\/fr\/news-fr\/lobjectif-de-reduction-des-sacs-plastiques-jetables-est-deja-depasse\/#breadcrumb\"},\"inLanguage\":\"fr-FR\",\"potentialAction\":[{\"@type\":\"ReadAction\",\"target\":[\"https:\/\/www.swiss-retail.ch\/fr\/news-fr\/lobjectif-de-reduction-des-sacs-plastiques-jetables-est-deja-depasse\/\"]}]},{\"@type\":\"BreadcrumbList\",\"@id\":\"https:\/\/www.swiss-retail.ch\/fr\/news-fr\/lobjectif-de-reduction-des-sacs-plastiques-jetables-est-deja-depasse\/#breadcrumb\",\"itemListElement\":[{\"@type\":\"ListItem\",\"position\":1,\"name\":\"Startseite\",\"item\":\"https:\/\/www.swiss-retail.ch\/fr\/homepage\/\"},{\"@type\":\"ListItem\",\"position\":2,\"name\":\"L&rsquo;objectif de r\u00e9duction des sacs plastiques jetables est d\u00e9j\u00e0 d\u00e9pass\u00e9\"}]},{\"@type\":\"Person\",\"@id\":\"https:\/\/www.swiss-retail.ch\/#\/schema\/person\/2d56f4201fb0be31cc400171a2615b34\",\"name\":\"Claudio Looser\",\"url\":\"https:\/\/www.swiss-retail.ch\/fr\/author\/claudiolooser\/\"}]}<\/script>\n<!-- \/ Yoast SEO plugin. -->","yoast_head_json":{"title":"L'objectif de r\u00e9duction des sacs plastiques jetables est d\u00e9j\u00e0 d\u00e9pass\u00e9 -","robots":{"index":"index","follow":"follow","max-snippet":"max-snippet:-1","max-image-preview":"max-image-preview:large","max-video-preview":"max-video-preview:-1"},"canonical":"https:\/\/www.swiss-retail.ch\/fr\/news-fr\/lobjectif-de-reduction-des-sacs-plastiques-jetables-est-deja-depasse\/","og_locale":"fr_FR","og_type":"article","og_title":"L'objectif de r\u00e9duction des sacs plastiques jetables est d\u00e9j\u00e0 d\u00e9pass\u00e9 -","og_url":"https:\/\/www.swiss-retail.ch\/fr\/news-fr\/lobjectif-de-reduction-des-sacs-plastiques-jetables-est-deja-depasse\/","article_published_time":"2018-04-10T06:30:02+00:00","article_modified_time":"2018-04-10T06:06:53+00:00","og_image":[{"width":660,"height":526,"url":"https:\/\/www.swiss-retail.ch\/wp-content\/uploads\/2018\/04\/PlastikSaeke.jpg","type":"image\/jpeg"}],"twitter_card":"summary_large_image","twitter_misc":{"\u00c9crit par":"Claudio Looser","Dur\u00e9e de lecture estim\u00e9e":"2 minutes"},"schema":{"@context":"https:\/\/schema.org","@graph":[{"@type":"WebSite","@id":"https:\/\/www.swiss-retail.ch\/#website","url":"https:\/\/www.swiss-retail.ch\/","name":"","description":"Verband der Mittel- und Grossbetriebe des schweizerischen Detailhandels","potentialAction":[{"@type":"SearchAction","target":{"@type":"EntryPoint","urlTemplate":"https:\/\/www.swiss-retail.ch\/?s={search_term_string}"},"query-input":"required name=search_term_string"}],"inLanguage":"fr-FR"},{"@type":"ImageObject","@id":"https:\/\/www.swiss-retail.ch\/fr\/news-fr\/lobjectif-de-reduction-des-sacs-plastiques-jetables-est-deja-depasse\/#primaryimage","inLanguage":"fr-FR","url":"https:\/\/www.swiss-retail.ch\/wp-content\/uploads\/2018\/04\/PlastikSaeke.jpg","contentUrl":"https:\/\/www.swiss-retail.ch\/wp-content\/uploads\/2018\/04\/PlastikSaeke.jpg","width":660,"height":526},{"@type":"WebPage","@id":"https:\/\/www.swiss-retail.ch\/fr\/news-fr\/lobjectif-de-reduction-des-sacs-plastiques-jetables-est-deja-depasse\/#webpage","url":"https:\/\/www.swiss-retail.ch\/fr\/news-fr\/lobjectif-de-reduction-des-sacs-plastiques-jetables-est-deja-depasse\/","name":"L'objectif de r\u00e9duction des sacs plastiques jetables est d\u00e9j\u00e0 d\u00e9pass\u00e9 -","isPartOf":{"@id":"https:\/\/www.swiss-retail.ch\/#website"},"primaryImageOfPage":{"@id":"https:\/\/www.swiss-retail.ch\/fr\/news-fr\/lobjectif-de-reduction-des-sacs-plastiques-jetables-est-deja-depasse\/#primaryimage"},"datePublished":"2018-04-10T06:30:02+00:00","dateModified":"2018-04-10T06:06:53+00:00","author":{"@id":"https:\/\/www.swiss-retail.ch\/#\/schema\/person\/2d56f4201fb0be31cc400171a2615b34"},"breadcrumb":{"@id":"https:\/\/www.swiss-retail.ch\/fr\/news-fr\/lobjectif-de-reduction-des-sacs-plastiques-jetables-est-deja-depasse\/#breadcrumb"},"inLanguage":"fr-FR","potentialAction":[{"@type":"ReadAction","target":["https:\/\/www.swiss-retail.ch\/fr\/news-fr\/lobjectif-de-reduction-des-sacs-plastiques-jetables-est-deja-depasse\/"]}]},{"@type":"BreadcrumbList","@id":"https:\/\/www.swiss-retail.ch\/fr\/news-fr\/lobjectif-de-reduction-des-sacs-plastiques-jetables-est-deja-depasse\/#breadcrumb","itemListElement":[{"@type":"ListItem","position":1,"name":"Startseite","item":"https:\/\/www.swiss-retail.ch\/fr\/homepage\/"},{"@type":"ListItem","position":2,"name":"L&rsquo;objectif de r\u00e9duction des sacs plastiques jetables est d\u00e9j\u00e0 d\u00e9pass\u00e9"}]},{"@type":"Person","@id":"https:\/\/www.swiss-retail.ch\/#\/schema\/person\/2d56f4201fb0be31cc400171a2615b34","name":"Claudio Looser","url":"https:\/\/www.swiss-retail.ch\/fr\/author\/claudiolooser\/"}]}},"_links":{"self":[{"href":"https:\/\/www.swiss-retail.ch\/fr\/wp-json\/wp\/v2\/posts\/6261"}],"collection":[{"href":"https:\/\/www.swiss-retail.ch\/fr\/wp-json\/wp\/v2\/posts"}],"about":[{"href":"https:\/\/www.swiss-retail.ch\/fr\/wp-json\/wp\/v2\/types\/post"}],"author":[{"embeddable":true,"href":"https:\/\/www.swiss-retail.ch\/fr\/wp-json\/wp\/v2\/users\/7"}],"replies":[{"embeddable":true,"href":"https:\/\/www.swiss-retail.ch\/fr\/wp-json\/wp\/v2\/comments?post=6261"}],"version-history":[{"count":2,"href":"https:\/\/www.swiss-retail.ch\/fr\/wp-json\/wp\/v2\/posts\/6261\/revisions"}],"predecessor-version":[{"id":6265,"href":"https:\/\/www.swiss-retail.ch\/fr\/wp-json\/wp\/v2\/posts\/6261\/revisions\/6265"}],"wp:featuredmedia":[{"embeddable":true,"href":"https:\/\/www.swiss-retail.ch\/fr\/wp-json\/wp\/v2\/media\/6260"}],"wp:attachment":[{"href":"https:\/\/www.swiss-retail.ch\/fr\/wp-json\/wp\/v2\/media?parent=6261"}],"wp:term":[{"taxonomy":"category","embeddable":true,"href":"https:\/\/www.swiss-retail.ch\/fr\/wp-json\/wp\/v2\/categories?post=6261"},{"taxonomy":"post_tag","embeddable":true,"href":"https:\/\/www.swiss-retail.ch\/fr\/wp-json\/wp\/v2\/tags?post=6261"}],"curies":[{"name":"wp","href":"https:\/\/api.w.org\/{rel}","templated":true}]}}