{"id":6318,"date":"2018-04-25T17:44:54","date_gmt":"2018-04-25T15:44:54","guid":{"rendered":"http:\/\/www.swiss-retail.ch\/?p=6318"},"modified":"2022-04-29T10:49:44","modified_gmt":"2022-04-29T08:49:44","slug":"le-rapport-annuel-2017-de-swiss-retail-federation","status":"publish","type":"post","link":"https:\/\/www.swiss-retail.ch\/fr\/rapports-annuels\/le-rapport-annuel-2017-de-swiss-retail-federation\/","title":{"rendered":"Le rapport annuel 2017 de Swiss Retail Federation"},"content":{"rendered":"<section class=\"av_textblock_section \"  itemscope=\"itemscope\" itemtype=\"https:\/\/schema.org\/BlogPosting\" itemprop=\"blogPost\" ><div class='avia_textblock  '   itemprop=\"text\" ><\/div><\/section>\n<div class=\"flex_column av_one_full  flex_column_div av-zero-column-padding first  avia-builder-el-1  el_after_av_textblock  avia-builder-el-last  column-top-margin\" style='border-radius:0px; '><p><div  style='height:50px' class='hr hr-invisible   avia-builder-el-2  el_before_av_textblock  avia-builder-el-first '><span class='hr-inner ' ><span class='hr-inner-style'><\/span><\/span><\/div><br \/>\n<section class=\"av_textblock_section \"  itemscope=\"itemscope\" itemtype=\"https:\/\/schema.org\/BlogPosting\" itemprop=\"blogPost\" ><div class='avia_textblock  '   itemprop=\"text\" ><h2 style=\"text-align: center;\">Le rapport annuel 2017 de Swiss Retail Federation<\/h2>\n<\/div><\/section><br \/>\n<div   class='hr hr-short hr-center   avia-builder-el-4  el_after_av_textblock  el_before_av_textblock '><span class='hr-inner ' ><span class='hr-inner-style'><\/span><\/span><\/div><br \/>\n<section class=\"av_textblock_section \"  itemscope=\"itemscope\" itemtype=\"https:\/\/schema.org\/BlogPosting\" itemprop=\"blogPost\" ><div class='avia_textblock  '   itemprop=\"text\" ><p>Swiss Retail a publi\u00e9 son nouveau rapport annuel. Vous y trouverez notamment:<\/p>\n<ul>\n<li>Editorial de Mme Karin Keller-Sutter, pr\u00e9sidente de Swiss Retail<\/li>\n<li>Interview avec Dagmar Jenni, directrice de Swiss Retail, sur l\u2019activit\u00e9 de l\u2019association en 2017<\/li>\n<li>Num\u00e9risation: Valora va de l\u2019avant avec cr\u00e9ativit\u00e9<\/li>\n<li>Num\u00e9risation: Un pro du bricolage au bout de l\u2019appli !<\/li>\n<li>Barom\u00e8tre Swiss Retail: o\u00f9 le b\u00e2t blesse dans le commerce de d\u00e9tail<\/li>\n<\/ul>\n<p>Le rapport peut \u00eatre t\u00e9l\u00e9charg\u00e9 <a href=\"http:\/\/www.swiss-retail.ch\/wp-content\/uploads\/2018\/04\/Swiss_Retail_Federation_Geschaeftsbericht_2017_FR.pdf\" target=\"_blank\" rel=\"noopener\">en PDF sous ce lien<\/a>. Pour des exemplaires imprim\u00e9s, merci de vous adresser <a href=\"mailto:info@swiss-retail.ch\">au secr\u00e9tariat<\/a>.<\/p>\n<\/div><\/section><\/p><\/div>\n","protected":false},"excerpt":{"rendered":"","protected":false},"author":7,"featured_media":0,"comment_status":"closed","ping_status":"closed","sticky":false,"template":"","format":"standard","meta":[],"categories":[59],"tags":[],"yoast_head":"<!-- This site is optimized with the Yoast SEO plugin v18.5.1 - https:\/\/yoast.com\/wordpress\/plugins\/seo\/ -->\n<title>Le rapport annuel 2017 de Swiss Retail Federation -<\/title>\n<meta name=\"robots\" content=\"index, follow, max-snippet:-1, max-image-preview:large, max-video-preview:-1\" \/>\n<link rel=\"canonical\" href=\"https:\/\/www.swiss-retail.ch\/fr\/rapports-annuels\/le-rapport-annuel-2017-de-swiss-retail-federation\/\" \/>\n<meta property=\"og:locale\" content=\"fr_FR\" \/>\n<meta property=\"og:type\" content=\"article\" \/>\n<meta property=\"og:title\" content=\"Le rapport annuel 2017 de Swiss Retail Federation -\" \/>\n<meta property=\"og:url\" content=\"https:\/\/www.swiss-retail.ch\/fr\/rapports-annuels\/le-rapport-annuel-2017-de-swiss-retail-federation\/\" \/>\n<meta property=\"article:published_time\" content=\"2018-04-25T15:44:54+00:00\" \/>\n<meta property=\"article:modified_time\" content=\"2022-04-29T08:49:44+00:00\" \/>\n<meta name=\"twitter:card\" content=\"summary_large_image\" \/>\n<meta name=\"twitter:label1\" content=\"\u00c9crit par\" \/>\n\t<meta name=\"twitter:data1\" content=\"Claudio Looser\" \/>\n\t<meta name=\"twitter:label2\" content=\"Dur\u00e9e de lecture estim\u00e9e\" \/>\n\t<meta name=\"twitter:data2\" content=\"1 minute\" \/>\n<script type=\"application\/ld+json\" class=\"yoast-schema-graph\">{\"@context\":\"https:\/\/schema.org\",\"@graph\":[{\"@type\":\"WebSite\",\"@id\":\"https:\/\/www.swiss-retail.ch\/#website\",\"url\":\"https:\/\/www.swiss-retail.ch\/\",\"name\":\"\",\"description\":\"Verband der Mittel- und Grossbetriebe des schweizerischen Detailhandels\",\"potentialAction\":[{\"@type\":\"SearchAction\",\"target\":{\"@type\":\"EntryPoint\",\"urlTemplate\":\"https:\/\/www.swiss-retail.ch\/?s={search_term_string}\"},\"query-input\":\"required name=search_term_string\"}],\"inLanguage\":\"fr-FR\"},{\"@type\":\"WebPage\",\"@id\":\"https:\/\/www.swiss-retail.ch\/fr\/rapports-annuels\/le-rapport-annuel-2017-de-swiss-retail-federation\/#webpage\",\"url\":\"https:\/\/www.swiss-retail.ch\/fr\/rapports-annuels\/le-rapport-annuel-2017-de-swiss-retail-federation\/\",\"name\":\"Le rapport annuel 2017 de Swiss Retail Federation -\",\"isPartOf\":{\"@id\":\"https:\/\/www.swiss-retail.ch\/#website\"},\"datePublished\":\"2018-04-25T15:44:54+00:00\",\"dateModified\":\"2022-04-29T08:49:44+00:00\",\"author\":{\"@id\":\"https:\/\/www.swiss-retail.ch\/#\/schema\/person\/2d56f4201fb0be31cc400171a2615b34\"},\"breadcrumb\":{\"@id\":\"https:\/\/www.swiss-retail.ch\/fr\/rapports-annuels\/le-rapport-annuel-2017-de-swiss-retail-federation\/#breadcrumb\"},\"inLanguage\":\"fr-FR\",\"potentialAction\":[{\"@type\":\"ReadAction\",\"target\":[\"https:\/\/www.swiss-retail.ch\/fr\/rapports-annuels\/le-rapport-annuel-2017-de-swiss-retail-federation\/\"]}]},{\"@type\":\"BreadcrumbList\",\"@id\":\"https:\/\/www.swiss-retail.ch\/fr\/rapports-annuels\/le-rapport-annuel-2017-de-swiss-retail-federation\/#breadcrumb\",\"itemListElement\":[{\"@type\":\"ListItem\",\"position\":1,\"name\":\"Startseite\",\"item\":\"https:\/\/www.swiss-retail.ch\/fr\/homepage\/\"},{\"@type\":\"ListItem\",\"position\":2,\"name\":\"Le rapport annuel 2017 de Swiss Retail Federation\"}]},{\"@type\":\"Person\",\"@id\":\"https:\/\/www.swiss-retail.ch\/#\/schema\/person\/2d56f4201fb0be31cc400171a2615b34\",\"name\":\"Claudio Looser\",\"url\":\"https:\/\/www.swiss-retail.ch\/fr\/author\/claudiolooser\/\"}]}<\/script>\n<!-- \/ Yoast SEO plugin. -->","yoast_head_json":{"title":"Le rapport annuel 2017 de Swiss Retail Federation -","robots":{"index":"index","follow":"follow","max-snippet":"max-snippet:-1","max-image-preview":"max-image-preview:large","max-video-preview":"max-video-preview:-1"},"canonical":"https:\/\/www.swiss-retail.ch\/fr\/rapports-annuels\/le-rapport-annuel-2017-de-swiss-retail-federation\/","og_locale":"fr_FR","og_type":"article","og_title":"Le rapport annuel 2017 de Swiss Retail Federation -","og_url":"https:\/\/www.swiss-retail.ch\/fr\/rapports-annuels\/le-rapport-annuel-2017-de-swiss-retail-federation\/","article_published_time":"2018-04-25T15:44:54+00:00","article_modified_time":"2022-04-29T08:49:44+00:00","twitter_card":"summary_large_image","twitter_misc":{"\u00c9crit par":"Claudio Looser","Dur\u00e9e de lecture estim\u00e9e":"1 minute"},"schema":{"@context":"https:\/\/schema.org","@graph":[{"@type":"WebSite","@id":"https:\/\/www.swiss-retail.ch\/#website","url":"https:\/\/www.swiss-retail.ch\/","name":"","description":"Verband der Mittel- und Grossbetriebe des schweizerischen Detailhandels","potentialAction":[{"@type":"SearchAction","target":{"@type":"EntryPoint","urlTemplate":"https:\/\/www.swiss-retail.ch\/?s={search_term_string}"},"query-input":"required name=search_term_string"}],"inLanguage":"fr-FR"},{"@type":"WebPage","@id":"https:\/\/www.swiss-retail.ch\/fr\/rapports-annuels\/le-rapport-annuel-2017-de-swiss-retail-federation\/#webpage","url":"https:\/\/www.swiss-retail.ch\/fr\/rapports-annuels\/le-rapport-annuel-2017-de-swiss-retail-federation\/","name":"Le rapport annuel 2017 de Swiss Retail Federation -","isPartOf":{"@id":"https:\/\/www.swiss-retail.ch\/#website"},"datePublished":"2018-04-25T15:44:54+00:00","dateModified":"2022-04-29T08:49:44+00:00","author":{"@id":"https:\/\/www.swiss-retail.ch\/#\/schema\/person\/2d56f4201fb0be31cc400171a2615b34"},"breadcrumb":{"@id":"https:\/\/www.swiss-retail.ch\/fr\/rapports-annuels\/le-rapport-annuel-2017-de-swiss-retail-federation\/#breadcrumb"},"inLanguage":"fr-FR","potentialAction":[{"@type":"ReadAction","target":["https:\/\/www.swiss-retail.ch\/fr\/rapports-annuels\/le-rapport-annuel-2017-de-swiss-retail-federation\/"]}]},{"@type":"BreadcrumbList","@id":"https:\/\/www.swiss-retail.ch\/fr\/rapports-annuels\/le-rapport-annuel-2017-de-swiss-retail-federation\/#breadcrumb","itemListElement":[{"@type":"ListItem","position":1,"name":"Startseite","item":"https:\/\/www.swiss-retail.ch\/fr\/homepage\/"},{"@type":"ListItem","position":2,"name":"Le rapport annuel 2017 de Swiss Retail Federation"}]},{"@type":"Person","@id":"https:\/\/www.swiss-retail.ch\/#\/schema\/person\/2d56f4201fb0be31cc400171a2615b34","name":"Claudio Looser","url":"https:\/\/www.swiss-retail.ch\/fr\/author\/claudiolooser\/"}]}},"_links":{"self":[{"href":"https:\/\/www.swiss-retail.ch\/fr\/wp-json\/wp\/v2\/posts\/6318"}],"collection":[{"href":"https:\/\/www.swiss-retail.ch\/fr\/wp-json\/wp\/v2\/posts"}],"about":[{"href":"https:\/\/www.swiss-retail.ch\/fr\/wp-json\/wp\/v2\/types\/post"}],"author":[{"embeddable":true,"href":"https:\/\/www.swiss-retail.ch\/fr\/wp-json\/wp\/v2\/users\/7"}],"replies":[{"embeddable":true,"href":"https:\/\/www.swiss-retail.ch\/fr\/wp-json\/wp\/v2\/comments?post=6318"}],"version-history":[{"count":2,"href":"https:\/\/www.swiss-retail.ch\/fr\/wp-json\/wp\/v2\/posts\/6318\/revisions"}],"predecessor-version":[{"id":13433,"href":"https:\/\/www.swiss-retail.ch\/fr\/wp-json\/wp\/v2\/posts\/6318\/revisions\/13433"}],"wp:attachment":[{"href":"https:\/\/www.swiss-retail.ch\/fr\/wp-json\/wp\/v2\/media?parent=6318"}],"wp:term":[{"taxonomy":"category","embeddable":true,"href":"https:\/\/www.swiss-retail.ch\/fr\/wp-json\/wp\/v2\/categories?post=6318"},{"taxonomy":"post_tag","embeddable":true,"href":"https:\/\/www.swiss-retail.ch\/fr\/wp-json\/wp\/v2\/tags?post=6318"}],"curies":[{"name":"wp","href":"https:\/\/api.w.org\/{rel}","templated":true}]}}